{"id":167659,"date":"2015-04-23T16:31:22","date_gmt":"2015-04-23T16:31:22","guid":{"rendered":"https:\/\/www.meydan.tv\/article\/nergiz-yaqublu-vefat-etdi\/"},"modified":"2015-04-23T16:31:22","modified_gmt":"2015-04-23T16:31:22","slug":"nergiz-yaqublu-vefat-etdi","status":"publish","type":"post","link":"https:\/\/www.meydan.tv\/az\/article\/nergiz-yaqublu-vefat-etdi\/","title":{"rendered":"N\u0259rgiz Yaqublu v\u0259fat etdi"},"content":{"rendered":"<figure class=\"wp-block-image size-large\">\n  <img decoding=\"async\" src=\"https:\/\/www.meydan.tv\/az\/23156\/\" alt=\"\" class=\"wp-image-23156\"\/><figcaption><\/figcaption><\/figure>\n<figure class=\"wp-block-image size-large\">\n  <img decoding=\"async\" src=\"https:\/\/www.meydan.tv\/az\/23162\/\" alt=\"\" class=\"wp-image-23162\"\/><figcaption><\/figcaption><\/figure>\n<p>\n  Vicdan m\u0259hbusu, m\u00fcsavat\u00e7\u0131 Tofiq Yaqublunun q\u0131z\u0131 N\u0259rgiz Yaqublu Rusiyan\u0131n Tomsk \u015f\u0259h\u0259rind\u0259, m\u00fcalic\u0259 olundu\u011fu x\u0259st\u0259xanada v\u0259fat edib.<\/p>\n<p>  N\u0259rgiz Yaqublu hamil\u0259lik d\u00f6vr\u00fcnd\u0259 sar\u0131l\u0131q x\u0259st\u0259liyi ke\u00e7irib v\u0259 Hepatit B virusuna yoluxub. Hamil\u0259liyinin 8-ci ay\u0131nda v\u0259ziyy\u0259ti pisl\u0259\u015fib v\u0259 x\u0259st\u0259xanaya yerl\u0259\u015fdirilib. Ail\u0259 \u00fczvl\u0259rinin verdiyi m\u0259lumata g\u00f6r\u0259 x\u0259st\u0259lik n\u0259tic\u0259sind\u0259 qaraciy\u0259r f\u0259aliyy\u0259tini dayand\u0131r\u0131b v\u0259 o, v\u0259fat edib.<\/p>\n<p>  X\u0259b\u0259ri\u00a0 Facebook s\u0259hif\u0259sind\u0259 Milli Strateji D\u00fc\u015f\u00fcnc\u0259 M\u0259rk\u0259zinin s\u0259dri \u0130sa Q\u0259mb\u0259r payla\u015f\u0131b: &#8220;D\u00fcnya v\u0259 biz bu g\u00f6z\u0259lliyi itirdik. Tanr\u0131 ruhunu \u015fad el\u0259sin&#8230;&#8221;<\/p>\n<p>  N\u0259rgiz Yaqublu M\u00fcsavat partiyas\u0131n\u0131n \u00fczv\u00fc olub. T\u0259\u015fkil olunan etiraz aksiyalar\u0131nda f\u0259al i\u015ftirak edib. O, h\u0259m\u00e7inin &#8220;Yeni M\u00fcsavat&#8221; q\u0259zetinin \u0259m\u0259kda\u015f\u0131 olub. 2013-c\u00fc ild\u0259 Milli \u015eura s\u0259dri C\u0259mil H\u0259s\u0259nlinin Sabirabadda ke\u00e7iril\u0259n t\u0259bli\u011fat-t\u0259\u015fviqat kampaniyas\u0131 zaman\u0131 t\u0259\u015fkil olunan mitinqd\u0259 polisl\u0259rin h\u00fccumuna m\u0259ruz qal\u0131b, x\u0259sar\u0259t alm\u0131\u015fd\u0131. Bu i\u015f \u00fczr\u0259 \u015eirvan Apellyasi M\u0259hk\u0259m\u0259si cinay\u0259t i\u015fi ba\u015flatmaqdan imtina edib.\n<\/p>\n<p><div><\/div><\/p>\n","protected":false},"excerpt":{"rendered":"<p>Vicdan m\u0259hbusu, m\u00fcsavat\u00e7\u0131 Tofiq Yaqublunun q\u0131z\u0131 N\u0259rgiz Yaqublu Rusiyan\u0131n Tomsk \u015f\u0259h\u0259rind\u0259, m\u00fcalic\u0259 olundu\u011fu x\u0259st\u0259xanada v\u0259fat edib.<\/p>\n","protected":false},"author":11,"featured_media":23156,"comment_status":"closed","ping_status":"open","sticky":false,"template":"","format":"standard","meta":{"_acf_changed":false,"_sitemap_exclude":false,"_sitemap_priority":"","_sitemap_frequency":"","footnotes":""},"categories":[56],"tags":[],"class_list":["post-167659","post","type-post","status-publish","format-standard","has-post-thumbnail","hentry","category-xeberler","infinite-scroll-item","generate-columns","tablet-grid-50","mobile-grid-100","grid-parent","grid-33","no-featured-image-padding"],"acf":[],"yoast_head":"<!-- This site is optimized with the Yoast SEO plugin v28.4 - https:\/\/yoast.com\/product\/yoast-seo-wordpress\/ -->\n<title>N\u0259rgiz Yaqublu v\u0259fat etdi - MEYDAN.TV<\/title>\n<meta name=\"robots\" content=\"index, follow, max-snippet:-1, max-image-preview:large, max-video-preview:-1\" \/>\n<link rel=\"canonical\" href=\"https:\/\/www.meydan.tv\/az\/article\/nergiz-yaqublu-vefat-etdi\/\" \/>\n<meta property=\"og:locale\" content=\"az_AZ\" \/>\n<meta property=\"og:type\" content=\"article\" \/>\n<meta property=\"og:title\" content=\"N\u0259rgiz Yaqublu v\u0259fat etdi - MEYDAN.TV\" \/>\n<meta property=\"og:description\" content=\"Vicdan m\u0259hbusu, m\u00fcsavat\u00e7\u0131 Tofiq Yaqublunun q\u0131z\u0131 N\u0259rgiz Yaqublu Rusiyan\u0131n Tomsk \u015f\u0259h\u0259rind\u0259, m\u00fcalic\u0259 olundu\u011fu x\u0259st\u0259xanada v\u0259fat edib.\" \/>\n<meta property=\"og:url\" content=\"https:\/\/www.meydan.tv\/az\/article\/nergiz-yaqublu-vefat-etdi\/\" \/>\n<meta property=\"og:site_name\" content=\"MEYDAN.TV\" \/>\n<meta property=\"article:published_time\" content=\"2015-04-23T16:31:22+00:00\" \/>\n<meta property=\"og:image\" content=\"https:\/\/www.meydan.tv\/wp-content\/uploads\/8403.jpg\" \/>\n\t<meta property=\"og:image:width\" content=\"296\" \/>\n\t<meta property=\"og:image:height\" content=\"394\" \/>\n\t<meta property=\"og:image:type\" content=\"image\/jpeg\" \/>\n<meta name=\"twitter:card\" content=\"summary_large_image\" \/>\n<!-- \/ Yoast SEO plugin. -->","yoast_head_json":{"title":"N\u0259rgiz Yaqublu v\u0259fat etdi - MEYDAN.TV","robots":{"index":"index","follow":"follow","max-snippet":"max-snippet:-1","max-image-preview":"max-image-preview:large","max-video-preview":"max-video-preview:-1"},"canonical":"https:\/\/www.meydan.tv\/az\/article\/nergiz-yaqublu-vefat-etdi\/","og_locale":"az_AZ","og_type":"article","og_title":"N\u0259rgiz Yaqublu v\u0259fat etdi - MEYDAN.TV","og_description":"Vicdan m\u0259hbusu, m\u00fcsavat\u00e7\u0131 Tofiq Yaqublunun q\u0131z\u0131 N\u0259rgiz Yaqublu Rusiyan\u0131n Tomsk \u015f\u0259h\u0259rind\u0259, m\u00fcalic\u0259 olundu\u011fu x\u0259st\u0259xanada v\u0259fat edib.","og_url":"https:\/\/www.meydan.tv\/az\/article\/nergiz-yaqublu-vefat-etdi\/","og_site_name":"MEYDAN.TV","article_published_time":"2015-04-23T16:31:22+00:00","og_image":[{"width":296,"height":394,"url":"https:\/\/www.meydan.tv\/wp-content\/uploads\/8403.jpg","type":"image\/jpeg"}],"twitter_card":"summary_large_image","schema":{"@context":"https:\/\/schema.org","@graph":[{"@type":"Article","@id":"https:\/\/www.meydan.tv\/az\/article\/nergiz-yaqublu-vefat-etdi\/#article","isPartOf":{"@id":"https:\/\/www.meydan.tv\/az\/article\/nergiz-yaqublu-vefat-etdi\/"},"author":{"name":"user-manager","@id":"https:\/\/www.meydan.tv\/az\/#\/schema\/person\/10d11eccf6da3662cf5fdab9806ea91a"},"headline":"N\u0259rgiz Yaqublu v\u0259fat etdi","datePublished":"2015-04-23T16:31:22+00:00","mainEntityOfPage":{"@id":"https:\/\/www.meydan.tv\/az\/article\/nergiz-yaqublu-vefat-etdi\/"},"wordCount":221,"publisher":{"@id":"https:\/\/www.meydan.tv\/az\/#organization"},"image":{"@id":"https:\/\/www.meydan.tv\/az\/article\/nergiz-yaqublu-vefat-etdi\/#primaryimage"},"thumbnailUrl":"https:\/\/www.meydan.tv\/wp-content\/uploads\/8403.jpg","articleSection":["X\u0259b\u0259rl\u0259r"],"inLanguage":"az"},{"@type":"WebPage","@id":"https:\/\/www.meydan.tv\/az\/article\/nergiz-yaqublu-vefat-etdi\/","url":"https:\/\/www.meydan.tv\/az\/article\/nergiz-yaqublu-vefat-etdi\/","name":"N\u0259rgiz Yaqublu v\u0259fat etdi - MEYDAN.TV","isPartOf":{"@id":"https:\/\/www.meydan.tv\/az\/#website"},"primaryImageOfPage":{"@id":"https:\/\/www.meydan.tv\/az\/article\/nergiz-yaqublu-vefat-etdi\/#primaryimage"},"image":{"@id":"https:\/\/www.meydan.tv\/az\/article\/nergiz-yaqublu-vefat-etdi\/#primaryimage"},"thumbnailUrl":"https:\/\/www.meydan.tv\/wp-content\/uploads\/8403.jpg","datePublished":"2015-04-23T16:31:22+00:00","breadcrumb":{"@id":"https:\/\/www.meydan.tv\/az\/article\/nergiz-yaqublu-vefat-etdi\/#breadcrumb"},"inLanguage":"az","potentialAction":[{"@type":"ReadAction","target":["https:\/\/www.meydan.tv\/az\/article\/nergiz-yaqublu-vefat-etdi\/"]}]},{"@type":"ImageObject","inLanguage":"az","@id":"https:\/\/www.meydan.tv\/az\/article\/nergiz-yaqublu-vefat-etdi\/#primaryimage","url":"https:\/\/www.meydan.tv\/wp-content\/uploads\/8403.jpg","contentUrl":"https:\/\/www.meydan.tv\/wp-content\/uploads\/8403.jpg","width":296,"height":394,"caption":"Source:"},{"@type":"BreadcrumbList","@id":"https:\/\/www.meydan.tv\/az\/article\/nergiz-yaqublu-vefat-etdi\/#breadcrumb","itemListElement":[{"@type":"ListItem","position":1,"name":"Ana s\u0259hif\u0259","item":"https:\/\/www.meydan.tv\/az\/"},{"@type":"ListItem","position":2,"name":"X\u0259b\u0259rl\u0259r","item":"https:\/\/www.meydan.tv\/az\/section\/xeberler\/"},{"@type":"ListItem","position":3,"name":"N\u0259rgiz Yaqublu v\u0259fat etdi"}]},{"@type":"WebSite","@id":"https:\/\/www.meydan.tv\/az\/#website","url":"https:\/\/www.meydan.tv\/az\/","name":"MEYDAN.TV","description":"Meydan TV Az\u0259rbaycan\u0131n media m\u0259kan\u0131ndak\u0131 alternativ s\u0259sidir","publisher":{"@id":"https:\/\/www.meydan.tv\/az\/#organization"},"potentialAction":[{"@type":"SearchAction","target":{"@type":"EntryPoint","urlTemplate":"https:\/\/www.meydan.tv\/az\/?s={search_term_string}"},"query-input":{"@type":"PropertyValueSpecification","valueRequired":true,"valueName":"search_term_string"}}],"inLanguage":"az"},{"@type":"Organization","@id":"https:\/\/www.meydan.tv\/az\/#organization","name":"Meydan TV","url":"https:\/\/www.meydan.tv\/az\/","logo":{"@type":"ImageObject","inLanguage":"az","@id":"https:\/\/www.meydan.tv\/az\/#\/schema\/logo\/image\/","url":"https:\/\/www.meydan.tv\/wp-content\/uploads\/2021\/07\/meydan-logo.svg","contentUrl":"https:\/\/www.meydan.tv\/wp-content\/uploads\/2021\/07\/meydan-logo.svg","width":195,"height":46,"caption":"Meydan TV"},"image":{"@id":"https:\/\/www.meydan.tv\/az\/#\/schema\/logo\/image\/"}},{"@type":"Person","@id":"https:\/\/www.meydan.tv\/az\/#\/schema\/person\/10d11eccf6da3662cf5fdab9806ea91a","name":"user-manager"}]}},"_links":{"self":[{"href":"https:\/\/www.meydan.tv\/az\/wp-json\/wp\/v2\/posts\/167659","targetHints":{"allow":["GET"]}}],"collection":[{"href":"https:\/\/www.meydan.tv\/az\/wp-json\/wp\/v2\/posts"}],"about":[{"href":"https:\/\/www.meydan.tv\/az\/wp-json\/wp\/v2\/types\/post"}],"author":[{"embeddable":true,"href":"https:\/\/www.meydan.tv\/az\/wp-json\/wp\/v2\/users\/11"}],"replies":[{"embeddable":true,"href":"https:\/\/www.meydan.tv\/az\/wp-json\/wp\/v2\/comments?post=167659"}],"version-history":[{"count":0,"href":"https:\/\/www.meydan.tv\/az\/wp-json\/wp\/v2\/posts\/167659\/revisions"}],"wp:featuredmedia":[{"embeddable":true,"href":"https:\/\/www.meydan.tv\/az\/wp-json\/wp\/v2\/media\/23156"}],"wp:attachment":[{"href":"https:\/\/www.meydan.tv\/az\/wp-json\/wp\/v2\/media?parent=167659"}],"wp:term":[{"taxonomy":"category","embeddable":true,"href":"https:\/\/www.meydan.tv\/az\/wp-json\/wp\/v2\/categories?post=167659"},{"taxonomy":"post_tag","embeddable":true,"href":"https:\/\/www.meydan.tv\/az\/wp-json\/wp\/v2\/tags?post=167659"}],"curies":[{"name":"wp","href":"https:\/\/api.w.org\/{rel}","templated":true}]}}