{"id":167657,"date":"2015-04-23T15:38:45","date_gmt":"2015-04-23T15:38:45","guid":{"rendered":"https:\/\/www.meydan.tv\/article\/erdogan-ve-kurtlar-vadisi-niye-sevilir\/"},"modified":"2015-04-23T15:38:45","modified_gmt":"2015-04-23T15:38:45","slug":"erdogan-ve-kurtlar-vadisi-niye-sevilir","status":"publish","type":"post","link":"https:\/\/www.meydan.tv\/az\/article\/erdogan-ve-kurtlar-vadisi-niye-sevilir\/","title":{"rendered":"\u018frdo\u011fan v\u0259 Kurtlar vadisi niy\u0259 sevilir?"},"content":{"rendered":"<figure class=\"wp-block-image size-large\">\n  <img decoding=\"async\" src=\"https:\/\/www.meydan.tv\/az\/23150\/\" alt=\"\" class=\"wp-image-23150\"\/><figcaption><\/figcaption><\/figure>\n<figure class=\"wp-block-image size-large\">\n  <img decoding=\"async\" src=\"https:\/\/www.meydan.tv\/az\/23147\/\" alt=\"\" class=\"wp-image-23147\"\/><figcaption><\/figcaption><\/figure>\n<p>\n  Bu m\u00f6vzuda bir d\u0259f\u0259 yazm\u0131\u015fd\u0131m. G\u00f6rd\u00fckl\u0259rim, m\u00fc\u015fahid\u0259l\u0259r, e\u015fitdikl\u0259rim \u00a0bu m\u00f6vzuya bir daha qay\u0131tmaq z\u0259ruriyy\u0259ti yaratd\u0131. \u201cKurtlar vadisi\u201d serial\u0131n\u0131n m\u00fcxt\u0259lif adamlara g\u00f6st\u0259rdiyi t\u0259sir v\u0259 h\u0259y\u0259can \u00a0q\u00f6z qar\u015f\u0131s\u0131ndad\u0131r. Dem\u0259k olar ki, h\u0259r g\u00fcn m\u00fcxt\u0259lif c\u00fcr adamlar\u0131n simas\u0131nda, h\u0259r\u0259k\u0259tl\u0259rind\u0259 \u201cKurtlar vadisi\u201d serial\u0131n\u0131n qoydu\u011fu izl\u0259rini g\u00f6r\u00fcr\u00fck. D\u00fczd\u00fc, \u00a0bir-iki yaz\u0131yla o boyda ax\u0131n\u0131n qar\u015f\u0131s\u0131nda dayanmaq, \u00a0o b\u00f6y\u00fckl\u00fckd\u0259 t\u0259sir\u0259 m\u00fcqavim\u0259t g\u00f6st\u0259rm\u0259k, k\u00fctl\u0259vi \u00a0izl\u0259ri silm\u0259k \u00a0\u00e7ox \u00e7\u0259tin m\u0259s\u0259l\u0259dir. Sad\u0259c\u0259, yaz\u0131b \u00fcr\u0259yimizi bo\u015fald\u0131r\u0131q. Yazmasa, adam d\u0259li ola bil\u0259r. El\u0259c\u0259 d\u0259, bir \u00e7ox insanlar da oxumasalar, d\u0259li ola bil\u0259rl\u0259r. D\u0259li olmamaq \u00fc\u00e7\u00fcn biz yazmal\u0131y\u0131q, onlar da oxumal\u0131d\u0131rlar.\n<\/p>\n<p>\n  \u0130brahim Tatl\u0131s\u0259sin ba\u015f rolda oynad\u0131\u011f\u0131 \u00a0\u201cG\u00fcl\u00fcm benim\u201d adl\u0131 bir film var. \u00c7oxlar\u0131 bax\u0131b. \u0130brahim Tatl\u0131s\u0259s filmd\u0259 y\u00fck ma\u015f\u0131n\u0131 s\u00fcr\u00fcc\u00fcs\u00fcd\u00fcr. Kamyon \u015foferi. Bu kamyon \u015foferinin di\u015fi a\u011fr\u0131y\u0131r. Dostuyla gedir di\u015f h\u0259kimin\u0259. Di\u015fini \u00e7\u0259kdirm\u0259y\u0259. Orda bir q\u0259\u015f\u0259ng q\u0131z g\u00f6r\u00fcr. Bu q\u0131za vurulur. N\u0259 ba\u015f\u0131n\u0131z\u0131 a\u011fr\u0131d\u0131m, m\u0259lum m\u0259s\u0259l\u0259dir ki, \u0130brahim abi q\u0131z tavlama\u011f\u0131n ustas\u0131d\u0131r. Ta bunu bilm\u0259y\u0259n adam yoxdur. Kim bilmirs\u0259, boynuna bir da\u015f ba\u011flay\u0131b, gedib \u00f6z\u00fcn\u00fc ats\u0131n d\u0259niz\u0259.\n<\/p>\n<p>\n  \u0130brahim abi bir-iki h\u0259r\u0259k\u0259tl\u0259 q\u0131z\u0131 tavlay\u0131r. \u018flb\u0259tt\u0259 ki, yuxar\u0131 sinifin n\u00fcmay\u0259nd\u0259si olan z\u0259ngin q\u0131z da \u0259vv\u0259ld\u0259 bir az naz satsa da, az sonra bir k\u00f6n\u00fcld\u0259n min k\u00f6n\u00fcl\u0259 \u0130brahim abiy\u0259 vurulur. Filmin b\u00fct\u00fcn s\u00fcjetini burda yazmaq fikrind\u0259n uza\u011fam. Kimin h\u0259v\u0259si varsa, axtar\u0131b baxa bil\u0259r. Bizim n\u0259slin n\u00fcmay\u0259nd\u0259l\u0259ri o filml\u0259 \u00e7oxdan tan\u0131\u015fd\u0131rlar.\n<\/p>\n<p>\n  Biz zaman\u0131nda laz\u0131m\u0131 q\u0259d\u0259r, h\u0259tta dey\u0259rdim ki, laz\u0131m oldu\u011fundan da art\u0131q d\u0259r\u0259c\u0259d\u0259 \u00a0tramvalar\u0131m\u0131z\u0131 alm\u0131\u015f\u0131q. Ba\u015fqalar\u0131n\u0131 qoyuram k\u0259nara. Onlar \u00f6z\u00fc bil\u0259rl\u0259r. \u00d6z pay\u0131ma deyir\u0259m &#8211; k\u00fcl m\u0259nim ba\u015f\u0131ma. Rahatla\u015fd\u0131m. \u0130ndi is\u0259 davam ed\u0259k. Bir \u00e7ox ba\u015fqa filml\u0259rd\u0259 oldu\u011fu kimi, bu filmd\u0259 d\u0259 bir-birini sev\u0259n bu iki g\u0259ncin qovu\u015fmas\u0131 m\u00fc\u015fk\u00fcl m\u0259s\u0259l\u0259y\u0259 \u00e7evrilir. Q\u0131z\u0131n ail\u0259si q\u0131z\u0131n kamyon \u015foferin\u0259 ba\u015f qo\u015fmas\u0131n\u0131 q\u0259bul etmir. Ed\u0259 d\u0259 bilm\u0259z. Onlar\u0131 da ba\u015fa d\u00fc\u015fm\u0259k laz\u0131md\u0131r. Q\u0131zlar\u0131n\u0131 kamyon \u015foferin\u0259 \u0259r\u0259 getm\u0259yin\u0259 nec\u0259 raz\u0131 olsunlar? Nec\u0259 dey\u0259rl\u0259r, q\u0131z xeyla\u011f\u0131n\u0131n sa\u00e7\u0131 uzun olar, a\u011fl\u0131 g\u00f6d\u0259k. Q\u0131z\u0131 \u00f6z ba\u015f\u0131na buraxsan, ya zurna\u00e7\u0131ya \u0259r\u0259 ged\u0259r, ya da halva\u00e7\u0131ya.\n<\/p>\n<p>\n  Lakin ba\u015fqa filml\u0259rd\u0259 oldu\u011fu kimi Bu filmd\u0259 d\u0259 sevgi \u00f6z s\u00f6z\u00fcn\u00fc deyir. Hissl\u0259r h\u0259r zaman oldu\u011fu kimi a\u011f\u0131la \u00fcst\u00fcn g\u0259lir. \u00dcr\u0259k ba\u015f\u0131 tan\u0131m\u0131r.\u00a0 \u0130ki g\u0259nc b\u00fct\u00fcn man\u0259l\u0259r\u0259 baxmayaraq qovu\u015fmaq, bir yerd\u0259 ya\u015famaq q\u0259rar\u0131na g\u0259lirl\u0259r. Kiray\u0259 ev tuturlar. Lakin onlar\u0131n xo\u015fb\u0259xtliyi uzun \u00e7\u0259kmir. Q\u0131z\u0131n q\u0259ddar atas\u0131 kiral\u0131q qatil \u00a0tutub \u00a0her ikisini g\u00fcll\u0259l\u0259tdirir. Bu iki a\u015fiq qucaqla\u015f\u0131b \u00f6l\u00fcrl\u0259r. \u0130brahim b\u0259yin bu c\u00fcr filml\u0259ri \u00e7oxdur. Sad\u0259c\u0259 m\u00f6vzuya giri\u015f, istiqam\u0259t olaraq bu filmi se\u00e7dim. Bu baya\u011f\u0131 filmd\u0259 \u00e7ox sad\u0259 bir h\u0259qiq\u0259t var. N\u0259dir bu h\u0259qiq\u0259t? N\u0259d\u0259n ibar\u0259tdir ? Niy\u0259 \u00a0ilin-g\u00fcn\u00fcn bu vaxt\u0131nda \u0130brahim Tatl\u0131sesin ba\u015f rolda oynad\u0131\u011f\u0131 \u201cG\u00fcl\u00fcm benim\u201d filmini xat\u0131rlad\u0131m?\n<\/p>\n<p>\n  Bu baya\u011f\u0131 filmd\u0259ki sad\u0259 h\u0259qiq\u0259t ondan ibar\u0259tdir ki, guya q\u0131z\u0131n \u0259traf\u0131ndak\u0131 insanlar aras\u0131nda s\u0259mimiyy\u0259t yoxdur. Q\u0131z \u0130brahimin yan\u0131nda \u00f6z\u00fcn\u00fc daha rahat hiss edir. \u0130brahimin \u00a0\u0259ll\u0259 yemek yem\u0259si onun \u00e7ox xo\u015funa g\u0259lir. \u0130brahim abi m\u0259rddir, d\u00fcr\u00fcstd\u00fcr.\u018fsl ki\u015fidir. Halal\u0131n-haram\u0131n yerini bilir. Q\u0131z\u0131n \u00f6z t\u0259b\u0259q\u0259sind\u0259n ni\u015fanl\u0131s\u0131 var. Amma Avropada t\u0259hsil alm\u0131\u015f, m\u0259d\u0259ni, s\u0259viyy\u0259li o\u011flan q\u0131z \u00fc\u00e7\u00fcn maraqs\u0131zd\u0131r. Q\u0131za \u0130brahiml\u0259 olmaq daha maraql\u0131d\u0131r.\u00a0 Bu kimi filml\u0259rd\u0259 yuxar\u0131 sinif\u0259 m\u0259xsus q\u0131zlar \u0130brahim m\u00fc\u0259llim\u0259 d\u0259lic\u0259sin\u0259 vurulur. Onlar \u0130brahim m\u00fc\u0259llim\u0259 g\u00f6r\u0259 a\u011flay\u0131rlar, g\u00f6z ya\u015flar\u0131 ax\u0131d\u0131rlar. \u0130brahim m\u00fc\u0259llim bu q\u0131zlar\u0131 \u00fcr\u0259yi ist\u0259y\u0259nd\u0259 d\u00f6y\u00fcr, b\u0259z\u0259n at\u0131b gedir, b\u0259z\u0259n is\u0259 onlar\u0131 qar\u015f\u0131s\u0131na qoyub danlay\u0131r. \u0130brahim m\u00fc\u0259llim bu kimi filml\u0259rd\u0259 akademik s\u0259n\u0259ti m\u0259sx\u0259r\u0259y\u0259 qoyur, \u00f6z al\u0259mind\u0259 y\u00fcks\u0259k s\u0259n\u0259ti t\u0259hqir edir. O, bu filml\u0259rd\u0259 g\u00f6st\u0259rir ki, \u0259sl dad, \u0259sl h\u0259yat d\u00fczl\u00fck, d\u00fcr\u00fcstl\u00fck a\u015fa\u011f\u0131lardad\u0131r. Sizin yuxar\u0131dan a\u015fa\u011f\u0131 baxd\u0131\u011f\u0131n\u0131z adamlar sizd\u0259n daha s\u0259mimidirl\u0259r. Siz is\u0259 iki\u00fczl\u00fcs\u00fcn\u00fcz. Ola bilsin ki, bu do\u011furdan da bel\u0259dir. Lakin yuxar\u0131lar\u0131n ikili standartlar\u0131 a\u015fa\u011f\u0131lar\u0131n kobudlu\u011funa haqq qazand\u0131rm\u0131r.\n<\/p>\n<p>\n  \u0130brahim b\u0259y bir c\u0259ngav\u0259r kimi yuxar\u0131 sinifd\u0259n \u00a0y\u00fczminl\u0259rin, milyonlar\u0131n qisas\u0131n\u0131 al\u0131rd\u0131.\u00a0Yuxar\u0131 sinif\u0259 m\u0259nsub \u00a0bir q\u0131z\u0131n y\u00fck ma\u015f\u0131n\u0131 s\u00fcr\u00fcc\u00fcs\u00fcn\u0259 vurulmas\u0131 y\u00fcz minl\u0259rin, milyonlar\u0131n \u00a0arzusu idi. O \u00f6z filml\u0259rind\u0259 milyonlar\u0131n arzusunu realla\u015fd\u0131r\u0131rd\u0131. Milyonlar\u0131n \u00fcr\u0259yind\u0259n ke\u00e7\u0259nl\u0259ri filml\u0259rd\u0259 h\u0259yata ke\u00e7irirdi. \u018frdo\u011fan\u0131n da bir siyas\u0259t\u00e7i kimi polpulyarl\u0131q qazanmas\u0131 \u00a0t\u0259xmin\u0259n a\u015fa\u011f\u0131-yuxar\u0131 buna b\u0259nz\u0259yir. Erdo\u011fan t\u00fcrk siyas\u0259tinin \u0130brahim Tatl\u0131sesidir.\n<\/p>\n<p>\n  \u201cKurtlar vadisi\u201d serial\u0131n\u0131n da bu q\u0259d\u0259r populyarl\u0131q qazanmas\u0131n\u0131n s\u0259b\u0259bi budur. Polad Alemdar milyonlar\u0131n arzusunu \u00a0\u201cKurtlar vadisi\u201d serial\u0131nda h\u0259yata ke\u00e7irir. Y\u00fcz minl\u0259rl\u0259 insan\u0131n bu seriala baxd\u0131qda fantaziyalar\u0131 ifrat d\u0259r\u0259c\u0259d\u0259 q\u0131c\u0131qlan\u0131r. \u00d6zl\u0259rini v\u0259 reall\u0131q hissini itir\u0259n bu adamlar ist\u0259r-ist\u0259m\u0259z h\u0259yatda da rola girm\u0259li olurlar. Davran\u0131\u015flar\u0131, h\u0259r\u0259k\u0259tl\u0259ri d\u0259yi\u015fir. Serial q\u0259hr\u0259manlar\u0131n\u0131 yams\u0131lay\u0131rlar. B\u0259zil\u0259ri birba\u015fa. Geyiml\u0259, h\u0259r\u0259k\u0259tl\u0259rl\u0259, davran\u0131\u015fla&#8230; b\u0259zil\u0259ri d\u0259 yaz\u0131larda polad alemdarl\u0131q edirler. H\u0259l\u0259 n\u0259 q\u0259d\u0259r \u00e7ayxana polad alemdarlar\u0131 var. Q\u0259rb aliml\u0259rini s\u0259hv \u00e7\u0131xar\u0131rlar. Az d\u00fc\u015f\u00fcn\u00fcb, \u00e7ox dan\u0131\u015f\u0131rlar.\n<\/p>\n<p>\n  Viktor H\u00fcqonun \u00e7ox sevdiyim bir s\u00f6z\u00fc var. Deyir ki, arzuda irad\u0259 yoxdur. Y\u0259ni s\u0259n bir insan\u0131 tan\u0131maq ist\u0259yirs\u0259ns\u0259, onun arzular\u0131n\u0131 \u00f6yr\u0259n. O, arzular\u0131n\u0131 s\u00f6yl\u0259diyi zaman \u00f6z\u00fcn\u00fc buraxacaq. \u0130rad\u0259 n\u00fcmayi\u015f etdir\u0259 bilm\u0259y\u0259c\u0259k. \u00a0Ma\u015f\u0131n\u0131na m\u00f6xt\u0259lif heyvanlar\u0131n s\u0259sini qoyub, siqnalla oynayan, \u00f6mr\u00fcnd\u0259 iki kitab oxumayan, oxuyub da ba\u015fa d\u00fc\u015fm\u0259y\u0259n adamlar b\u0259s n\u0259y\u0259 baxmal\u0131d\u0131rlar? H\u0259r k\u0259s \u00f6z s\u0259viyy\u0259sini n\u00fcmayi\u015f etdirir. Siqnalla oynayan adamlar \u201cKurtlar vadisi\u201dn\u0259 d\u0259 baxmay\u0131b b\u0259s n\u0259y\u0259 baxs\u0131nlar? Oturub Kurasavan\u0131n filml\u0259rin\u0259 baxas\u0131 deyill\u0259r ki?\n<\/p>\n<p>\n  Bir d\u0259f\u0259 rayonda bir adam g\u00f6rd\u00fcm. Qara kostyum geyinmi\u015fdi. \u00a0Qara eyn\u0259k taxm\u0131\u015fd\u0131. H\u0259r\u0259k\u0259tl\u0259ri q\u0259rib\u0259 t\u0259sir ba\u011f\u0131\u015flad\u0131. Soru\u015fdum bu adam kimdir, n\u0259\u00e7idir, niy\u0259 bel\u0259 yeriyir, ona n\u0259 olub, n\u0259 ba\u015f verir burda? Dedil\u0259r ki, bu adam m\u00fcst\u0259ntiqdir. \u0130\u015fd\u0259n \u00e7\u0131xan kimi gedib, paltar\u0131n\u0131 d\u0259yi\u015fir. Qara kostyum geyinir. G\u00f6z\u00fcn\u0259 qara eyn\u0259k tax\u0131r. \u00d6z\u00fcn\u00fc \u201cKurtlar vadisi\u201dnd\u0259ki aktyorlara b\u0259nz\u0259dir. \u00d6z\u00fc d\u0259 adamlara deyir ki, ona \u00f6z ad\u0131yla m\u00fcraci\u0259t etm\u0259sinl\u0259r. Ona l\u0259q\u0259bl\u0259 m\u00fcraci\u0259t etsinl\u0259r. L\u0259q\u0259b d\u0259\u00a0t\u0259bii ki, \u201cKurtlar vadisi\u201d serial\u0131ndan \u00a0g\u00f6t\u00fcr\u00fcl\u00fcb.\u00a0 Bel\u0259 adamlar \u00f6lk\u0259mizd\u0259 \u00e7oxdur. H\u0259ddsiz d\u0259r\u0259c\u0259d\u0259 \u00e7oxdur. \u00d6zl\u0259ri \u00f6zl\u0259rini kinoya \u00e7\u0259kirl\u0259r.\n<\/p>\n<p>\n  Bir icra hakimi var. Yax\u0131ndan tan\u0131yanlar and i\u00e7irl\u0259r ki, o da \u00f6z\u00fcn\u00fc \u00c7ak\u0131r kimi apar\u0131r. \u0130ndi g\u00f6r\u00fcn, onun idar\u0259 etdiyi rayon n\u0259 g\u00fcnd\u0259dir? Burda m\u0259\u015fhur bir s\u00f6z\u00fcn n\u0259 q\u0259d\u0259r h\u0259qiq\u0259t\u0259 uy\u011fun oldu\u011funu g\u00f6r\u00fcr\u00fck. B\u0259li, do\u011furdan da, u\u015faqlar oynam\u0131rlar. Oynayan b\u00f6y\u00fckl\u0259rdir. Onlara \u00a0n\u0259 laz\u0131md\u0131r? He\u00e7 n\u0259.\u00a0 \u018fynin\u0259 bir forma geyindir, \u0259lin\u0259 d\u0259 bir \u201cratsiya\u201d ver, \u00f6zu-\u00f6z\u00fcyl\u0259 oynas\u0131n. G\u0259lib-ged\u0259n\u0259 mane olsunlar. \u00d6zl\u0259rini kinoya \u00e7\u0259km\u0259k \u015fans\u0131n\u0131 \u0259ld\u0259n buraxmazlar.\n<\/p>\n<p>\n  O g\u00fcn bir restorana getmi\u015fdim. Qap\u0131n\u0131n a\u011fz\u0131nda dayanan qarda\u015f \u00f6z\u00fcn\u00fc da\u011f\u0131d\u0131rd\u0131. Saqq\u0131z \u00e7eyn\u0259y\u0259-\u00e7eyn\u0259y\u0259 boynunu tez-tez \u015faqq\u0131ldad\u0131r. \u018fll\u0259rini a\u00e7\u0131b-yumurdu. \u00c7iyinl\u0259rini oynad\u0131rd\u0131. Guya \u0259z\u0259l\u0259l\u0259ri buna bir yerd\u0259 sakit dayanma\u011fa imkan vermir. Sif\u0259tind\u0259 d\u0259 bel\u0259 bir ifad\u0259 vard\u0131: \u201c\u00a0vurub &#8230; ba\u015f ed\u0259r\u0259m s\u0259ni, prostu t\u0259z\u0259 zibild\u0259n \u00e7\u0131xm\u0131\u015fam\u201d. \u00d6z\u00fc-\u00f6z\u00fcn\u00fc kinoya \u00e7\u0259kirdi. Baxanda adam\u0131n \u0259ti t\u00f6k\u00fcl\u00fcrd\u00fc. N\u0259 q\u0259d\u0259r g\u00fclm\u0259li g\u00f6r\u00fcnd\u00fckl\u0259rind\u0259n x\u0259b\u0259rl\u0259ri yoxdur.\n<\/p>\n<p>\n  Kinoya \u00e7\u0259kilm\u0259k o q\u0259d\u0259r d\u0259 pis \u015fey deyil. Ham\u0131m\u0131z a\u015fa\u011f\u0131-yuxar\u0131 kinoya \u00e7\u0259kilirik.\u00a0 Amma bax\u0131r hans\u0131 kinoya. Kino da var , kino da var\u2026 D\u00fczd\u00fc, b\u0259zil\u0259ri dey\u0259c\u0259k ki, z\u00f6vql\u0259r tart\u0131\u015f\u0131lmaz zad&#8230; Bo\u015f s\u00f6hb\u0259tdir. Z\u00f6vqs\u00fcz adam\u0131n z\u00f6vq\u00fc ola bilm\u0259z.<\/p>\n","protected":false},"excerpt":{"rendered":"<p>\u0130cra hakimi var, \u00f6z\u00fcn\u00fc \u00c7ak\u0131r kimi apar\u0131r&#8230;<\/p>\n","protected":false},"author":11,"featured_media":23150,"comment_status":"closed","ping_status":"open","sticky":false,"template":"","format":"standard","meta":{"_acf_changed":false,"_sitemap_exclude":false,"_sitemap_priority":"","_sitemap_frequency":"","footnotes":""},"categories":[57],"tags":[],"class_list":["post-167657","post","type-post","status-publish","format-standard","has-post-thumbnail","hentry","category-menim-fikrimce","infinite-scroll-item","generate-columns","tablet-grid-50","mobile-grid-100","grid-parent","grid-33","no-featured-image-padding"],"acf":[],"yoast_head":"<!-- This site is optimized with the Yoast SEO plugin v27.5 - https:\/\/yoast.com\/product\/yoast-seo-wordpress\/ -->\n<title>\u018frdo\u011fan v\u0259 Kurtlar vadisi niy\u0259 sevilir? - MEYDAN.TV<\/title>\n<meta name=\"robots\" content=\"index, follow, max-snippet:-1, max-image-preview:large, max-video-preview:-1\" \/>\n<link rel=\"canonical\" href=\"https:\/\/www.meydan.tv\/az\/article\/erdogan-ve-kurtlar-vadisi-niye-sevilir\/\" \/>\n<meta property=\"og:locale\" content=\"az_AZ\" \/>\n<meta property=\"og:type\" content=\"article\" \/>\n<meta property=\"og:title\" content=\"\u018frdo\u011fan v\u0259 Kurtlar vadisi niy\u0259 sevilir? - MEYDAN.TV\" \/>\n<meta property=\"og:description\" content=\"\u0130cra hakimi var, \u00f6z\u00fcn\u00fc \u00c7ak\u0131r kimi apar\u0131r...\" \/>\n<meta property=\"og:url\" content=\"https:\/\/www.meydan.tv\/az\/article\/erdogan-ve-kurtlar-vadisi-niye-sevilir\/\" \/>\n<meta property=\"og:site_name\" content=\"MEYDAN.TV\" \/>\n<meta property=\"article:published_time\" content=\"2015-04-23T15:38:45+00:00\" \/>\n<meta property=\"og:image\" content=\"https:\/\/www.meydan.tv\/wp-content\/uploads\/8400.jpg\" \/>\n\t<meta property=\"og:image:width\" content=\"500\" \/>\n\t<meta property=\"og:image:height\" content=\"500\" \/>\n\t<meta property=\"og:image:type\" content=\"image\/jpeg\" \/>\n<meta name=\"author\" content=\"user-manager\" \/>\n<meta name=\"twitter:card\" content=\"summary_large_image\" \/>\n<script type=\"application\/ld+json\" class=\"yoast-schema-graph\">{\"@context\":\"https:\\\/\\\/schema.org\",\"@graph\":[{\"@type\":\"Article\",\"@id\":\"https:\\\/\\\/www.meydan.tv\\\/az\\\/article\\\/erdogan-ve-kurtlar-vadisi-niye-sevilir\\\/#article\",\"isPartOf\":{\"@id\":\"https:\\\/\\\/www.meydan.tv\\\/az\\\/article\\\/erdogan-ve-kurtlar-vadisi-niye-sevilir\\\/\"},\"author\":{\"name\":\"user-manager\",\"@id\":\"https:\\\/\\\/www.meydan.tv\\\/az\\\/#\\\/schema\\\/person\\\/10d11eccf6da3662cf5fdab9806ea91a\"},\"headline\":\"\u018frdo\u011fan v\u0259 Kurtlar vadisi niy\u0259 sevilir?\",\"datePublished\":\"2015-04-23T15:38:45+00:00\",\"mainEntityOfPage\":{\"@id\":\"https:\\\/\\\/www.meydan.tv\\\/az\\\/article\\\/erdogan-ve-kurtlar-vadisi-niye-sevilir\\\/\"},\"wordCount\":1738,\"publisher\":{\"@id\":\"https:\\\/\\\/www.meydan.tv\\\/az\\\/#organization\"},\"image\":{\"@id\":\"https:\\\/\\\/www.meydan.tv\\\/az\\\/article\\\/erdogan-ve-kurtlar-vadisi-niye-sevilir\\\/#primaryimage\"},\"thumbnailUrl\":\"https:\\\/\\\/www.meydan.tv\\\/wp-content\\\/uploads\\\/8400.jpg\",\"articleSection\":[\"M\u0259nim Fikrimc\u0259\"],\"inLanguage\":\"az\"},{\"@type\":\"WebPage\",\"@id\":\"https:\\\/\\\/www.meydan.tv\\\/az\\\/article\\\/erdogan-ve-kurtlar-vadisi-niye-sevilir\\\/\",\"url\":\"https:\\\/\\\/www.meydan.tv\\\/az\\\/article\\\/erdogan-ve-kurtlar-vadisi-niye-sevilir\\\/\",\"name\":\"\u018frdo\u011fan v\u0259 Kurtlar vadisi niy\u0259 sevilir? - MEYDAN.TV\",\"isPartOf\":{\"@id\":\"https:\\\/\\\/www.meydan.tv\\\/az\\\/#website\"},\"primaryImageOfPage\":{\"@id\":\"https:\\\/\\\/www.meydan.tv\\\/az\\\/article\\\/erdogan-ve-kurtlar-vadisi-niye-sevilir\\\/#primaryimage\"},\"image\":{\"@id\":\"https:\\\/\\\/www.meydan.tv\\\/az\\\/article\\\/erdogan-ve-kurtlar-vadisi-niye-sevilir\\\/#primaryimage\"},\"thumbnailUrl\":\"https:\\\/\\\/www.meydan.tv\\\/wp-content\\\/uploads\\\/8400.jpg\",\"datePublished\":\"2015-04-23T15:38:45+00:00\",\"breadcrumb\":{\"@id\":\"https:\\\/\\\/www.meydan.tv\\\/az\\\/article\\\/erdogan-ve-kurtlar-vadisi-niye-sevilir\\\/#breadcrumb\"},\"inLanguage\":\"az\",\"potentialAction\":[{\"@type\":\"ReadAction\",\"target\":[\"https:\\\/\\\/www.meydan.tv\\\/az\\\/article\\\/erdogan-ve-kurtlar-vadisi-niye-sevilir\\\/\"]}]},{\"@type\":\"ImageObject\",\"inLanguage\":\"az\",\"@id\":\"https:\\\/\\\/www.meydan.tv\\\/az\\\/article\\\/erdogan-ve-kurtlar-vadisi-niye-sevilir\\\/#primaryimage\",\"url\":\"https:\\\/\\\/www.meydan.tv\\\/wp-content\\\/uploads\\\/8400.jpg\",\"contentUrl\":\"https:\\\/\\\/www.meydan.tv\\\/wp-content\\\/uploads\\\/8400.jpg\",\"width\":500,\"height\":500,\"caption\":\"Source:\"},{\"@type\":\"BreadcrumbList\",\"@id\":\"https:\\\/\\\/www.meydan.tv\\\/az\\\/article\\\/erdogan-ve-kurtlar-vadisi-niye-sevilir\\\/#breadcrumb\",\"itemListElement\":[{\"@type\":\"ListItem\",\"position\":1,\"name\":\"Ana s\u0259hif\u0259\",\"item\":\"https:\\\/\\\/www.meydan.tv\\\/az\\\/\"},{\"@type\":\"ListItem\",\"position\":2,\"name\":\"M\u0259nim Fikrimc\u0259\",\"item\":\"https:\\\/\\\/www.meydan.tv\\\/az\\\/section\\\/menim-fikrimce\\\/\"},{\"@type\":\"ListItem\",\"position\":3,\"name\":\"\u018frdo\u011fan v\u0259 Kurtlar vadisi niy\u0259 sevilir?\"}]},{\"@type\":\"WebSite\",\"@id\":\"https:\\\/\\\/www.meydan.tv\\\/az\\\/#website\",\"url\":\"https:\\\/\\\/www.meydan.tv\\\/az\\\/\",\"name\":\"MEYDAN.TV\",\"description\":\"Meydan TV Az\u0259rbaycan\u0131n media m\u0259kan\u0131ndak\u0131 alternativ s\u0259sidir\",\"publisher\":{\"@id\":\"https:\\\/\\\/www.meydan.tv\\\/az\\\/#organization\"},\"potentialAction\":[{\"@type\":\"SearchAction\",\"target\":{\"@type\":\"EntryPoint\",\"urlTemplate\":\"https:\\\/\\\/www.meydan.tv\\\/az\\\/?s={search_term_string}\"},\"query-input\":{\"@type\":\"PropertyValueSpecification\",\"valueRequired\":true,\"valueName\":\"search_term_string\"}}],\"inLanguage\":\"az\"},{\"@type\":\"Organization\",\"@id\":\"https:\\\/\\\/www.meydan.tv\\\/az\\\/#organization\",\"name\":\"Meydan TV\",\"url\":\"https:\\\/\\\/www.meydan.tv\\\/az\\\/\",\"logo\":{\"@type\":\"ImageObject\",\"inLanguage\":\"az\",\"@id\":\"https:\\\/\\\/www.meydan.tv\\\/az\\\/#\\\/schema\\\/logo\\\/image\\\/\",\"url\":\"https:\\\/\\\/www.meydan.tv\\\/wp-content\\\/uploads\\\/2021\\\/07\\\/meydan-logo.svg\",\"contentUrl\":\"https:\\\/\\\/www.meydan.tv\\\/wp-content\\\/uploads\\\/2021\\\/07\\\/meydan-logo.svg\",\"width\":195,\"height\":46,\"caption\":\"Meydan TV\"},\"image\":{\"@id\":\"https:\\\/\\\/www.meydan.tv\\\/az\\\/#\\\/schema\\\/logo\\\/image\\\/\"}},{\"@type\":\"Person\",\"@id\":\"https:\\\/\\\/www.meydan.tv\\\/az\\\/#\\\/schema\\\/person\\\/10d11eccf6da3662cf5fdab9806ea91a\",\"name\":\"user-manager\"}]}<\/script>\n<!-- \/ Yoast SEO plugin. -->","yoast_head_json":{"title":"\u018frdo\u011fan v\u0259 Kurtlar vadisi niy\u0259 sevilir? - MEYDAN.TV","robots":{"index":"index","follow":"follow","max-snippet":"max-snippet:-1","max-image-preview":"max-image-preview:large","max-video-preview":"max-video-preview:-1"},"canonical":"https:\/\/www.meydan.tv\/az\/article\/erdogan-ve-kurtlar-vadisi-niye-sevilir\/","og_locale":"az_AZ","og_type":"article","og_title":"\u018frdo\u011fan v\u0259 Kurtlar vadisi niy\u0259 sevilir? - MEYDAN.TV","og_description":"\u0130cra hakimi var, \u00f6z\u00fcn\u00fc \u00c7ak\u0131r kimi apar\u0131r...","og_url":"https:\/\/www.meydan.tv\/az\/article\/erdogan-ve-kurtlar-vadisi-niye-sevilir\/","og_site_name":"MEYDAN.TV","article_published_time":"2015-04-23T15:38:45+00:00","og_image":[{"width":500,"height":500,"url":"https:\/\/www.meydan.tv\/wp-content\/uploads\/8400.jpg","type":"image\/jpeg"}],"author":"user-manager","twitter_card":"summary_large_image","schema":{"@context":"https:\/\/schema.org","@graph":[{"@type":"Article","@id":"https:\/\/www.meydan.tv\/az\/article\/erdogan-ve-kurtlar-vadisi-niye-sevilir\/#article","isPartOf":{"@id":"https:\/\/www.meydan.tv\/az\/article\/erdogan-ve-kurtlar-vadisi-niye-sevilir\/"},"author":{"name":"user-manager","@id":"https:\/\/www.meydan.tv\/az\/#\/schema\/person\/10d11eccf6da3662cf5fdab9806ea91a"},"headline":"\u018frdo\u011fan v\u0259 Kurtlar vadisi niy\u0259 sevilir?","datePublished":"2015-04-23T15:38:45+00:00","mainEntityOfPage":{"@id":"https:\/\/www.meydan.tv\/az\/article\/erdogan-ve-kurtlar-vadisi-niye-sevilir\/"},"wordCount":1738,"publisher":{"@id":"https:\/\/www.meydan.tv\/az\/#organization"},"image":{"@id":"https:\/\/www.meydan.tv\/az\/article\/erdogan-ve-kurtlar-vadisi-niye-sevilir\/#primaryimage"},"thumbnailUrl":"https:\/\/www.meydan.tv\/wp-content\/uploads\/8400.jpg","articleSection":["M\u0259nim Fikrimc\u0259"],"inLanguage":"az"},{"@type":"WebPage","@id":"https:\/\/www.meydan.tv\/az\/article\/erdogan-ve-kurtlar-vadisi-niye-sevilir\/","url":"https:\/\/www.meydan.tv\/az\/article\/erdogan-ve-kurtlar-vadisi-niye-sevilir\/","name":"\u018frdo\u011fan v\u0259 Kurtlar vadisi niy\u0259 sevilir? - MEYDAN.TV","isPartOf":{"@id":"https:\/\/www.meydan.tv\/az\/#website"},"primaryImageOfPage":{"@id":"https:\/\/www.meydan.tv\/az\/article\/erdogan-ve-kurtlar-vadisi-niye-sevilir\/#primaryimage"},"image":{"@id":"https:\/\/www.meydan.tv\/az\/article\/erdogan-ve-kurtlar-vadisi-niye-sevilir\/#primaryimage"},"thumbnailUrl":"https:\/\/www.meydan.tv\/wp-content\/uploads\/8400.jpg","datePublished":"2015-04-23T15:38:45+00:00","breadcrumb":{"@id":"https:\/\/www.meydan.tv\/az\/article\/erdogan-ve-kurtlar-vadisi-niye-sevilir\/#breadcrumb"},"inLanguage":"az","potentialAction":[{"@type":"ReadAction","target":["https:\/\/www.meydan.tv\/az\/article\/erdogan-ve-kurtlar-vadisi-niye-sevilir\/"]}]},{"@type":"ImageObject","inLanguage":"az","@id":"https:\/\/www.meydan.tv\/az\/article\/erdogan-ve-kurtlar-vadisi-niye-sevilir\/#primaryimage","url":"https:\/\/www.meydan.tv\/wp-content\/uploads\/8400.jpg","contentUrl":"https:\/\/www.meydan.tv\/wp-content\/uploads\/8400.jpg","width":500,"height":500,"caption":"Source:"},{"@type":"BreadcrumbList","@id":"https:\/\/www.meydan.tv\/az\/article\/erdogan-ve-kurtlar-vadisi-niye-sevilir\/#breadcrumb","itemListElement":[{"@type":"ListItem","position":1,"name":"Ana s\u0259hif\u0259","item":"https:\/\/www.meydan.tv\/az\/"},{"@type":"ListItem","position":2,"name":"M\u0259nim Fikrimc\u0259","item":"https:\/\/www.meydan.tv\/az\/section\/menim-fikrimce\/"},{"@type":"ListItem","position":3,"name":"\u018frdo\u011fan v\u0259 Kurtlar vadisi niy\u0259 sevilir?"}]},{"@type":"WebSite","@id":"https:\/\/www.meydan.tv\/az\/#website","url":"https:\/\/www.meydan.tv\/az\/","name":"MEYDAN.TV","description":"Meydan TV Az\u0259rbaycan\u0131n media m\u0259kan\u0131ndak\u0131 alternativ s\u0259sidir","publisher":{"@id":"https:\/\/www.meydan.tv\/az\/#organization"},"potentialAction":[{"@type":"SearchAction","target":{"@type":"EntryPoint","urlTemplate":"https:\/\/www.meydan.tv\/az\/?s={search_term_string}"},"query-input":{"@type":"PropertyValueSpecification","valueRequired":true,"valueName":"search_term_string"}}],"inLanguage":"az"},{"@type":"Organization","@id":"https:\/\/www.meydan.tv\/az\/#organization","name":"Meydan TV","url":"https:\/\/www.meydan.tv\/az\/","logo":{"@type":"ImageObject","inLanguage":"az","@id":"https:\/\/www.meydan.tv\/az\/#\/schema\/logo\/image\/","url":"https:\/\/www.meydan.tv\/wp-content\/uploads\/2021\/07\/meydan-logo.svg","contentUrl":"https:\/\/www.meydan.tv\/wp-content\/uploads\/2021\/07\/meydan-logo.svg","width":195,"height":46,"caption":"Meydan TV"},"image":{"@id":"https:\/\/www.meydan.tv\/az\/#\/schema\/logo\/image\/"}},{"@type":"Person","@id":"https:\/\/www.meydan.tv\/az\/#\/schema\/person\/10d11eccf6da3662cf5fdab9806ea91a","name":"user-manager"}]}},"_links":{"self":[{"href":"https:\/\/www.meydan.tv\/az\/wp-json\/wp\/v2\/posts\/167657","targetHints":{"allow":["GET"]}}],"collection":[{"href":"https:\/\/www.meydan.tv\/az\/wp-json\/wp\/v2\/posts"}],"about":[{"href":"https:\/\/www.meydan.tv\/az\/wp-json\/wp\/v2\/types\/post"}],"author":[{"embeddable":true,"href":"https:\/\/www.meydan.tv\/az\/wp-json\/wp\/v2\/users\/11"}],"replies":[{"embeddable":true,"href":"https:\/\/www.meydan.tv\/az\/wp-json\/wp\/v2\/comments?post=167657"}],"version-history":[{"count":0,"href":"https:\/\/www.meydan.tv\/az\/wp-json\/wp\/v2\/posts\/167657\/revisions"}],"wp:featuredmedia":[{"embeddable":true,"href":"https:\/\/www.meydan.tv\/az\/wp-json\/wp\/v2\/media\/23150"}],"wp:attachment":[{"href":"https:\/\/www.meydan.tv\/az\/wp-json\/wp\/v2\/media?parent=167657"}],"wp:term":[{"taxonomy":"category","embeddable":true,"href":"https:\/\/www.meydan.tv\/az\/wp-json\/wp\/v2\/categories?post=167657"},{"taxonomy":"post_tag","embeddable":true,"href":"https:\/\/www.meydan.tv\/az\/wp-json\/wp\/v2\/tags?post=167657"}],"curies":[{"name":"wp","href":"https:\/\/api.w.org\/{rel}","templated":true}]}}