{"id":167655,"date":"2015-04-23T12:47:53","date_gmt":"2015-04-23T12:47:53","guid":{"rendered":"https:\/\/www.meydan.tv\/article\/azerbaycanda-insan-haqlari-ve-azadliqlar-ucun-felaket-gunudur\/"},"modified":"2015-04-23T12:47:53","modified_gmt":"2015-04-23T12:47:53","slug":"azerbaycanda-insan-haqlari-ve-azadliqlar-ucun-felaket-gunudur","status":"publish","type":"post","link":"https:\/\/www.meydan.tv\/az\/article\/azerbaycanda-insan-haqlari-ve-azadliqlar-ucun-felaket-gunudur\/","title":{"rendered":"&#8220;Az\u0259rbaycanda insan haqlar\u0131 v\u0259 azadl\u0131qlar \u00fc\u00e7\u00fcn f\u0259lak\u0259t g\u00fcn\u00fcd\u00fcr&#8221;"},"content":{"rendered":"<figure class=\"wp-block-image size-large\">\n  <img decoding=\"async\" src=\"https:\/\/www.meydan.tv\/az\/23132\/\" alt=\"\" class=\"wp-image-23132\"\/><figcaption><\/figcaption><\/figure>\n<figure class=\"wp-block-image size-large\">\n  <img decoding=\"async\" src=\"https:\/\/www.meydan.tv\/az\/23133\/\" alt=\"\" class=\"wp-image-23133\"\/><figcaption><\/figcaption><\/figure>\n<p>\n  <i><br \/>\n    Beyn\u0259lxalq t\u0259\u015fkilatlar \u0130ntiqam\u00a0 \u018fliyevin azad olunmas\u0131na \u00e7a\u011f\u0131r\u0131r<br \/>\n  <\/i>\n<\/p>\n<p>\n  Beyn\u0259lxalq h\u00fcquq m\u00fcdafi\u0259 t\u0259\u015fkilatlar\u0131 h\u00fcquq\u015f\u00fcnas \u0130ntiqam \u018fliyevin 7 il 6 ay azadl\u0131qdan m\u0259hrum edilm\u0259sini pisl\u0259yir.\n<\/p>\n<p>\n  &#8220;Human Rights Watch&#8221; t\u0259\u015fkilat\u0131n\u0131n C\u0259nubi Qafqaz \u00fczr\u0259 n\u00fcmay\u0259nd\u0259si Giorgi Gogia \u0130ntiqam \u018fliyev bar\u0259d\u0259 \u00e7\u0131xar\u0131lm\u0131\u015f m\u0259hk\u0259m\u0259 h\u00f6km\u00fc haqq\u0131nda dan\u0131\u015fark\u0259n deyib ki, Az\u0259rbaycanda insan haqlar\u0131 v\u0259 azadl\u0131qlar \u00fc\u00e7\u00fcn f\u0259lak\u0259t g\u00fcn\u00fcd\u00fcr. Qar\u015f\u0131dan g\u0259l\u0259n ill\u0259r \u00fc\u00e7\u00fcn Az\u0259rbaycanda insan haqlar\u0131 pozuntular\u0131n\u0131n qurbanlar\u0131 \u00f6zl\u0259rinin \u0259n g\u00fccl\u00fc m\u00fcdafi\u0259\u00e7il\u0259rini itiribl\u0259r.\n<\/p>\n<figure class=\"wp-block-image size-large\">\n  <img decoding=\"async\" src=\"https:\/\/www.meydan.tv\/az\/23132\/\" alt=\"\" class=\"wp-image-23132\"\/><figcaption><\/figcaption><\/figure>\n<p>\n  Gogia deyib ki, \u0130ntiqam \u018fliev bar\u0259d\u0259 \u00e7\u0131xar\u0131lm\u0131\u015f h\u00f6km\u00fcn siyasi sifari\u015f oldu\u011fu \u015f\u00fcbh\u0259 do\u011furmur.\n<\/p>\n<p>\n  &#8220;Az\u0259rbaycan\u0131n beyn\u0259lxalq partnyorlar\u0131 r\u0259smi Bak\u0131n\u0131n \u201c\u0259dal\u0259ti \u0259l\u0259 salmas\u0131na\u201d son qoymal\u0131d\u0131rlar&#8221;, &#8211; c\u0259nab Gogia fikrini bu s\u00f6zl\u0259rl\u0259 bitirib.\n<\/p>\n<p>\n  \u0130nsan Haqlar\u0131 M\u00fcdafi\u0259\u00e7il\u0259rinin M\u00fcdafi\u0259si \u00fczr\u0259 R\u0259s\u0259dxana (OMCT) bu h\u00f6km\u00fc q\u0259tiyy\u0259tl\u0259 pisl\u0259yib. Bu qurum Beyn\u0259lxalq \u0130nsan Haqlar\u0131 Federasiyas\u0131 (FIDH) v\u0259 \u00dcmumd\u00fcnya \u0130\u015fg\u0259nc\u0259l\u0259r\u0259 qar\u015f\u0131 T\u0259\u015fkilat\u0131n birg\u0259 proqram\u0131d\u0131r.\u00a0 Qurum \u00f6t\u0259n ilin avqustundan qanunsuz olaraq saxlanm\u0131\u015f insan haqlar\u0131 m\u00fcdafi\u0259\u00e7isini d\u0259rhal v\u0259 qeyd \u015f\u0259rtsiz azadl\u0131\u011fa buraxma\u011fa \u00e7a\u011f\u0131r\u0131r.\n<\/p>\n<p>\n  \u00a0\u201cBu, Az\u0259rbaycanda tan\u0131nm\u0131\u015f insan haqlar\u0131 v\u0259kilin\u0259 qar\u015f\u0131 daha bir utancverici h\u00f6kmd\u00fcr,\u201d FIDH prezidenti Karim Lahidji deyib.\n<\/p>\n<p>\n  OMCT-nin ba\u015f katibi Gerald Staberock Avropa Oyunlar\u0131na 2 aydan az qald\u0131\u011f\u0131 bir vaxtda \u0130ntiqam \u018fliyev d\u0259 daxil olmaqla b\u00fct\u00fcn insan haqlar\u0131 f\u0259allar\u0131n\u0131 azadl\u0131\u011fa buraxma\u011fa, \u00f6lk\u0259d\u0259 insan haqlar\u0131 m\u00fcdafi\u0259\u00e7il\u0259rinin t\u0259qibin\u0259 son qoyma\u011fa \u00e7a\u011f\u0131r\u0131r.\n<\/p>\n<p>\n  \u201c\u0130nsan haqlar\u0131 m\u00fcdafi\u0259\u00e7isi v\u0259 h\u00f6kum\u0259tin a\u00e7\u0131q t\u0259nqid\u00e7isini 7 il 6 ay, saxta ittihamlarla\u00a0 azadl\u0131qdan m\u0259hrum etm\u0259kl\u0259 hakimiyy\u0259t Avropa Oyunlar\u0131 \u0259r\u0259f\u0259sind\u0259 b\u00fct\u00fcn t\u0259nqid\u00e7il\u0259rini susdurmaq ist\u0259diyini g\u00f6st\u0259rir,\u201d bu b\u0259yanatla &#8220;Amnesty International&#8221; h\u00fcquq-m\u00fcdafi\u0259 t\u0259\u015fkilat\u0131 \u00e7\u0131x\u0131\u015f edib.\n<\/p>\n<p>\n  \u201c\u0130ntiqam \u018fliyev hakimiyy\u0259tin oyunlar qaba\u011f\u0131 \u00f6lk\u0259nin b\u00fct\u00fcn probleml\u0259rini xal\u00e7an\u0131n alt\u0131na s\u00fcp\u00fcr\u00fcb gizl\u0259tm\u0259k kampaniyas\u0131n\u0131n son qurban\u0131d\u0131r. Mesaj budur: D\u00fcnyaya probleml\u0259rimiz bar\u0259d\u0259 dan\u0131\u015fsan, c\u0259zalanacaqsan,\u201d &#8211; &#8220;Amnesty International&#8221;-\u0131n Avropa v\u0259 Orta Asiya \u00fczd\u0259 direktor m\u00fcavini deyib.\n<\/p>\n<figure class=\"wp-block-image size-large\">\n  <img decoding=\"async\" src=\"https:\/\/www.meydan.tv\/az\/23138\/\" alt=\"\" class=\"wp-image-23138\"\/><figcaption><\/figcaption><\/figure>\n<p>\n  \u201c\u0130ntiqam \u018fliyevin t\u00f6r\u0259tdiyi yegan\u0259 \u201ccinay\u0259t\u201d h\u0259mv\u0259t\u0259nl\u0259rinin h\u00fcquqlar\u0131n\u0131 m\u00fcdafi\u0259 etm\u0259sidir. O, h\u0259bs\u0259 at\u0131lmamal\u0131yd\u0131 v\u0259 d\u0259rhal v\u0259 qeyd \u015f\u0259rtsiz burax\u0131lmal\u0131d\u0131r\u201d.\n<\/p>\n<p>\n  &#8220;Amnesty International&#8221; Az\u0259rbaycanda az\u0131 20 vicdan m\u0259hbusunun oldu\u011funu deyir.\n<\/p>\n<p>\n  Aprelin 22-d\u0259 Bak\u0131 A\u011f\u0131r Cinay\u0259tl\u0259r M\u0259hk\u0259m\u0259sinin H\u00fcquq Maarif\u00e7iliyi C\u0259miyy\u0259tinin r\u0259hb\u0259ri \u0130ntiqam \u018fliyev bar\u0259sind\u0259 \u00e7\u0131xar\u0131lan h\u00f6km\u0259 g\u00f6r\u0259, o, 3 il d\u00f6vl\u0259t v\u0259zif\u0259si tuta bilm\u0259z. H\u00fcquq\u015f\u00fcnas vergid\u0259n yay\u0131nma, v\u0259zif\u0259 s\u0259lahiyy\u0259tl\u0259rind\u0259n sui-istifad\u0259, qanunsuz sahibkarl\u0131q, m\u0259nims\u0259m\u0259 v\u0259 israf etm\u0259d\u0259 ittiham olunub. (Azadl\u0131q Radiosu)\n<\/p><\/p>\n","protected":false},"excerpt":{"rendered":"<p>Beyn\u0259lxalq t\u0259\u015fkilatlar \u0130ntiqam  \u018fliyevin azad olunmas\u0131na \u00e7a\u011f\u0131r\u0131r<\/p>\n","protected":false},"author":11,"featured_media":23132,"comment_status":"closed","ping_status":"open","sticky":false,"template":"","format":"standard","meta":{"_acf_changed":false,"_sitemap_exclude":false,"_sitemap_priority":"","_sitemap_frequency":"","footnotes":""},"categories":[56],"tags":[],"class_list":["post-167655","post","type-post","status-publish","format-standard","has-post-thumbnail","hentry","category-xeberler","infinite-scroll-item","generate-columns","tablet-grid-50","mobile-grid-100","grid-parent","grid-33","no-featured-image-padding"],"acf":[],"yoast_head":"<!-- This site is optimized with the Yoast SEO plugin v28.4 - https:\/\/yoast.com\/product\/yoast-seo-wordpress\/ -->\n<title>&quot;Az\u0259rbaycanda insan haqlar\u0131 v\u0259 azadl\u0131qlar \u00fc\u00e7\u00fcn f\u0259lak\u0259t g\u00fcn\u00fcd\u00fcr&quot; - MEYDAN.TV<\/title>\n<meta name=\"robots\" content=\"index, follow, max-snippet:-1, max-image-preview:large, max-video-preview:-1\" \/>\n<link rel=\"canonical\" href=\"https:\/\/www.meydan.tv\/az\/article\/azerbaycanda-insan-haqlari-ve-azadliqlar-ucun-felaket-gunudur\/\" \/>\n<meta property=\"og:locale\" content=\"az_AZ\" \/>\n<meta property=\"og:type\" content=\"article\" \/>\n<meta property=\"og:title\" content=\"&quot;Az\u0259rbaycanda insan haqlar\u0131 v\u0259 azadl\u0131qlar \u00fc\u00e7\u00fcn f\u0259lak\u0259t g\u00fcn\u00fcd\u00fcr&quot; - MEYDAN.TV\" \/>\n<meta property=\"og:description\" content=\"Beyn\u0259lxalq t\u0259\u015fkilatlar \u0130ntiqam \u018fliyevin azad olunmas\u0131na \u00e7a\u011f\u0131r\u0131r\" \/>\n<meta property=\"og:url\" content=\"https:\/\/www.meydan.tv\/az\/article\/azerbaycanda-insan-haqlari-ve-azadliqlar-ucun-felaket-gunudur\/\" \/>\n<meta property=\"og:site_name\" content=\"MEYDAN.TV\" \/>\n<meta property=\"article:published_time\" content=\"2015-04-23T12:47:53+00:00\" \/>\n<meta property=\"og:image\" content=\"https:\/\/www.meydan.tv\/wp-content\/uploads\/8397.jpg\" \/>\n\t<meta property=\"og:image:width\" content=\"400\" \/>\n\t<meta property=\"og:image:height\" content=\"300\" \/>\n\t<meta property=\"og:image:type\" content=\"image\/jpeg\" \/>\n<meta name=\"twitter:card\" content=\"summary_large_image\" \/>\n<!-- \/ Yoast SEO plugin. -->","yoast_head_json":{"title":"\"Az\u0259rbaycanda insan haqlar\u0131 v\u0259 azadl\u0131qlar \u00fc\u00e7\u00fcn f\u0259lak\u0259t g\u00fcn\u00fcd\u00fcr\" - MEYDAN.TV","robots":{"index":"index","follow":"follow","max-snippet":"max-snippet:-1","max-image-preview":"max-image-preview:large","max-video-preview":"max-video-preview:-1"},"canonical":"https:\/\/www.meydan.tv\/az\/article\/azerbaycanda-insan-haqlari-ve-azadliqlar-ucun-felaket-gunudur\/","og_locale":"az_AZ","og_type":"article","og_title":"\"Az\u0259rbaycanda insan haqlar\u0131 v\u0259 azadl\u0131qlar \u00fc\u00e7\u00fcn f\u0259lak\u0259t g\u00fcn\u00fcd\u00fcr\" - MEYDAN.TV","og_description":"Beyn\u0259lxalq t\u0259\u015fkilatlar \u0130ntiqam \u018fliyevin azad olunmas\u0131na \u00e7a\u011f\u0131r\u0131r","og_url":"https:\/\/www.meydan.tv\/az\/article\/azerbaycanda-insan-haqlari-ve-azadliqlar-ucun-felaket-gunudur\/","og_site_name":"MEYDAN.TV","article_published_time":"2015-04-23T12:47:53+00:00","og_image":[{"width":400,"height":300,"url":"https:\/\/www.meydan.tv\/wp-content\/uploads\/8397.jpg","type":"image\/jpeg"}],"twitter_card":"summary_large_image","schema":{"@context":"https:\/\/schema.org","@graph":[{"@type":"Article","@id":"https:\/\/www.meydan.tv\/az\/article\/azerbaycanda-insan-haqlari-ve-azadliqlar-ucun-felaket-gunudur\/#article","isPartOf":{"@id":"https:\/\/www.meydan.tv\/az\/article\/azerbaycanda-insan-haqlari-ve-azadliqlar-ucun-felaket-gunudur\/"},"author":{"name":"user-manager","@id":"https:\/\/www.meydan.tv\/az\/#\/schema\/person\/10d11eccf6da3662cf5fdab9806ea91a"},"headline":"&#8220;Az\u0259rbaycanda insan haqlar\u0131 v\u0259 azadl\u0131qlar \u00fc\u00e7\u00fcn f\u0259lak\u0259t g\u00fcn\u00fcd\u00fcr&#8221;","datePublished":"2015-04-23T12:47:53+00:00","mainEntityOfPage":{"@id":"https:\/\/www.meydan.tv\/az\/article\/azerbaycanda-insan-haqlari-ve-azadliqlar-ucun-felaket-gunudur\/"},"wordCount":547,"publisher":{"@id":"https:\/\/www.meydan.tv\/az\/#organization"},"image":{"@id":"https:\/\/www.meydan.tv\/az\/article\/azerbaycanda-insan-haqlari-ve-azadliqlar-ucun-felaket-gunudur\/#primaryimage"},"thumbnailUrl":"https:\/\/www.meydan.tv\/wp-content\/uploads\/8397.jpg","articleSection":["X\u0259b\u0259rl\u0259r"],"inLanguage":"az"},{"@type":"WebPage","@id":"https:\/\/www.meydan.tv\/az\/article\/azerbaycanda-insan-haqlari-ve-azadliqlar-ucun-felaket-gunudur\/","url":"https:\/\/www.meydan.tv\/az\/article\/azerbaycanda-insan-haqlari-ve-azadliqlar-ucun-felaket-gunudur\/","name":"\"Az\u0259rbaycanda insan haqlar\u0131 v\u0259 azadl\u0131qlar \u00fc\u00e7\u00fcn f\u0259lak\u0259t g\u00fcn\u00fcd\u00fcr\" - MEYDAN.TV","isPartOf":{"@id":"https:\/\/www.meydan.tv\/az\/#website"},"primaryImageOfPage":{"@id":"https:\/\/www.meydan.tv\/az\/article\/azerbaycanda-insan-haqlari-ve-azadliqlar-ucun-felaket-gunudur\/#primaryimage"},"image":{"@id":"https:\/\/www.meydan.tv\/az\/article\/azerbaycanda-insan-haqlari-ve-azadliqlar-ucun-felaket-gunudur\/#primaryimage"},"thumbnailUrl":"https:\/\/www.meydan.tv\/wp-content\/uploads\/8397.jpg","datePublished":"2015-04-23T12:47:53+00:00","breadcrumb":{"@id":"https:\/\/www.meydan.tv\/az\/article\/azerbaycanda-insan-haqlari-ve-azadliqlar-ucun-felaket-gunudur\/#breadcrumb"},"inLanguage":"az","potentialAction":[{"@type":"ReadAction","target":["https:\/\/www.meydan.tv\/az\/article\/azerbaycanda-insan-haqlari-ve-azadliqlar-ucun-felaket-gunudur\/"]}]},{"@type":"ImageObject","inLanguage":"az","@id":"https:\/\/www.meydan.tv\/az\/article\/azerbaycanda-insan-haqlari-ve-azadliqlar-ucun-felaket-gunudur\/#primaryimage","url":"https:\/\/www.meydan.tv\/wp-content\/uploads\/8397.jpg","contentUrl":"https:\/\/www.meydan.tv\/wp-content\/uploads\/8397.jpg","width":400,"height":300,"caption":"Source:"},{"@type":"BreadcrumbList","@id":"https:\/\/www.meydan.tv\/az\/article\/azerbaycanda-insan-haqlari-ve-azadliqlar-ucun-felaket-gunudur\/#breadcrumb","itemListElement":[{"@type":"ListItem","position":1,"name":"Ana s\u0259hif\u0259","item":"https:\/\/www.meydan.tv\/az\/"},{"@type":"ListItem","position":2,"name":"X\u0259b\u0259rl\u0259r","item":"https:\/\/www.meydan.tv\/az\/section\/xeberler\/"},{"@type":"ListItem","position":3,"name":"&#8220;Az\u0259rbaycanda insan haqlar\u0131 v\u0259 azadl\u0131qlar \u00fc\u00e7\u00fcn f\u0259lak\u0259t g\u00fcn\u00fcd\u00fcr&#8221;"}]},{"@type":"WebSite","@id":"https:\/\/www.meydan.tv\/az\/#website","url":"https:\/\/www.meydan.tv\/az\/","name":"MEYDAN.TV","description":"Meydan TV Az\u0259rbaycan\u0131n media m\u0259kan\u0131ndak\u0131 alternativ s\u0259sidir","publisher":{"@id":"https:\/\/www.meydan.tv\/az\/#organization"},"potentialAction":[{"@type":"SearchAction","target":{"@type":"EntryPoint","urlTemplate":"https:\/\/www.meydan.tv\/az\/?s={search_term_string}"},"query-input":{"@type":"PropertyValueSpecification","valueRequired":true,"valueName":"search_term_string"}}],"inLanguage":"az"},{"@type":"Organization","@id":"https:\/\/www.meydan.tv\/az\/#organization","name":"Meydan TV","url":"https:\/\/www.meydan.tv\/az\/","logo":{"@type":"ImageObject","inLanguage":"az","@id":"https:\/\/www.meydan.tv\/az\/#\/schema\/logo\/image\/","url":"https:\/\/www.meydan.tv\/wp-content\/uploads\/2021\/07\/meydan-logo.svg","contentUrl":"https:\/\/www.meydan.tv\/wp-content\/uploads\/2021\/07\/meydan-logo.svg","width":195,"height":46,"caption":"Meydan TV"},"image":{"@id":"https:\/\/www.meydan.tv\/az\/#\/schema\/logo\/image\/"}},{"@type":"Person","@id":"https:\/\/www.meydan.tv\/az\/#\/schema\/person\/10d11eccf6da3662cf5fdab9806ea91a","name":"user-manager"}]}},"_links":{"self":[{"href":"https:\/\/www.meydan.tv\/az\/wp-json\/wp\/v2\/posts\/167655","targetHints":{"allow":["GET"]}}],"collection":[{"href":"https:\/\/www.meydan.tv\/az\/wp-json\/wp\/v2\/posts"}],"about":[{"href":"https:\/\/www.meydan.tv\/az\/wp-json\/wp\/v2\/types\/post"}],"author":[{"embeddable":true,"href":"https:\/\/www.meydan.tv\/az\/wp-json\/wp\/v2\/users\/11"}],"replies":[{"embeddable":true,"href":"https:\/\/www.meydan.tv\/az\/wp-json\/wp\/v2\/comments?post=167655"}],"version-history":[{"count":0,"href":"https:\/\/www.meydan.tv\/az\/wp-json\/wp\/v2\/posts\/167655\/revisions"}],"wp:featuredmedia":[{"embeddable":true,"href":"https:\/\/www.meydan.tv\/az\/wp-json\/wp\/v2\/media\/23132"}],"wp:attachment":[{"href":"https:\/\/www.meydan.tv\/az\/wp-json\/wp\/v2\/media?parent=167655"}],"wp:term":[{"taxonomy":"category","embeddable":true,"href":"https:\/\/www.meydan.tv\/az\/wp-json\/wp\/v2\/categories?post=167655"},{"taxonomy":"post_tag","embeddable":true,"href":"https:\/\/www.meydan.tv\/az\/wp-json\/wp\/v2\/tags?post=167655"}],"curies":[{"name":"wp","href":"https:\/\/api.w.org\/{rel}","templated":true}]}}