{"id":167653,"date":"2015-04-23T12:09:45","date_gmt":"2015-04-23T12:09:45","guid":{"rendered":"https:\/\/www.meydan.tv\/article\/nigar-yaqubludan-ombudsmana-cagiris\/"},"modified":"2015-04-23T12:09:45","modified_gmt":"2015-04-23T12:09:45","slug":"nigar-yaqubludan-ombudsmana-cagiris","status":"publish","type":"post","link":"https:\/\/www.meydan.tv\/az\/article\/nigar-yaqubludan-ombudsmana-cagiris\/","title":{"rendered":"Nigar Yaqubludan ombudsmana \u00e7a\u011f\u0131r\u0131\u015f"},"content":{"rendered":"<figure class=\"wp-block-image size-large\">\n  <img decoding=\"async\" src=\"https:\/\/www.meydan.tv\/az\/23126\/\" alt=\"\" class=\"wp-image-23126\"\/><figcaption><\/figcaption><\/figure>\n<figure class=\"wp-block-image size-large\">\n  <img decoding=\"async\" src=\"https:\/\/www.meydan.tv\/az\/23126\/\" alt=\"\" class=\"wp-image-23126\"\/><figcaption><\/figcaption><\/figure>\n<p>\n  <i><br \/>\n    &#8220;Tofiq Yaqublunun haqs\u0131z yer\u0259 tutulmas\u0131n\u0131 demir\u0259m, he\u00e7 olmasa q\u0259zet m\u0259s\u0259l\u0259sini h\u0259ll edin!&#8221;<br \/>\n  <\/i>\n<\/p>\n<p>\n  H\u0259bsd\u0259 olan m\u00fcsavat\u00e7\u0131 Tofiq Yaqublunun q\u0131z\u0131 Nigar Yaqublu Qarada\u011f Rayon M\u0259hk\u0259m\u0259sinin m\u00fcsavat\u00e7\u0131 Yadigar Sad\u0131qov haqq\u0131nda h\u00f6km\u00fcn\u0259 Facebook s\u0259hif\u0259sind\u0259 reaksiya verib.\n<\/p>\n<p>\n  Nigar Yaqublu yaz\u0131b: &#8220;Hakimiyy\u0259t<br \/>\n  <a href=\"https:\/\/www.facebook.com\/yadigar.sadiqov\"><br \/>\n    Yadigar Sad\u0131qovu<br \/>\n  <\/a><br \/>\n  kitab oxudu\u011funa g\u00f6r\u0259 h\u0259bsd\u0259 saxlay\u0131r, m\u0259n is\u0259 h\u0259l\u0259 d\u0259 Tofiq Yaqublunun q\u0259zet oxumaq haqq\u0131n\u0131 b\u0259rpa ed\u0259 bilmir\u0259m. Ombudsman Aparat\u0131 h\u0259l\u0259 d\u0259 \u015fikay\u0259ti qeyd\u0259 al\u0131r. Ancaq ortada n\u0259tic\u0259 yoxdur! T\u0259klif edir\u0259m ki, Elmira S\u00fcleymanova aprelin 26-da m\u0259niml\u0259 h\u0259bsxanaya getsin. Bilir\u0259m yollar uzun, \u00e7\u0259tin v\u0259 yorucudur. Amma eybi yox. Biz ill\u0259rdir yollarday\u0131q. Bir d\u0259f\u0259 d\u0259 Elmira S\u00fcleymanova getsin. \u015eikay\u0259ti qeyd\u0259 almaq m\u0259s\u0259l\u0259ni h\u0259ll etm\u0259k dem\u0259k deyil. Problemi aradan qald\u0131rmaq \u00fc\u00e7\u00fcn C\u0259za\u00e7\u0259km\u0259 M\u00fc\u0259ssis\u0259sin\u0259 getm\u0259k laz\u0131md\u0131r!&#8221;\n<\/p>\n<p>\n  Ke\u00e7mi\u015f siyasi m\u0259hbus bildirib ki, Ombudsman Aparat\u0131 g\u00f6zl\u0259m\u0259sin ki, h\u0259r \u015feyi biz onlara dem\u0259liyik: &#8220;\u0130nsan haqlar\u0131 pozulan yerd\u0259 Siz olmal\u0131s\u0131n\u0131z. Tofiq Yaqublunun haqs\u0131z yer\u0259 tutulmas\u0131n\u0131 demir\u0259m, he\u00e7 olmasa q\u0259zet m\u0259s\u0259l\u0259sini h\u0259ll edin!&#8221;\n<\/p>\n<p>\n  Ombudsman Aparat\u0131ndan Meydan TV-y\u0259 bildirilib ki, m\u0259s\u0259l\u0259 bar\u0259d\u0259 Penitensiar Xidm\u0259t\u0259 m\u0259lumat verilib: &#8220;Problemin h\u0259ll olunaca\u011f\u0131na s\u00f6z verilib&#8221;.<\/p>\n","protected":false},"excerpt":{"rendered":"<p>&#8220;Tofiq Yaqublunun haqs\u0131z yer\u0259 tutulmas\u0131n\u0131 demir\u0259m, he\u00e7 olmasa q\u0259zet m\u0259s\u0259l\u0259sini h\u0259ll edin!&#8221;<\/p>\n","protected":false},"author":11,"featured_media":23126,"comment_status":"closed","ping_status":"open","sticky":false,"template":"","format":"standard","meta":{"_acf_changed":false,"_sitemap_exclude":false,"_sitemap_priority":"","_sitemap_frequency":"","footnotes":""},"categories":[56],"tags":[],"class_list":["post-167653","post","type-post","status-publish","format-standard","has-post-thumbnail","hentry","category-xeberler","infinite-scroll-item","generate-columns","tablet-grid-50","mobile-grid-100","grid-parent","grid-33","no-featured-image-padding"],"acf":[],"yoast_head":"<!-- This site is optimized with the Yoast SEO plugin v28.4 - https:\/\/yoast.com\/product\/yoast-seo-wordpress\/ -->\n<title>Nigar Yaqubludan ombudsmana \u00e7a\u011f\u0131r\u0131\u015f - MEYDAN.TV<\/title>\n<meta name=\"robots\" content=\"index, follow, max-snippet:-1, max-image-preview:large, max-video-preview:-1\" \/>\n<link rel=\"canonical\" href=\"https:\/\/www.meydan.tv\/az\/article\/nigar-yaqubludan-ombudsmana-cagiris\/\" \/>\n<meta property=\"og:locale\" content=\"az_AZ\" \/>\n<meta property=\"og:type\" content=\"article\" \/>\n<meta property=\"og:title\" content=\"Nigar Yaqubludan ombudsmana \u00e7a\u011f\u0131r\u0131\u015f - MEYDAN.TV\" \/>\n<meta property=\"og:description\" content=\"&quot;Tofiq Yaqublunun haqs\u0131z yer\u0259 tutulmas\u0131n\u0131 demir\u0259m, he\u00e7 olmasa q\u0259zet m\u0259s\u0259l\u0259sini h\u0259ll edin!&quot;\" \/>\n<meta property=\"og:url\" content=\"https:\/\/www.meydan.tv\/az\/article\/nigar-yaqubludan-ombudsmana-cagiris\/\" \/>\n<meta property=\"og:site_name\" content=\"MEYDAN.TV\" \/>\n<meta property=\"article:published_time\" content=\"2015-04-23T12:09:45+00:00\" \/>\n<meta property=\"og:image\" content=\"https:\/\/www.meydan.tv\/wp-content\/uploads\/8394.jpg\" \/>\n\t<meta property=\"og:image:width\" content=\"400\" \/>\n\t<meta property=\"og:image:height\" content=\"330\" \/>\n\t<meta property=\"og:image:type\" content=\"image\/jpeg\" \/>\n<meta name=\"twitter:card\" content=\"summary_large_image\" \/>\n<!-- \/ Yoast SEO plugin. -->","yoast_head_json":{"title":"Nigar Yaqubludan ombudsmana \u00e7a\u011f\u0131r\u0131\u015f - MEYDAN.TV","robots":{"index":"index","follow":"follow","max-snippet":"max-snippet:-1","max-image-preview":"max-image-preview:large","max-video-preview":"max-video-preview:-1"},"canonical":"https:\/\/www.meydan.tv\/az\/article\/nigar-yaqubludan-ombudsmana-cagiris\/","og_locale":"az_AZ","og_type":"article","og_title":"Nigar Yaqubludan ombudsmana \u00e7a\u011f\u0131r\u0131\u015f - MEYDAN.TV","og_description":"\"Tofiq Yaqublunun haqs\u0131z yer\u0259 tutulmas\u0131n\u0131 demir\u0259m, he\u00e7 olmasa q\u0259zet m\u0259s\u0259l\u0259sini h\u0259ll edin!\"","og_url":"https:\/\/www.meydan.tv\/az\/article\/nigar-yaqubludan-ombudsmana-cagiris\/","og_site_name":"MEYDAN.TV","article_published_time":"2015-04-23T12:09:45+00:00","og_image":[{"width":400,"height":330,"url":"https:\/\/www.meydan.tv\/wp-content\/uploads\/8394.jpg","type":"image\/jpeg"}],"twitter_card":"summary_large_image","schema":{"@context":"https:\/\/schema.org","@graph":[{"@type":"Article","@id":"https:\/\/www.meydan.tv\/az\/article\/nigar-yaqubludan-ombudsmana-cagiris\/#article","isPartOf":{"@id":"https:\/\/www.meydan.tv\/az\/article\/nigar-yaqubludan-ombudsmana-cagiris\/"},"author":{"name":"user-manager","@id":"https:\/\/www.meydan.tv\/az\/#\/schema\/person\/10d11eccf6da3662cf5fdab9806ea91a"},"headline":"Nigar Yaqubludan ombudsmana \u00e7a\u011f\u0131r\u0131\u015f","datePublished":"2015-04-23T12:09:45+00:00","mainEntityOfPage":{"@id":"https:\/\/www.meydan.tv\/az\/article\/nigar-yaqubludan-ombudsmana-cagiris\/"},"wordCount":254,"publisher":{"@id":"https:\/\/www.meydan.tv\/az\/#organization"},"image":{"@id":"https:\/\/www.meydan.tv\/az\/article\/nigar-yaqubludan-ombudsmana-cagiris\/#primaryimage"},"thumbnailUrl":"https:\/\/www.meydan.tv\/wp-content\/uploads\/8394.jpg","articleSection":["X\u0259b\u0259rl\u0259r"],"inLanguage":"az"},{"@type":"WebPage","@id":"https:\/\/www.meydan.tv\/az\/article\/nigar-yaqubludan-ombudsmana-cagiris\/","url":"https:\/\/www.meydan.tv\/az\/article\/nigar-yaqubludan-ombudsmana-cagiris\/","name":"Nigar Yaqubludan ombudsmana \u00e7a\u011f\u0131r\u0131\u015f - MEYDAN.TV","isPartOf":{"@id":"https:\/\/www.meydan.tv\/az\/#website"},"primaryImageOfPage":{"@id":"https:\/\/www.meydan.tv\/az\/article\/nigar-yaqubludan-ombudsmana-cagiris\/#primaryimage"},"image":{"@id":"https:\/\/www.meydan.tv\/az\/article\/nigar-yaqubludan-ombudsmana-cagiris\/#primaryimage"},"thumbnailUrl":"https:\/\/www.meydan.tv\/wp-content\/uploads\/8394.jpg","datePublished":"2015-04-23T12:09:45+00:00","breadcrumb":{"@id":"https:\/\/www.meydan.tv\/az\/article\/nigar-yaqubludan-ombudsmana-cagiris\/#breadcrumb"},"inLanguage":"az","potentialAction":[{"@type":"ReadAction","target":["https:\/\/www.meydan.tv\/az\/article\/nigar-yaqubludan-ombudsmana-cagiris\/"]}]},{"@type":"ImageObject","inLanguage":"az","@id":"https:\/\/www.meydan.tv\/az\/article\/nigar-yaqubludan-ombudsmana-cagiris\/#primaryimage","url":"https:\/\/www.meydan.tv\/wp-content\/uploads\/8394.jpg","contentUrl":"https:\/\/www.meydan.tv\/wp-content\/uploads\/8394.jpg","width":400,"height":330,"caption":"Source:"},{"@type":"BreadcrumbList","@id":"https:\/\/www.meydan.tv\/az\/article\/nigar-yaqubludan-ombudsmana-cagiris\/#breadcrumb","itemListElement":[{"@type":"ListItem","position":1,"name":"Ana s\u0259hif\u0259","item":"https:\/\/www.meydan.tv\/az\/"},{"@type":"ListItem","position":2,"name":"X\u0259b\u0259rl\u0259r","item":"https:\/\/www.meydan.tv\/az\/section\/xeberler\/"},{"@type":"ListItem","position":3,"name":"Nigar Yaqubludan ombudsmana \u00e7a\u011f\u0131r\u0131\u015f"}]},{"@type":"WebSite","@id":"https:\/\/www.meydan.tv\/az\/#website","url":"https:\/\/www.meydan.tv\/az\/","name":"MEYDAN.TV","description":"Meydan TV Az\u0259rbaycan\u0131n media m\u0259kan\u0131ndak\u0131 alternativ s\u0259sidir","publisher":{"@id":"https:\/\/www.meydan.tv\/az\/#organization"},"potentialAction":[{"@type":"SearchAction","target":{"@type":"EntryPoint","urlTemplate":"https:\/\/www.meydan.tv\/az\/?s={search_term_string}"},"query-input":{"@type":"PropertyValueSpecification","valueRequired":true,"valueName":"search_term_string"}}],"inLanguage":"az"},{"@type":"Organization","@id":"https:\/\/www.meydan.tv\/az\/#organization","name":"Meydan TV","url":"https:\/\/www.meydan.tv\/az\/","logo":{"@type":"ImageObject","inLanguage":"az","@id":"https:\/\/www.meydan.tv\/az\/#\/schema\/logo\/image\/","url":"https:\/\/www.meydan.tv\/wp-content\/uploads\/2021\/07\/meydan-logo.svg","contentUrl":"https:\/\/www.meydan.tv\/wp-content\/uploads\/2021\/07\/meydan-logo.svg","width":195,"height":46,"caption":"Meydan TV"},"image":{"@id":"https:\/\/www.meydan.tv\/az\/#\/schema\/logo\/image\/"}},{"@type":"Person","@id":"https:\/\/www.meydan.tv\/az\/#\/schema\/person\/10d11eccf6da3662cf5fdab9806ea91a","name":"user-manager"}]}},"_links":{"self":[{"href":"https:\/\/www.meydan.tv\/az\/wp-json\/wp\/v2\/posts\/167653","targetHints":{"allow":["GET"]}}],"collection":[{"href":"https:\/\/www.meydan.tv\/az\/wp-json\/wp\/v2\/posts"}],"about":[{"href":"https:\/\/www.meydan.tv\/az\/wp-json\/wp\/v2\/types\/post"}],"author":[{"embeddable":true,"href":"https:\/\/www.meydan.tv\/az\/wp-json\/wp\/v2\/users\/11"}],"replies":[{"embeddable":true,"href":"https:\/\/www.meydan.tv\/az\/wp-json\/wp\/v2\/comments?post=167653"}],"version-history":[{"count":0,"href":"https:\/\/www.meydan.tv\/az\/wp-json\/wp\/v2\/posts\/167653\/revisions"}],"wp:featuredmedia":[{"embeddable":true,"href":"https:\/\/www.meydan.tv\/az\/wp-json\/wp\/v2\/media\/23126"}],"wp:attachment":[{"href":"https:\/\/www.meydan.tv\/az\/wp-json\/wp\/v2\/media?parent=167653"}],"wp:term":[{"taxonomy":"category","embeddable":true,"href":"https:\/\/www.meydan.tv\/az\/wp-json\/wp\/v2\/categories?post=167653"},{"taxonomy":"post_tag","embeddable":true,"href":"https:\/\/www.meydan.tv\/az\/wp-json\/wp\/v2\/tags?post=167653"}],"curies":[{"name":"wp","href":"https:\/\/api.w.org\/{rel}","templated":true}]}}