{"id":167649,"date":"2015-04-22T23:56:44","date_gmt":"2015-04-22T23:56:44","guid":{"rendered":"https:\/\/www.meydan.tv\/article\/zorlanmis-femidanin-gedisi\/"},"modified":"2015-04-22T23:56:44","modified_gmt":"2015-04-22T23:56:44","slug":"zorlanmis-femidanin-gedisi","status":"publish","type":"post","link":"https:\/\/www.meydan.tv\/az\/article\/zorlanmis-femidanin-gedisi\/","title":{"rendered":"Zorlanm\u0131\u015f Femidan\u0131n gedi\u015fi"},"content":{"rendered":"<figure class=\"wp-block-image size-large\">\n  <img decoding=\"async\" src=\"https:\/\/www.meydan.tv\/az\/23108\/\" alt=\"\" class=\"wp-image-23108\"\/><figcaption><\/figcaption><\/figure>\n<figure class=\"wp-block-image size-large\">\n  <img decoding=\"async\" src=\"https:\/\/www.meydan.tv\/az\/23111\/\" alt=\"\" class=\"wp-image-23111\"\/><figcaption><\/figcaption><\/figure>\n<p>\n  S\u0259h\u0259r \u00f6n\u0259mli bir proses vard\u0131 dey\u0259, tez yatma\u011f\u0131 q\u0259rara ald\u0131m. El\u0259 yata\u011f\u0131ma uzanan kimi d\u0259 yor\u011funluqdan yuxuya getdim. Kabuslar ondan sonra ba\u015flad\u0131, \u0259zablar i\u00e7ind\u0259 titr\u0259yirdim. H\u00f6vlnak v\u0259ziyy\u0259td\u0259 bir ne\u00e7\u0259 d\u0259f\u0259 qalxd\u0131qdan sonra, bir d\u0259 g\u00f6z\u00fcm\u00fc yumma\u011fa q\u0259rar verdim. Yen\u0259 o d\u0259h\u015f\u0259tli yuxu.\n<\/p>\n<p>\n  \u00c7\u0131rp\u0131n\u0131rd\u0131, haray sal\u0131rd\u0131, dad\u0131na yetmirdi he\u00e7 kim, t\u0259r\u0259zisini \u0259lind\u0259n al\u0131b tullamaq ist\u0259yirdil\u0259r. Aman Tanr\u0131m, bu n\u0259 d\u0259h\u015f\u0259tli yuxudu?! X\u0259nc\u0259rini ur\u0259yin\u0259 saplay\u0131rd\u0131lar. D\u00f6z\u0259 bilmirdim art\u0131q, yuxudan \u00e7\u0131xmaq ist\u0259yirdim. Nec\u0259 olurdu ki, m\u0259n yuxunu bel\u0259 hiss ed\u0259 bilirdim.. H\u0259min anda \u201cN\u0259rmin dur, gecdir\u201d s\u0259sin\u0259\u00a0 yuxudan ay\u0131ld\u0131m. Qan-t\u0259r basm\u0131\u015fd\u0131 m\u0259ni, b\u0259d\u0259nim \u0259sirdi.\n<\/p>\n<p>\n  M\u0259hk\u0259m\u0259d\u0259n \u00f6nc\u0259 bu yuxular\u0131 g\u00f6rm\u0259k yax\u015f\u0131 \u0259lam\u0259t deyildi, art\u0131q bu bar\u0259d\u0259 d\u00fc\u015f\u00fcnm\u0259m\u0259y\u0259 \u00e7al\u0131\u015fd\u0131m. Durub haz\u0131rla\u015fd\u0131m v\u0259 m\u0259hk\u0259m\u0259y\u0259 getdim.\n<\/p>\n<p>\n  Ham\u0131 \u00f6z yerini alm\u0131\u015fd\u0131, proses ba\u015flam\u0131\u015fd\u0131, art\u0131q s\u00f6z hakiml\u0259rin idi. Onlar \u00e7\u0131x\u0131\u015flar\u0131na ba\u015flam\u0131\u015fd\u0131lar. \u00a0V\u0259 o yenid\u0259n g\u0259ldi, g\u00f6z\u00fcm\u0259 g\u00f6rs\u0259n\u0259n yen\u0259 o d\u0259h\u015f\u0259tli yuxuydumu ya h\u0259qiq\u0259tin \u00f6z\u00fc idi? He\u00e7 c\u00fcr m\u00fc\u0259yy\u0259n ed\u0259 bilmirdim, ax\u0131 m\u0259n yatmam\u0131\u015fd\u0131m, oyaq idim. M\u0259n\u0259 n\u0259 olurdu, n\u0259 ba\u015f verirdi?\n<\/p>\n<p>\n  \u018fvv\u0259lc\u0259 t\u0259r\u0259zisini al\u0131b, tullad\u0131lar, sonra g\u00f6zl\u0259rini a\u00e7d\u0131lar, zorlama\u011fa ba\u015flad\u0131lar onu, h\u0259r\u0259si bir t\u0259r\u0259fd\u0259n zorlay\u0131rd\u0131.Yuxumdak\u0131 kimi \u00e7\u0131rp\u0131n\u0131rd\u0131, didinirdi, hayq\u0131r\u0131rd\u0131, he\u00e7 kim k\u00f6m\u0259k etmirdi ona. \u018flimi uzatmaq ist\u0259dim, dad\u0131na yetm\u0259k ist\u0259dim. Amma qorxdum, \u00e7ox g\u00fccl\u00fcyd\u00fcl\u0259r. \u018ftraf\u0131ma baxd\u0131m, ax\u0131 niy\u0259 he\u00e7 k\u0259s reaksiya vermirdi, ax\u0131 m\u0259nd\u0259n ba\u015fqa he\u00e7 k\u0259s g\u00f6rm\u00fcrd\u00fc bu yaz\u0131q qad\u0131n\u0131?!\n<\/p>\n<p>\n  Art\u0131q Femidan\u0131n taq\u0259ti qalmam\u0131\u015fd\u0131, \u00e7oxdan t\u0259slim olmu\u015fdu.\n<\/p>\n<p>\n  El\u0259 bu anda qula\u011f\u0131mda s\u00f6zl\u0259r el\u0259 cingild\u0259di ki! \u0130ntiqam \u018fliyev &#8211; 7 il 6 ay (?). \u0130nsan huquqlar\u0131 m\u00fcdafi\u0259\u00e7isi oldu\u011funa g\u00f6r\u0259, insanlar\u0131n tapdalanm\u0131\u015f h\u00fcquqlar\u0131n\u0131 qorudu\u011funa g\u00f6r\u0259 7 il, 6 ay. V\u0259 bird\u0259n yenid\u0259n xat\u0131rlad\u0131m Femidan\u0131. O yoxuydu. \u018ftrafa boyland\u0131m, Femida, \u0259zizim, hardasan dey\u0259 q\u0131\u015fq\u0131rmaq ist\u0259dim. Amma..\n<\/p>\n<p>\n  O yoxuydu. H\u0259r g\u00fcn h\u0259r k\u0259sin g\u00f6z\u00fc qar\u015f\u0131s\u0131nda zorlanan \u0259dal\u0259t ilah\u0259si \u00e7oxdan \u00e7\u0131x\u0131b getmi\u015fdi.<\/p>\n","protected":false},"excerpt":{"rendered":"<p>O h\u00f6km cingild\u0259yir qulaqlar\u0131mda\u2026<\/p>\n","protected":false},"author":11,"featured_media":23108,"comment_status":"closed","ping_status":"open","sticky":false,"template":"","format":"standard","meta":{"_acf_changed":false,"_sitemap_exclude":false,"_sitemap_priority":"","_sitemap_frequency":"","footnotes":""},"categories":[57],"tags":[],"class_list":["post-167649","post","type-post","status-publish","format-standard","has-post-thumbnail","hentry","category-menim-fikrimce","infinite-scroll-item","generate-columns","tablet-grid-50","mobile-grid-100","grid-parent","grid-33","no-featured-image-padding"],"acf":[],"yoast_head":"<!-- This site is optimized with the Yoast SEO plugin v27.5 - https:\/\/yoast.com\/product\/yoast-seo-wordpress\/ -->\n<title>Zorlanm\u0131\u015f Femidan\u0131n gedi\u015fi - MEYDAN.TV<\/title>\n<meta name=\"robots\" content=\"index, follow, max-snippet:-1, max-image-preview:large, max-video-preview:-1\" \/>\n<link rel=\"canonical\" href=\"https:\/\/www.meydan.tv\/az\/article\/zorlanmis-femidanin-gedisi\/\" \/>\n<meta property=\"og:locale\" content=\"az_AZ\" \/>\n<meta property=\"og:type\" content=\"article\" \/>\n<meta property=\"og:title\" content=\"Zorlanm\u0131\u015f Femidan\u0131n gedi\u015fi - MEYDAN.TV\" \/>\n<meta property=\"og:description\" content=\"O h\u00f6km cingild\u0259yir qulaqlar\u0131mda\u2026\" \/>\n<meta property=\"og:url\" content=\"https:\/\/www.meydan.tv\/az\/article\/zorlanmis-femidanin-gedisi\/\" \/>\n<meta property=\"og:site_name\" content=\"MEYDAN.TV\" \/>\n<meta property=\"article:published_time\" content=\"2015-04-22T23:56:44+00:00\" \/>\n<meta property=\"og:image\" content=\"https:\/\/www.meydan.tv\/wp-content\/uploads\/8387.jpg\" \/>\n\t<meta property=\"og:image:width\" content=\"500\" \/>\n\t<meta property=\"og:image:height\" content=\"500\" \/>\n\t<meta property=\"og:image:type\" content=\"image\/jpeg\" \/>\n<meta name=\"author\" content=\"user-manager\" \/>\n<meta name=\"twitter:card\" content=\"summary_large_image\" \/>\n<script type=\"application\/ld+json\" class=\"yoast-schema-graph\">{\"@context\":\"https:\\\/\\\/schema.org\",\"@graph\":[{\"@type\":\"Article\",\"@id\":\"https:\\\/\\\/www.meydan.tv\\\/az\\\/article\\\/zorlanmis-femidanin-gedisi\\\/#article\",\"isPartOf\":{\"@id\":\"https:\\\/\\\/www.meydan.tv\\\/az\\\/article\\\/zorlanmis-femidanin-gedisi\\\/\"},\"author\":{\"name\":\"user-manager\",\"@id\":\"https:\\\/\\\/www.meydan.tv\\\/az\\\/#\\\/schema\\\/person\\\/10d11eccf6da3662cf5fdab9806ea91a\"},\"headline\":\"Zorlanm\u0131\u015f Femidan\u0131n gedi\u015fi\",\"datePublished\":\"2015-04-22T23:56:44+00:00\",\"mainEntityOfPage\":{\"@id\":\"https:\\\/\\\/www.meydan.tv\\\/az\\\/article\\\/zorlanmis-femidanin-gedisi\\\/\"},\"wordCount\":453,\"publisher\":{\"@id\":\"https:\\\/\\\/www.meydan.tv\\\/az\\\/#organization\"},\"image\":{\"@id\":\"https:\\\/\\\/www.meydan.tv\\\/az\\\/article\\\/zorlanmis-femidanin-gedisi\\\/#primaryimage\"},\"thumbnailUrl\":\"https:\\\/\\\/www.meydan.tv\\\/wp-content\\\/uploads\\\/8387.jpg\",\"articleSection\":[\"M\u0259nim Fikrimc\u0259\"],\"inLanguage\":\"az\"},{\"@type\":\"WebPage\",\"@id\":\"https:\\\/\\\/www.meydan.tv\\\/az\\\/article\\\/zorlanmis-femidanin-gedisi\\\/\",\"url\":\"https:\\\/\\\/www.meydan.tv\\\/az\\\/article\\\/zorlanmis-femidanin-gedisi\\\/\",\"name\":\"Zorlanm\u0131\u015f Femidan\u0131n gedi\u015fi - MEYDAN.TV\",\"isPartOf\":{\"@id\":\"https:\\\/\\\/www.meydan.tv\\\/az\\\/#website\"},\"primaryImageOfPage\":{\"@id\":\"https:\\\/\\\/www.meydan.tv\\\/az\\\/article\\\/zorlanmis-femidanin-gedisi\\\/#primaryimage\"},\"image\":{\"@id\":\"https:\\\/\\\/www.meydan.tv\\\/az\\\/article\\\/zorlanmis-femidanin-gedisi\\\/#primaryimage\"},\"thumbnailUrl\":\"https:\\\/\\\/www.meydan.tv\\\/wp-content\\\/uploads\\\/8387.jpg\",\"datePublished\":\"2015-04-22T23:56:44+00:00\",\"breadcrumb\":{\"@id\":\"https:\\\/\\\/www.meydan.tv\\\/az\\\/article\\\/zorlanmis-femidanin-gedisi\\\/#breadcrumb\"},\"inLanguage\":\"az\",\"potentialAction\":[{\"@type\":\"ReadAction\",\"target\":[\"https:\\\/\\\/www.meydan.tv\\\/az\\\/article\\\/zorlanmis-femidanin-gedisi\\\/\"]}]},{\"@type\":\"ImageObject\",\"inLanguage\":\"az\",\"@id\":\"https:\\\/\\\/www.meydan.tv\\\/az\\\/article\\\/zorlanmis-femidanin-gedisi\\\/#primaryimage\",\"url\":\"https:\\\/\\\/www.meydan.tv\\\/wp-content\\\/uploads\\\/8387.jpg\",\"contentUrl\":\"https:\\\/\\\/www.meydan.tv\\\/wp-content\\\/uploads\\\/8387.jpg\",\"width\":500,\"height\":500,\"caption\":\"Source:\"},{\"@type\":\"BreadcrumbList\",\"@id\":\"https:\\\/\\\/www.meydan.tv\\\/az\\\/article\\\/zorlanmis-femidanin-gedisi\\\/#breadcrumb\",\"itemListElement\":[{\"@type\":\"ListItem\",\"position\":1,\"name\":\"Ana s\u0259hif\u0259\",\"item\":\"https:\\\/\\\/www.meydan.tv\\\/az\\\/\"},{\"@type\":\"ListItem\",\"position\":2,\"name\":\"M\u0259nim Fikrimc\u0259\",\"item\":\"https:\\\/\\\/www.meydan.tv\\\/az\\\/section\\\/menim-fikrimce\\\/\"},{\"@type\":\"ListItem\",\"position\":3,\"name\":\"Zorlanm\u0131\u015f Femidan\u0131n gedi\u015fi\"}]},{\"@type\":\"WebSite\",\"@id\":\"https:\\\/\\\/www.meydan.tv\\\/az\\\/#website\",\"url\":\"https:\\\/\\\/www.meydan.tv\\\/az\\\/\",\"name\":\"MEYDAN.TV\",\"description\":\"Meydan TV Az\u0259rbaycan\u0131n media m\u0259kan\u0131ndak\u0131 alternativ s\u0259sidir\",\"publisher\":{\"@id\":\"https:\\\/\\\/www.meydan.tv\\\/az\\\/#organization\"},\"potentialAction\":[{\"@type\":\"SearchAction\",\"target\":{\"@type\":\"EntryPoint\",\"urlTemplate\":\"https:\\\/\\\/www.meydan.tv\\\/az\\\/?s={search_term_string}\"},\"query-input\":{\"@type\":\"PropertyValueSpecification\",\"valueRequired\":true,\"valueName\":\"search_term_string\"}}],\"inLanguage\":\"az\"},{\"@type\":\"Organization\",\"@id\":\"https:\\\/\\\/www.meydan.tv\\\/az\\\/#organization\",\"name\":\"Meydan TV\",\"url\":\"https:\\\/\\\/www.meydan.tv\\\/az\\\/\",\"logo\":{\"@type\":\"ImageObject\",\"inLanguage\":\"az\",\"@id\":\"https:\\\/\\\/www.meydan.tv\\\/az\\\/#\\\/schema\\\/logo\\\/image\\\/\",\"url\":\"https:\\\/\\\/www.meydan.tv\\\/wp-content\\\/uploads\\\/2021\\\/07\\\/meydan-logo.svg\",\"contentUrl\":\"https:\\\/\\\/www.meydan.tv\\\/wp-content\\\/uploads\\\/2021\\\/07\\\/meydan-logo.svg\",\"width\":195,\"height\":46,\"caption\":\"Meydan TV\"},\"image\":{\"@id\":\"https:\\\/\\\/www.meydan.tv\\\/az\\\/#\\\/schema\\\/logo\\\/image\\\/\"}},{\"@type\":\"Person\",\"@id\":\"https:\\\/\\\/www.meydan.tv\\\/az\\\/#\\\/schema\\\/person\\\/10d11eccf6da3662cf5fdab9806ea91a\",\"name\":\"user-manager\"}]}<\/script>\n<!-- \/ Yoast SEO plugin. -->","yoast_head_json":{"title":"Zorlanm\u0131\u015f Femidan\u0131n gedi\u015fi - MEYDAN.TV","robots":{"index":"index","follow":"follow","max-snippet":"max-snippet:-1","max-image-preview":"max-image-preview:large","max-video-preview":"max-video-preview:-1"},"canonical":"https:\/\/www.meydan.tv\/az\/article\/zorlanmis-femidanin-gedisi\/","og_locale":"az_AZ","og_type":"article","og_title":"Zorlanm\u0131\u015f Femidan\u0131n gedi\u015fi - MEYDAN.TV","og_description":"O h\u00f6km cingild\u0259yir qulaqlar\u0131mda\u2026","og_url":"https:\/\/www.meydan.tv\/az\/article\/zorlanmis-femidanin-gedisi\/","og_site_name":"MEYDAN.TV","article_published_time":"2015-04-22T23:56:44+00:00","og_image":[{"width":500,"height":500,"url":"https:\/\/www.meydan.tv\/wp-content\/uploads\/8387.jpg","type":"image\/jpeg"}],"author":"user-manager","twitter_card":"summary_large_image","schema":{"@context":"https:\/\/schema.org","@graph":[{"@type":"Article","@id":"https:\/\/www.meydan.tv\/az\/article\/zorlanmis-femidanin-gedisi\/#article","isPartOf":{"@id":"https:\/\/www.meydan.tv\/az\/article\/zorlanmis-femidanin-gedisi\/"},"author":{"name":"user-manager","@id":"https:\/\/www.meydan.tv\/az\/#\/schema\/person\/10d11eccf6da3662cf5fdab9806ea91a"},"headline":"Zorlanm\u0131\u015f Femidan\u0131n gedi\u015fi","datePublished":"2015-04-22T23:56:44+00:00","mainEntityOfPage":{"@id":"https:\/\/www.meydan.tv\/az\/article\/zorlanmis-femidanin-gedisi\/"},"wordCount":453,"publisher":{"@id":"https:\/\/www.meydan.tv\/az\/#organization"},"image":{"@id":"https:\/\/www.meydan.tv\/az\/article\/zorlanmis-femidanin-gedisi\/#primaryimage"},"thumbnailUrl":"https:\/\/www.meydan.tv\/wp-content\/uploads\/8387.jpg","articleSection":["M\u0259nim Fikrimc\u0259"],"inLanguage":"az"},{"@type":"WebPage","@id":"https:\/\/www.meydan.tv\/az\/article\/zorlanmis-femidanin-gedisi\/","url":"https:\/\/www.meydan.tv\/az\/article\/zorlanmis-femidanin-gedisi\/","name":"Zorlanm\u0131\u015f Femidan\u0131n gedi\u015fi - MEYDAN.TV","isPartOf":{"@id":"https:\/\/www.meydan.tv\/az\/#website"},"primaryImageOfPage":{"@id":"https:\/\/www.meydan.tv\/az\/article\/zorlanmis-femidanin-gedisi\/#primaryimage"},"image":{"@id":"https:\/\/www.meydan.tv\/az\/article\/zorlanmis-femidanin-gedisi\/#primaryimage"},"thumbnailUrl":"https:\/\/www.meydan.tv\/wp-content\/uploads\/8387.jpg","datePublished":"2015-04-22T23:56:44+00:00","breadcrumb":{"@id":"https:\/\/www.meydan.tv\/az\/article\/zorlanmis-femidanin-gedisi\/#breadcrumb"},"inLanguage":"az","potentialAction":[{"@type":"ReadAction","target":["https:\/\/www.meydan.tv\/az\/article\/zorlanmis-femidanin-gedisi\/"]}]},{"@type":"ImageObject","inLanguage":"az","@id":"https:\/\/www.meydan.tv\/az\/article\/zorlanmis-femidanin-gedisi\/#primaryimage","url":"https:\/\/www.meydan.tv\/wp-content\/uploads\/8387.jpg","contentUrl":"https:\/\/www.meydan.tv\/wp-content\/uploads\/8387.jpg","width":500,"height":500,"caption":"Source:"},{"@type":"BreadcrumbList","@id":"https:\/\/www.meydan.tv\/az\/article\/zorlanmis-femidanin-gedisi\/#breadcrumb","itemListElement":[{"@type":"ListItem","position":1,"name":"Ana s\u0259hif\u0259","item":"https:\/\/www.meydan.tv\/az\/"},{"@type":"ListItem","position":2,"name":"M\u0259nim Fikrimc\u0259","item":"https:\/\/www.meydan.tv\/az\/section\/menim-fikrimce\/"},{"@type":"ListItem","position":3,"name":"Zorlanm\u0131\u015f Femidan\u0131n gedi\u015fi"}]},{"@type":"WebSite","@id":"https:\/\/www.meydan.tv\/az\/#website","url":"https:\/\/www.meydan.tv\/az\/","name":"MEYDAN.TV","description":"Meydan TV Az\u0259rbaycan\u0131n media m\u0259kan\u0131ndak\u0131 alternativ s\u0259sidir","publisher":{"@id":"https:\/\/www.meydan.tv\/az\/#organization"},"potentialAction":[{"@type":"SearchAction","target":{"@type":"EntryPoint","urlTemplate":"https:\/\/www.meydan.tv\/az\/?s={search_term_string}"},"query-input":{"@type":"PropertyValueSpecification","valueRequired":true,"valueName":"search_term_string"}}],"inLanguage":"az"},{"@type":"Organization","@id":"https:\/\/www.meydan.tv\/az\/#organization","name":"Meydan TV","url":"https:\/\/www.meydan.tv\/az\/","logo":{"@type":"ImageObject","inLanguage":"az","@id":"https:\/\/www.meydan.tv\/az\/#\/schema\/logo\/image\/","url":"https:\/\/www.meydan.tv\/wp-content\/uploads\/2021\/07\/meydan-logo.svg","contentUrl":"https:\/\/www.meydan.tv\/wp-content\/uploads\/2021\/07\/meydan-logo.svg","width":195,"height":46,"caption":"Meydan TV"},"image":{"@id":"https:\/\/www.meydan.tv\/az\/#\/schema\/logo\/image\/"}},{"@type":"Person","@id":"https:\/\/www.meydan.tv\/az\/#\/schema\/person\/10d11eccf6da3662cf5fdab9806ea91a","name":"user-manager"}]}},"_links":{"self":[{"href":"https:\/\/www.meydan.tv\/az\/wp-json\/wp\/v2\/posts\/167649","targetHints":{"allow":["GET"]}}],"collection":[{"href":"https:\/\/www.meydan.tv\/az\/wp-json\/wp\/v2\/posts"}],"about":[{"href":"https:\/\/www.meydan.tv\/az\/wp-json\/wp\/v2\/types\/post"}],"author":[{"embeddable":true,"href":"https:\/\/www.meydan.tv\/az\/wp-json\/wp\/v2\/users\/11"}],"replies":[{"embeddable":true,"href":"https:\/\/www.meydan.tv\/az\/wp-json\/wp\/v2\/comments?post=167649"}],"version-history":[{"count":0,"href":"https:\/\/www.meydan.tv\/az\/wp-json\/wp\/v2\/posts\/167649\/revisions"}],"wp:featuredmedia":[{"embeddable":true,"href":"https:\/\/www.meydan.tv\/az\/wp-json\/wp\/v2\/media\/23108"}],"wp:attachment":[{"href":"https:\/\/www.meydan.tv\/az\/wp-json\/wp\/v2\/media?parent=167649"}],"wp:term":[{"taxonomy":"category","embeddable":true,"href":"https:\/\/www.meydan.tv\/az\/wp-json\/wp\/v2\/categories?post=167649"},{"taxonomy":"post_tag","embeddable":true,"href":"https:\/\/www.meydan.tv\/az\/wp-json\/wp\/v2\/tags?post=167649"}],"curies":[{"name":"wp","href":"https:\/\/api.w.org\/{rel}","templated":true}]}}