{"id":167645,"date":"2015-04-22T20:16:11","date_gmt":"2015-04-22T20:16:11","guid":{"rendered":"https:\/\/www.meydan.tv\/article\/bu-olkeden-o-olkeye\/"},"modified":"2015-04-22T20:16:11","modified_gmt":"2015-04-22T20:16:11","slug":"bu-olkeden-o-olkeye","status":"publish","type":"post","link":"https:\/\/www.meydan.tv\/az\/article\/bu-olkeden-o-olkeye\/","title":{"rendered":"&#8221;Bu \u00f6lk\u0259d\u0259n&#8221; o \u00f6lk\u0259y\u0259"},"content":{"rendered":"<figure class=\"wp-block-image size-large\">\n  <img decoding=\"async\" src=\"https:\/\/www.meydan.tv\/az\/23096\/\" alt=\"\" class=\"wp-image-23096\"\/><figcaption><\/figcaption><\/figure>\n<figure class=\"wp-block-image size-large\">\n  <img decoding=\"async\" src=\"https:\/\/www.meydan.tv\/az\/23105\/\" alt=\"\" class=\"wp-image-23105\"\/><figcaption><\/figcaption><\/figure>\n<p>\n  D\u00fcn\u0259n sosial \u015f\u0259b\u0259k\u0259l\u0259rd\u0259 \u201cBu \u00f6lk\u0259d\u0259n\u201d ha\u015ftaq\u0131 a\u00e7\u0131lm\u0131\u015fd\u0131. \u00c7ox adam zarafatla da olsa probleml\u0259rini dil\u0259 g\u0259tirib, Az\u0259rbaycandan getm\u0259k ist\u0259dikl\u0259rini yazm\u0131\u015fd\u0131lar. Bug\u00fcn bir qrup hakimiyy\u0259t medias\u0131n\u0131n jurnalistl\u0259ri ha\u015ftaqa yaz\u0131b \u00f6lk\u0259d\u0259n getm\u0259k ist\u0259y\u0259nl\u0259ri t\u0259hqir ed\u0259r\u0259k, \u201cc\u0259h\u0259nn\u0259m\u0259 gedin, qap\u0131n\u0131z a\u00e7\u0131qd\u0131r, bu \u00f6lk\u0259d\u0259n he\u00e7bir yer\u0259 getm\u0259r\u0259m, qal\u0131b d\u00fcz\u0259ltm\u0259k laz\u0131md\u0131r\u201d tipli ifad\u0259l\u0259r i\u015fl\u0259tdil\u0259r. H\u0259l\u0259 bunu ab\u0131rs\u0131z \u015f\u0259kild\u0259 x\u0259b\u0259r saytlar\u0131nda payla\u015fd\u0131lar. M\u0259n xaricd\u0259 t\u0259hsil ald\u0131\u011f\u0131ma g\u00f6r\u0259 ha\u015ftaq\u0131 biraz d\u0259yi\u015fib, \u201cO \u00f6lk\u0259d\u0259n\u201d \u015f\u0259klind\u0259 yaz\u0131b, o, adamlar\u0131n s\u0259viyy\u0259sin\u0259 d\u00fc\u015fm\u0259d\u0259n, onlar\u0131 t\u0259hqir etm\u0259d\u0259n cavablar\u0131n\u0131 verm\u0259y\u0259 \u00e7al\u0131\u015facam.\n<\/p>\n<p>\n  \u018fvv\u0259la inan\u0131n ki, siz\u0259 h\u00f6rm\u0259t ed\u0259nl\u0259r inan\u0131nki, qara qa\u015f\u0131n\u0131za, qara g\u00f6z\u00fcn\u00fcz\u0259 a\u015fiq olub h\u00f6rm\u0259t etmirl\u0259r. Siz\u0259 h\u00f6rm\u0259t ed\u0259nl\u0259r el\u0259 sizin bildiyiniz \u015f\u0259kild\u0259 ay sonunda z\u0259rfl\u0259rin i\u00e7ind\u0259 \u201ch\u00f6rm\u0259t\u201d edirl\u0259r. Sizin h\u00f6rm\u0259tiniz ancaq z\u0259rfl\u0259rin i\u00e7ind\u0259n ibar\u0259t ola bil\u0259r, siz\u0259 \u201ch\u00f6rm\u0259t\u201d ed\u0259n v\u0259zif\u0259lil\u0259r, bir g\u00fcn sifari\u015fl\u0259 vurulaca\u011f\u0131n\u0131 bildiyi \u00fc\u00e7\u00fcn \u201ch\u00f6rm\u0259t\u201d edirl\u0259r, onlara yax\u015f\u0131 yaltaqlan\u0131b, yalan yer\u0259 t\u0259rifl\u0259y\u0259siniz dey\u0259 \u201ch\u00f6rm\u0259t\u201d edirl\u0259r, yedikl\u0259ri milyonlar\u0131 \u00f6rt-basd\u0131r etm\u0259k \u00fc\u00e7\u00fcn \u201ch\u00f6rm\u0259t\u201d edirl\u0259r. El\u0259 bu ha\u015ftaq\u0131n a\u00e7\u0131lma s\u0259b\u0259bi d\u0259 sizl\u0259rsiniz. B\u0259li Siz! D\u0259st\u0259k oldu\u011funuz hakimiyy\u0259tdir!\n<\/p>\n<p>\n  Siz azad fikirli insanlar\u0131 t\u0259qib edib, did\u0259rgin salmad\u0131n\u0131zm\u0131 o \u00f6lk\u0259d\u0259n, yaz\u0131\u00e7\u0131n\u0131, \u015fairi haqqlar\u0131nda median\u0131zda min-bir iftira at\u0131b getm\u0259y\u0259 m\u0259cbur etm\u0259dinizmi o \u00f6lk\u0259d\u0259n, 23 ild\u0259 b\u0259rbad v\u0259ziyy\u0259t\u0259 sald\u0131\u011f\u0131n\u0131z t\u0259hsil g\u0259ncl\u0259ri m\u0259cbur etm\u0259dimi \u00e7\u0131xma\u011fa o \u00f6lk\u0259d\u0259n, r\u00fc\u015fv\u0259tl\u0259 b\u0259sl\u0259n\u0259n tibbiniz x\u0259st\u0259l\u0259ri \u00e7\u0131xma\u011fa m\u0259cbur etm\u0259dimi o \u00f6lk\u0259d\u0259n, azad fikirli insanlar\u0131n yataq otaqlar\u0131na kameralar yerl\u0259\u015fdir\u0259n, bunu ab\u0131rs\u0131zca tirajlayan median\u0131z, insanlar\u0131 rahat ya\u015famaq \u00fc\u00e7\u00fcn xairc\u0259 \u00e7\u0131xma\u011fa m\u0259cbur qoymad\u0131m\u0131 o \u00f6lk\u0259d\u0259n, milyardlar\u0131 of\u015for zonalara sizin d\u0259st\u0259kl\u0259diyiniz h\u00f6kum\u0259t qa\u00e7\u0131rmad\u0131m\u0131 o \u00f6lk\u0259d\u0259n, avropada \u0259n \u00e7ox m\u00fchacir say\u0131 olan \u00f6lk\u0259l\u0259rd\u0259n biri olan Az\u0259rbaycan v\u0259t\u0259nda\u015flar\u0131n\u0131 kim qa\u00e7\u0131rtd\u0131 o \u00f6lk\u0259d\u0259n!\n<\/p>\n<p>\n  Bu siyah\u0131n\u0131 n\u0259 q\u0259d\u0259r ist\u0259s\u0259niz uzatmaq olar. B\u0259li, bu z\u00fclm\u0259 d\u0259st\u0259k olan sizl\u0259r s\u0259b\u0259b oldunuz bunlara. Az\u0259rbaycanda qal\u0131b n\u0259s\u0259 yax\u015f\u0131 i\u015f g\u00f6rm\u0259k ist\u0259y\u0259nl\u0259ri d\u0259 h\u0259bs etdiniz, h\u0259l\u0259 ab\u0131rs\u0131zca deyirsiz, qal\u0131b yax\u015f\u0131 i\u015fl\u0259r g\u00f6rm\u0259k laz\u0131md\u0131r. Sizin yax\u015f\u0131 i\u015f dediyiniz anlay\u0131\u015f yaltaql\u0131qd\u0131r, o\u011furlamaqd\u0131r. B\u0259li, biz o \u00f6lk\u0259d\u0259n \u00f6z\u00fcm\u00fcz\u00fc m\u00fcsb\u0259t m\u0259nada inki\u015faf el\u0259tdirib, qay\u0131d\u0131b \u00f6lk\u0259miz\u0259 yax\u015f\u0131 i\u015fl\u0259r g\u00f6rm\u0259k \u00fc\u00e7\u00fcn \u00e7\u0131x\u0131r\u0131q. Yoxsa yax\u015f\u0131 h\u0259yat \u00fc\u00e7\u00fcn xaricd\u0259 t\u0259hsil ald\u0131\u011f\u0131m bu \u00f6lk\u0259d\u0259n k\u0259nara bir add\u0131m\u0131m\u0131 da atmazd\u0131m, \u00e7\u00fcnki Az\u0259rbaycanda vicdanl\u0131 v\u0259t\u0259nda\u015fa yax\u015f\u0131 h\u0259yat yoxdur.<\/p>\n","protected":false},"excerpt":{"rendered":"<p>Z\u00fclm\u0259 d\u0259st\u0259k olan jurnalistl\u0259r&#8230;<\/p>\n","protected":false},"author":11,"featured_media":23096,"comment_status":"closed","ping_status":"open","sticky":false,"template":"","format":"standard","meta":{"_acf_changed":false,"_sitemap_exclude":false,"_sitemap_priority":"","_sitemap_frequency":"","footnotes":""},"categories":[57],"tags":[],"class_list":["post-167645","post","type-post","status-publish","format-standard","has-post-thumbnail","hentry","category-menim-fikrimce","infinite-scroll-item","generate-columns","tablet-grid-50","mobile-grid-100","grid-parent","grid-33","no-featured-image-padding"],"acf":[],"yoast_head":"<!-- This site is optimized with the Yoast SEO plugin v27.5 - https:\/\/yoast.com\/product\/yoast-seo-wordpress\/ -->\n<title>&#039;&#039;Bu \u00f6lk\u0259d\u0259n&#039;&#039; o \u00f6lk\u0259y\u0259 - MEYDAN.TV<\/title>\n<meta name=\"robots\" content=\"index, follow, max-snippet:-1, max-image-preview:large, max-video-preview:-1\" \/>\n<link rel=\"canonical\" href=\"https:\/\/www.meydan.tv\/az\/article\/bu-olkeden-o-olkeye\/\" \/>\n<meta property=\"og:locale\" content=\"az_AZ\" \/>\n<meta property=\"og:type\" content=\"article\" \/>\n<meta property=\"og:title\" content=\"&#039;&#039;Bu \u00f6lk\u0259d\u0259n&#039;&#039; o \u00f6lk\u0259y\u0259 - MEYDAN.TV\" \/>\n<meta property=\"og:description\" content=\"Z\u00fclm\u0259 d\u0259st\u0259k olan jurnalistl\u0259r...\" \/>\n<meta property=\"og:url\" content=\"https:\/\/www.meydan.tv\/az\/article\/bu-olkeden-o-olkeye\/\" \/>\n<meta property=\"og:site_name\" content=\"MEYDAN.TV\" \/>\n<meta property=\"article:published_time\" content=\"2015-04-22T20:16:11+00:00\" \/>\n<meta property=\"og:image\" content=\"https:\/\/www.meydan.tv\/wp-content\/uploads\/8383.jpg\" \/>\n\t<meta property=\"og:image:width\" content=\"500\" \/>\n\t<meta property=\"og:image:height\" content=\"500\" \/>\n\t<meta property=\"og:image:type\" content=\"image\/jpeg\" \/>\n<meta name=\"author\" content=\"user-manager\" \/>\n<meta name=\"twitter:card\" content=\"summary_large_image\" \/>\n<script type=\"application\/ld+json\" class=\"yoast-schema-graph\">{\"@context\":\"https:\\\/\\\/schema.org\",\"@graph\":[{\"@type\":\"Article\",\"@id\":\"https:\\\/\\\/www.meydan.tv\\\/az\\\/article\\\/bu-olkeden-o-olkeye\\\/#article\",\"isPartOf\":{\"@id\":\"https:\\\/\\\/www.meydan.tv\\\/az\\\/article\\\/bu-olkeden-o-olkeye\\\/\"},\"author\":{\"name\":\"user-manager\",\"@id\":\"https:\\\/\\\/www.meydan.tv\\\/az\\\/#\\\/schema\\\/person\\\/10d11eccf6da3662cf5fdab9806ea91a\"},\"headline\":\"&#8221;Bu \u00f6lk\u0259d\u0259n&#8221; o \u00f6lk\u0259y\u0259\",\"datePublished\":\"2015-04-22T20:16:11+00:00\",\"mainEntityOfPage\":{\"@id\":\"https:\\\/\\\/www.meydan.tv\\\/az\\\/article\\\/bu-olkeden-o-olkeye\\\/\"},\"wordCount\":625,\"publisher\":{\"@id\":\"https:\\\/\\\/www.meydan.tv\\\/az\\\/#organization\"},\"image\":{\"@id\":\"https:\\\/\\\/www.meydan.tv\\\/az\\\/article\\\/bu-olkeden-o-olkeye\\\/#primaryimage\"},\"thumbnailUrl\":\"https:\\\/\\\/www.meydan.tv\\\/wp-content\\\/uploads\\\/8383.jpg\",\"articleSection\":[\"M\u0259nim Fikrimc\u0259\"],\"inLanguage\":\"az\"},{\"@type\":\"WebPage\",\"@id\":\"https:\\\/\\\/www.meydan.tv\\\/az\\\/article\\\/bu-olkeden-o-olkeye\\\/\",\"url\":\"https:\\\/\\\/www.meydan.tv\\\/az\\\/article\\\/bu-olkeden-o-olkeye\\\/\",\"name\":\"''Bu \u00f6lk\u0259d\u0259n'' o \u00f6lk\u0259y\u0259 - MEYDAN.TV\",\"isPartOf\":{\"@id\":\"https:\\\/\\\/www.meydan.tv\\\/az\\\/#website\"},\"primaryImageOfPage\":{\"@id\":\"https:\\\/\\\/www.meydan.tv\\\/az\\\/article\\\/bu-olkeden-o-olkeye\\\/#primaryimage\"},\"image\":{\"@id\":\"https:\\\/\\\/www.meydan.tv\\\/az\\\/article\\\/bu-olkeden-o-olkeye\\\/#primaryimage\"},\"thumbnailUrl\":\"https:\\\/\\\/www.meydan.tv\\\/wp-content\\\/uploads\\\/8383.jpg\",\"datePublished\":\"2015-04-22T20:16:11+00:00\",\"breadcrumb\":{\"@id\":\"https:\\\/\\\/www.meydan.tv\\\/az\\\/article\\\/bu-olkeden-o-olkeye\\\/#breadcrumb\"},\"inLanguage\":\"az\",\"potentialAction\":[{\"@type\":\"ReadAction\",\"target\":[\"https:\\\/\\\/www.meydan.tv\\\/az\\\/article\\\/bu-olkeden-o-olkeye\\\/\"]}]},{\"@type\":\"ImageObject\",\"inLanguage\":\"az\",\"@id\":\"https:\\\/\\\/www.meydan.tv\\\/az\\\/article\\\/bu-olkeden-o-olkeye\\\/#primaryimage\",\"url\":\"https:\\\/\\\/www.meydan.tv\\\/wp-content\\\/uploads\\\/8383.jpg\",\"contentUrl\":\"https:\\\/\\\/www.meydan.tv\\\/wp-content\\\/uploads\\\/8383.jpg\",\"width\":500,\"height\":500,\"caption\":\"Source:\"},{\"@type\":\"BreadcrumbList\",\"@id\":\"https:\\\/\\\/www.meydan.tv\\\/az\\\/article\\\/bu-olkeden-o-olkeye\\\/#breadcrumb\",\"itemListElement\":[{\"@type\":\"ListItem\",\"position\":1,\"name\":\"Ana s\u0259hif\u0259\",\"item\":\"https:\\\/\\\/www.meydan.tv\\\/az\\\/\"},{\"@type\":\"ListItem\",\"position\":2,\"name\":\"M\u0259nim Fikrimc\u0259\",\"item\":\"https:\\\/\\\/www.meydan.tv\\\/az\\\/section\\\/menim-fikrimce\\\/\"},{\"@type\":\"ListItem\",\"position\":3,\"name\":\"&#8221;Bu \u00f6lk\u0259d\u0259n&#8221; o \u00f6lk\u0259y\u0259\"}]},{\"@type\":\"WebSite\",\"@id\":\"https:\\\/\\\/www.meydan.tv\\\/az\\\/#website\",\"url\":\"https:\\\/\\\/www.meydan.tv\\\/az\\\/\",\"name\":\"MEYDAN.TV\",\"description\":\"Meydan TV Az\u0259rbaycan\u0131n media m\u0259kan\u0131ndak\u0131 alternativ s\u0259sidir\",\"publisher\":{\"@id\":\"https:\\\/\\\/www.meydan.tv\\\/az\\\/#organization\"},\"potentialAction\":[{\"@type\":\"SearchAction\",\"target\":{\"@type\":\"EntryPoint\",\"urlTemplate\":\"https:\\\/\\\/www.meydan.tv\\\/az\\\/?s={search_term_string}\"},\"query-input\":{\"@type\":\"PropertyValueSpecification\",\"valueRequired\":true,\"valueName\":\"search_term_string\"}}],\"inLanguage\":\"az\"},{\"@type\":\"Organization\",\"@id\":\"https:\\\/\\\/www.meydan.tv\\\/az\\\/#organization\",\"name\":\"Meydan TV\",\"url\":\"https:\\\/\\\/www.meydan.tv\\\/az\\\/\",\"logo\":{\"@type\":\"ImageObject\",\"inLanguage\":\"az\",\"@id\":\"https:\\\/\\\/www.meydan.tv\\\/az\\\/#\\\/schema\\\/logo\\\/image\\\/\",\"url\":\"https:\\\/\\\/www.meydan.tv\\\/wp-content\\\/uploads\\\/2021\\\/07\\\/meydan-logo.svg\",\"contentUrl\":\"https:\\\/\\\/www.meydan.tv\\\/wp-content\\\/uploads\\\/2021\\\/07\\\/meydan-logo.svg\",\"width\":195,\"height\":46,\"caption\":\"Meydan TV\"},\"image\":{\"@id\":\"https:\\\/\\\/www.meydan.tv\\\/az\\\/#\\\/schema\\\/logo\\\/image\\\/\"}},{\"@type\":\"Person\",\"@id\":\"https:\\\/\\\/www.meydan.tv\\\/az\\\/#\\\/schema\\\/person\\\/10d11eccf6da3662cf5fdab9806ea91a\",\"name\":\"user-manager\"}]}<\/script>\n<!-- \/ Yoast SEO plugin. -->","yoast_head_json":{"title":"''Bu \u00f6lk\u0259d\u0259n'' o \u00f6lk\u0259y\u0259 - MEYDAN.TV","robots":{"index":"index","follow":"follow","max-snippet":"max-snippet:-1","max-image-preview":"max-image-preview:large","max-video-preview":"max-video-preview:-1"},"canonical":"https:\/\/www.meydan.tv\/az\/article\/bu-olkeden-o-olkeye\/","og_locale":"az_AZ","og_type":"article","og_title":"''Bu \u00f6lk\u0259d\u0259n'' o \u00f6lk\u0259y\u0259 - MEYDAN.TV","og_description":"Z\u00fclm\u0259 d\u0259st\u0259k olan jurnalistl\u0259r...","og_url":"https:\/\/www.meydan.tv\/az\/article\/bu-olkeden-o-olkeye\/","og_site_name":"MEYDAN.TV","article_published_time":"2015-04-22T20:16:11+00:00","og_image":[{"width":500,"height":500,"url":"https:\/\/www.meydan.tv\/wp-content\/uploads\/8383.jpg","type":"image\/jpeg"}],"author":"user-manager","twitter_card":"summary_large_image","schema":{"@context":"https:\/\/schema.org","@graph":[{"@type":"Article","@id":"https:\/\/www.meydan.tv\/az\/article\/bu-olkeden-o-olkeye\/#article","isPartOf":{"@id":"https:\/\/www.meydan.tv\/az\/article\/bu-olkeden-o-olkeye\/"},"author":{"name":"user-manager","@id":"https:\/\/www.meydan.tv\/az\/#\/schema\/person\/10d11eccf6da3662cf5fdab9806ea91a"},"headline":"&#8221;Bu \u00f6lk\u0259d\u0259n&#8221; o \u00f6lk\u0259y\u0259","datePublished":"2015-04-22T20:16:11+00:00","mainEntityOfPage":{"@id":"https:\/\/www.meydan.tv\/az\/article\/bu-olkeden-o-olkeye\/"},"wordCount":625,"publisher":{"@id":"https:\/\/www.meydan.tv\/az\/#organization"},"image":{"@id":"https:\/\/www.meydan.tv\/az\/article\/bu-olkeden-o-olkeye\/#primaryimage"},"thumbnailUrl":"https:\/\/www.meydan.tv\/wp-content\/uploads\/8383.jpg","articleSection":["M\u0259nim Fikrimc\u0259"],"inLanguage":"az"},{"@type":"WebPage","@id":"https:\/\/www.meydan.tv\/az\/article\/bu-olkeden-o-olkeye\/","url":"https:\/\/www.meydan.tv\/az\/article\/bu-olkeden-o-olkeye\/","name":"''Bu \u00f6lk\u0259d\u0259n'' o \u00f6lk\u0259y\u0259 - MEYDAN.TV","isPartOf":{"@id":"https:\/\/www.meydan.tv\/az\/#website"},"primaryImageOfPage":{"@id":"https:\/\/www.meydan.tv\/az\/article\/bu-olkeden-o-olkeye\/#primaryimage"},"image":{"@id":"https:\/\/www.meydan.tv\/az\/article\/bu-olkeden-o-olkeye\/#primaryimage"},"thumbnailUrl":"https:\/\/www.meydan.tv\/wp-content\/uploads\/8383.jpg","datePublished":"2015-04-22T20:16:11+00:00","breadcrumb":{"@id":"https:\/\/www.meydan.tv\/az\/article\/bu-olkeden-o-olkeye\/#breadcrumb"},"inLanguage":"az","potentialAction":[{"@type":"ReadAction","target":["https:\/\/www.meydan.tv\/az\/article\/bu-olkeden-o-olkeye\/"]}]},{"@type":"ImageObject","inLanguage":"az","@id":"https:\/\/www.meydan.tv\/az\/article\/bu-olkeden-o-olkeye\/#primaryimage","url":"https:\/\/www.meydan.tv\/wp-content\/uploads\/8383.jpg","contentUrl":"https:\/\/www.meydan.tv\/wp-content\/uploads\/8383.jpg","width":500,"height":500,"caption":"Source:"},{"@type":"BreadcrumbList","@id":"https:\/\/www.meydan.tv\/az\/article\/bu-olkeden-o-olkeye\/#breadcrumb","itemListElement":[{"@type":"ListItem","position":1,"name":"Ana s\u0259hif\u0259","item":"https:\/\/www.meydan.tv\/az\/"},{"@type":"ListItem","position":2,"name":"M\u0259nim Fikrimc\u0259","item":"https:\/\/www.meydan.tv\/az\/section\/menim-fikrimce\/"},{"@type":"ListItem","position":3,"name":"&#8221;Bu \u00f6lk\u0259d\u0259n&#8221; o \u00f6lk\u0259y\u0259"}]},{"@type":"WebSite","@id":"https:\/\/www.meydan.tv\/az\/#website","url":"https:\/\/www.meydan.tv\/az\/","name":"MEYDAN.TV","description":"Meydan TV Az\u0259rbaycan\u0131n media m\u0259kan\u0131ndak\u0131 alternativ s\u0259sidir","publisher":{"@id":"https:\/\/www.meydan.tv\/az\/#organization"},"potentialAction":[{"@type":"SearchAction","target":{"@type":"EntryPoint","urlTemplate":"https:\/\/www.meydan.tv\/az\/?s={search_term_string}"},"query-input":{"@type":"PropertyValueSpecification","valueRequired":true,"valueName":"search_term_string"}}],"inLanguage":"az"},{"@type":"Organization","@id":"https:\/\/www.meydan.tv\/az\/#organization","name":"Meydan TV","url":"https:\/\/www.meydan.tv\/az\/","logo":{"@type":"ImageObject","inLanguage":"az","@id":"https:\/\/www.meydan.tv\/az\/#\/schema\/logo\/image\/","url":"https:\/\/www.meydan.tv\/wp-content\/uploads\/2021\/07\/meydan-logo.svg","contentUrl":"https:\/\/www.meydan.tv\/wp-content\/uploads\/2021\/07\/meydan-logo.svg","width":195,"height":46,"caption":"Meydan TV"},"image":{"@id":"https:\/\/www.meydan.tv\/az\/#\/schema\/logo\/image\/"}},{"@type":"Person","@id":"https:\/\/www.meydan.tv\/az\/#\/schema\/person\/10d11eccf6da3662cf5fdab9806ea91a","name":"user-manager"}]}},"_links":{"self":[{"href":"https:\/\/www.meydan.tv\/az\/wp-json\/wp\/v2\/posts\/167645","targetHints":{"allow":["GET"]}}],"collection":[{"href":"https:\/\/www.meydan.tv\/az\/wp-json\/wp\/v2\/posts"}],"about":[{"href":"https:\/\/www.meydan.tv\/az\/wp-json\/wp\/v2\/types\/post"}],"author":[{"embeddable":true,"href":"https:\/\/www.meydan.tv\/az\/wp-json\/wp\/v2\/users\/11"}],"replies":[{"embeddable":true,"href":"https:\/\/www.meydan.tv\/az\/wp-json\/wp\/v2\/comments?post=167645"}],"version-history":[{"count":0,"href":"https:\/\/www.meydan.tv\/az\/wp-json\/wp\/v2\/posts\/167645\/revisions"}],"wp:featuredmedia":[{"embeddable":true,"href":"https:\/\/www.meydan.tv\/az\/wp-json\/wp\/v2\/media\/23096"}],"wp:attachment":[{"href":"https:\/\/www.meydan.tv\/az\/wp-json\/wp\/v2\/media?parent=167645"}],"wp:term":[{"taxonomy":"category","embeddable":true,"href":"https:\/\/www.meydan.tv\/az\/wp-json\/wp\/v2\/categories?post=167645"},{"taxonomy":"post_tag","embeddable":true,"href":"https:\/\/www.meydan.tv\/az\/wp-json\/wp\/v2\/tags?post=167645"}],"curies":[{"name":"wp","href":"https:\/\/api.w.org\/{rel}","templated":true}]}}