{"id":167644,"date":"2015-04-22T18:24:14","date_gmt":"2015-04-22T18:24:14","guid":{"rendered":"https:\/\/www.meydan.tv\/article\/felestin-sefirliyi-poct-markasi-haqda-aciqlama-yaydi\/"},"modified":"2015-04-22T18:24:14","modified_gmt":"2015-04-22T18:24:14","slug":"felestin-sefirliyi-poct-markasi-haqda-aciqlama-yaydi","status":"publish","type":"post","link":"https:\/\/www.meydan.tv\/az\/article\/felestin-sefirliyi-poct-markasi-haqda-aciqlama-yaydi\/","title":{"rendered":"F\u0259l\u0259stin s\u0259firliyi po\u00e7t markas\u0131 haqda a\u00e7\u0131qlama yayd\u0131"},"content":{"rendered":"<figure class=\"wp-block-image size-large\">\n  <img decoding=\"async\" src=\"https:\/\/www.meydan.tv\/az\/23084\/\" alt=\"\" class=\"wp-image-23084\"\/><figcaption><\/figcaption><\/figure>\n<figure class=\"wp-block-image size-large\">\n  <img decoding=\"async\" src=\"https:\/\/www.meydan.tv\/az\/23084\/\" alt=\"\" class=\"wp-image-23084\"\/><figcaption><\/figcaption><\/figure>\n<p>\n  <i><br \/>\n    &#8220;Marka h\u0259qiqi deyil v\u0259 bel\u0259 bir formada f\u0259l\u0259stinin r\u0259smi po\u00e7t m\u00f6h\u00fcr\u00fc yoxdur&#8221;<br \/>\n  <\/i>\n<\/p>\n<p>\n  Vesti.az sayt\u0131 F\u0259l\u0259stind\u0259 &#8220;erm\u0259ni soyq\u0131r\u0131m\u0131n\u0131n 100 illiyi&#8221; adl\u0131 po\u00e7t markas\u0131 burax\u0131lmas\u0131 bar\u0259d\u0259 m\u0259lumat birm\u0259nal\u0131 qar\u015f\u0131lanmay\u0131b. Meydan TV-nin olayla ba\u011fl\u0131 F\u0259l\u0259stin d\u00f6vl\u0259tinin Bak\u0131dak\u0131 s\u0259firliyin\u0259 sor\u011fu g\u00f6nd\u0259rib.\n<\/p>\n<p>\n  Sor\u011fumuza veril\u0259n cavabda bildirilib ki, marka h\u0259qiqi deyil v\u0259 bel\u0259 bir formada f\u0259l\u0259stinin r\u0259smi po\u00e7t m\u00f6h\u00fcr\u00fc yoxdur: &#8220;S\u0259firlik b\u00fct\u00fcn obyektivliyi il\u0259 ilk \u0259vv\u0259l b\u00fct\u00fcn r\u0259smi f\u0259l\u0259stin po\u00e7t markalar\u0131 il\u0259 maraqlananlar\u0131 f\u0259l\u0259stin po\u00e7t qurumunun sayt\u0131na daxil olma\u011fa v\u0259 qurumun buraxd\u0131\u011f\u0131 po\u00e7t forma v\u0259 n\u00fcmun\u0259l\u0259rinin nec\u0259 oldu\u011funu \u00f6yr\u0259nm\u0259y\u0259 d\u0259v\u0259t edir. S\u0259firlik a\u00e7\u0131q ayd\u0131n, m\u00fcbahis\u0259siz olan bir h\u0259qiq\u0259ti vur\u011fulamaq ist\u0259yir ki, F\u0259l\u0259stin D\u00f6vl\u0259ti h\u00f6k\u00fcm\u0259t v\u0259 xalq olaraq r\u0259smi T\u00fcrkiy\u0259 Cumhuriyy\u0259ti v\u0259 xalq\u0131 il\u0259 \u00e7ox g\u00fccl\u00fc v\u0259 x\u00fcsusi \u0259laq\u0259l\u0259r\u0259 malikdir v\u0259 onun t\u0259r\u0259find\u0259n T\u00fcrkiy\u0259 v\u0259 Az\u0259rbaycanla \u0259laq\u0259l\u0259rinin pisl\u0259\u015fm\u0259sin\u0259 g\u0259tirib \u00e7\u0131xaran bel\u0259 bir m\u00f6vqenin s\u0259rgil\u0259nm\u0259si m\u00fcmk\u00fcn deyildir. X\u00fcsusil\u0259 bu f\u0259l\u0259stin siyasi m\u00f6vqeyi il\u0259 he\u00e7 bir uy\u011funluq t\u0259\u015fkil etmir&#8221;.\n<\/p>\n<p>\n  &#8220;\u00d6z i\u015find\u0259 m\u0259suliyy\u0259tli olan m\u0259tbuat n\u00fcmay\u0259nd\u0259l\u0259rind\u0259n bel\u0259 m\u0259s\u0259l\u0259l\u0259rd\u0259 t\u0259l\u0259sm\u0259m\u0259yi, facebookdak\u0131 ist\u0259nil\u0259n bir \u015f\u0259xsin photoshop vasit\u0259sil\u0259 bunu ed\u0259 bil\u0259c\u0259yinin m\u00fcmk\u00fcnl\u00fcy\u00fcn\u00fc n\u0259z\u0259r\u0259 alsaq x\u0259b\u0259r m\u0259nb\u0259yi kimi facebook-a istinad etm\u0259m\u0259yi, m\u0259ntiq\u0259 s\u00f6yk\u0259nm\u0259l\u0259rini, m\u0259lumat v\u0259 x\u0259b\u0259ri m\u0259suliyy\u0259tli v\u0259 r\u0259smi qurumlardan d\u0259qiql\u0259\u015fdirm\u0259yi xahi\u015f edirik ki, bu kimi m\u0259s\u0259l\u0259l\u0259r pis m\u0259qs\u0259dli insanlara f\u00fcrs\u0259t verm\u0259sin. Bunun n\u0259tic\u0259sind\u0259 d\u0259 onlar dost v\u0259 qarda\u015flar aras\u0131nda fitn\u0259-f\u0259sad yarada bilsin&#8221;, &#8211; dey\u0259 a\u00e7\u0131qlama bu fikirl\u0259rl\u0259 yekunla\u015f\u0131r.<\/p>\n","protected":false},"excerpt":{"rendered":"<p>&#8220;Marka h\u0259qiqi deyil v\u0259 bel\u0259 bir formada f\u0259l\u0259stinin r\u0259smi po\u00e7t m\u00f6h\u00fcr\u00fc yoxdur&#8221;<\/p>\n","protected":false},"author":11,"featured_media":23084,"comment_status":"closed","ping_status":"open","sticky":false,"template":"","format":"standard","meta":{"_acf_changed":false,"_sitemap_exclude":false,"_sitemap_priority":"","_sitemap_frequency":"","footnotes":""},"categories":[56],"tags":[],"class_list":["post-167644","post","type-post","status-publish","format-standard","has-post-thumbnail","hentry","category-xeberler","infinite-scroll-item","generate-columns","tablet-grid-50","mobile-grid-100","grid-parent","grid-33","no-featured-image-padding"],"acf":[],"yoast_head":"<!-- This site is optimized with the Yoast SEO plugin v28.4 - https:\/\/yoast.com\/product\/yoast-seo-wordpress\/ -->\n<title>F\u0259l\u0259stin s\u0259firliyi po\u00e7t markas\u0131 haqda a\u00e7\u0131qlama yayd\u0131 - MEYDAN.TV<\/title>\n<meta name=\"robots\" content=\"index, follow, max-snippet:-1, max-image-preview:large, max-video-preview:-1\" \/>\n<link rel=\"canonical\" href=\"https:\/\/www.meydan.tv\/az\/article\/felestin-sefirliyi-poct-markasi-haqda-aciqlama-yaydi\/\" \/>\n<meta property=\"og:locale\" content=\"az_AZ\" \/>\n<meta property=\"og:type\" content=\"article\" \/>\n<meta property=\"og:title\" content=\"F\u0259l\u0259stin s\u0259firliyi po\u00e7t markas\u0131 haqda a\u00e7\u0131qlama yayd\u0131 - MEYDAN.TV\" \/>\n<meta property=\"og:description\" content=\"&quot;Marka h\u0259qiqi deyil v\u0259 bel\u0259 bir formada f\u0259l\u0259stinin r\u0259smi po\u00e7t m\u00f6h\u00fcr\u00fc yoxdur&quot;\" \/>\n<meta property=\"og:url\" content=\"https:\/\/www.meydan.tv\/az\/article\/felestin-sefirliyi-poct-markasi-haqda-aciqlama-yaydi\/\" \/>\n<meta property=\"og:site_name\" content=\"MEYDAN.TV\" \/>\n<meta property=\"article:published_time\" content=\"2015-04-22T18:24:14+00:00\" \/>\n<meta property=\"og:image\" content=\"https:\/\/www.meydan.tv\/wp-content\/uploads\/8380.jpg\" \/>\n\t<meta property=\"og:image:width\" content=\"400\" \/>\n\t<meta property=\"og:image:height\" content=\"300\" \/>\n\t<meta property=\"og:image:type\" content=\"image\/jpeg\" \/>\n<meta name=\"twitter:card\" content=\"summary_large_image\" \/>\n<!-- \/ Yoast SEO plugin. -->","yoast_head_json":{"title":"F\u0259l\u0259stin s\u0259firliyi po\u00e7t markas\u0131 haqda a\u00e7\u0131qlama yayd\u0131 - MEYDAN.TV","robots":{"index":"index","follow":"follow","max-snippet":"max-snippet:-1","max-image-preview":"max-image-preview:large","max-video-preview":"max-video-preview:-1"},"canonical":"https:\/\/www.meydan.tv\/az\/article\/felestin-sefirliyi-poct-markasi-haqda-aciqlama-yaydi\/","og_locale":"az_AZ","og_type":"article","og_title":"F\u0259l\u0259stin s\u0259firliyi po\u00e7t markas\u0131 haqda a\u00e7\u0131qlama yayd\u0131 - MEYDAN.TV","og_description":"\"Marka h\u0259qiqi deyil v\u0259 bel\u0259 bir formada f\u0259l\u0259stinin r\u0259smi po\u00e7t m\u00f6h\u00fcr\u00fc yoxdur\"","og_url":"https:\/\/www.meydan.tv\/az\/article\/felestin-sefirliyi-poct-markasi-haqda-aciqlama-yaydi\/","og_site_name":"MEYDAN.TV","article_published_time":"2015-04-22T18:24:14+00:00","og_image":[{"width":400,"height":300,"url":"https:\/\/www.meydan.tv\/wp-content\/uploads\/8380.jpg","type":"image\/jpeg"}],"twitter_card":"summary_large_image","schema":{"@context":"https:\/\/schema.org","@graph":[{"@type":"Article","@id":"https:\/\/www.meydan.tv\/az\/article\/felestin-sefirliyi-poct-markasi-haqda-aciqlama-yaydi\/#article","isPartOf":{"@id":"https:\/\/www.meydan.tv\/az\/article\/felestin-sefirliyi-poct-markasi-haqda-aciqlama-yaydi\/"},"author":{"name":"user-manager","@id":"https:\/\/www.meydan.tv\/az\/#\/schema\/person\/10d11eccf6da3662cf5fdab9806ea91a"},"headline":"F\u0259l\u0259stin s\u0259firliyi po\u00e7t markas\u0131 haqda a\u00e7\u0131qlama yayd\u0131","datePublished":"2015-04-22T18:24:14+00:00","mainEntityOfPage":{"@id":"https:\/\/www.meydan.tv\/az\/article\/felestin-sefirliyi-poct-markasi-haqda-aciqlama-yaydi\/"},"wordCount":392,"publisher":{"@id":"https:\/\/www.meydan.tv\/az\/#organization"},"image":{"@id":"https:\/\/www.meydan.tv\/az\/article\/felestin-sefirliyi-poct-markasi-haqda-aciqlama-yaydi\/#primaryimage"},"thumbnailUrl":"https:\/\/www.meydan.tv\/wp-content\/uploads\/8380.jpg","articleSection":["X\u0259b\u0259rl\u0259r"],"inLanguage":"az"},{"@type":"WebPage","@id":"https:\/\/www.meydan.tv\/az\/article\/felestin-sefirliyi-poct-markasi-haqda-aciqlama-yaydi\/","url":"https:\/\/www.meydan.tv\/az\/article\/felestin-sefirliyi-poct-markasi-haqda-aciqlama-yaydi\/","name":"F\u0259l\u0259stin s\u0259firliyi po\u00e7t markas\u0131 haqda a\u00e7\u0131qlama yayd\u0131 - MEYDAN.TV","isPartOf":{"@id":"https:\/\/www.meydan.tv\/az\/#website"},"primaryImageOfPage":{"@id":"https:\/\/www.meydan.tv\/az\/article\/felestin-sefirliyi-poct-markasi-haqda-aciqlama-yaydi\/#primaryimage"},"image":{"@id":"https:\/\/www.meydan.tv\/az\/article\/felestin-sefirliyi-poct-markasi-haqda-aciqlama-yaydi\/#primaryimage"},"thumbnailUrl":"https:\/\/www.meydan.tv\/wp-content\/uploads\/8380.jpg","datePublished":"2015-04-22T18:24:14+00:00","breadcrumb":{"@id":"https:\/\/www.meydan.tv\/az\/article\/felestin-sefirliyi-poct-markasi-haqda-aciqlama-yaydi\/#breadcrumb"},"inLanguage":"az","potentialAction":[{"@type":"ReadAction","target":["https:\/\/www.meydan.tv\/az\/article\/felestin-sefirliyi-poct-markasi-haqda-aciqlama-yaydi\/"]}]},{"@type":"ImageObject","inLanguage":"az","@id":"https:\/\/www.meydan.tv\/az\/article\/felestin-sefirliyi-poct-markasi-haqda-aciqlama-yaydi\/#primaryimage","url":"https:\/\/www.meydan.tv\/wp-content\/uploads\/8380.jpg","contentUrl":"https:\/\/www.meydan.tv\/wp-content\/uploads\/8380.jpg","width":400,"height":300,"caption":"Source:"},{"@type":"BreadcrumbList","@id":"https:\/\/www.meydan.tv\/az\/article\/felestin-sefirliyi-poct-markasi-haqda-aciqlama-yaydi\/#breadcrumb","itemListElement":[{"@type":"ListItem","position":1,"name":"Ana s\u0259hif\u0259","item":"https:\/\/www.meydan.tv\/az\/"},{"@type":"ListItem","position":2,"name":"X\u0259b\u0259rl\u0259r","item":"https:\/\/www.meydan.tv\/az\/section\/xeberler\/"},{"@type":"ListItem","position":3,"name":"F\u0259l\u0259stin s\u0259firliyi po\u00e7t markas\u0131 haqda a\u00e7\u0131qlama yayd\u0131"}]},{"@type":"WebSite","@id":"https:\/\/www.meydan.tv\/az\/#website","url":"https:\/\/www.meydan.tv\/az\/","name":"MEYDAN.TV","description":"Meydan TV Az\u0259rbaycan\u0131n media m\u0259kan\u0131ndak\u0131 alternativ s\u0259sidir","publisher":{"@id":"https:\/\/www.meydan.tv\/az\/#organization"},"potentialAction":[{"@type":"SearchAction","target":{"@type":"EntryPoint","urlTemplate":"https:\/\/www.meydan.tv\/az\/?s={search_term_string}"},"query-input":{"@type":"PropertyValueSpecification","valueRequired":true,"valueName":"search_term_string"}}],"inLanguage":"az"},{"@type":"Organization","@id":"https:\/\/www.meydan.tv\/az\/#organization","name":"Meydan TV","url":"https:\/\/www.meydan.tv\/az\/","logo":{"@type":"ImageObject","inLanguage":"az","@id":"https:\/\/www.meydan.tv\/az\/#\/schema\/logo\/image\/","url":"https:\/\/www.meydan.tv\/wp-content\/uploads\/2021\/07\/meydan-logo.svg","contentUrl":"https:\/\/www.meydan.tv\/wp-content\/uploads\/2021\/07\/meydan-logo.svg","width":195,"height":46,"caption":"Meydan TV"},"image":{"@id":"https:\/\/www.meydan.tv\/az\/#\/schema\/logo\/image\/"}},{"@type":"Person","@id":"https:\/\/www.meydan.tv\/az\/#\/schema\/person\/10d11eccf6da3662cf5fdab9806ea91a","name":"user-manager"}]}},"_links":{"self":[{"href":"https:\/\/www.meydan.tv\/az\/wp-json\/wp\/v2\/posts\/167644","targetHints":{"allow":["GET"]}}],"collection":[{"href":"https:\/\/www.meydan.tv\/az\/wp-json\/wp\/v2\/posts"}],"about":[{"href":"https:\/\/www.meydan.tv\/az\/wp-json\/wp\/v2\/types\/post"}],"author":[{"embeddable":true,"href":"https:\/\/www.meydan.tv\/az\/wp-json\/wp\/v2\/users\/11"}],"replies":[{"embeddable":true,"href":"https:\/\/www.meydan.tv\/az\/wp-json\/wp\/v2\/comments?post=167644"}],"version-history":[{"count":0,"href":"https:\/\/www.meydan.tv\/az\/wp-json\/wp\/v2\/posts\/167644\/revisions"}],"wp:featuredmedia":[{"embeddable":true,"href":"https:\/\/www.meydan.tv\/az\/wp-json\/wp\/v2\/media\/23084"}],"wp:attachment":[{"href":"https:\/\/www.meydan.tv\/az\/wp-json\/wp\/v2\/media?parent=167644"}],"wp:term":[{"taxonomy":"category","embeddable":true,"href":"https:\/\/www.meydan.tv\/az\/wp-json\/wp\/v2\/categories?post=167644"},{"taxonomy":"post_tag","embeddable":true,"href":"https:\/\/www.meydan.tv\/az\/wp-json\/wp\/v2\/tags?post=167644"}],"curies":[{"name":"wp","href":"https:\/\/api.w.org\/{rel}","templated":true}]}}