{"id":167643,"date":"2015-04-22T19:16:00","date_gmt":"2015-04-22T19:16:00","guid":{"rendered":"https:\/\/www.meydan.tv\/article\/ferec-kerimlinin-mehkemesinde-senedlerin-saxtalasdirilmasi-askarlandi\/"},"modified":"2015-04-22T19:16:00","modified_gmt":"2015-04-22T19:16:00","slug":"ferec-kerimlinin-mehkemesinde-senedlerin-saxtalasdirilmasi-askarlandi","status":"publish","type":"post","link":"https:\/\/www.meydan.tv\/az\/article\/ferec-kerimlinin-mehkemesinde-senedlerin-saxtalasdirilmasi-askarlandi\/","title":{"rendered":"F\u0259r\u0259c K\u0259rimlinin m\u0259hk\u0259m\u0259sind\u0259 s\u0259n\u0259dl\u0259rin saxtala\u015fd\u0131r\u0131lmas\u0131 a\u015fkarland\u0131"},"content":{"rendered":"<figure class=\"wp-block-image size-large\">\n  <img decoding=\"async\" src=\"https:\/\/www.meydan.tv\/az\/23087\/\" alt=\"\" class=\"wp-image-23087\"\/><figcaption><\/figcaption><\/figure>\n<figure class=\"wp-block-image size-large\">\n  <img decoding=\"async\" src=\"https:\/\/www.meydan.tv\/az\/23087\/\" alt=\"\" class=\"wp-image-23087\"\/><figcaption><\/figcaption><\/figure>\n<p>\n  <i><br \/>\n    &#8220;\u018fm\u0259liyyat 12.40-da ba\u015fa \u00e7at\u0131b, amma d\u00f6vl\u0259tin tutdu\u011fu v\u0259kil protokollar\u0131 saat 11-d\u0259 elan edib&#8221;<br \/>\n  <\/i>\n<\/p>\n<p>\n  Aprelin 22-d\u0259 Bak\u0131 A\u011f\u0131r Cinay\u0259tl\u0259r\u0259 dair M\u0259hk\u0259m\u0259d\u0259 M\u00fcsavat Partiyas\u0131n\u0131n \u00fczv\u00fc F\u0259r\u0259c K\u0259rimlinin n\u00f6vb\u0259ti m\u0259hk\u0259m\u0259si ke\u00e7irilib.\n<\/p>\n<p>\n  Proses bar\u0259d\u0259 Meydan TV-y\u0259 a\u00e7\u0131qlama ver\u0259n v\u0259kil Nem\u0259t K\u0259rimli bildirdi ki, prosesd\u0259 \u00e7\u0131x\u0131\u015f ed\u0259n t\u0259qsirl\u0259ndiril\u0259n \u015f\u0259xs F\u0259r\u0259c K\u0259rimli ifad\u0259sind\u0259 h\u0259bsinin siyasi motivli oldu\u011funu deyib. O, m\u0259hz h\u00f6kum\u0259ti t\u0259nqid h\u0259d\u0259fin\u0259 ald\u0131\u011f\u0131 v\u0259 M\u00fcsavat Partiyas\u0131n\u0131n internet resurslar\u0131na n\u0259zar\u0259t etdiyi \u00fc\u00e7\u00fcn h\u0259bs olundu\u011funu s\u00f6yl\u0259di: &#8220;H\u0259tta h\u00fcquq-m\u00fchafiz\u0259 orqanlar\u0131 na\u015f\u0131l\u0131q ed\u0259r\u0259k \u0259v\u0259zim\u0259 qarda\u015f\u0131m Sirac K\u0259rimlini h\u0259bs edibl\u0259r. \u00d6z\u00fcm\u00fc is\u0259 anam\u0131 x\u0259st\u0259xanaya aparark\u0259n h\u0259bs etdil\u0259r&#8221;.\n<\/p>\n<p>\n  V\u0259kil m\u0259hk\u0259m\u0259 ara\u015fd\u0131rmas\u0131nda ziddiyy\u0259tl\u0259rin ortaya \u00e7\u0131xd\u0131\u011f\u0131n\u0131 bildirdi: &#8220;T\u0259s\u0259vv\u00fcr edin ki, F\u0259r\u0259c K\u0259rimliy\u0259 qar\u015f\u0131 \u0259m\u0259liyyat 12.40-da ba\u015fa \u00e7at\u0131b, amma d\u00f6vl\u0259tin tutdu\u011fu v\u0259kil protokollar\u0131 saat 11-d\u0259 elan edib. Y\u0259ni v\u0259kil ke\u00e7mi\u015f\u0259 s\u0259yah\u0259t ed\u0259r\u0259k saat 11-in protokolunu imzalay\u0131b&#8221;.\n<\/p>\n<p>\n  Nem\u0259t K\u0259rimli F\u0259r\u0259c K\u0259rimlinin h\u0259bs olunmas\u0131nda konkret kimin i\u015ftirak\u0131 bar\u0259d\u0259 sensasiya do\u011furacaq m\u0259qam\u0131 a\u00e7\u0131qlad\u0131\u011f\u0131n\u0131 dedi: &#8220;F\u0259r\u0259c b\u0259y bel\u0259 s\u00f6yl\u0259di: M\u0259n \u00f6z f\u0259aliyy\u0259timi psevdoniml\u0259 (Turan T\u00fcrk) icra etdiyim \u00fc\u00e7\u00fcn kimliyimi m\u00fc\u0259yy\u0259n ed\u0259 bilmirdil\u0259r. H\u0259bsxanada m\u0259n\u0259 m\u0259lum oldu ki, m\u0259ni x\u00fcsusi xidm\u0259t orqanlar\u0131n\u0131n M\u00fcsavat g\u0259ncl\u0259r t\u0259\u015fkilat\u0131na yeritdikl\u0259ri, indi Almaniyada olan Tural Sad\u0131ql\u0131 vasit\u0259sil\u0259 &#8220;if\u015fa&#8221; ed\u0259r\u0259k h\u0259bs ed\u0259 bilibl\u0259r. M\u0259n\u0259 istintaq zaman\u0131 i\u015fg\u0259nc\u0259 verdil\u0259r dedil\u0259r ki, \u0259g\u0259r bu, \u00fcst\u00fcnd\u0259n heroin \u00e7\u0131xd\u0131\u011f\u0131na dair s\u0259n\u0259dl\u0259ri imzalamasan t\u0259hqir ed\u0259c\u0259yik. Eviniz\u0259 15 kq heroin v\u0259 silah-sursat ataraq atan\u0131 h\u0259bs ed\u0259c\u0259yik . Raz\u0131la\u015fmad\u0131m, \u00f6z\u00fcm\u00fc p\u0259nc\u0259r\u0259d\u0259n atmaq ist\u0259yirdim. Sonra dedil\u0259r x\u0259st\u0259xanadak\u0131 anan\u0131n yan\u0131na adam yerl\u0259\u015fdirmi\u015fik, onu \u00f6ld\u00fcr\u0259c\u0259yik. Ondan sonra m\u0259n imzalama\u011fa m\u0259cbur oldum&#8221;.\n<\/p>\n<p>\n  \u0130stintaq\u0131n yekunla\u015fd\u0131\u011f\u0131n\u0131 s\u00f6yl\u0259y\u0259n Nem\u0259t K\u0259rimli ciddi g\u00f6zl\u0259ntisi olmad\u0131\u011f\u0131n\u0131 \u0259lav\u0259 etdi: &#8220;Az\u0259rbaycan reall\u0131\u011f\u0131 odur ki, F\u0259r\u0259c K\u0259rimli bar\u0259sind\u0259 sifari\u015fli h\u00f6km\u00a0 \u00e7\u0131xar\u0131lacaq&#8221;.<\/p>\n","protected":false},"excerpt":{"rendered":"<p>&#8220;\u018fm\u0259liyyat 12.40-da ba\u015fa \u00e7at\u0131b, amma d\u00f6vl\u0259tin tutdu\u011fu v\u0259kil protokollar\u0131 saat 11-d\u0259 elan edib&#8221;<\/p>\n","protected":false},"author":11,"featured_media":23087,"comment_status":"closed","ping_status":"open","sticky":false,"template":"","format":"standard","meta":{"_acf_changed":false,"_sitemap_exclude":false,"_sitemap_priority":"","_sitemap_frequency":"","footnotes":""},"categories":[56],"tags":[],"class_list":["post-167643","post","type-post","status-publish","format-standard","has-post-thumbnail","hentry","category-xeberler","infinite-scroll-item","generate-columns","tablet-grid-50","mobile-grid-100","grid-parent","grid-33","no-featured-image-padding"],"acf":[],"yoast_head":"<!-- This site is optimized with the Yoast SEO plugin v28.4 - https:\/\/yoast.com\/product\/yoast-seo-wordpress\/ -->\n<title>F\u0259r\u0259c K\u0259rimlinin m\u0259hk\u0259m\u0259sind\u0259 s\u0259n\u0259dl\u0259rin saxtala\u015fd\u0131r\u0131lmas\u0131 a\u015fkarland\u0131 - MEYDAN.TV<\/title>\n<meta name=\"robots\" content=\"index, follow, max-snippet:-1, max-image-preview:large, max-video-preview:-1\" \/>\n<link rel=\"canonical\" href=\"https:\/\/www.meydan.tv\/az\/article\/ferec-kerimlinin-mehkemesinde-senedlerin-saxtalasdirilmasi-askarlandi\/\" \/>\n<meta property=\"og:locale\" content=\"az_AZ\" \/>\n<meta property=\"og:type\" content=\"article\" \/>\n<meta property=\"og:title\" content=\"F\u0259r\u0259c K\u0259rimlinin m\u0259hk\u0259m\u0259sind\u0259 s\u0259n\u0259dl\u0259rin saxtala\u015fd\u0131r\u0131lmas\u0131 a\u015fkarland\u0131 - MEYDAN.TV\" \/>\n<meta property=\"og:description\" content=\"&quot;\u018fm\u0259liyyat 12.40-da ba\u015fa \u00e7at\u0131b, amma d\u00f6vl\u0259tin tutdu\u011fu v\u0259kil protokollar\u0131 saat 11-d\u0259 elan edib&quot;\" \/>\n<meta property=\"og:url\" content=\"https:\/\/www.meydan.tv\/az\/article\/ferec-kerimlinin-mehkemesinde-senedlerin-saxtalasdirilmasi-askarlandi\/\" \/>\n<meta property=\"og:site_name\" content=\"MEYDAN.TV\" \/>\n<meta property=\"article:published_time\" content=\"2015-04-22T19:16:00+00:00\" \/>\n<meta property=\"og:image\" content=\"https:\/\/www.meydan.tv\/wp-content\/uploads\/8381.jpg\" \/>\n\t<meta property=\"og:image:width\" content=\"400\" \/>\n\t<meta property=\"og:image:height\" content=\"300\" \/>\n\t<meta property=\"og:image:type\" content=\"image\/jpeg\" \/>\n<meta name=\"twitter:card\" content=\"summary_large_image\" \/>\n<!-- \/ Yoast SEO plugin. -->","yoast_head_json":{"title":"F\u0259r\u0259c K\u0259rimlinin m\u0259hk\u0259m\u0259sind\u0259 s\u0259n\u0259dl\u0259rin saxtala\u015fd\u0131r\u0131lmas\u0131 a\u015fkarland\u0131 - MEYDAN.TV","robots":{"index":"index","follow":"follow","max-snippet":"max-snippet:-1","max-image-preview":"max-image-preview:large","max-video-preview":"max-video-preview:-1"},"canonical":"https:\/\/www.meydan.tv\/az\/article\/ferec-kerimlinin-mehkemesinde-senedlerin-saxtalasdirilmasi-askarlandi\/","og_locale":"az_AZ","og_type":"article","og_title":"F\u0259r\u0259c K\u0259rimlinin m\u0259hk\u0259m\u0259sind\u0259 s\u0259n\u0259dl\u0259rin saxtala\u015fd\u0131r\u0131lmas\u0131 a\u015fkarland\u0131 - MEYDAN.TV","og_description":"\"\u018fm\u0259liyyat 12.40-da ba\u015fa \u00e7at\u0131b, amma d\u00f6vl\u0259tin tutdu\u011fu v\u0259kil protokollar\u0131 saat 11-d\u0259 elan edib\"","og_url":"https:\/\/www.meydan.tv\/az\/article\/ferec-kerimlinin-mehkemesinde-senedlerin-saxtalasdirilmasi-askarlandi\/","og_site_name":"MEYDAN.TV","article_published_time":"2015-04-22T19:16:00+00:00","og_image":[{"width":400,"height":300,"url":"https:\/\/www.meydan.tv\/wp-content\/uploads\/8381.jpg","type":"image\/jpeg"}],"twitter_card":"summary_large_image","schema":{"@context":"https:\/\/schema.org","@graph":[{"@type":"Article","@id":"https:\/\/www.meydan.tv\/az\/article\/ferec-kerimlinin-mehkemesinde-senedlerin-saxtalasdirilmasi-askarlandi\/#article","isPartOf":{"@id":"https:\/\/www.meydan.tv\/az\/article\/ferec-kerimlinin-mehkemesinde-senedlerin-saxtalasdirilmasi-askarlandi\/"},"author":{"name":"user-manager","@id":"https:\/\/www.meydan.tv\/az\/#\/schema\/person\/10d11eccf6da3662cf5fdab9806ea91a"},"headline":"F\u0259r\u0259c K\u0259rimlinin m\u0259hk\u0259m\u0259sind\u0259 s\u0259n\u0259dl\u0259rin saxtala\u015fd\u0131r\u0131lmas\u0131 a\u015fkarland\u0131","datePublished":"2015-04-22T19:16:00+00:00","mainEntityOfPage":{"@id":"https:\/\/www.meydan.tv\/az\/article\/ferec-kerimlinin-mehkemesinde-senedlerin-saxtalasdirilmasi-askarlandi\/"},"wordCount":473,"publisher":{"@id":"https:\/\/www.meydan.tv\/az\/#organization"},"image":{"@id":"https:\/\/www.meydan.tv\/az\/article\/ferec-kerimlinin-mehkemesinde-senedlerin-saxtalasdirilmasi-askarlandi\/#primaryimage"},"thumbnailUrl":"https:\/\/www.meydan.tv\/wp-content\/uploads\/8381.jpg","articleSection":["X\u0259b\u0259rl\u0259r"],"inLanguage":"az"},{"@type":"WebPage","@id":"https:\/\/www.meydan.tv\/az\/article\/ferec-kerimlinin-mehkemesinde-senedlerin-saxtalasdirilmasi-askarlandi\/","url":"https:\/\/www.meydan.tv\/az\/article\/ferec-kerimlinin-mehkemesinde-senedlerin-saxtalasdirilmasi-askarlandi\/","name":"F\u0259r\u0259c K\u0259rimlinin m\u0259hk\u0259m\u0259sind\u0259 s\u0259n\u0259dl\u0259rin saxtala\u015fd\u0131r\u0131lmas\u0131 a\u015fkarland\u0131 - MEYDAN.TV","isPartOf":{"@id":"https:\/\/www.meydan.tv\/az\/#website"},"primaryImageOfPage":{"@id":"https:\/\/www.meydan.tv\/az\/article\/ferec-kerimlinin-mehkemesinde-senedlerin-saxtalasdirilmasi-askarlandi\/#primaryimage"},"image":{"@id":"https:\/\/www.meydan.tv\/az\/article\/ferec-kerimlinin-mehkemesinde-senedlerin-saxtalasdirilmasi-askarlandi\/#primaryimage"},"thumbnailUrl":"https:\/\/www.meydan.tv\/wp-content\/uploads\/8381.jpg","datePublished":"2015-04-22T19:16:00+00:00","breadcrumb":{"@id":"https:\/\/www.meydan.tv\/az\/article\/ferec-kerimlinin-mehkemesinde-senedlerin-saxtalasdirilmasi-askarlandi\/#breadcrumb"},"inLanguage":"az","potentialAction":[{"@type":"ReadAction","target":["https:\/\/www.meydan.tv\/az\/article\/ferec-kerimlinin-mehkemesinde-senedlerin-saxtalasdirilmasi-askarlandi\/"]}]},{"@type":"ImageObject","inLanguage":"az","@id":"https:\/\/www.meydan.tv\/az\/article\/ferec-kerimlinin-mehkemesinde-senedlerin-saxtalasdirilmasi-askarlandi\/#primaryimage","url":"https:\/\/www.meydan.tv\/wp-content\/uploads\/8381.jpg","contentUrl":"https:\/\/www.meydan.tv\/wp-content\/uploads\/8381.jpg","width":400,"height":300,"caption":"Source:"},{"@type":"BreadcrumbList","@id":"https:\/\/www.meydan.tv\/az\/article\/ferec-kerimlinin-mehkemesinde-senedlerin-saxtalasdirilmasi-askarlandi\/#breadcrumb","itemListElement":[{"@type":"ListItem","position":1,"name":"Ana s\u0259hif\u0259","item":"https:\/\/www.meydan.tv\/az\/"},{"@type":"ListItem","position":2,"name":"X\u0259b\u0259rl\u0259r","item":"https:\/\/www.meydan.tv\/az\/section\/xeberler\/"},{"@type":"ListItem","position":3,"name":"F\u0259r\u0259c K\u0259rimlinin m\u0259hk\u0259m\u0259sind\u0259 s\u0259n\u0259dl\u0259rin saxtala\u015fd\u0131r\u0131lmas\u0131 a\u015fkarland\u0131"}]},{"@type":"WebSite","@id":"https:\/\/www.meydan.tv\/az\/#website","url":"https:\/\/www.meydan.tv\/az\/","name":"MEYDAN.TV","description":"Meydan TV Az\u0259rbaycan\u0131n media m\u0259kan\u0131ndak\u0131 alternativ s\u0259sidir","publisher":{"@id":"https:\/\/www.meydan.tv\/az\/#organization"},"potentialAction":[{"@type":"SearchAction","target":{"@type":"EntryPoint","urlTemplate":"https:\/\/www.meydan.tv\/az\/?s={search_term_string}"},"query-input":{"@type":"PropertyValueSpecification","valueRequired":true,"valueName":"search_term_string"}}],"inLanguage":"az"},{"@type":"Organization","@id":"https:\/\/www.meydan.tv\/az\/#organization","name":"Meydan TV","url":"https:\/\/www.meydan.tv\/az\/","logo":{"@type":"ImageObject","inLanguage":"az","@id":"https:\/\/www.meydan.tv\/az\/#\/schema\/logo\/image\/","url":"https:\/\/www.meydan.tv\/wp-content\/uploads\/2021\/07\/meydan-logo.svg","contentUrl":"https:\/\/www.meydan.tv\/wp-content\/uploads\/2021\/07\/meydan-logo.svg","width":195,"height":46,"caption":"Meydan TV"},"image":{"@id":"https:\/\/www.meydan.tv\/az\/#\/schema\/logo\/image\/"}},{"@type":"Person","@id":"https:\/\/www.meydan.tv\/az\/#\/schema\/person\/10d11eccf6da3662cf5fdab9806ea91a","name":"user-manager"}]}},"_links":{"self":[{"href":"https:\/\/www.meydan.tv\/az\/wp-json\/wp\/v2\/posts\/167643","targetHints":{"allow":["GET"]}}],"collection":[{"href":"https:\/\/www.meydan.tv\/az\/wp-json\/wp\/v2\/posts"}],"about":[{"href":"https:\/\/www.meydan.tv\/az\/wp-json\/wp\/v2\/types\/post"}],"author":[{"embeddable":true,"href":"https:\/\/www.meydan.tv\/az\/wp-json\/wp\/v2\/users\/11"}],"replies":[{"embeddable":true,"href":"https:\/\/www.meydan.tv\/az\/wp-json\/wp\/v2\/comments?post=167643"}],"version-history":[{"count":0,"href":"https:\/\/www.meydan.tv\/az\/wp-json\/wp\/v2\/posts\/167643\/revisions"}],"wp:featuredmedia":[{"embeddable":true,"href":"https:\/\/www.meydan.tv\/az\/wp-json\/wp\/v2\/media\/23087"}],"wp:attachment":[{"href":"https:\/\/www.meydan.tv\/az\/wp-json\/wp\/v2\/media?parent=167643"}],"wp:term":[{"taxonomy":"category","embeddable":true,"href":"https:\/\/www.meydan.tv\/az\/wp-json\/wp\/v2\/categories?post=167643"},{"taxonomy":"post_tag","embeddable":true,"href":"https:\/\/www.meydan.tv\/az\/wp-json\/wp\/v2\/tags?post=167643"}],"curies":[{"name":"wp","href":"https:\/\/api.w.org\/{rel}","templated":true}]}}