{"id":167642,"date":"2015-04-22T17:54:29","date_gmt":"2015-04-22T17:54:29","guid":{"rendered":"https:\/\/www.meydan.tv\/article\/intiqam-eliyevin-mehkemede-son-sozu\/"},"modified":"2015-04-22T17:54:29","modified_gmt":"2015-04-22T17:54:29","slug":"intiqam-eliyevin-mehkemede-son-sozu","status":"publish","type":"post","link":"https:\/\/www.meydan.tv\/az\/article\/intiqam-eliyevin-mehkemede-son-sozu\/","title":{"rendered":"\u0130ntiqam \u018fliyevin m\u0259hk\u0259m\u0259d\u0259 son s\u00f6z\u00fc"},"content":{"rendered":"<figure class=\"wp-block-image size-large\">\n  <img decoding=\"async\" src=\"https:\/\/www.meydan.tv\/az\/23081\/\" alt=\"\" class=\"wp-image-23081\"\/><figcaption><\/figcaption><\/figure>\n<figure class=\"wp-block-image size-large\">\n  <img decoding=\"async\" src=\"https:\/\/www.meydan.tv\/az\/23081\/\" alt=\"\" class=\"wp-image-23081\"\/><figcaption><\/figcaption><\/figure>\n<p>\n  <i><br \/>\n    &#8220;Azadl\u0131qda olan, amma h\u0259yatlar\u0131n\u0131, azadl\u0131qlar\u0131n\u0131 risk alt\u0131na ataraq h\u0259m bizim azadl\u0131\u011fa \u00e7\u0131xma\u011f\u0131m\u0131z, h\u0259m d\u0259 \u00f6vladlar\u0131m\u0131z\u0131n \u0259dal\u0259tli c\u0259miyy\u0259td\u0259 ya\u015famalar\u0131 u\u011frunda m\u00fcbariz\u0259 aparan h\u0259r k\u0259s\u0259 sonsuz t\u0259\u015f\u0259kk\u00fcrl\u0259r. Biz n\u0259 q\u0259d\u0259r \u00e7\u0259tin \u015f\u0259raitd\u0259 f\u0259aliyy\u0259t g\u00f6st\u0259rdiyinizi bilirik v\u0259 sizl\u0259rl\u0259 q\u00fcrur duyuruq&#8221;<br \/>\n  <\/i>\n<\/p>\n<p>\n  Aprelin 22-d\u0259 Bak\u0131 A\u011f\u0131r Cinay\u0259tl\u0259r M\u0259hk\u0259m\u0259sind\u0259 H\u00fcquq Maarif\u00e7iliyi C\u0259miyy\u0259tinin s\u0259dri, tan\u0131nm\u0131\u015f h\u00fcquq\u015f\u00fcnas \u0130ntiqam \u018fliyevin m\u0259hk\u0259m\u0259 prosesi ke\u00e7irilir. Prosesin birinci hiss\u0259sind\u0259 \u0130ntiqam \u018fliyev son s\u00f6z\u00fcn\u00fc deyib, haz\u0131rda fasil\u0259dir, h\u00f6km g\u00f6zl\u0259nilir.\n<\/p>\n<p><div>\n    \u0130ntiqam \u018fliyev indiy\u0259d\u0259k Cinay\u0259t M\u0259c\u0259ll\u0259sinin 213.1-ci (vergid\u0259n yay\u0131nma), 308.2-ci (v\u0259zif\u0259 s\u0259lahiyy\u0259tl\u0259rind\u0259n sui-istifad\u0259 etm\u0259), 192.2-ci v\u0259 179.3.2 (m\u0259nims\u0259m\u0259 v\u0259 israf etm\u0259) madd\u0259l\u0259ri il\u0259 ittiham ir\u0259li s\u00fcr\u00fcl\u00fcb.\n  <\/div>\n<\/p>\n<p><div><\/div>\n<\/p>\n<p><div>\n    Meydan TV \u0130ntiqam \u018fliyevin son s\u00f6z\u00fcn\u00fc oxucular\u0131na t\u0259qdim edir.\n  <\/div>\n<\/p>\n<p><div><\/div>\n<\/p>\n<p><div>\n    H\u00f6rm\u0259tli m\u0259hk\u0259m\u0259 v\u0259 proses i\u015ftirak\u00e7\u0131lar\u0131,\n  <\/div>\n<\/p>\n<p><div><\/div>\n<\/p>\n<p><div>\n    D\u0259y\u0259rli v\u0259kill\u0259rin bar\u0259md\u0259 saxta ittihamlarla qald\u0131r\u0131lan cinay\u0259t i\u015finin h\u00fcquqi aspektl\u0259rin\u0259 toxundular. M\u0259n is\u0259 daha \u00e7ox bu cinay\u0259t t\u0259qibinin arxas\u0131nda duran motivl\u0259r\u0259, ba\u015fqa s\u00f6zl\u0259, h\u0259bsimin \u0259sl s\u0259b\u0259bl\u0259rin\u0259 diqq\u0259t \u00e7\u0259km\u0259k ist\u0259rdim.\n  <\/div>\n<\/p>\n<p><div><\/div>\n<\/p>\n<p><div>\n    D\u00f6rd aya yax\u0131n davam ed\u0259n m\u0259hk\u0259m\u0259 prosesi h\u0259bsimin h\u00fcquqi deyil, siyasi motivl\u0259rl\u0259 &#8211; v\u0259killik v\u0259 ictimai f\u0259aliyy\u0259timl\u0259 ba\u011fl\u0131 oldu\u011funu bir daha s\u00fcbuta yetirdi. M\u0259n \u0259sas\u0259n siyasi xarakterli i\u015fl\u0259r \u00fczr\u0259 ixtisasla\u015fan v\u0259kil\u0259m v\u0259 25 illik v\u0259killik f\u0259aliyy\u0259tim d\u00f6vr\u00fcnd\u0259 y\u00fczl\u0259rl\u0259 m\u0259hk\u0259m\u0259 i\u015find\u0259 \u00e7\u0131x\u0131\u015f etmi\u015f\u0259m.\n  <\/div>\n<\/p>\n<p><div><\/div>\n<\/p>\n<p><div>\n    2001-ci ild\u0259 Az\u0259rbaycan Avropa \u0130nsan Haqlar\u0131 M\u0259hk\u0259m\u0259sinin yurisdiksiyas\u0131na daxil olduqdan sonra bu quruma 200-d\u0259n \u00e7ox \u015fikay\u0259t g\u00f6nd\u0259rmi\u015f\u0259m, onlar\u0131n \u0259ks\u0259riyy\u0259ti siyasi h\u00fcquqlar\u0131n pozuntusu il\u0259 ba\u011fl\u0131d\u0131r. Bu \u015fikay\u0259tl\u0259rd\u0259n 40-a yax\u0131n\u0131 u\u011furlu sonluqla bitib: h\u0259min i\u015fl\u0259rin aras\u0131nda 2005-ci ilin parlament se\u00e7kil\u0259ri il\u0259 ba\u011fl\u0131 14 i\u015f, o c\u00fcml\u0259d\u0259n ifad\u0259, birl\u0259\u015fm\u0259k azadl\u0131\u011f\u0131, i\u015fg\u0259nc\u0259y\u0259 m\u0259ruz qalmamaq, \u0259dal\u0259tli m\u0259hk\u0259m\u0259 ara\u015fd\u0131rmas\u0131, m\u00fclkiyy\u0259t v\u0259 dig\u0259r h\u00fcquqlar\u0131n pozuntusu il\u0259 ba\u011fl\u0131 i\u015fl\u0259r var.\n  <\/div>\n<\/p>\n<p><div><\/div>\n<\/p>\n<p><div>\n    2010-cu ilin parlament se\u00e7kil\u0259rind\u0259 yol veril\u0259n pozuntularla ba\u011fl\u0131 Avropa M\u0259hk\u0259m\u0259sind\u0259 Az\u0259rbaycana qar\u015f\u0131 qald\u0131r\u0131lan \u015fikay\u0259tl\u0259rin b\u00f6y\u00fck bir hiss\u0259si m\u0259nim pay\u0131ma d\u00fc\u015f\u00fcr. Haz\u0131rda h\u0259min \u015fikay\u0259tl\u0259rd\u0259n 30-dan \u00e7oxu kommunikasiya v\u0259 ya q\u0259rarlar\u0131n verilm\u0259si m\u0259rh\u0259l\u0259sind\u0259dir. H\u0259min i\u015fl\u0259rd\u0259 t\u0259msil etdiyim \u015f\u0259xsl\u0259r \u0259sas\u0259n \u00f6lk\u0259nin apar\u0131c\u0131 m\u00fcxalif\u0259t partiyalar\u0131n\u0131n liderl\u0259ri, ictimai xadiml\u0259r, v\u0259t\u0259nda\u015f c\u0259miyy\u0259ti f\u0259allar\u0131d\u0131r. \u015eikay\u0259tl\u0259rd\u0259 se\u00e7kil\u0259rin gedi\u015find\u0259 kobud qanun pozuntular\u0131ndan \u2013 se\u00e7ki saxtakarl\u0131qlar\u0131ndan, d\u00f6vl\u0259t resurlar\u0131ndan hakim partiyan\u0131n namiz\u0259dl\u0259rinin xeyrin\u0259 istifad\u0259 olunmas\u0131ndan, se\u00e7ki komissiyalar\u0131 \u00fczvl\u0259rinin, se\u00e7icil\u0259rin \u0259l\u0259 al\u0131nmas\u0131ndan, yeli hakimiyy\u0259t qurumlar\u0131n\u0131n, polis v\u0259 dig\u0259r strukturlar\u0131n se\u00e7ki prosesin\u0259 qanunsuz m\u00fcdaxil\u0259sind\u0259n v\u0259 dig\u0259r kobud qanun pozuntular\u0131ndan s\u00f6hb\u0259t gedir. H\u0259min se\u00e7kil\u0259rd\u0259 xeyrin\u0259 saxtakarl\u0131q edil\u0259n hakim partiyan\u0131n n\u00fcmay\u0259nd\u0259l\u0259rind\u0259n haz\u0131rda \u00f6lk\u0259 parlamentind\u0259, yerli m\u0259rk\u0259zi icra hakimiyy\u0259ti orqanlar\u0131nda, o c\u00fcml\u0259d\u0259n Avropa \u015euras\u0131 v\u0259 AT\u018fT-in parlament assambleyalar\u0131nda t\u0259msil olunan xeyli \u015f\u0259xs var.\n  <\/div>\n<\/p>\n<p><div><\/div>\n<\/p>\n<p><div>\n    H\u00f6k\u00fcm\u0259t h\u0259m buna g\u00f6r\u0259, h\u0259m d\u0259 g\u0259l\u0259c\u0259kd\u0259 h\u0259min i\u015fl\u0259r \u00fczr\u0259 Avropa M\u0259hk\u0259m\u0259sinin q\u0259rarlar\u0131n\u0131n icras\u0131na Avropa \u015euras\u0131 Nazirl\u0259r Komit\u0259sinin (A\u015eNK) n\u0259zar\u0259tini aradan qald\u0131rmaq m\u0259qs\u0259dil\u0259 bu \u015fikay\u0259tl\u0259rin M\u0259hk\u0259m\u0259nin baxd\u0131\u011f\u0131 i\u015fl\u0259rin siyah\u0131s\u0131ndan \u00e7\u0131xar\u0131lmas\u0131na \u00e7ox \u00e7al\u0131\u015f\u0131rd\u0131. Biz is\u0259 \u015fikay\u0259t\u0259rin siyah\u0131dan \u00e7\u0131xar\u0131lmas\u0131 bar\u0259d\u0259 h\u00f6k\u00fcm\u0259tin t\u0259l\u0259bin\u0259 qar\u015f\u0131 \u00e7ox ciddi arqumentl\u0259r ir\u0259li s\u00fcrm\u0259kl\u0259 buna mane olurduq.\n  <\/div>\n<\/p>\n<p><div><\/div>\n<\/p>\n<p><div>\n    Onu da qeyd edim ki, 2005-ci ilin parlament se\u00e7kil\u0259ri il\u0259 ba\u011fl\u0131 h\u00f6k\u00fcm\u0259t birt\u0259r\u0259fli b\u0259yanatla \u00fcz\u0259rin\u0259 \u00f6hd\u0259likl\u0259r g\u00f6t\u00fcrm\u0259kl\u0259, bir s\u0131ra m\u00fch\u00fcm \u015fikay\u0259tl\u0259rin Avropa M\u0259hk\u0259m\u0259sinin baxd\u0131\u011f\u0131 i\u015fl\u0259rin siyah\u0131s\u0131ndan \u00e7\u0131xar\u0131lmas\u0131na nail olmu\u015fdu. Biz o zaman bu q\u0259rarlarla ba\u011fl\u0131 ciddi etiraz kampaniyalar\u0131 ke\u00e7irdik. Sonrada h\u00f6k\u00fcm\u0259t h\u0259min \u00f6hd\u0259likl\u0259ri yerin\u0259 yetirm\u0259kd\u0259n imtina etdi. 2005-ci ilin parlament se\u00e7kil\u0259ri il\u0259 ba\u011fl\u0131 mahiyy\u0259ti \u00fczr\u0259 \u00e7\u0131xar\u0131lm\u0131\u015f q\u0259rarlar\u0131n icras\u0131 \u2013 x\u00fcsusil\u0259 \u00fcmumi xarakterli t\u0259dbirl\u0259rin g\u00f6r\u00fclm\u0259si sah\u0259sind\u0259 m\u0259n v\u0259 r\u0259hb\u0259rlik etdiyim t\u0259\u015fkilat ciddi s\u0259yl\u0259r g\u00f6st\u0259rirdik. Avropa M\u0259hk\u0259m\u0259sinin q\u0259rarlar\u0131n\u0131n icras\u0131 il\u0259 ba\u011fl\u0131 Avropa \u015euras\u0131 Nazirl\u0259r Komit\u0259sin\u0259 \u00fcnvanlad\u0131\u011f\u0131m\u0131z r\u0259yl\u0259rd\u0259 H\u00f6k\u00fcm\u0259tin se\u00e7ki qanunvericiliyinin v\u0259 onun t\u0259tbiqi praktikas\u0131n\u0131n t\u0259kmill\u0259\u015fdirilm\u0259si sah\u0259sind\u0259 \u00fcz\u0259rin\u0131 g\u00f6t\u00fcrd\u00fcy\u00fc \u00f6hd\u0259likl\u0259r\u0259 icra etm\u0259diyi, onun NK-ya t\u0259qdim etdiyi F\u0259aliyy\u0259t Proqram\u0131n\u0131n formal xarakterli oldu\u011funu bildirm\u0259kl\u0259 v\u0259 q\u0259rarlar\u0131n real icras\u0131 istiqam\u0259tind\u0259 h\u00f6k\u00fcm\u0259tin atmal\u0131 oldu\u011fu add\u0131mlarla ba\u011fl\u0131 t\u00f6vsiyy\u0259l\u0259r verdik. T\u00f6vsiy\u0259l\u0259r se\u00e7ki komissiyalar\u0131n\u0131n v\u0259 m\u0259hk\u0259m\u0259l\u0259rin m\u00fcst\u0259qilliyinin g\u00fccl\u0259ndirilm\u0259si, se\u00e7ki \u015fikay\u0259tl\u0259rin\u0259 bax\u0131lmas\u0131 prosedurlar\u0131n\u0131n t\u0259kmill\u0259\u015fdirilm\u0259si, media v\u0259 toplant\u0131 azadl\u0131\u011f\u0131n\u0131n t\u0259min olunmas\u0131, ayr\u0131se\u00e7kiliyin aradan qald\u0131r\u0131lmas\u0131, b\u00fct\u00fcn partyalar v\u0259 nami\u0259tl\u0259r \u00fc\u00e7\u00fcn b\u0259rab\u0259r imkanlar yarad\u0131lmas\u0131 v\u0259 s. il\u0259 ba\u011fl\u0131 idi.\n  <\/div>\n<\/p>\n<p><div><\/div>\n<\/p>\n<p><div>\n    Bizim dig\u0259r partnyorlar\u0131m\u0131zla birg\u0259 apard\u0131\u011f\u0131m\u0131z u\u011furlu i\u015fin n\u0259tic\u0259si olaraq A\u015eNK 2014-c\u00fc ilin \u0130yun ay\u0131ndak\u0131 iclas\u0131nda Az\u0259rbaycan h\u00f6k\u00fcm\u0259tinin se\u00e7ki i\u015fl\u0259ri il\u0259 ba\u011fl\u0131 Avropa M\u0259hk\u0259m\u0259sinin q\u0259rarlar\u0131n\u0131n icras\u0131 \u00fczr\u0259 t\u0259qdim etdiyi F\u0259aliyy\u0259t Plan\u0131n\u0131 q\u0259bul etm\u0259di v\u0259 h\u00f6k\u00fcm\u0259t\u0259 yeni Plan t\u0259qdim etm\u0259k \u00fc\u00e7\u00fcn vaxt verdi.\n  <\/div>\n<\/p>\n<p><div><\/div>\n<\/p>\n<p><div>\n    H\u0259bsimd\u0259 Avropa M\u0259hk\u0259m\u0259si sah\u0259sin\u0259, x\u00fcsusil\u0259 se\u00e7ki i\u015fl\u0259ri il\u0259 ba\u011fl\u0131 f\u0259aliyy\u0259tim \u0259h\u0259miyy\u0259tli rol oynad\u0131. Bu f\u0259aliyy\u0259tim h\u00f6k\u00fcm\u0259td\u0259 \u00e7ox q\u0131c\u0131q do\u011fururdu v\u0259 bunun m\u0259nim v\u0259 t\u0259\u015fkilat\u0131m\u0131z \u00fc\u00e7\u00fcn arzuolunmaz n\u0259tic\u0259l\u0259r\u0259 s\u0259b\u0259b ola bil\u0259c\u0259yi d\u0259f\u0259l\u0259rl\u0259 diqq\u0259tim\u0259 \u00e7atd\u0131r\u0131lm\u0131\u015fd\u0131.\n  <\/div>\n<\/p>\n<p><div><\/div>\n<\/p>\n<p><div>\n    HMC-nin ofisind\u0259 axtar\u0131\u015f apar\u0131lan zaman prokurorlu\u011fun \u0259m\u0259kda\u015flar\u0131 h\u0259m se\u00e7ki i\u015fl\u0259ri, h\u0259m d\u0259 Avropa M\u0259hk\u0259m\u0259sin\u0259 \u00fcnvanlad\u0131\u011f\u0131m dig\u0259r pozuntularla ba\u011fl\u0131 200-d\u0259n \u00e7ox \u015fikay\u0259t \u00fczr\u0259 b\u00fct\u00fcn materiallar\u0131 he\u00e7 bir qeydiyyat aparmadan g\u00f6t\u00fcr\u00fcbl\u0259r. Bu i\u015fl\u0259rin \u0259ks\u0259riyy\u0259ti strateji xarakterli \u015fikay\u0259tl\u0259rdir. G\u00f6t\u00fcr\u00fcl\u0259n m\u0259hk\u0259m\u0259 i\u015fl\u0259rini\u00a0 materiallar\u0131 aras\u0131nda \u018fdliyy\u0259 Nazirliyinin ill\u0259rl\u0259 qanunsuz olaraq qeydiyyata almaqdan imtina etdiyi 30-dan \u00e7ox QHT-nin, o c\u00fcml\u0259d\u0259n haz\u0131rda h\u0259bsd\u0259 olan vicdan m\u0259hbusu Anar M\u0259mm\u0259dlinin v\u0259 bu yax\u0131nlarda azadl\u0131\u011fa burax\u0131lan B\u0259\u015fir S\u00fcleymanl\u0131n\u0131n t\u0259sis\u00e7il\u0259ri oldu\u011fu Se\u00e7kil\u0259rin Manitorinqi M\u0259rk\u0259zinin (2008-ci ild\u0259 prezident se\u00e7kil\u0259ri \u0259r\u0259f\u0259sind\u0259 l\u0259\u011fv olunub) v\u0259 Se\u00e7kil\u0259rin Manitorinqi v\u0259 Demokratiyan\u0131n T\u0259drisi M\u0259rk\u0259zinin (2010-cu ild\u0259 t\u0259sis olunmu\u015f, lakin \u018fN-nin qeydiyyat\u0131ndan imtina etdiyi) d\u0259 s\u0259n\u0259dl\u0259ri var.\n  <\/div>\n<\/p>\n<p><div><\/div>\n<\/p>\n<p><div>\n    Yeri g\u0259lmi\u015fk\u0259n, \u018fdliyy\u0259 Nazirliyinin m\u0259n\u0259 v\u0259 r\u0259hb\u0259rlik etdiyim quruma qar\u015f\u0131 q\u0259r\u0259zli m\u00f6vqeyinin h\u0259m d\u0259 m\u0259nim bu quruma qar\u015f\u0131 h\u0259m \u00f6lk\u0259daxili m\u0259hk\u0259m\u0259l\u0259rd\u0259, h\u0259m d\u0259 Avropa M\u0259hl\u0259m\u0259sind\u0259 qald\u0131rd\u0131\u011f\u0131m \u00e7oxsayl\u0131 m\u0259hk\u0259m\u0259 i\u015fl\u0259rinin, haz\u0131rlad\u0131\u011f\u0131m hesabatlar\u0131n, mediada v\u0259 yerli v\u0259 betn\u0259lxalq t\u0259dbirl\u0259rd\u0259 t\u0259nqidi \u00e7\u0131x\u0131\u015flar\u0131m\u0131n az rolu yoxdur.\n  <\/div>\n<\/p>\n<p><div><\/div>\n<\/p>\n<p><div>\n    H\u0259m\u00e7inin prokurorlu\u011fun \u0259m\u0259kda\u015flar\u0131 HMC-nin ofisind\u0259n h\u0259m t\u0259\u015fkilat\u0131n x\u0259tti il\u0259, h\u0259m d\u0259 m\u0259nim f\u0259rdi qaydada \u00f6lk\u0259daxili m\u0259hk\u0259m\u0259l\u0259rd\u0259 t\u0259msil etdiyim 40-a yax\u0131n m\u0259hk\u0259m\u0259 i\u015finin materiallar\u0131n\u0131 apar\u0131blar. Bu i\u015fl\u0259rin \u0259ks\u0259riyy\u0259ti m\u0259rk\u0259zi v\u0259 yerli icra hakmiyy\u0259ti orqanlar\u0131n\u0131n fiziki v\u0259 h\u00fcquqi \u015f\u0259xsl\u0259rin siyasi, sosial, iqtisadi v\u0259 s. h\u00fcquqlar\u0131na qanunsuz m\u00fcdaxil\u0259l\u0259rl\u0259 ba\u011fl\u0131 strateji xarakterli i\u015fl\u0259rdir.\n  <\/div>\n<\/p>\n<p><div><\/div>\n<\/p>\n<p><div>\n    H\u0259min s\u0259n\u0259dl\u0259ri biz\u0259 qaytarmaqdan imtina ed\u0259n prokurorlu\u011fun qanunsuz h\u0259r\u0259k\u0259tl\u0259ri n\u0259tic\u0259sind\u0259 bu \u015fikay\u0259tl\u0259rin bir \u00e7oxunun Avropa M\u0259hk\u0259m\u0259sin\u0259 g\u00f6nd\u0259rilm\u0259si \u00fc\u00e7\u00fcn m\u00fc\u0259yy\u0259n olunmu\u015f 6 ayl\u0131q m\u00fcdd\u0259t \u00f6t\u00fcr\u00fcld\u00fc.\n  <\/div>\n<\/p>\n<p><div><\/div>\n<\/p>\n<p><div>\n    M\u0259n\u0259 elan edilmi\u015f ittihamlarla he\u00e7 bir ba\u011fl\u0131l\u0131\u011f\u0131 olmad\u0131\u011f\u0131 halda v\u0259kil dosyel\u0259rinin b\u00fct\u00fcnl\u00fckd\u0259 g\u00f6t\u00fcr\u00fclm\u0259si, h\u0259m\u00e7inin h\u0259min \u015fikay\u0259tl\u0259rin v\u0259 onlarla ba\u011fl\u0131 s\u0259n\u0259dl\u0259rin elektron versiyalar\u0131n\u0131n oldu\u011fu b\u00fct\u00fcn komputerl\u0259rin, noutbuklar\u0131n, yadda\u015f kartlar\u0131n\u0131n, diskl\u0259rin v\u0259 dig\u0259r elektron informasiya da\u015f\u0131y\u0131c\u0131l\u0131ar\u0131n\u0131n ham\u0131s\u0131n\u0131n g\u00f6t\u00fcr\u00fclm\u0259si, istintaq ba\u015fa \u00e7atd\u0131qdan sonra da h\u0259min s\u0259n\u0259dl\u0259rin v\u0259 avadanl\u0131qlar\u0131n qaytar\u0131lmas\u0131ndan qanunsuz olaraq imtina olunmas\u0131, h\u0259bsimin h\u0259m\u00e7inin v\u0259killik f\u0259aliyy\u0259timl\u0259 ba\u011fl\u0131 oldu\u011funu t\u0259sdiql\u0259y\u0259n \u00e7oxsayl\u0131 faktlardan daha biridir.<br \/>\n    <br \/>\n    2014-c\u00fc ilin noyabr\u0131nda Avropa M\u0259hk\u0259m\u0259sinin s\u0259dri Bak\u0131da olark\u0259n \u00f6lk\u0259nin Ba\u015f Prokuroruna HMC-nin ofisind\u0259n g\u00f6t\u00fcr\u00fcl\u0259n dosyel\u0259rin qaytar\u0131lmas\u0131 il\u0259 ba\u011fl\u0131 m\u00fcraci\u0259tind\u0259n sonra h\u0259min s\u0259n\u0259dl\u0259ri\u00a0 bir hiss\u0259si m\u00fcvafiq r\u0259smil\u0259\u015fdirm\u0259 olmadan qovluq hal\u0131nda qayta\u0131ld\u0131. Lakin qaytar\u0131lan s\u0259n\u0259dl\u0259rin \u0259ks\u0259riyy\u0259ti art\u0131q Avropa M\u0259hk\u0259m\u0259sind\u0259 bax\u0131lm\u0131\u015f i\u015fl\u0259rl\u0259 ba\u011fl\u0131 idi, h\u0259m yerli m\u0259hk\u0259m\u0259l\u0259rin, h\u0259m d\u0259 AM-in icraat\u0131nda olan m\u0259hk\u0259m\u0259 i\u015fl\u0259rinin az bir hiss\u0259si qaytar\u0131ld\u0131, qaytar\u0131lan qovluqlarla bir s\u0131ra m\u00fch\u00fcm s\u0259n\u0259dl\u0259r prokurorluq t\u0259r\u0259find\u0259n g\u00f6t\u00fcr\u00fcld\u00fcy\u00fc \u00fc\u00e7\u00fcn Avropa M\u0259hk\u0259m\u0259si il\u0259 kommunikasiyalar\u0131m\u0131zda ciddi probleml\u0259r yaran\u0131b.\n  <\/div>\n<\/p>\n<p><div><\/div>\n<\/p>\n<p><div>\n    \u00c7\u0131x\u0131\u015f\u0131m\u0131n \u0259vv\u0259lind\u0259 s\u00f6yl\u0259diyim kimi, h\u0259bsimin s\u0259b\u0259bl\u0259rind\u0259n biri d\u0259 ictimai f\u0259aliyy\u0259timl\u0259 ba\u011fl\u0131d\u0131r. Son ill\u0259rd\u0259 m\u0259nim yerli v\u0259 beyn\u0259lxalq mediada Az\u0259rbaycanda insan h\u00fcquqlar\u0131, demokratiya v\u0259 h\u00fcququn aliliyinin m\u00fcxt\u0259lif probleml\u0259ri il\u0259 ba\u011fl\u0131 \u00e7oxsayl\u0131 m\u0259qal\u0259l\u0259rim, ara\u015fd\u0131rmalar\u0131m, m\u00fcsahib\u0259l\u0259rim d\u0259rc olunub. H\u0259m\u00e7inin \u00e7oxsayl\u0131 beyn\u0259lxalq konfranslarda, forumlarda, o c\u00fcml\u0259d\u0259n Avropa \u015euras\u0131nda, Avropa Birliyind\u0259, BMT-d\u0259, AT\u018fT-in illik toplant\u0131lar\u0131nda Az\u0259rbaycanda insan h\u00fcquqlar\u0131n\u0131n durumu il\u0259 ba\u011fl\u0131 m\u00fcxt\u0259lif m\u00f6vzular \u2013 v\u0259killik, topla\u015fmaq, birl\u0259\u015fm\u0259k azadl\u0131\u011f\u0131, azad se\u00e7ki, i\u015fg\u0259nc\u0259l\u0259r\u0259 m\u0259ruz qalmamaq, \u0259dal\u0259tli m\u0259hk\u0259m\u0259 ara\u015fd\u0131rmas\u0131 h\u00fcququ, o s\u0131radan siyasi m\u0259hbus problemi il\u0259 ba\u011fl\u0131 m\u00f6vzular \u0259traf\u0131nda \u00e7oxsayl\u0131 \u00e7\u0131x\u0131\u015flar\u0131m, m\u0259ruz\u0259l\u0259rim olub. Bu \u00e7\u0131x\u0131\u015flarda hakimiyy\u0259tin h\u0259min sah\u0259l\u0259rd\u0259 f\u0259aliyy\u0259ti s\u0259rt t\u0259nqid olunub.\n  <\/div>\n<\/p>\n<p><div><\/div>\n<\/p>\n<p><div>\n    2014-c\u00fc ilin iyun ay\u0131nda Avropa \u015euras\u0131 Parlament Assambleyas\u0131n\u0131n Yay Sessiyas\u0131nda \u2013 Az\u0259rbaycan\u0131n bu qurumun Nazirl\u0259r Komit\u0259sin\u0259 s\u0259drliy\u0259 ba\u015flamas\u0131 il\u0259 ba\u011fl\u0131 \u00f6lk\u0259 prezidenti \u0130lham \u018fliyevin A\u015ePA \u00fczvl\u0259ri qar\u015f\u0131s\u0131nda m\u0259lum \u00e7\u0131x\u0131\u015f\u0131ndan bir g\u00fcn \u00f6nc\u0259 A\u015ePA \u00fczvl\u0259ri, A\u015e-\u0131n \u0259m\u0259kda\u015flar\u0131 v\u0259 media t\u0259msil\u00e7il\u0259ri \u00fc\u00e7\u00fcn t\u0259\u015fkil olunan t\u0259dbird\u0259 Az\u0259rbaycan\u0131n A\u015eNK-na s\u0259drliyi \u0259r\u0259f\u0259sind\u0259 \u00f6lk\u0259d\u0259 insan h\u00fcquqlar\u0131 sah\u0259sind\u0259 durumun daha da pisl\u0259\u015fm\u0259si, hakimiyy\u0259tin m\u00fcst\u0259qil v\u0259t\u0259nda\u015f c\u0259miyy\u0259tin\u0259 v\u0259 onlarla \u0259m\u0259kda\u015fl\u0131q ed\u0259n beyn\u0259lxalq t\u0259\u015fkilatlara basq\u0131lar\u0131n\u0131n g\u00fccl\u0259nm\u0259si, m\u00fcxt\u0259lif siyasi partiyalar\u0131n, m\u00fcst\u0259qil media v\u0259 qeyri-h\u00f6k\u00fcm\u0259t t\u0259\u015fkilatlar\u0131n\u0131n sistemli \u015f\u0259kild\u0259 s\u0131radan \u00e7\u0131xar\u0131lmas\u0131, siyasi m\u0259hbus problemi il\u0259 ba\u011fl\u0131 s\u0259rt t\u0259nqidi \u00e7\u0131x\u0131\u015f etmi\u015f\u0259m, h\u0259m\u00e7inin sessiya d\u00f6vr\u00fcnd\u0259 insan h\u00fcquqlar\u0131 sah\u0259sind\u0259 \u00e7al\u0131\u015fan n\u00fcfuzlu beyn\u0259lxalq t\u0259\u015fkilatlar\u0131n, xaricd\u0259 ya\u015fayan az\u0259rbaycanl\u0131lar\u0131n v\u0259 Bak\u0131da sessiyan\u0131n i\u015fin\u0259 qat\u0131lmaq \u00fc\u00e7\u00fcn g\u0259l\u0259n bir qrup v\u0259t\u0259nda\u015f c\u0259miyy\u0259ti f\u0259allar\u0131n\u0131n i\u015ftirak\u0131 il\u0259 ke\u00e7iril\u0259n dinc xarakterli etiraz toplant\u0131lar\u0131nda i\u015ftirak etmi\u015f\u0259m.\n  <\/div>\n<\/p>\n<p><div><\/div>\n<\/p>\n<p><div>\n    H\u0259min t\u0259dbird\u0259n bir g\u00fcn sonra \u0130.\u018fliyev A\u015ePA \u00fczvl\u0259ri qar\u015f\u0131s\u0131nda \u00e7\u0131x\u0131\u015f\u0131nda \u00f6lk\u0259d\u0259ki m\u00fcxalif\u0259tin, insan h\u00fcquqlar\u0131 sah\u0259sind\u0259 t\u0259\u015fkilatlar\u0131n v\u0259 onlarla \u0259m\u0259kda\u015fl\u0131q ed\u0259n qurumlar\u0131n \u00fcnvan\u0131na s\u0259rt ifad\u0259l\u0259r i\u015fl\u0259tmi\u015fdi. A\u015ePA-n\u0131n h\u0259min sessiyas\u0131ndan sonra onun i\u015fin\u0259 qat\u0131lan v\u0259t\u0259nda\u015f c\u0259miyy\u0259ti t\u0259msil\u00e7il\u0259ri haqq\u0131nda, o c\u00fcml\u0259d\u0259n m\u0259nim bar\u0259md\u0259 h\u00f6k\u00fcm\u0259ty\u00f6nl\u00fc K\u0130V-l\u0259rd\u0259 sistemli \u015f\u0259kild\u0259 qara piar kompaniyas\u0131na start verildi. Bizi satq\u0131n, d\u00fc\u015fm\u0259n, Az\u0259rbaycanda zorla hakimiyy\u0259t d\u0259yi\u015fikliyin\u0259 \u00e7al\u0131\u015fan xarici q\u00fcvv\u0259l\u0259rin be\u015finci kolonu kimi t\u0259qdim edirdil\u0259r.<br \/>\n    <br \/>\n    A\u015ePA-n\u0131n Yay Sessiyas\u0131ndan \u00e7ox q\u0131sa m\u00fcdd\u0259t sonra \u2013 avqust ay\u0131n\u0131n \u0259vv\u0259lind\u0259 m\u0259ni v\u0259 h\u0259min t\u0259dbird\u0259 \u00e7\u0131x\u0131\u015f ed\u0259n QHT lideri R\u0259sul C\u0259f\u0259rovu h\u0259bs etdil\u0259r. T\u0259dbir\u0259 qat\u0131lan ba\u015fqa bir QHT lideri- G\u00fclnar\u0259 Axundova bar\u0259sind\u0259 cinay\u0259t i\u015fi qald\u0131r\u0131lsa da o \u00f6lk\u0259ni t\u0259rk etm\u0259kl\u0259 cinay\u0259t t\u0259qibind\u0259n yaxa qurtara bildi. Bar\u0259sind\u0259 cinay\u0259ti\u015fi qald\u0131r\u0131lm\u0131\u015f v\u0259 h\u0259bs q\u0259rar\u0131 se\u00e7ilmi\u015f daha bir QHT lideri \u0130sve\u00e7r\u0259nin Az\u0259rbaycandak\u0131 S\u0259firliyin\u0259 s\u0131\u011f\u0131n\u0131b v\u0259 bunun hesab\u0131na h\u0259l\u0259 ki, yar\u0131mazadl\u0131qdad\u0131r.\n  <\/div>\n<\/p>\n<p><div><\/div>\n<\/p>\n<p><div>\n    \u0130.\u018fliyevin h\u0259bsimizd\u0259n \u00e7ox az sonra \u2013 2014-c\u00fc ilin avqustunda Beyl\u0259qanda G\u0259ncl\u0259r M\u0259rk\u0259zinin a\u00e7\u0131l\u0131\u015f\u0131ndan sonra rayon g\u0259ncl\u0259rinin v\u0259 ictimaiyy\u0259tin n\u00fcmay\u0259nd\u0259l\u0259ri il\u0259 g\u00f6r\u00fc\u015f\u00fcnd\u0259 s\u0259sl\u0259ndirdiyi fikirl\u0259r m\u00fcst\u0259qil v\u0259t\u0259nda\u015f c\u0259miyy\u0259ti qurumlar\u0131na v\u0259 onlar\u0131n liderl\u0259rin\u0259 qar\u015f\u0131 basq\u0131lara \u00f6lk\u0259 r\u0259hb\u0259rliyinin xeyir-duas\u0131 il\u0259 start verildiyini t\u0259sdiql\u0259yir: \u201cBu g\u00fcn Az\u0259rbaycan\u0131n u\u011furlu inki\u015faf\u0131n\u0131 he\u00e7 d\u0259 h\u0259r k\u0259s q\u0259bul etmir. \u00d6lk\u0259 daxilind\u0259 d\u0259 milli satq\u0131nlar var ki, onlar xarici antiaz\u0259rbaycan dair\u0259l\u0259rin\u0259 \u00f6z vicdanlar\u0131n\u0131 sat\u0131blar. Biz bunu bilirik. M\u0259n bir prezident kimi g\u00fcnd\u0259lik f\u0259aliyy\u0259timd\u0259 bu satq\u0131nlara qar\u015f\u0131 m\u00fcbariz\u0259 apar\u0131ram.\u201d\n  <\/div>\n<\/p>\n<p><div><\/div>\n<\/p>\n<p><div>\n    Ox\u015far m\u0259zmunlu a\u00e7\u0131qlamalar v\u0259 \u015f\u0259rhl\u0259r m\u00fcnt\u0259z\u0259m olaraq y\u00fcks\u0259k s\u0259viyy\u0259li dig\u0259r d\u00f6vl\u0259t r\u0259smil\u0259rinin d\u0259 dill\u0259rid\u0259n s\u0259sl\u0259ndirilir. M\u0259s\u0259l\u0259n, Prezident Adminstrasiyas\u0131n\u0131n r\u0259hb\u0259ri R.Mehdiyev\u00a0 \u201cVestnik Kavkaza\u201d adl\u0131 sayta \u00f6t\u0259n ilin sentyabr ay\u0131nda verdiyi m\u00fcsahib\u0259d\u0259 d\u0259 h\u0259bsimizin \u0259sl motivl\u0259rin\u0259 \u0259slind\u0259 ayd\u0131nl\u0131q g\u0259tirib: \u201cB\u0259zi t\u0259\u015fkilatlar, m\u0259s\u0259l\u0259n S\u00fclh v\u0259 Demokratiya \u0130nstitutu (Leyla Yunusun r\u0259hb\u0259ri oldu\u011fu t\u0259\u015fkilat \u2013 \u0130.\u018f.), Jurnalistl\u0259rin T\u0259hl\u00fck\u0259sizliyi v\u0259 Azadl\u0131\u011f\u0131 \u0130nstitutu (Emin H\u00fcseynovun r\u0259hb\u0259ri oldu\u011fu t\u0259\u015fkilat \u2013 \u0130.\u018f.), H\u00fcquq Maarif\u00e7iliyi C\u0259miyy\u0259ti (m\u0259nim r\u0259hb\u0259ri oldu\u011fum t\u0259\u015fkilat \u2013 \u0130.\u018f.), Demokratiyan\u0131n Monitorinqi v\u0259 T\u0259drisi M\u0259rk\u0259zi (Anar M\u0259mm\u0259dlinin r\u0259hb\u0259ri oldu\u011fu t\u0259\u015fkilat \u2013 \u0130.\u018f.) v\u0259 dig\u0259rl\u0259ri insan h\u00fcquqlar\u0131n\u0131n m\u00fcdafi\u0259si alt\u0131nda beyn\u0259lxalq t\u0259\u015fkilatlardan ald\u0131qlar\u0131 b\u00f6y\u00fck qrantlar\u0131 m\u00fcxt\u0259lif \u00fcnvanlara hesabatlar\u0131n g\u00f6nd\u0259rilm\u0259si v\u0259 Az\u0259rbaycan\u0131n t\u0259msil olundu\u011fu t\u0259\u015fkilatlarda anti\u2013Az\u0259rbaycan kampaniyalar\u0131n\u0131n t\u0259\u015fkilin\u0259 s\u0259rf edirl\u0259r.\u201d<br \/>\n    <br \/>\n    Yeri g\u0259lmi\u015fk\u0259n, d\u00f6vl\u0259t r\u0259smil\u0259rinin son d\u00f6vrl\u0259rd\u0259 g\u00fccl\u0259n\u0259n anti-Q\u0259rb ritorikas\u0131 ist\u0259r-ist\u0259m\u0259z b\u0259zi suallar da do\u011furur: Q\u0259rb, Avropa Az\u0259rbaycan\u0131n d\u00fc\u015fm\u0259nidirs\u0259, niy\u0259 \u00f6lk\u0259miz Avropa \u015euras\u0131n\u0131n, AT\u018fT-in v\u0259 dig\u0259r beyn\u0259lxalq qurumlar\u0131n v\u0259 konvensiyalar\u0131n \u00fczv\u00fc olaraq qal\u0131r; niy\u0259 d\u00f6vl\u0259t b\u00fcdc\u0259sind\u0259n k\u00fclli miqdarda v\u0259saitl\u0259r Avropada muzeyl\u0259rin, tarixi abid\u0259l\u0259rin b\u0259rpas\u0131na v\u0259 qeyri-tarixi abid\u0259l\u0259rin tikintisin\u0259, Avropa \u201cbayra\u011f\u0131\u201d alt\u0131nda bahal\u0131 mahn\u0131 m\u00fcsabiq\u0259l\u0259rinin, idman oyunlar\u0131n\u0131n, m\u00fcxt\u0259lif \u00e7empionatlar\u0131n t\u0259\u015fkilin\u0259 s\u0259rf olunur; niy\u0259 Avropaya neft v\u0259 qaz sat\u0131r\u0131q; niy\u0259 valyuta ehtiyatlar\u0131m\u0131z\u0131n \u0259h\u0259miyy\u0259tli hiss\u0259sini Avropan\u0131n banklar\u0131nda saxlay\u0131r\u0131q ?!\n  <\/div>\n<\/p>\n<p><div><\/div>\n<\/p>\n<p><div>\n    Yox, \u0259g\u0259r Avropa Az\u0259rbaycan\u0131n d\u00fc\u015fm\u0259ni deyils\u0259, niy\u0259 Avropaya inteqrasiya t\u0259r\u0259fdarlar\u0131n\u0131 h\u0259bs\u0259 at\u0131r\u0131q, t\u0259\u015fkilatlar\u0131n\u0131 qapad\u0131r\u0131q; Avropan\u0131n, Q\u0259rbin n\u00fcfuzlu t\u0259\u015fkilatlar\u0131n\u0131 \u00f6lk\u0259d\u0259n qovuruq, onlar\u0131 s\u00f6y\u00fcr\u00fck, t\u0259msil\u00e7il\u0259rini \u00f6lk\u0259y\u0259 buraxm\u0131r\u0131q ?!\n  <\/div>\n<\/p>\n<p><div><\/div>\n<\/p>\n<p><div>\n    Bu nec\u0259 olur ki, Avropa, Q\u0259rb Az\u0259rbaycanda ke\u00e7iril\u0259n saxta se\u00e7kil\u0259ri d\u0259st\u0259kl\u0259y\u0259nd\u0259 dostumuz, \u0259zizimiz olur, insan haqlar\u0131, demokratiya sah\u0259sind\u0259 \u00f6hd\u0259likl\u0259rini Az\u0259rbaycan hakimiyy\u0259tin\u0259 xat\u0131rladanda, siyasi motivli h\u0259bsl\u0259r\u0259, v\u0259t\u0259nda\u015f c\u0259miyy\u0259tin\u0259 basq\u0131lara h\u0259tta yum\u015faq \u015f\u0259kild\u0259 (q\u0259tnam\u0259 v\u0259 b\u0259yanatlardan uza\u011fa getm\u0259y\u0259n) reaksiya ver\u0259nd\u0259 pis?!\n  <\/div>\n<\/p>\n<p><div><\/div>\n<\/p>\n<p><div>\n    Yeri g\u0259lmi\u015fk\u0259n, A\u015ePA-n\u0131n 2013-c\u00fc ild\u0259 ke\u00e7iril\u0259n Q\u0131\u015f Sessiyas\u0131nda Az\u0259rbaycanda siyasi m\u0259hbuslarla ba\u011fl\u0131 m\u0259s\u0259l\u0259nin m\u00fczakir\u0259sind\u0259 Avropan\u0131n \u00f6lk\u0259d\u0259 siyasi m\u0259hbuslar\u0131n m\u00f6vcudlu\u011funu inkar ed\u0259n Az\u0259rbaycan hakimiyy\u0259tin\u0259 d\u0259st\u0259k verm\u0259si, bu problemin h\u0259llin\u0259, v\u0259t\u0259nda\u015f c\u0259miyy\u0259tin\u0259 \u00e7ox ciddi z\u0259rb\u0259 idi. Avropan\u0131n demokratik d\u00f6vl\u0259tl\u0259ri \u00f6z \u00f6lk\u0259l\u0259rinin v\u0259t\u0259nda\u015flar\u0131n\u0131n qaz v\u0259 enerji il\u0259 t\u0259min edilm\u0259si namin\u0259 Az\u0259rbaycanda siyasi bax\u0131\u015flar\u0131na, f\u0259rqli d\u00fc\u015f\u00fcnc\u0259l\u0259rin\u0259 g\u00f6r\u0259 jurnalistl\u0259rin, siyasil\u0259rin, ictimai f\u0259allar\u0131n h\u0259bs\u0259 at\u0131lmas\u0131na b\u0259ra\u0259t qazand\u0131ran q\u0259rara s\u0259s verdil\u0259r. Dey\u0259 bilm\u0259r\u0259m, q\u0259rar f\u0259rqli olsayd\u0131, Az\u0259rbaycanda siyasi m\u0259hbus problemi h\u0259llini tapacaqdi ya yox, amma onu \u0259minlikl\u0259 dey\u0259 bil\u0259r\u0259m ki, bu q\u0259l\u0259b\u0259d\u0259n ruhlanan Az\u0259rbaycan hakimiyy\u0259ti \u00f6lk\u0259d\u0259 v\u0259t\u0259nda\u015f c\u0259miyy\u0259tin\u0259 qar\u015f\u0131 repressiyalar\u0131 daha da g\u00fccl\u0259ndirdi, saxta ittihamlarla \u00e7oxsayl\u0131 insanlar h\u0259bs\u0259 at\u0131ld\u0131.\n  <\/div>\n<\/p>\n<p><div><\/div>\n<\/p>\n<p><div>\n    Az\u0259rbaycan\u0131n Avropa \u015euras\u0131na Nazirl\u0259r Komit\u0259sin\u0259 s\u0259drliyi d\u00f6vr\u00fcnd\u0259 is\u0259 repressiyalar pik h\u0259ddin\u0259 \u00e7atd\u0131. Onlarla yerli t\u0259\u015fkilatlar v\u0259 bir s\u0131ra beyn\u0259lxalq qurumlar ( NED, \u0130REX, Oxfam, Norve\u00e7 \u0130nsan H\u00fcquqlar\u0131 Evi Fondu, Mar\u015fal Fondu v\u0259 s.) cinay\u0259t i\u015fl\u0259ri il\u0259 h\u0259d\u0259f\u0259 al\u0131nd\u0131; onlar\u0131n bank hesablar\u0131na h\u0259bs qoyuldu, vergi v\u0259 prokurorluq orqanlar\u0131 onlar\u0131n f\u0259aliyy\u0259tini yoxlama\u011fa ba\u015flad\u0131, \u0259ks\u0259r QHT-l\u0259r\u0259 qar\u015f\u0131 y\u00fcks\u0259k c\u0259rim\u0259l\u0259r t\u0259yin olundu, onlarla f\u0259al cinay\u0259t t\u0259qibind\u0259n yaxa qurtarmaq m\u0259qs\u0259dil\u0259 \u00f6lk\u0259ni t\u0259rk etm\u0259k m\u0259cburiyy\u0259tind\u0259 qald\u0131lar.<br \/>\n    <br \/>\n    \u00d6lk\u0259d\u0259 qalan v\u0259 tutulmaq t\u0259hl\u00fck\u0259si ba\u015f\u0131n\u0131n \u00fcz\u0259rind\u0259 Demokl q\u0131l\u0131nc\u0131 kimi as\u0131lan QHT liderl\u0259rin\u0259 h\u00f6k\u00fcm\u0259t cinay\u0259t i\u015fl\u0259ri il\u0259 mesaj verir ki, onlar\u0131n h\u0259r birini ist\u0259nil\u0259n vaxt vergi yay\u0131nmas\u0131na, m\u0259nims\u0259m\u0259, qanunsuz sahibkarl\u0131q, d\u0259l\u0259duzluq, v\u0259t\u0259n\u0259 x\u0259yan\u0259t madd\u0259l\u0259ri il\u0259 cinay\u0259t m\u0259suliyy\u0259tin\u0259 c\u0259lb ed\u0259 bil\u0259rl\u0259r.\n  <\/div>\n<\/p>\n<p><div><\/div>\n<\/p>\n<p><div>\n    \u0130ndi \u0259minlikl\u0259 dem\u0259k olar ki, \u00f6lk\u0259d\u0259 m\u00fcst\u0259qil v\u0259t\u0259nda\u015f c\u0259miyy\u0259ti yoxdur, o, m\u0259hv edilib, h\u0259r an h\u0259bs olunmaq t\u0259hl\u00fck\u0259si il\u0259 \u00fcz-\u00fcz\u0259 qalaraq m\u00fcbariz\u0259ni davam etdir\u0259n dissidentl\u0259r var.\n  <\/div>\n<\/p>\n<p><div><\/div>\n<\/p>\n<p><div>\n    Bel\u0259 situasiyada siyasi m\u0259hbus probleminin h\u0259lli d\u0259 \u00e7ox dumanl\u0131 g\u00f6r\u00fcn\u00fcr. T\u0259kc\u0259 ona g\u00f6r\u0259 yox ki, bu problemin h\u0259llind\u0259 prinsipial m\u00f6vqeyi il\u0259 se\u00e7il\u0259n f\u0259allar ya h\u0259bsd\u0259dirl\u0259r, ya da h\u0259bs olunmaq t\u0259hl\u00fck\u0259si alt\u0131nda. H\u0259m d\u0259 ona g\u00f6r\u0259 ki, bu problem sisteml\u0259 ba\u011fl\u0131 problemdir: hakimiyy\u0259t b\u00f6lg\u00fcs\u00fcn\u00fcn, siyasi pluralizmin, azad median\u0131n, \u0259dal\u0259tli se\u00e7kil\u0259rin, m\u00fcst\u0259qil m\u0259hk\u0259m\u0259l\u0259rin, g\u00fccl\u00fc v\u0259killiyin v\u0259 v\u0259t\u0259nda\u015f c\u0259miyy\u0259ti institutlar\u0131n\u0131n olmad\u0131\u011f\u0131 \u00f6lk\u0259d\u0259 siyasi m\u0259hbus problem h\u0259mi\u015f\u0259 aktual olaraq qalacaq. Az\u0259rbaycanda is\u0259 bunlar\u0131n he\u00e7 biri yoxdur. Qondarma i\u015f\u00e7i qruplar\u0131, daha \u00e7ox h\u00f6k\u00fcm\u0259tin v\u0259kill\u0259ri rolunda \u00e7\u0131x\u0131\u015f ed\u0259n m\u0259ruz\u0259\u00e7il\u0259r uzun ill\u0259rdir alver predmetin\u0259 \u00e7evril\u0259n \u0259fvl\u0259r bu problemi h\u0259ll ed\u0259 bilm\u0259z. Bunu h\u0259m \u00f6z\u00fcm\u00fcz\u00fcn anlama\u011f\u0131m\u0131z, h\u0259m d\u0259 ba\u015fqalar\u0131na anlatma\u011f\u0131m\u0131z g\u0259r\u0259k.\n  <\/div>\n<\/p>\n<p><div><\/div>\n<\/p>\n<p><div>\n    Azadl\u0131\u011fa \u00e7\u0131xmaq h\u0259bsd\u0259 olan h\u0259r k\u0259sin arzusu. Amma d\u00fc\u015f\u00fcn\u0259nd\u0259 ki, bu g\u00fcn bir irad\u0259 \u0259sas\u0131nda bo\u015falan siyah\u0131lar, sabah el\u0259 h\u0259min irad\u0259 \u0259sas\u0131nda h\u00fcrr ist\u0259y\u0259n \u00f6vladlar\u0131m\u0131z\u0131n, yax\u0131nlar\u0131m\u0131z\u0131n, dostlar\u0131m\u0131z\u0131n, hesab\u0131na yenid\u0259n dolacaq bu c\u00fcr azadl\u0131\u011f\u0131n y\u00fck\u00fc\u00a0 \u00e7ox a\u011f\u0131r g\u0259lir adama.<br \/>\n    <br \/>\n    D\u00f6vl\u0259t ittiham\u00e7\u0131s\u0131 m\u0259n\u0259 10 il h\u0259bs c\u0259zas\u0131 ist\u0259di. \u201cYax\u015f\u0131 qurtard\u0131m\u201d dey\u0259 reaksiya verdim. Yet\u0259rinc\u0259 ciddi idim.<br \/>\n    <br \/>\n    Bu \u00f6lk\u0259d\u0259 f\u0259rqli d\u00fc\u015f\u00fcnc\u0259y\u0259 sahib olmaq; t\u0259nqid\u00e7i median\u0131n, jurnalistl\u0259rin, m\u00fcxalif, siyasil\u0259rin, v\u0259 g\u0259nc f\u0259allar\u0131n, m\u00fclkl\u0259ri s\u00f6k\u00fcl\u0259nl\u0259rin, polis idar\u0259l\u0259rind\u0259, h\u0259bsxanalarda i\u015fg\u0259nc\u0259l\u0259r\u0259 m\u0259ruz qalanlar\u0131n h\u00fcquqlar\u0131n\u0131 yerli m\u0259hk\u0259m\u0259l\u0259rd\u0259 m\u00fcdafi\u0259 etm\u0259k, pozuntular\u0131 beyn\u0259lxalq m\u0259hk\u0259m\u0259l\u0259rin m\u00fczakir\u0259sin\u0259 \u00e7\u0131xarmaq; orduda \u0259sg\u0259rl\u0259rimizin dinc \u015f\u0259raitd\u0259 \u00f6ld\u00fcr\u00fclm\u0259sin\u0259, korrupsiyaya, monopoliyaya, qiym\u0259tl\u0259rin art\u0131r\u0131lmas\u0131na, m\u00fc\u0259llimin\u0259, h\u0259kimin\u0259, 150-200 manat \u0259m\u0259k haqq\u0131 ver\u0259n, \u0259halisinin \u0259ks\u0259riyy\u0259ti yoxsulluq h\u0259ddind\u0259 ya\u015fayan, b\u00f6y\u00fck i\u015fsizl\u0259r ordusu olan, h\u0259l\u0259 d\u0259 qazs\u0131z, susuz, yolsuz k\u0259ndl\u0259ri olan \u00f6lk\u0259d\u0259 d\u00f6vl\u0259t b\u00fcdc\u0259sind\u0259n h\u0259r il G\u00fcl Bayram\u0131na 50-60 milyon x\u0259rcl\u0259nm\u0259sin\u0259, milyarlarla v\u0259saitin bahal\u0131 layih\u0259l\u0259r\u0259 &#8211; musiqi v\u0259 idman yar\u0131\u015flar\u0131na x\u0259rcl\u0259nm\u0259sin\u0259 etiraza etm\u0259k, se\u00e7ki se\u00e7ki saxtakarl\u0131qlar\u0131 v\u0259 insan h\u00fcquqlar\u0131n\u0131n pozuntular\u0131 il\u0259 ba\u011fl\u0131 monitorinql\u0259r aparmaq, h\u00f6k\u00fcm\u0259tin siyas\u0259tini t\u0259nqid ed\u0259n yaz\u0131lar yazmaq, ara\u015fd\u0131rmalar aparmaq, hesabatlar haz\u0131rlamaq v\u0259 yaymaq, siyasi m\u0259hbuslar\u0131n siyah\u0131s\u0131n\u0131 haz\u0131rlamaq, onlar\u0131n azadl\u0131\u011fa burax\u0131lmas\u0131n\u0131 t\u0259l\u0259b etm\u0259k, bu problemi \u00f6lk\u0259 daxilind\u0259 v\u0259 beyn\u0259lxalq t\u0259dbirl\u0259rd\u0259 qald\u0131rmaq bu \u00f6lk\u0259d\u0259 cinay\u0259t say\u0131l\u0131r.\n  <\/div>\n<\/p>\n<p><div><\/div>\n<\/p>\n<p><div>\n    M\u0259n bu v\u0259 buna ox\u015far \u00e7oxsayl\u0131 dig\u0259r cinay\u0259tl\u0259ri t\u00f6r\u0259tdiyimi v\u0259 bununla da d\u00f6vl\u0259tin maraqlar\u0131na v\u0259 n\u00fcfuzuna a\u011f\u0131r z\u0259rb\u0259 vurdu\u011fumu, d\u00fc\u015fm\u0259nl\u0259rimizin d\u0259yirman\u0131na \u00e7oxlu su t\u00f6kd\u00fcy\u00fcm\u00fc etiraf edir\u0259m. Bu anlamda prokurorun m\u0259n\u0259 10 il i\u015f ist\u0259m\u0259si o q\u0259d\u0259r d\u0259 a\u011f\u0131r c\u0259za deyil.<br \/>\n    <br \/>\n    M\u0259nim v\u0259 QHT-l\u0259r\u0259 qar\u015f\u0131 qald\u0131r\u0131lan cinay\u0259t i\u015fl\u0259rind\u0259 x\u00fcsusi f\u0259all\u0131\u011f\u0131 v\u0259 canf\u0259\u015fanl\u0131\u011f\u0131 il\u0259 se\u00e7il\u0259n m\u00fcst\u0259ntiql\u0259rd\u0259n biri q\u0131z\u0131ma demi\u015fdi ki, \u201cimkan olanda atandan soru\u015f ki, beyn\u0259lxalq t\u0259dbirl\u0259rd\u0259 daim h\u00f6k\u00fcm\u0259ti t\u0259nqid edir, beyn\u0259lxalq al\u0259md\u0259 onun s\u00f6z\u00fcn\u00fc bel\u0259 e\u015fidirl\u0259rs\u0259, niy\u0259 h\u0259min t\u0259dbirl\u0259rd\u0259 bir d\u0259f\u0259 d\u0259 olsun Qaraba\u011f problemini qald\u0131rmay\u0131b\u201d.\u00a0 Bu ittiham\u0131 tez-tez m\u0259nim v\u0259 dostlar\u0131m\u0131n \u00fcnvan\u0131na s\u0259sl\u0259ndirirl\u0259r, ona g\u00f6r\u0259 m\u00fcnasib\u0259timi bildirm\u0259yi vacib sayd\u0131m. \u00c7oxlar\u0131 kimi m\u0259n d\u0259 \u0259min\u0259m ki, Qaraba\u011f probleminin h\u0259lli ilk n\u00f6vb\u0259d\u0259 h\u0259r iki \u00f6lk\u0259d\u0259 demokratiyadan, insan h\u00fcquqlar\u0131n\u0131n t\u0259min olunmas\u0131ndan, hakimiyy\u0259tl\u0259rin azad se\u00e7ki yolu il\u0259 formala\u015fd\u0131r\u0131lmas\u0131ndan, toplumun taley\u00fckl\u00fc m\u0259s\u0259l\u0259l\u0259rl\u0259 ba\u011fl\u0131 q\u0259rarlar\u0131n q\u0259bulunda i\u015ftirak\u0131ndan ke\u00e7ir. Biz d\u0259 h\u0259m \u00f6lk\u0259 daxilind\u0259, h\u0259m d\u0259 beyn\u0259lxalq t\u0259dbirl\u0259rd\u0259 bu probleml\u0259ri qald\u0131rd\u0131q v\u0259 buna g\u00f6r\u0259 indi h\u0259bsd\u0259yik.\n  <\/div>\n<\/p>\n<p><div><\/div>\n<\/p>\n<p><div>\n    <i><br \/>\n      Amma n\u0259 bu \u0259m\u0259ll\u0259ri t\u00f6r\u0259tdiyim\u0259, n\u0259 d\u0259 h\u0259bsim\u0259 g\u00f6r\u0259 azac\u0131q da olsa pe\u015fiman\u00e7\u0131l\u0131q hissi ke\u00e7irir\u0259m, h\u0259bsd\u0259 d\u0259, h\u0259bsd\u0259n \u00e7\u0131xandan sonra da bu f\u0259aliy\u0259tl\u0259rimi davam etdirm\u0259k niyy\u0259tind\u0259y\u0259m. H\u0259bsd\u0259 olan\u00a0 dostlar\u0131mla, \u0259qid\u0259 yolda\u015flar\u0131mla m\u0259hbusluq h\u0259yat\u0131n\u0131 b\u00f6l\u00fc\u015fm\u0259kd\u0259n \u015f\u0259r\u0259f duyuram. H\u0259bsl\u0259r bizim azadl\u0131\u011f\u0131m\u0131z\u0131 \u0259limizd\u0259n ala bil\u0259r, azadl\u0131q ist\u0259yimizi yox. Azad insan h\u0259r yerd\u0259 azadd\u0131r.<br \/>\n    <\/i><br \/>\n    <br \/>\n    <i><br \/>\n      Tofiq Yaqublu, \u0130lqar M\u0259mm\u0259dov, Yadigar Sadiqli, indi azadl\u0131qda olan d\u0259y\u0259rli dostlar\u0131m azadl\u0131qda olanda s\u00f6yl\u0259dikl\u0259rini, yazd\u0131qlar\u0131n\u0131 h\u0259bsxanada da s\u00f6yl\u0259yirl\u0259r v\u0259 yaz\u0131rlar.<br \/>\n    <\/i><br \/>\n    <br \/>\n    <i><br \/>\n      \u0130lkin R\u00fcst\u0259mzad\u0259nin, R\u0259\u015fad\u0131n, R\u0259\u015fad\u0259tin v\u0259 dig\u0259r g\u0259nc dostlar\u0131m\u0131z\u0131n mubariz\u0259 ruhunu he\u00e7 bir h\u0259bxana, kars q\u0131ra bilm\u0259z.<br \/>\n    <\/i><br \/>\n    <br \/>\n    <i><br \/>\n      Leyla Yunusun t\u0259kc\u0259 h\u0259bsinin \u00f6z\u00fc hakimiyy\u0259t\u0259 meydan oxumaqd\u0131r.<br \/>\n    <\/i><br \/>\n    <br \/>\n    <i><br \/>\n      M\u00f6vs\u00fcm S\u0259m\u0259do\u011flunun, Abg\u00fcl S\u00fcleymanovun, Taleh Ba\u011f\u0131rzad\u0259nin, Nem\u0259t P\u0259nahl\u0131n\u0131n haqq s\u0259sl\u0259rini h\u0259tta Qobustan\u0131n Qapal\u0131 T\u0259cridxanas\u0131n\u0131n d\u0259mir qap\u0131lar\u0131 k\u0259s\u0259 bilm\u0259z.<br \/>\n    <\/i><br \/>\n    <br \/>\n    <i><br \/>\n      Seymur H\u0259zinin m\u0259hk\u0259m\u0259 \u00e7\u0131x\u0131\u015f\u0131 onun \u201cAz\u0259rbaycan Saat\u0131\u201dndak\u0131 \u00e7\u0131x\u0131\u015flar\u0131ndan az k\u0259s\u0259rli deyil.<br \/>\n    <\/i><br \/>\n    <br \/>\n    <i><br \/>\n      X\u0259dic\u0259 \u0130smay\u0131l\u0131n s\u0259rt senzura s\u0259b\u0259bind\u0259n yaza v\u0259 dey\u0259 bilm\u0259dikl\u0259rinin k\u0259s\u0259ri onun azadl\u0131qda olanda yazd\u0131qlar\u0131ndan v\u0259 dedikl\u0259rind\u0259n az k\u0259s\u0259rli deyil.<br \/>\n    <\/i>\n  <\/div>\n<\/p>\n<p><div><\/div>\n<\/p>\n<p><div>\n    H\u0259r bir qaranl\u0131q gec\u0259nin i\u015f\u0131ql\u0131 s\u0259h\u0259ri var. Baraman\u0131n i\u00e7ind\u0259 z\u00fclm\u0259t qaranl\u0131q olur. Adama el\u0259 g\u0259lir ki, o z\u00fclm\u0259td\u0259n \u00e7\u0131x\u0131\u015f yolu yoxdur. Amma \u0259slind\u0259 o qaranl\u0131\u011f\u0131n, z\u00fclm\u0259tin i\u00e7ind\u0259 d\u0259 t\u0131rt\u0131l\u0131n k\u0259p\u0259n\u0259y\u0259 \u00e7evrilm\u0259si prosesi gedir. Zaman\u0131 g\u0259l\u0259nd\u0259 m\u00fctl\u0259q qaranl\u0131q i\u015f\u0131\u011fa, dur\u011funluq azadl\u0131\u011fa \u00e7evril\u0259c\u0259k, k\u0259p\u0259n\u0259k \u00fcz\u0259 \u00e7\u0131xacaq.\n  <\/div>\n<\/p>\n<p><div><\/div>\n<\/p>\n<p><div>\n    Sonda azadl\u0131qlar\u0131 hesab\u0131na bu \u00f6lk\u0259d\u0259\n  <\/div>\n<\/p>\n<p><div><\/div>\n<\/p>\n<p><div>\n    Azadl\u0131qda olan, amma h\u0259yatlar\u0131n\u0131, azadl\u0131qlar\u0131n\u0131 risk alt\u0131na ataraq h\u0259m bizim azadl\u0131\u011fa \u00e7\u0131xma\u011f\u0131m\u0131z, h\u0259m d\u0259 \u00f6vladlar\u0131m\u0131z\u0131n \u0259dal\u0259tli c\u0259miyy\u0259td\u0259 ya\u015famalar\u0131 u\u011frunda m\u00fcbariz\u0259 aparan h\u0259r k\u0259s\u0259 sonsuz t\u0259\u015f\u0259kk\u00fcrl\u0259r. Biz n\u0259 q\u0259d\u0259r \u00e7\u0259tin \u015f\u0259raitd\u0259 f\u0259aliyy\u0259t g\u00f6st\u0259rdiyinizi bilirik v\u0259 sizl\u0259rl\u0259 q\u00fcrur duyuruq.\n  <\/div>\n<\/p>\n<p><div><\/div>\n<\/p>\n<p><div>\n    Biz\u0259 d\u0259st\u0259k ver\u0259n h\u00f6k\u00fcm\u0259tl\u0259r\u0259, beyn\u0259lxalq qurumlara, xaricd\u0259ki h\u0259mkarlar\u0131m\u0131za v\u0259 adi insanlara minn\u0259tdarl\u0131\u011f\u0131m\u0131z\u0131 bildiririk. Bu d\u0259st\u0259yin bizim \u00fc\u00e7\u00fcn d\u0259y\u0259ri \u00e7ox b\u00f6y\u00fck.\n  <\/div>\n<\/p>\n<p><div><\/div>\n<\/p>\n<p><div>\n    D\u0259y\u0259rli v\u0259kill\u0259rim\u0259 d\u0259st\u0259kl\u0259rin\u0259 g\u00f6r\u0259 x\u00fcsusi minn\u0259tdarl\u0131\u011f\u0131m\u0131 bildirir\u0259m. Bu \u00f6lk\u0259d\u0259 siyasi prosesl\u0259rd\u0259 i\u015ftirak etm\u0259k cinay\u0259t\u0259 b\u0259rab\u0259r say\u0131l\u0131r.\n  <\/div>\n<\/p>\n<p><div><\/div><\/p>\n","protected":false},"excerpt":{"rendered":"<p>&#8220;Azadl\u0131qda olan, amma h\u0259yatlar\u0131n\u0131, azadl\u0131qlar\u0131n\u0131 risk alt\u0131na ataraq h\u0259m bizim azadl\u0131\u011fa \u00e7\u0131xma\u011f\u0131m\u0131z, h\u0259m d\u0259 \u00f6vladlar\u0131m\u0131z\u0131n \u0259dal\u0259tli c\u0259miyy\u0259td\u0259 ya\u015famalar\u0131 u\u011frunda m\u00fcbariz\u0259 aparan h\u0259r k\u0259s\u0259 sonsuz t\u0259\u015f\u0259kk\u00fcrl\u0259r. Biz n\u0259 q\u0259d\u0259r \u00e7\u0259tin \u015f\u0259raitd\u0259 f\u0259aliyy\u0259t g\u00f6st\u0259rdiyinizi bilirik v\u0259 sizl\u0259rl\u0259 q\u00fcrur duyuruq&#8221;<\/p>\n","protected":false},"author":11,"featured_media":23081,"comment_status":"closed","ping_status":"open","sticky":false,"template":"","format":"standard","meta":{"_acf_changed":false,"_sitemap_exclude":false,"_sitemap_priority":"","_sitemap_frequency":"","footnotes":""},"categories":[56],"tags":[],"class_list":["post-167642","post","type-post","status-publish","format-standard","has-post-thumbnail","hentry","category-xeberler","infinite-scroll-item","generate-columns","tablet-grid-50","mobile-grid-100","grid-parent","grid-33","no-featured-image-padding"],"acf":[],"yoast_head":"<!-- This site is optimized with the Yoast SEO plugin v28.4 - https:\/\/yoast.com\/product\/yoast-seo-wordpress\/ -->\n<title>\u0130ntiqam \u018fliyevin m\u0259hk\u0259m\u0259d\u0259 son s\u00f6z\u00fc - MEYDAN.TV<\/title>\n<meta name=\"robots\" content=\"index, follow, max-snippet:-1, max-image-preview:large, max-video-preview:-1\" \/>\n<link rel=\"canonical\" href=\"https:\/\/www.meydan.tv\/az\/article\/intiqam-eliyevin-mehkemede-son-sozu\/\" \/>\n<meta property=\"og:locale\" content=\"az_AZ\" \/>\n<meta property=\"og:type\" content=\"article\" \/>\n<meta property=\"og:title\" content=\"\u0130ntiqam \u018fliyevin m\u0259hk\u0259m\u0259d\u0259 son s\u00f6z\u00fc - MEYDAN.TV\" \/>\n<meta property=\"og:description\" content=\"&quot;Azadl\u0131qda olan, amma h\u0259yatlar\u0131n\u0131, azadl\u0131qlar\u0131n\u0131 risk alt\u0131na ataraq h\u0259m bizim azadl\u0131\u011fa \u00e7\u0131xma\u011f\u0131m\u0131z, h\u0259m d\u0259 \u00f6vladlar\u0131m\u0131z\u0131n \u0259dal\u0259tli c\u0259miyy\u0259td\u0259 ya\u015famalar\u0131 u\u011frunda m\u00fcbariz\u0259 aparan h\u0259r k\u0259s\u0259 sonsuz t\u0259\u015f\u0259kk\u00fcrl\u0259r. Biz n\u0259 q\u0259d\u0259r \u00e7\u0259tin \u015f\u0259raitd\u0259 f\u0259aliyy\u0259t g\u00f6st\u0259rdiyinizi bilirik v\u0259 sizl\u0259rl\u0259 q\u00fcrur duyuruq&quot;\" \/>\n<meta property=\"og:url\" content=\"https:\/\/www.meydan.tv\/az\/article\/intiqam-eliyevin-mehkemede-son-sozu\/\" \/>\n<meta property=\"og:site_name\" content=\"MEYDAN.TV\" \/>\n<meta property=\"article:published_time\" content=\"2015-04-22T17:54:29+00:00\" \/>\n<meta property=\"og:image\" content=\"https:\/\/www.meydan.tv\/wp-content\/uploads\/8379.jpg\" \/>\n\t<meta property=\"og:image:width\" content=\"600\" \/>\n\t<meta property=\"og:image:height\" content=\"400\" \/>\n\t<meta property=\"og:image:type\" content=\"image\/jpeg\" \/>\n<meta name=\"twitter:card\" content=\"summary_large_image\" \/>\n<!-- \/ Yoast SEO plugin. -->","yoast_head_json":{"title":"\u0130ntiqam \u018fliyevin m\u0259hk\u0259m\u0259d\u0259 son s\u00f6z\u00fc - MEYDAN.TV","robots":{"index":"index","follow":"follow","max-snippet":"max-snippet:-1","max-image-preview":"max-image-preview:large","max-video-preview":"max-video-preview:-1"},"canonical":"https:\/\/www.meydan.tv\/az\/article\/intiqam-eliyevin-mehkemede-son-sozu\/","og_locale":"az_AZ","og_type":"article","og_title":"\u0130ntiqam \u018fliyevin m\u0259hk\u0259m\u0259d\u0259 son s\u00f6z\u00fc - MEYDAN.TV","og_description":"\"Azadl\u0131qda olan, amma h\u0259yatlar\u0131n\u0131, azadl\u0131qlar\u0131n\u0131 risk alt\u0131na ataraq h\u0259m bizim azadl\u0131\u011fa \u00e7\u0131xma\u011f\u0131m\u0131z, h\u0259m d\u0259 \u00f6vladlar\u0131m\u0131z\u0131n \u0259dal\u0259tli c\u0259miyy\u0259td\u0259 ya\u015famalar\u0131 u\u011frunda m\u00fcbariz\u0259 aparan h\u0259r k\u0259s\u0259 sonsuz t\u0259\u015f\u0259kk\u00fcrl\u0259r. Biz n\u0259 q\u0259d\u0259r \u00e7\u0259tin \u015f\u0259raitd\u0259 f\u0259aliyy\u0259t g\u00f6st\u0259rdiyinizi bilirik v\u0259 sizl\u0259rl\u0259 q\u00fcrur duyuruq\"","og_url":"https:\/\/www.meydan.tv\/az\/article\/intiqam-eliyevin-mehkemede-son-sozu\/","og_site_name":"MEYDAN.TV","article_published_time":"2015-04-22T17:54:29+00:00","og_image":[{"width":600,"height":400,"url":"https:\/\/www.meydan.tv\/wp-content\/uploads\/8379.jpg","type":"image\/jpeg"}],"twitter_card":"summary_large_image","schema":{"@context":"https:\/\/schema.org","@graph":[{"@type":"Article","@id":"https:\/\/www.meydan.tv\/az\/article\/intiqam-eliyevin-mehkemede-son-sozu\/#article","isPartOf":{"@id":"https:\/\/www.meydan.tv\/az\/article\/intiqam-eliyevin-mehkemede-son-sozu\/"},"author":{"name":"user-manager","@id":"https:\/\/www.meydan.tv\/az\/#\/schema\/person\/10d11eccf6da3662cf5fdab9806ea91a"},"headline":"\u0130ntiqam \u018fliyevin m\u0259hk\u0259m\u0259d\u0259 son s\u00f6z\u00fc","datePublished":"2015-04-22T17:54:29+00:00","mainEntityOfPage":{"@id":"https:\/\/www.meydan.tv\/az\/article\/intiqam-eliyevin-mehkemede-son-sozu\/"},"wordCount":4928,"publisher":{"@id":"https:\/\/www.meydan.tv\/az\/#organization"},"image":{"@id":"https:\/\/www.meydan.tv\/az\/article\/intiqam-eliyevin-mehkemede-son-sozu\/#primaryimage"},"thumbnailUrl":"https:\/\/www.meydan.tv\/wp-content\/uploads\/8379.jpg","articleSection":["X\u0259b\u0259rl\u0259r"],"inLanguage":"az"},{"@type":"WebPage","@id":"https:\/\/www.meydan.tv\/az\/article\/intiqam-eliyevin-mehkemede-son-sozu\/","url":"https:\/\/www.meydan.tv\/az\/article\/intiqam-eliyevin-mehkemede-son-sozu\/","name":"\u0130ntiqam \u018fliyevin m\u0259hk\u0259m\u0259d\u0259 son s\u00f6z\u00fc - MEYDAN.TV","isPartOf":{"@id":"https:\/\/www.meydan.tv\/az\/#website"},"primaryImageOfPage":{"@id":"https:\/\/www.meydan.tv\/az\/article\/intiqam-eliyevin-mehkemede-son-sozu\/#primaryimage"},"image":{"@id":"https:\/\/www.meydan.tv\/az\/article\/intiqam-eliyevin-mehkemede-son-sozu\/#primaryimage"},"thumbnailUrl":"https:\/\/www.meydan.tv\/wp-content\/uploads\/8379.jpg","datePublished":"2015-04-22T17:54:29+00:00","breadcrumb":{"@id":"https:\/\/www.meydan.tv\/az\/article\/intiqam-eliyevin-mehkemede-son-sozu\/#breadcrumb"},"inLanguage":"az","potentialAction":[{"@type":"ReadAction","target":["https:\/\/www.meydan.tv\/az\/article\/intiqam-eliyevin-mehkemede-son-sozu\/"]}]},{"@type":"ImageObject","inLanguage":"az","@id":"https:\/\/www.meydan.tv\/az\/article\/intiqam-eliyevin-mehkemede-son-sozu\/#primaryimage","url":"https:\/\/www.meydan.tv\/wp-content\/uploads\/8379.jpg","contentUrl":"https:\/\/www.meydan.tv\/wp-content\/uploads\/8379.jpg","width":600,"height":400,"caption":"Source:"},{"@type":"BreadcrumbList","@id":"https:\/\/www.meydan.tv\/az\/article\/intiqam-eliyevin-mehkemede-son-sozu\/#breadcrumb","itemListElement":[{"@type":"ListItem","position":1,"name":"Ana s\u0259hif\u0259","item":"https:\/\/www.meydan.tv\/az\/"},{"@type":"ListItem","position":2,"name":"X\u0259b\u0259rl\u0259r","item":"https:\/\/www.meydan.tv\/az\/section\/xeberler\/"},{"@type":"ListItem","position":3,"name":"\u0130ntiqam \u018fliyevin m\u0259hk\u0259m\u0259d\u0259 son s\u00f6z\u00fc"}]},{"@type":"WebSite","@id":"https:\/\/www.meydan.tv\/az\/#website","url":"https:\/\/www.meydan.tv\/az\/","name":"MEYDAN.TV","description":"Meydan TV Az\u0259rbaycan\u0131n media m\u0259kan\u0131ndak\u0131 alternativ s\u0259sidir","publisher":{"@id":"https:\/\/www.meydan.tv\/az\/#organization"},"potentialAction":[{"@type":"SearchAction","target":{"@type":"EntryPoint","urlTemplate":"https:\/\/www.meydan.tv\/az\/?s={search_term_string}"},"query-input":{"@type":"PropertyValueSpecification","valueRequired":true,"valueName":"search_term_string"}}],"inLanguage":"az"},{"@type":"Organization","@id":"https:\/\/www.meydan.tv\/az\/#organization","name":"Meydan TV","url":"https:\/\/www.meydan.tv\/az\/","logo":{"@type":"ImageObject","inLanguage":"az","@id":"https:\/\/www.meydan.tv\/az\/#\/schema\/logo\/image\/","url":"https:\/\/www.meydan.tv\/wp-content\/uploads\/2021\/07\/meydan-logo.svg","contentUrl":"https:\/\/www.meydan.tv\/wp-content\/uploads\/2021\/07\/meydan-logo.svg","width":195,"height":46,"caption":"Meydan TV"},"image":{"@id":"https:\/\/www.meydan.tv\/az\/#\/schema\/logo\/image\/"}},{"@type":"Person","@id":"https:\/\/www.meydan.tv\/az\/#\/schema\/person\/10d11eccf6da3662cf5fdab9806ea91a","name":"user-manager"}]}},"_links":{"self":[{"href":"https:\/\/www.meydan.tv\/az\/wp-json\/wp\/v2\/posts\/167642","targetHints":{"allow":["GET"]}}],"collection":[{"href":"https:\/\/www.meydan.tv\/az\/wp-json\/wp\/v2\/posts"}],"about":[{"href":"https:\/\/www.meydan.tv\/az\/wp-json\/wp\/v2\/types\/post"}],"author":[{"embeddable":true,"href":"https:\/\/www.meydan.tv\/az\/wp-json\/wp\/v2\/users\/11"}],"replies":[{"embeddable":true,"href":"https:\/\/www.meydan.tv\/az\/wp-json\/wp\/v2\/comments?post=167642"}],"version-history":[{"count":0,"href":"https:\/\/www.meydan.tv\/az\/wp-json\/wp\/v2\/posts\/167642\/revisions"}],"wp:featuredmedia":[{"embeddable":true,"href":"https:\/\/www.meydan.tv\/az\/wp-json\/wp\/v2\/media\/23081"}],"wp:attachment":[{"href":"https:\/\/www.meydan.tv\/az\/wp-json\/wp\/v2\/media?parent=167642"}],"wp:term":[{"taxonomy":"category","embeddable":true,"href":"https:\/\/www.meydan.tv\/az\/wp-json\/wp\/v2\/categories?post=167642"},{"taxonomy":"post_tag","embeddable":true,"href":"https:\/\/www.meydan.tv\/az\/wp-json\/wp\/v2\/tags?post=167642"}],"curies":[{"name":"wp","href":"https:\/\/api.w.org\/{rel}","templated":true}]}}