{"id":167640,"date":"2015-04-22T16:14:31","date_gmt":"2015-04-22T16:14:31","guid":{"rendered":"https:\/\/www.meydan.tv\/article\/taleh-xasmemmedova-ailesi-ile-elaqe-saxlamaga-imkan-verilmir\/"},"modified":"2015-04-22T16:14:31","modified_gmt":"2015-04-22T16:14:31","slug":"taleh-xasmemmedova-ailesi-ile-elaqe-saxlamaga-imkan-verilmir","status":"publish","type":"post","link":"https:\/\/www.meydan.tv\/az\/article\/taleh-xasmemmedova-ailesi-ile-elaqe-saxlamaga-imkan-verilmir\/","title":{"rendered":"Taleh Xasm\u0259mm\u0259dova ail\u0259si il\u0259 \u0259laq\u0259 saxlama\u011fa imkan verilmir"},"content":{"rendered":"<figure class=\"wp-block-image size-large\">\n  <img decoding=\"async\" src=\"https:\/\/www.meydan.tv\/az\/23072\/\" alt=\"\" class=\"wp-image-23072\"\/><figcaption><\/figcaption><\/figure>\n<figure class=\"wp-block-image size-large\">\n  <img decoding=\"async\" src=\"https:\/\/www.meydan.tv\/az\/23072\/\" alt=\"\" class=\"wp-image-23072\"\/><figcaption><\/figcaption><\/figure>\n<p>\n  <i><br \/>\n    Cinay\u0259t i\u015finin istintaq\u0131n\u0131 aparan G\u00f6y\u00e7ay rayon Polis \u015e\u00f6b\u0259sin\u0259 edil\u0259n m\u00fcraci\u0259tl\u0259ri d\u0259 cavabs\u0131z qal\u0131b<br \/>\n  <\/i>\n<\/p>\n<p>\n  H\u0259bsd\u0259 olan h\u00fcquq m\u00fcdafi\u0259\u00e7isi Taleh Xasm\u0259mm\u0259dovun m\u00fcalic\u0259si yar\u0131m\u00e7\u0131q saxlan\u0131laraq, o, ke\u00e7\u0259n h\u0259ft\u0259 Bak\u0131dan G\u0259nc\u0259 \u0130stintaq T\u0259cridxanas\u0131na apar\u0131l\u0131b. H\u00fcquq m\u00fcdafi\u0259\u00e7isinin m\u00fcalic\u0259sinin q\u0259fl\u0259t\u0259n yar\u0131m\u00e7\u0131q saxlanmas\u0131n\u0131n s\u0259b\u0259bi onun ail\u0259 \u00fczvl\u0259rin\u0259 d\u0259 m\u0259lum deyil.\n<\/p>\n<p>\n  Bu bar\u0259d\u0259 Meydan TV-y\u0259 m\u0259lumat\u0131 h\u00fcquq m\u00fcdafi\u0259\u00e7isi Oqtay G\u00fclal\u0131yev verib.\n<\/p>\n<p>\n  Onun s\u00f6zl\u0259rin\u0259 g\u00f6r\u0259, m\u0259hbusa ail\u0259 \u00fczvl\u0259ri il\u0259 telefon \u0259laq\u0259si saxlamas\u0131na da imkan verilmir. Bununla ba\u011fl\u0131 yax\u0131nlar\u0131n\u0131n h\u00fcquq m\u00fcdafi\u0259\u00e7isi il\u0259 ba\u011fl\u0131 a\u00e7\u0131lm\u0131\u015f cinay\u0259t i\u015finin istintaq\u0131n\u0131 aparan G\u00f6y\u00e7ay rayon Polis \u015e\u00f6b\u0259sin\u0259 edil\u0259n m\u00fcraci\u0259tl\u0259ri d\u0259 cavabs\u0131z qal\u0131b.\n<\/p>\n<p>\n  Taleh Xasm\u0259mm\u0259dovun m\u00fcalic\u0259sinin yar\u0131m\u00e7\u0131q saxlanmas\u0131, ondan m\u0259lumat alma\u011f\u0131n m\u00fcmk\u00fcns\u00fczl\u00fcy\u00fc v\u0259 h\u00fcquq m\u00fcdafi\u0259\u00e7isinin \u0259traf\u0131nda yenid\u0259n b\u0259zi m\u00fc\u0259mmalar\u0131n yaranmas\u0131 onun yax\u0131nlar\u0131 v\u0259 ai\u0259 \u00fczvl\u0259ri t\u0259r\u0259find\u0259n narahatl\u0131qla qar\u015f\u0131lan\u0131r.\n<\/p>\n<p>\n  Bir m\u00fcdd\u0259t \u00f6nc\u0259 G\u0259nc\u0259 \u0130stintaq T\u0259cridxanas\u0131nda acl\u0131q aksiyas\u0131 ke\u00e7ir\u0259rk\u0259n i\u015fg\u0259nc\u0259l\u0259r\u0259 m\u0259ruz qalan v\u0259 s\u0259hh\u0259ti pisl\u0259\u015f\u0259n T. Xasm\u0259mm\u0259dov Bak\u0131da yerl\u0259\u015f\u0259n Penitensiar Xidm\u0259tin M\u00fcalic\u0259 M\u00fc\u0259ssis\u0259sin\u0259 k\u00f6\u00e7\u00fcr\u00fclm\u00fc\u015fd\u00fc.\n<\/p>\n<p>\n  H\u00fcquq- m\u00fcdafi\u0259 f\u0259aliyy\u0259ti v\u0259 t\u0259nqidi yaz\u0131lar\u0131 il\u0259 diqq\u0259ti c\u0259lb ed\u0259n Taleh Xasm\u0259mm\u0259dov fevral ay\u0131n\u0131n 23- d\u0259 h\u0259bs olunub. Yeri f\u0259allar\u0131n verdiyi m\u0259lumata g\u00f6r\u0259 h\u00fcquq m\u00fcdafi\u0259\u00e7isi G\u00f6y\u00e7ay rayon \u0130cra Hakimiyy\u0259tinin ba\u015f\u00e7\u0131s\u0131 M\u00fcbariz A\u011fayevin g\u00f6st\u0259ri\u015fi il\u0259 \u015f\u0259rl\u0259n\u0259r\u0259k h\u0259bs olunub.<\/p>\n","protected":false},"excerpt":{"rendered":"<p>Cinay\u0259t i\u015finin istintaq\u0131n\u0131 aparan G\u00f6y\u00e7ay rayon Polis \u015e\u00f6b\u0259sin\u0259 edil\u0259n m\u00fcraci\u0259tl\u0259ri d\u0259 cavabs\u0131z qal\u0131b<\/p>\n","protected":false},"author":11,"featured_media":23072,"comment_status":"closed","ping_status":"open","sticky":false,"template":"","format":"standard","meta":{"_acf_changed":false,"_sitemap_exclude":false,"_sitemap_priority":"","_sitemap_frequency":"","footnotes":""},"categories":[56],"tags":[],"class_list":["post-167640","post","type-post","status-publish","format-standard","has-post-thumbnail","hentry","category-xeberler","infinite-scroll-item","generate-columns","tablet-grid-50","mobile-grid-100","grid-parent","grid-33","no-featured-image-padding"],"acf":[],"yoast_head":"<!-- This site is optimized with the Yoast SEO plugin v28.4 - https:\/\/yoast.com\/product\/yoast-seo-wordpress\/ -->\n<title>Taleh Xasm\u0259mm\u0259dova ail\u0259si il\u0259 \u0259laq\u0259 saxlama\u011fa imkan verilmir - MEYDAN.TV<\/title>\n<meta name=\"robots\" content=\"index, follow, max-snippet:-1, max-image-preview:large, max-video-preview:-1\" \/>\n<link rel=\"canonical\" href=\"https:\/\/www.meydan.tv\/az\/article\/taleh-xasmemmedova-ailesi-ile-elaqe-saxlamaga-imkan-verilmir\/\" \/>\n<meta property=\"og:locale\" content=\"az_AZ\" \/>\n<meta property=\"og:type\" content=\"article\" \/>\n<meta property=\"og:title\" content=\"Taleh Xasm\u0259mm\u0259dova ail\u0259si il\u0259 \u0259laq\u0259 saxlama\u011fa imkan verilmir - MEYDAN.TV\" \/>\n<meta property=\"og:description\" content=\"Cinay\u0259t i\u015finin istintaq\u0131n\u0131 aparan G\u00f6y\u00e7ay rayon Polis \u015e\u00f6b\u0259sin\u0259 edil\u0259n m\u00fcraci\u0259tl\u0259ri d\u0259 cavabs\u0131z qal\u0131b\" \/>\n<meta property=\"og:url\" content=\"https:\/\/www.meydan.tv\/az\/article\/taleh-xasmemmedova-ailesi-ile-elaqe-saxlamaga-imkan-verilmir\/\" \/>\n<meta property=\"og:site_name\" content=\"MEYDAN.TV\" \/>\n<meta property=\"article:published_time\" content=\"2015-04-22T16:14:31+00:00\" \/>\n<meta property=\"og:image\" content=\"https:\/\/www.meydan.tv\/wp-content\/uploads\/8376.jpg\" \/>\n\t<meta property=\"og:image:width\" content=\"333\" \/>\n\t<meta property=\"og:image:height\" content=\"250\" \/>\n\t<meta property=\"og:image:type\" content=\"image\/jpeg\" \/>\n<meta name=\"twitter:card\" content=\"summary_large_image\" \/>\n<!-- \/ Yoast SEO plugin. -->","yoast_head_json":{"title":"Taleh Xasm\u0259mm\u0259dova ail\u0259si il\u0259 \u0259laq\u0259 saxlama\u011fa imkan verilmir - MEYDAN.TV","robots":{"index":"index","follow":"follow","max-snippet":"max-snippet:-1","max-image-preview":"max-image-preview:large","max-video-preview":"max-video-preview:-1"},"canonical":"https:\/\/www.meydan.tv\/az\/article\/taleh-xasmemmedova-ailesi-ile-elaqe-saxlamaga-imkan-verilmir\/","og_locale":"az_AZ","og_type":"article","og_title":"Taleh Xasm\u0259mm\u0259dova ail\u0259si il\u0259 \u0259laq\u0259 saxlama\u011fa imkan verilmir - MEYDAN.TV","og_description":"Cinay\u0259t i\u015finin istintaq\u0131n\u0131 aparan G\u00f6y\u00e7ay rayon Polis \u015e\u00f6b\u0259sin\u0259 edil\u0259n m\u00fcraci\u0259tl\u0259ri d\u0259 cavabs\u0131z qal\u0131b","og_url":"https:\/\/www.meydan.tv\/az\/article\/taleh-xasmemmedova-ailesi-ile-elaqe-saxlamaga-imkan-verilmir\/","og_site_name":"MEYDAN.TV","article_published_time":"2015-04-22T16:14:31+00:00","og_image":[{"width":333,"height":250,"url":"https:\/\/www.meydan.tv\/wp-content\/uploads\/8376.jpg","type":"image\/jpeg"}],"twitter_card":"summary_large_image","schema":{"@context":"https:\/\/schema.org","@graph":[{"@type":"Article","@id":"https:\/\/www.meydan.tv\/az\/article\/taleh-xasmemmedova-ailesi-ile-elaqe-saxlamaga-imkan-verilmir\/#article","isPartOf":{"@id":"https:\/\/www.meydan.tv\/az\/article\/taleh-xasmemmedova-ailesi-ile-elaqe-saxlamaga-imkan-verilmir\/"},"author":{"name":"user-manager","@id":"https:\/\/www.meydan.tv\/az\/#\/schema\/person\/10d11eccf6da3662cf5fdab9806ea91a"},"headline":"Taleh Xasm\u0259mm\u0259dova ail\u0259si il\u0259 \u0259laq\u0259 saxlama\u011fa imkan verilmir","datePublished":"2015-04-22T16:14:31+00:00","mainEntityOfPage":{"@id":"https:\/\/www.meydan.tv\/az\/article\/taleh-xasmemmedova-ailesi-ile-elaqe-saxlamaga-imkan-verilmir\/"},"wordCount":357,"publisher":{"@id":"https:\/\/www.meydan.tv\/az\/#organization"},"image":{"@id":"https:\/\/www.meydan.tv\/az\/article\/taleh-xasmemmedova-ailesi-ile-elaqe-saxlamaga-imkan-verilmir\/#primaryimage"},"thumbnailUrl":"https:\/\/www.meydan.tv\/wp-content\/uploads\/8376.jpg","articleSection":["X\u0259b\u0259rl\u0259r"],"inLanguage":"az"},{"@type":"WebPage","@id":"https:\/\/www.meydan.tv\/az\/article\/taleh-xasmemmedova-ailesi-ile-elaqe-saxlamaga-imkan-verilmir\/","url":"https:\/\/www.meydan.tv\/az\/article\/taleh-xasmemmedova-ailesi-ile-elaqe-saxlamaga-imkan-verilmir\/","name":"Taleh Xasm\u0259mm\u0259dova ail\u0259si il\u0259 \u0259laq\u0259 saxlama\u011fa imkan verilmir - MEYDAN.TV","isPartOf":{"@id":"https:\/\/www.meydan.tv\/az\/#website"},"primaryImageOfPage":{"@id":"https:\/\/www.meydan.tv\/az\/article\/taleh-xasmemmedova-ailesi-ile-elaqe-saxlamaga-imkan-verilmir\/#primaryimage"},"image":{"@id":"https:\/\/www.meydan.tv\/az\/article\/taleh-xasmemmedova-ailesi-ile-elaqe-saxlamaga-imkan-verilmir\/#primaryimage"},"thumbnailUrl":"https:\/\/www.meydan.tv\/wp-content\/uploads\/8376.jpg","datePublished":"2015-04-22T16:14:31+00:00","breadcrumb":{"@id":"https:\/\/www.meydan.tv\/az\/article\/taleh-xasmemmedova-ailesi-ile-elaqe-saxlamaga-imkan-verilmir\/#breadcrumb"},"inLanguage":"az","potentialAction":[{"@type":"ReadAction","target":["https:\/\/www.meydan.tv\/az\/article\/taleh-xasmemmedova-ailesi-ile-elaqe-saxlamaga-imkan-verilmir\/"]}]},{"@type":"ImageObject","inLanguage":"az","@id":"https:\/\/www.meydan.tv\/az\/article\/taleh-xasmemmedova-ailesi-ile-elaqe-saxlamaga-imkan-verilmir\/#primaryimage","url":"https:\/\/www.meydan.tv\/wp-content\/uploads\/8376.jpg","contentUrl":"https:\/\/www.meydan.tv\/wp-content\/uploads\/8376.jpg","width":333,"height":250,"caption":"Source:"},{"@type":"BreadcrumbList","@id":"https:\/\/www.meydan.tv\/az\/article\/taleh-xasmemmedova-ailesi-ile-elaqe-saxlamaga-imkan-verilmir\/#breadcrumb","itemListElement":[{"@type":"ListItem","position":1,"name":"Ana s\u0259hif\u0259","item":"https:\/\/www.meydan.tv\/az\/"},{"@type":"ListItem","position":2,"name":"X\u0259b\u0259rl\u0259r","item":"https:\/\/www.meydan.tv\/az\/section\/xeberler\/"},{"@type":"ListItem","position":3,"name":"Taleh Xasm\u0259mm\u0259dova ail\u0259si il\u0259 \u0259laq\u0259 saxlama\u011fa imkan verilmir"}]},{"@type":"WebSite","@id":"https:\/\/www.meydan.tv\/az\/#website","url":"https:\/\/www.meydan.tv\/az\/","name":"MEYDAN.TV","description":"Meydan TV Az\u0259rbaycan\u0131n media m\u0259kan\u0131ndak\u0131 alternativ s\u0259sidir","publisher":{"@id":"https:\/\/www.meydan.tv\/az\/#organization"},"potentialAction":[{"@type":"SearchAction","target":{"@type":"EntryPoint","urlTemplate":"https:\/\/www.meydan.tv\/az\/?s={search_term_string}"},"query-input":{"@type":"PropertyValueSpecification","valueRequired":true,"valueName":"search_term_string"}}],"inLanguage":"az"},{"@type":"Organization","@id":"https:\/\/www.meydan.tv\/az\/#organization","name":"Meydan TV","url":"https:\/\/www.meydan.tv\/az\/","logo":{"@type":"ImageObject","inLanguage":"az","@id":"https:\/\/www.meydan.tv\/az\/#\/schema\/logo\/image\/","url":"https:\/\/www.meydan.tv\/wp-content\/uploads\/2021\/07\/meydan-logo.svg","contentUrl":"https:\/\/www.meydan.tv\/wp-content\/uploads\/2021\/07\/meydan-logo.svg","width":195,"height":46,"caption":"Meydan TV"},"image":{"@id":"https:\/\/www.meydan.tv\/az\/#\/schema\/logo\/image\/"}},{"@type":"Person","@id":"https:\/\/www.meydan.tv\/az\/#\/schema\/person\/10d11eccf6da3662cf5fdab9806ea91a","name":"user-manager"}]}},"_links":{"self":[{"href":"https:\/\/www.meydan.tv\/az\/wp-json\/wp\/v2\/posts\/167640","targetHints":{"allow":["GET"]}}],"collection":[{"href":"https:\/\/www.meydan.tv\/az\/wp-json\/wp\/v2\/posts"}],"about":[{"href":"https:\/\/www.meydan.tv\/az\/wp-json\/wp\/v2\/types\/post"}],"author":[{"embeddable":true,"href":"https:\/\/www.meydan.tv\/az\/wp-json\/wp\/v2\/users\/11"}],"replies":[{"embeddable":true,"href":"https:\/\/www.meydan.tv\/az\/wp-json\/wp\/v2\/comments?post=167640"}],"version-history":[{"count":0,"href":"https:\/\/www.meydan.tv\/az\/wp-json\/wp\/v2\/posts\/167640\/revisions"}],"wp:featuredmedia":[{"embeddable":true,"href":"https:\/\/www.meydan.tv\/az\/wp-json\/wp\/v2\/media\/23072"}],"wp:attachment":[{"href":"https:\/\/www.meydan.tv\/az\/wp-json\/wp\/v2\/media?parent=167640"}],"wp:term":[{"taxonomy":"category","embeddable":true,"href":"https:\/\/www.meydan.tv\/az\/wp-json\/wp\/v2\/categories?post=167640"},{"taxonomy":"post_tag","embeddable":true,"href":"https:\/\/www.meydan.tv\/az\/wp-json\/wp\/v2\/tags?post=167640"}],"curies":[{"name":"wp","href":"https:\/\/api.w.org\/{rel}","templated":true}]}}