{"id":167639,"date":"2015-04-22T15:52:05","date_gmt":"2015-04-22T15:52:05","guid":{"rendered":"https:\/\/www.meydan.tv\/article\/wizz-air-aviasirketinin-fealiyyeti-yaxin-gunlerde-berpa-edilecek\/"},"modified":"2015-04-22T15:52:05","modified_gmt":"2015-04-22T15:52:05","slug":"wizz-air-aviasirketinin-fealiyyeti-yaxin-gunlerde-berpa-edilecek","status":"publish","type":"post","link":"https:\/\/www.meydan.tv\/az\/article\/wizz-air-aviasirketinin-fealiyyeti-yaxin-gunlerde-berpa-edilecek\/","title":{"rendered":"W\u0130ZZ Air avia\u015firk\u0259tinin f\u0259aliyy\u0259ti yax\u0131n g\u00fcnl\u0259rd\u0259 b\u0259rpa edil\u0259c\u0259k"},"content":{"rendered":"<figure class=\"wp-block-image size-large\">\n  <img decoding=\"async\" src=\"https:\/\/www.meydan.tv\/az\/23069\/\" alt=\"\" class=\"wp-image-23069\"\/><figcaption><\/figcaption><\/figure>\n<figure class=\"wp-block-image size-large\">\n  <img decoding=\"async\" src=\"https:\/\/www.meydan.tv\/az\/23069\/\" alt=\"\" class=\"wp-image-23069\"\/><figcaption><\/figcaption><\/figure>\n<p>\n  Az\u0259rbaycan-Macar\u0131stan h\u00f6kum\u0259tl\u0259raras\u0131 birg\u0259 iqtisadi komissiyas\u0131n\u0131n n\u00f6vb\u0259ti be\u015finci iclas\u0131n\u0131n ke\u00e7irilm\u0259si il\u0259 \u0259laq\u0259dar Az\u0259rbaycan\u0131n s\u0259naye v\u0259 iqtisadiyyat naziri, birg\u0259 komissiyan\u0131n Az\u0259rbaycan t\u0259r\u0259fd\u0259n h\u0259ms\u0259dri \u015eahin Mustafayevin ba\u015f\u00e7\u0131l\u0131q etdiyi n\u00fcmay\u0259nd\u0259 hey\u0259ti aprelin 21-d\u0259 Budape\u015ft\u0259 s\u0259f\u0259r edib.<\/p>\n<p>  Az\u0259rbaycan\u0131n Macar\u0131standak\u0131 s\u0259firliyind\u0259n Trend-\u0259 bildiribl\u0259r ki, s\u0259f\u0259rin ilk g\u00fcn\u00fc Macar\u0131stan\u0131n Xarici i\u015fl\u0259r v\u0259 xarici ticar\u0259t nazirliyind\u0259 \u00f6lk\u0259nin xarici i\u015fl\u0259r v\u0259 ticar\u0259t naziri, Macar\u0131stan t\u0259r\u0259fd\u0259n birg\u0259 komissiyan\u0131n h\u0259ms\u0259dri Piter Siyyarto il\u0259 az\u0259rbaycanl\u0131 h\u0259mkar\u0131n\u0131n g\u00f6r\u00fc\u015f\u00fc olub.<\/p>\n<p>  \u015e.Mustafayev Az\u0259rbaycan Prezidentinin g\u00f6st\u0259ri\u015fi il\u0259 Bak\u0131 il\u0259 Budape\u015ft aras\u0131nda birba\u015fa u\u00e7u\u015flar h\u0259yata ke\u00e7ir\u0259n W\u0130ZZ Air avia\u015firk\u0259tinin f\u0259aliyy\u0259tinin yax\u0131n g\u00fcnl\u0259rd\u0259 b\u0259rpa edil\u0259c\u0259yini bildirib. P.Siyyarto Az\u0259rbaycan\u0131n beyn\u0259lxalq n\u00fcfuzunun artmas\u0131n\u0131n, \u00f6lk\u0259mizin regionda Avropa Birliyinin etibarl\u0131 t\u0259r\u0259fda\u015f\u0131na \u00e7evrilm\u0259sinin Macar\u0131standa b\u00f6y\u00fck m\u0259mnunluqla qar\u015f\u0131land\u0131\u011f\u0131n\u0131 x\u00fcsusi qeyd edib. O yaln\u0131z birg\u0259 komissiyan\u0131n h\u0259ms\u0259dri kimi deyil, xarici i\u015fl\u0259r naziri kimi d\u0259 \u00f6lk\u0259si ad\u0131ndan bu prosesi daim d\u0259st\u0259kl\u0259diyini v\u0259 d\u0259st\u0259kl\u0259y\u0259c\u0259yini bildirib. T\u0259r\u0259fl\u0259r Macar\u0131stanla Az\u0259rbaycan aras\u0131nda imzalanan strateji \u0259m\u0259kda\u015fl\u0131q sazi\u015finin qar\u015f\u0131l\u0131ql\u0131 m\u00fcnasib\u0259tl\u0259ri b\u00fct\u00fcn sah\u0259l\u0259r \u00fczr\u0259 daha y\u00fcks\u0259k s\u0259viyy\u0259y\u0259 qald\u0131rmaq bax\u0131m\u0131ndan geni\u015f imkanlar a\u00e7d\u0131\u011f\u0131n\u0131 vur\u011fulay\u0131blar.<\/p>\n","protected":false},"excerpt":{"rendered":"<p>Az\u0259rbaycan-Macar\u0131stan h\u00f6kum\u0259tl\u0259raras\u0131 birg\u0259 iqtisadi komissiyas\u0131n\u0131n n\u00f6vb\u0259ti be\u015finci iclas\u0131n\u0131n ke\u00e7irilm\u0259si il\u0259 &#8230; <\/p>\n<p class=\"read-more-container\"><a title=\"W\u0130ZZ Air avia\u015firk\u0259tinin f\u0259aliyy\u0259ti yax\u0131n g\u00fcnl\u0259rd\u0259 b\u0259rpa edil\u0259c\u0259k\" class=\"read-more button\" href=\"https:\/\/www.meydan.tv\/az\/article\/wizz-air-aviasirketinin-fealiyyeti-yaxin-gunlerde-berpa-edilecek\/#more-167639\" aria-label=\"Read more about W\u0130ZZ Air avia\u015firk\u0259tinin f\u0259aliyy\u0259ti yax\u0131n g\u00fcnl\u0259rd\u0259 b\u0259rpa edil\u0259c\u0259k\">Davam\u0131<\/a><\/p>\n","protected":false},"author":11,"featured_media":23069,"comment_status":"closed","ping_status":"open","sticky":false,"template":"","format":"standard","meta":{"_acf_changed":false,"_sitemap_exclude":false,"_sitemap_priority":"","_sitemap_frequency":"","footnotes":""},"categories":[56],"tags":[],"class_list":["post-167639","post","type-post","status-publish","format-standard","has-post-thumbnail","hentry","category-xeberler","infinite-scroll-item","generate-columns","tablet-grid-50","mobile-grid-100","grid-parent","grid-33","no-featured-image-padding"],"acf":[],"yoast_head":"<!-- This site is optimized with the Yoast SEO plugin v28.4 - https:\/\/yoast.com\/product\/yoast-seo-wordpress\/ -->\n<title>W\u0130ZZ Air avia\u015firk\u0259tinin f\u0259aliyy\u0259ti yax\u0131n g\u00fcnl\u0259rd\u0259 b\u0259rpa edil\u0259c\u0259k - MEYDAN.TV<\/title>\n<meta name=\"robots\" content=\"index, follow, max-snippet:-1, max-image-preview:large, max-video-preview:-1\" \/>\n<link rel=\"canonical\" href=\"https:\/\/www.meydan.tv\/az\/article\/wizz-air-aviasirketinin-fealiyyeti-yaxin-gunlerde-berpa-edilecek\/\" \/>\n<meta property=\"og:locale\" content=\"az_AZ\" \/>\n<meta property=\"og:type\" content=\"article\" \/>\n<meta property=\"og:title\" content=\"W\u0130ZZ Air avia\u015firk\u0259tinin f\u0259aliyy\u0259ti yax\u0131n g\u00fcnl\u0259rd\u0259 b\u0259rpa edil\u0259c\u0259k - MEYDAN.TV\" \/>\n<meta property=\"og:description\" content=\"Az\u0259rbaycan-Macar\u0131stan h\u00f6kum\u0259tl\u0259raras\u0131 birg\u0259 iqtisadi komissiyas\u0131n\u0131n n\u00f6vb\u0259ti be\u015finci iclas\u0131n\u0131n ke\u00e7irilm\u0259si il\u0259 ... Davam\u0131\" \/>\n<meta property=\"og:url\" content=\"https:\/\/www.meydan.tv\/az\/article\/wizz-air-aviasirketinin-fealiyyeti-yaxin-gunlerde-berpa-edilecek\/\" \/>\n<meta property=\"og:site_name\" content=\"MEYDAN.TV\" \/>\n<meta property=\"article:published_time\" content=\"2015-04-22T15:52:05+00:00\" \/>\n<meta property=\"og:image\" content=\"https:\/\/www.meydan.tv\/wp-content\/uploads\/8375.jpg\" \/>\n\t<meta property=\"og:image:width\" content=\"443\" \/>\n\t<meta property=\"og:image:height\" content=\"300\" \/>\n\t<meta property=\"og:image:type\" content=\"image\/jpeg\" \/>\n<meta name=\"twitter:card\" content=\"summary_large_image\" \/>\n<!-- \/ Yoast SEO plugin. -->","yoast_head_json":{"title":"W\u0130ZZ Air avia\u015firk\u0259tinin f\u0259aliyy\u0259ti yax\u0131n g\u00fcnl\u0259rd\u0259 b\u0259rpa edil\u0259c\u0259k - MEYDAN.TV","robots":{"index":"index","follow":"follow","max-snippet":"max-snippet:-1","max-image-preview":"max-image-preview:large","max-video-preview":"max-video-preview:-1"},"canonical":"https:\/\/www.meydan.tv\/az\/article\/wizz-air-aviasirketinin-fealiyyeti-yaxin-gunlerde-berpa-edilecek\/","og_locale":"az_AZ","og_type":"article","og_title":"W\u0130ZZ Air avia\u015firk\u0259tinin f\u0259aliyy\u0259ti yax\u0131n g\u00fcnl\u0259rd\u0259 b\u0259rpa edil\u0259c\u0259k - MEYDAN.TV","og_description":"Az\u0259rbaycan-Macar\u0131stan h\u00f6kum\u0259tl\u0259raras\u0131 birg\u0259 iqtisadi komissiyas\u0131n\u0131n n\u00f6vb\u0259ti be\u015finci iclas\u0131n\u0131n ke\u00e7irilm\u0259si il\u0259 ... Davam\u0131","og_url":"https:\/\/www.meydan.tv\/az\/article\/wizz-air-aviasirketinin-fealiyyeti-yaxin-gunlerde-berpa-edilecek\/","og_site_name":"MEYDAN.TV","article_published_time":"2015-04-22T15:52:05+00:00","og_image":[{"width":443,"height":300,"url":"https:\/\/www.meydan.tv\/wp-content\/uploads\/8375.jpg","type":"image\/jpeg"}],"twitter_card":"summary_large_image","schema":{"@context":"https:\/\/schema.org","@graph":[{"@type":"Article","@id":"https:\/\/www.meydan.tv\/az\/article\/wizz-air-aviasirketinin-fealiyyeti-yaxin-gunlerde-berpa-edilecek\/#article","isPartOf":{"@id":"https:\/\/www.meydan.tv\/az\/article\/wizz-air-aviasirketinin-fealiyyeti-yaxin-gunlerde-berpa-edilecek\/"},"author":{"name":"user-manager","@id":"https:\/\/www.meydan.tv\/az\/#\/schema\/person\/10d11eccf6da3662cf5fdab9806ea91a"},"headline":"W\u0130ZZ Air avia\u015firk\u0259tinin f\u0259aliyy\u0259ti yax\u0131n g\u00fcnl\u0259rd\u0259 b\u0259rpa edil\u0259c\u0259k","datePublished":"2015-04-22T15:52:05+00:00","mainEntityOfPage":{"@id":"https:\/\/www.meydan.tv\/az\/article\/wizz-air-aviasirketinin-fealiyyeti-yaxin-gunlerde-berpa-edilecek\/"},"wordCount":320,"publisher":{"@id":"https:\/\/www.meydan.tv\/az\/#organization"},"image":{"@id":"https:\/\/www.meydan.tv\/az\/article\/wizz-air-aviasirketinin-fealiyyeti-yaxin-gunlerde-berpa-edilecek\/#primaryimage"},"thumbnailUrl":"https:\/\/www.meydan.tv\/wp-content\/uploads\/8375.jpg","articleSection":["X\u0259b\u0259rl\u0259r"],"inLanguage":"az"},{"@type":"WebPage","@id":"https:\/\/www.meydan.tv\/az\/article\/wizz-air-aviasirketinin-fealiyyeti-yaxin-gunlerde-berpa-edilecek\/","url":"https:\/\/www.meydan.tv\/az\/article\/wizz-air-aviasirketinin-fealiyyeti-yaxin-gunlerde-berpa-edilecek\/","name":"W\u0130ZZ Air avia\u015firk\u0259tinin f\u0259aliyy\u0259ti yax\u0131n g\u00fcnl\u0259rd\u0259 b\u0259rpa edil\u0259c\u0259k - MEYDAN.TV","isPartOf":{"@id":"https:\/\/www.meydan.tv\/az\/#website"},"primaryImageOfPage":{"@id":"https:\/\/www.meydan.tv\/az\/article\/wizz-air-aviasirketinin-fealiyyeti-yaxin-gunlerde-berpa-edilecek\/#primaryimage"},"image":{"@id":"https:\/\/www.meydan.tv\/az\/article\/wizz-air-aviasirketinin-fealiyyeti-yaxin-gunlerde-berpa-edilecek\/#primaryimage"},"thumbnailUrl":"https:\/\/www.meydan.tv\/wp-content\/uploads\/8375.jpg","datePublished":"2015-04-22T15:52:05+00:00","breadcrumb":{"@id":"https:\/\/www.meydan.tv\/az\/article\/wizz-air-aviasirketinin-fealiyyeti-yaxin-gunlerde-berpa-edilecek\/#breadcrumb"},"inLanguage":"az","potentialAction":[{"@type":"ReadAction","target":["https:\/\/www.meydan.tv\/az\/article\/wizz-air-aviasirketinin-fealiyyeti-yaxin-gunlerde-berpa-edilecek\/"]}]},{"@type":"ImageObject","inLanguage":"az","@id":"https:\/\/www.meydan.tv\/az\/article\/wizz-air-aviasirketinin-fealiyyeti-yaxin-gunlerde-berpa-edilecek\/#primaryimage","url":"https:\/\/www.meydan.tv\/wp-content\/uploads\/8375.jpg","contentUrl":"https:\/\/www.meydan.tv\/wp-content\/uploads\/8375.jpg","width":443,"height":300,"caption":"Source:"},{"@type":"BreadcrumbList","@id":"https:\/\/www.meydan.tv\/az\/article\/wizz-air-aviasirketinin-fealiyyeti-yaxin-gunlerde-berpa-edilecek\/#breadcrumb","itemListElement":[{"@type":"ListItem","position":1,"name":"Ana s\u0259hif\u0259","item":"https:\/\/www.meydan.tv\/az\/"},{"@type":"ListItem","position":2,"name":"X\u0259b\u0259rl\u0259r","item":"https:\/\/www.meydan.tv\/az\/section\/xeberler\/"},{"@type":"ListItem","position":3,"name":"W\u0130ZZ Air avia\u015firk\u0259tinin f\u0259aliyy\u0259ti yax\u0131n g\u00fcnl\u0259rd\u0259 b\u0259rpa edil\u0259c\u0259k"}]},{"@type":"WebSite","@id":"https:\/\/www.meydan.tv\/az\/#website","url":"https:\/\/www.meydan.tv\/az\/","name":"MEYDAN.TV","description":"Meydan TV Az\u0259rbaycan\u0131n media m\u0259kan\u0131ndak\u0131 alternativ s\u0259sidir","publisher":{"@id":"https:\/\/www.meydan.tv\/az\/#organization"},"potentialAction":[{"@type":"SearchAction","target":{"@type":"EntryPoint","urlTemplate":"https:\/\/www.meydan.tv\/az\/?s={search_term_string}"},"query-input":{"@type":"PropertyValueSpecification","valueRequired":true,"valueName":"search_term_string"}}],"inLanguage":"az"},{"@type":"Organization","@id":"https:\/\/www.meydan.tv\/az\/#organization","name":"Meydan TV","url":"https:\/\/www.meydan.tv\/az\/","logo":{"@type":"ImageObject","inLanguage":"az","@id":"https:\/\/www.meydan.tv\/az\/#\/schema\/logo\/image\/","url":"https:\/\/www.meydan.tv\/wp-content\/uploads\/2021\/07\/meydan-logo.svg","contentUrl":"https:\/\/www.meydan.tv\/wp-content\/uploads\/2021\/07\/meydan-logo.svg","width":195,"height":46,"caption":"Meydan TV"},"image":{"@id":"https:\/\/www.meydan.tv\/az\/#\/schema\/logo\/image\/"}},{"@type":"Person","@id":"https:\/\/www.meydan.tv\/az\/#\/schema\/person\/10d11eccf6da3662cf5fdab9806ea91a","name":"user-manager"}]}},"_links":{"self":[{"href":"https:\/\/www.meydan.tv\/az\/wp-json\/wp\/v2\/posts\/167639","targetHints":{"allow":["GET"]}}],"collection":[{"href":"https:\/\/www.meydan.tv\/az\/wp-json\/wp\/v2\/posts"}],"about":[{"href":"https:\/\/www.meydan.tv\/az\/wp-json\/wp\/v2\/types\/post"}],"author":[{"embeddable":true,"href":"https:\/\/www.meydan.tv\/az\/wp-json\/wp\/v2\/users\/11"}],"replies":[{"embeddable":true,"href":"https:\/\/www.meydan.tv\/az\/wp-json\/wp\/v2\/comments?post=167639"}],"version-history":[{"count":0,"href":"https:\/\/www.meydan.tv\/az\/wp-json\/wp\/v2\/posts\/167639\/revisions"}],"wp:featuredmedia":[{"embeddable":true,"href":"https:\/\/www.meydan.tv\/az\/wp-json\/wp\/v2\/media\/23069"}],"wp:attachment":[{"href":"https:\/\/www.meydan.tv\/az\/wp-json\/wp\/v2\/media?parent=167639"}],"wp:term":[{"taxonomy":"category","embeddable":true,"href":"https:\/\/www.meydan.tv\/az\/wp-json\/wp\/v2\/categories?post=167639"},{"taxonomy":"post_tag","embeddable":true,"href":"https:\/\/www.meydan.tv\/az\/wp-json\/wp\/v2\/tags?post=167639"}],"curies":[{"name":"wp","href":"https:\/\/api.w.org\/{rel}","templated":true}]}}