{"id":167638,"date":"2015-04-22T14:47:04","date_gmt":"2015-04-22T14:47:04","guid":{"rendered":"https:\/\/www.meydan.tv\/article\/mixael-link-muxalifetle-niye-gorusmeyib\/"},"modified":"2015-04-22T14:47:04","modified_gmt":"2015-04-22T14:47:04","slug":"mixael-link-muxalifetle-niye-gorusmeyib","status":"publish","type":"post","link":"https:\/\/www.meydan.tv\/az\/article\/mixael-link-muxalifetle-niye-gorusmeyib\/","title":{"rendered":"Mixael Link m\u00fcxalif\u0259tl\u0259 niy\u0259 g\u00f6r\u00fc\u015fm\u0259yib?"},"content":{"rendered":"<figure class=\"wp-block-image size-large\">\n  <img decoding=\"async\" src=\"https:\/\/www.meydan.tv\/az\/23051\/\" alt=\"\" class=\"wp-image-23051\"\/><figcaption><\/figcaption><\/figure>\n<figure class=\"wp-block-image size-large\">\n  <img decoding=\"async\" src=\"https:\/\/www.meydan.tv\/az\/23051\/\" alt=\"\" class=\"wp-image-23051\"\/><figcaption><\/figcaption><\/figure>\n<p>\n  <i><br \/>\n    B\u0259\u015fir S\u00fcleymanl\u0131: &#8220;C\u0259nab Linkin s\u0259f\u0259r g\u00fcnd\u0259liyi haqq\u0131nda az m\u0259lumata malik\u0259m&#8221;<br \/>\n  <\/i>\n<\/p>\n<p>\n  <i><br \/>\n    Elman F\u0259ttah: &#8220;Bu m\u0259s\u0259l\u0259y\u0259 hakimiyy\u0259tin Q\u0259rb diplomatlar\u0131na g\u00f6st\u0259rdiyi &#8220;m\u00fcxalif\u0259tl\u0259 g\u00f6r\u00fc\u015fm\u0259yin&#8221; \u0259n\u0259n\u0259vi t\u0259zyiqinin n\u0259tic\u0259si kimi bax\u0131ram&#8221;<br \/>\n  <\/i>\n<\/p>\n<p>\n  <i><br \/>\n    \u018fr\u0259stun Oruclu: &#8220;&#8221;\u018fvv\u0259la, Mixael Link o \u015f\u0259xs deyil, ikinci d\u0259 tutdu\u011fu v\u0259zif\u0259 v\u0259 m\u00f6vqe d\u0259 buna imkan vermir&#8221;<br \/>\n  <\/i>\n<\/p>\n<p>\n  Bug\u00fcnl\u0259rd\u0259 AT\u018fT-in Demokratik \u0130nstitutlar v\u0259 \u0130nsan H\u00fcquqlar\u0131 \u00fczr\u0259 B\u00fcrosunun (AT\u018fT DT\u0130HB) direktoru Mixael Link Az\u0259rbaycanda olub.<br \/>\n  <br \/>\n  \u0130ki g\u00fcnl\u00fck s\u0259f\u0259r \u00e7\u0259r\u00e7iv\u0259sind\u0259 Mixael Link r\u0259smi \u015f\u0259xsl\u0259rl\u0259\u00a0 g\u00f6r\u00fc\u015f\u00fcb, konkret olaraq, ba\u015f nazirin m\u00fcavini \u018fli H\u0259s\u0259novla, xarici i\u015fl\u0259r naziri Elmar M\u0259mm\u0259dyarovla,\u00a0 v\u0259 MSK s\u0259dri M\u0259zahir P\u0259nahovla. G\u00f6r\u00fc\u015fl\u0259rd\u0259 Az\u0259rbaycan v\u0259 AT\u018fT-in \u0259m\u0259kda\u015fl\u0131\u011f\u0131 m\u0259s\u0259l\u0259l\u0259rini m\u00fczakir\u0259 olunub.\n<\/p>\n<figure class=\"wp-block-image size-large\">\n  <img decoding=\"async\" src=\"https:\/\/www.meydan.tv\/az\/23054\/\" alt=\"\" class=\"wp-image-23054\"\/><figcaption><\/figcaption><\/figure>\n<p>\n  C\u0259nab Link Se\u00e7kil\u0259rin Monitorinqi v\u0259 Demokratiyan\u0131n T\u0259drisi M\u0259rk\u0259zinin\u00a0 (SMDTM) bug\u00fcnl\u0259rd\u0259 h\u0259bsd\u0259n \u00e7\u0131xm\u0131\u015f s\u0259dr m\u00fcavini B\u0259\u015fir S\u00fcleymanl\u0131 v\u0259 \u015e\u0259rq v\u0259 Q\u0259rb Ara\u015fd\u0131rmalar M\u0259rk\u0259zinin s\u0259dri Arastun Oruclu il\u0259 d\u0259 g\u00f6r\u00fc\u015f\u00fcb.\n<\/p>\n<p>\n  G\u00f6r\u00fc\u015f bar\u0259d\u0259 Meydan TV-y\u0259 dan\u0131\u015fan B\u0259\u015fir S\u00fcleymanl\u0131 bildirdi ki, onlar yerli se\u00e7ki m\u00fc\u015fahid\u0259 t\u0259\u015fkilat\u0131 olaraq AT\u018fT DT\u0130HB il\u0259 s\u0131x \u0259m\u0259kda\u015fl\u0131q edirl\u0259r: &#8220;B\u00fct\u00fcn f\u0259aliyy\u0259timizi AT\u018fT-in standartlar\u0131na uy\u011funla\u015fd\u0131rma\u011fa \u00e7al\u0131\u015fm\u0131\u015f\u0131q. O c\u00fcml\u0259d\u0259n, h\u00f6kum\u0259tin d\u0259 AT\u018fT qar\u015f\u0131s\u0131nda azad v\u0259 \u0259dal\u0259tli se\u00e7kil\u0259rin ke\u00e7irilm\u0259si \u00f6hd\u0259likl\u0259ri var. C\u0259nab Linkin s\u0259f\u0259ri parlament se\u00e7kil\u0259ri il\u0259 ba\u011fl\u0131 oldu\u011fundan s\u0131rf r\u0259smi \u015f\u0259xsl\u0259rl\u0259 g\u00f6r\u00fc\u015f\u00fcb. N\u0259z\u0259r\u0259 al\u0131n ki, Link bu v\u0259zif\u0259y\u0259 yeni t\u0259yin olundu\u011fundan \u00f6lk\u0259d\u0259ki ictimai-siyasi durum bar\u0259d\u0259 m\u0259lumat\u0131 azd\u0131r&#8221;.\n<\/p>\n<p>\n  B.S\u00fcleymanl\u0131 g\u00f6r\u00fc\u015f zaman\u0131 onun h\u0259bsd\u0259n \u00e7\u0131xandan sonra t\u0259msil olundu\u011fu SMDTM-in f\u0259aliyy\u0259t g\u00f6st\u0259rm\u0259sinin v\u0259 Anar M\u0259mm\u0259dlinin azadl\u0131\u011fa burax\u0131l\u0131b-burax\u0131lmamas\u0131n\u0131n m\u00fcmk\u00fcnl\u00fcy\u00fc bar\u0259d\u0259 m\u00fczakir\u0259 apar\u0131ld\u0131\u011f\u0131n\u0131 dedi: &#8220;Bildirdim ki, haz\u0131rda n\u0259inki se\u00e7ki t\u0259\u015fkilat\u0131n\u0131n, ba\u015fqa QHT-l\u0259rin d\u0259 f\u0259aliyy\u0259ti sual alt\u0131ndad\u0131r, he\u00e7 bir t\u0259\u015fkilat layih\u0259l\u0259rini qeydiyyata ald\u0131ra bilmir, h\u0259m d\u0259 SMDTM r\u0259hb\u0259rl\u0259rind\u0259n birinin h\u0259bsd\u0259, dig\u0259rinin is\u0259 yeni h\u0259bsd\u0259n \u00e7\u0131xd\u0131\u011f\u0131n\u0131 n\u0259z\u0259r\u0259 ald\u0131qda, se\u00e7ki m\u00fc\u015fahid\u0259si il\u0259 m\u0259\u015f\u011ful ola bilm\u0259y\u0259c\u0259k&#8221;.\n<\/p>\n<figure class=\"wp-block-image size-large\">\n  <img decoding=\"async\" src=\"https:\/\/www.meydan.tv\/az\/23057\/\" alt=\"\" class=\"wp-image-23057\"\/><figcaption><\/figcaption><\/figure>\n<p>\n  Mixael Linkin siyasi partiya funksionerl\u0259ril\u0259 g\u00f6r\u00fc\u015fm\u0259m\u0259sin\u0259 g\u0259ldikd\u0259, S\u00fcleymanl\u0131 bu bar\u0259d\u0259 konkret m\u0259lumata malik olmad\u0131\u011f\u0131n\u0131 s\u00f6yl\u0259di: &#8220;M\u0259n c\u0259nab Linkin s\u0259f\u0259r g\u00fcnd\u0259liyi haqq\u0131nda az m\u0259lumata malik\u0259m, amma onun \u018fr\u0259stun Oruclu il\u0259 g\u00f6r\u00fc\u015fd\u00fcy\u00fcn\u00fc bilirdim. \u0130ndiki s\u0259f\u0259r \u00e7ox q\u0131sa idi v\u0259 tan\u0131\u015fl\u0131q xarakteri da\u015f\u0131y\u0131rd\u0131. Mayda AT\u018fT DT\u0130HB-in qiym\u0259tl\u0259ndirm\u0259 missiyas\u0131 g\u0259l\u0259c\u0259k, y\u0259qin ondan sonra f\u0259aliyy\u0259t\u0259 ba\u015flayacaqlar&#8221;.<br \/>\n  <br \/>\n  \u015e\u0259rq v\u0259 Q\u0259rb Ara\u015fd\u0131rmalar M\u0259rk\u0259zinin s\u0259dri Arastun Oruclu c\u0259nab Linkl\u0259 qeyri-formal \u015f\u0259raitd\u0259 g\u00f6r\u00fc\u015fd\u00fcy\u00fcn\u00fc dedi: &#8220;Mixael Linki 1996-c\u0131 ild\u0259n tan\u0131d\u0131\u011f\u0131mdan \u00f6t\u0259n ill\u0259rd\u0259 yax\u0131n dostluq m\u00fcnasib\u0259tl\u0259rimiz yaran\u0131b.\u00a0 O, g\u0259nc liberallar t\u0259\u015fkilat\u0131n\u0131n r\u0259hb\u0259ri, Bundestaq\u0131n \u00fczv\u00fc v\u0259 Almaniya X\u0130N-in birinci m\u00fcavini oldu\u011fu d\u00f6vrd\u0259 d\u0259 bu m\u00fcnasib\u0259tl\u0259rimiz qal\u0131b.\u00a0 \u0130ndi onunla AT\u018fT DT\u0130HB direktoru qismind\u0259 ilk d\u0259f\u0259ydi g\u00f6r\u00fc\u015f\u00fcrd\u00fck. \u00d6z\u00fc d\u0259 Bak\u0131ya g\u0259ldiyini v\u0259 g\u00f6r\u00fc\u015fm\u0259k ist\u0259diyini yazm\u0131\u015fd\u0131. Evimd\u0259 qonaq oldu v\u0259 bu, qeyri-formal g\u00f6r\u00fc\u015f idi. Amma qar\u015f\u0131dan g\u0259l\u0259n se\u00e7kil\u0259r v\u0259 ictimai-siyasi m\u0259s\u0259l\u0259l\u0259rl\u0259 ba\u011fl\u0131 geni\u015f m\u00fczakir\u0259miz oldu. Q\u0259na\u0259tim budur ki, Az\u0259rbaycanda ke\u00e7iril\u0259c\u0259k parlament se\u00e7kil\u0259rin\u0259 beyn\u0259lxalq diqq\u0259t var. H\u0259m d\u0259 beyn\u0259lxalq m\u00fc\u015fahid\u0259nin tam h\u0259cmd\u0259 h\u0259yata ke\u00e7iril\u0259c\u0259yini sezdim&#8221;.\n<\/p>\n<figure class=\"wp-block-image size-large\">\n  <img decoding=\"async\" src=\"https:\/\/www.meydan.tv\/az\/23060\/\" alt=\"\" class=\"wp-image-23060\"\/><figcaption><\/figcaption><\/figure>\n<p>\n  M\u00fcsavat Partiyas\u0131n\u0131n ba\u015fqan m\u00fcavini Elman F\u0259ttah c\u0259nab Linkin g\u0259li\u015find\u0259n m\u0259lumatl\u0131 olduqlar\u0131n\u0131 dedi: &#8220;AT\u018fT DT\u0130HB Az\u0259rbaycandak\u0131 se\u00e7kil\u0259r\u0259 obyektiv qiym\u0259t ver\u0259n qurum olub. Bu s\u0259f\u0259r zaman\u0131 yaln\u0131z ba\u015f nazirin m\u00fcavini, X\u0130N v\u0259 MSK r\u0259hb\u0259rl\u0259ril\u0259 g\u00f6r\u00fc\u015fm\u0259si, m\u00fcxalif siyasi partiyalar\u0131n n\u00fcmay\u0259nd\u0259l\u0259ri il\u0259 g\u00f6r\u00fc\u015f\u0259 t\u0259\u015f\u0259bb\u00fcs g\u00f6st\u0259rm\u0259m\u0259sini hakimiyy\u0259tin Q\u0259rb diplomatlar\u0131na g\u00f6st\u0259rdiyi &#8220;m\u00fcxalif\u0259tl\u0259 g\u00f6r\u00fc\u015fm\u0259yin&#8221; \u0259n\u0259n\u0259vi t\u0259zyiqinin n\u0259tic\u0259si kimi bax\u0131ram&#8221;.\n<\/p>\n<p>\n  &#8220;Se\u00e7ki ilind\u0259 se\u00e7kil\u0259rd\u0259 i\u015ftirak v\u0259 se\u00e7kil\u0259ri m\u00fc\u015fahid\u0259 bax\u0131mindan yegan\u0259 resursu olan siyasi partiyalarla bu movzuda t\u0259masdan imtina etm\u0259yi is\u0259 c\u0259nab Link s\u0259f\u0259rinin az \u0259h\u0259miyy\u0259tli olmas\u0131 kimi d\u0259y\u0259rl\u0259ndirir\u0259m&#8221;, dey\u0259 c\u0259nab F\u0259ttah fikrini tamamlay\u0131b.\n<\/p>\n<figure class=\"wp-block-image size-large\">\n  <img decoding=\"async\" src=\"https:\/\/www.meydan.tv\/az\/23063\/\" alt=\"\" class=\"wp-image-23063\"\/><figcaption><\/figcaption><\/figure>\n<p>\n  Amma \u018fr\u0259stun Oruclu d\u00fc\u015f\u00fcnm\u00fcr ki, c\u0259nab Link hakimiyy\u0259tin diqt\u0259si il\u0259 \u00f6z\u00fcn\u0259 g\u00f6r\u00fc\u015f proqram\u0131 tutub: &#8220;\u018fvv\u0259la, Mixael Link o \u015f\u0259xs deyil, ikinci d\u0259 tutdu\u011fu v\u0259zif\u0259 v\u0259 m\u00f6vqe d\u0259 buna imkan vermir. \u018fg\u0259r el\u0259 olsayd\u0131, h\u0259bsd\u0259n bug\u00fcnl\u0259rd\u0259 \u00e7\u0131xm\u0131\u015f SMDTM-in s\u0259dr m\u00fcavini B\u0259\u015fir S\u00fcleymanl\u0131 il\u0259 g\u00f6r\u00fc\u015fm\u0259zdi. Yaxud hakimiyy\u0259t c\u0259nab Linkin m\u0259nim evimd\u0259 qonaq olmas\u0131ndan m\u0259mnun olard\u0131&#8221;.\n<\/p>\n<p>\n  Mixael Link AT\u018fT DT\u0130HB direktoru v\u0259zif\u0259sin\u0259 2014-c\u00fc ilin iyul ay\u0131nda t\u0259yin olunub v\u0259 bu postda Yanes Lenar\u00e7i\u00e7i \u0259v\u0259z edib.<\/p>\n","protected":false},"excerpt":{"rendered":"<p>B\u0259\u015fir S\u00fcleymanl\u0131: &#8220;C\u0259nab Linkin s\u0259f\u0259r g\u00fcnd\u0259liyi haqq\u0131nda az m\u0259lumata malik\u0259m&#8221;<\/p>\n<p>Elman F\u0259ttah: &#8220;Bu m\u0259s\u0259l\u0259y\u0259 hakimiyy\u0259tin Q\u0259rb diplomatlar\u0131na g\u00f6st\u0259rdiyi &#8220;m\u00fcxalif\u0259tl\u0259 g\u00f6r\u00fc\u015fm\u0259yin&#8221; \u0259n\u0259n\u0259vi t\u0259zyiqinin n\u0259tic\u0259si kimi bax\u0131ram&#8221;<\/p>\n<p>\u018fr\u0259stun Oruclu: &#8220;&#8221;\u018fvv\u0259la, Mixael Link o \u015f\u0259xs deyil, ikinci d\u0259 tutdu\u011fu v\u0259zif\u0259 v\u0259 m\u00f6vqe d\u0259 buna imkan vermir&#8221;<\/p>\n","protected":false},"author":11,"featured_media":23051,"comment_status":"closed","ping_status":"open","sticky":false,"template":"","format":"standard","meta":{"_acf_changed":false,"_sitemap_exclude":false,"_sitemap_priority":"","_sitemap_frequency":"","footnotes":""},"categories":[56],"tags":[],"class_list":["post-167638","post","type-post","status-publish","format-standard","has-post-thumbnail","hentry","category-xeberler","infinite-scroll-item","generate-columns","tablet-grid-50","mobile-grid-100","grid-parent","grid-33","no-featured-image-padding"],"acf":[],"yoast_head":"<!-- This site is optimized with the Yoast SEO plugin v28.4 - https:\/\/yoast.com\/product\/yoast-seo-wordpress\/ -->\n<title>Mixael Link m\u00fcxalif\u0259tl\u0259 niy\u0259 g\u00f6r\u00fc\u015fm\u0259yib? - MEYDAN.TV<\/title>\n<meta name=\"robots\" content=\"index, follow, max-snippet:-1, max-image-preview:large, max-video-preview:-1\" \/>\n<link rel=\"canonical\" href=\"https:\/\/www.meydan.tv\/az\/article\/mixael-link-muxalifetle-niye-gorusmeyib\/\" \/>\n<meta property=\"og:locale\" content=\"az_AZ\" \/>\n<meta property=\"og:type\" content=\"article\" \/>\n<meta property=\"og:title\" content=\"Mixael Link m\u00fcxalif\u0259tl\u0259 niy\u0259 g\u00f6r\u00fc\u015fm\u0259yib? - MEYDAN.TV\" \/>\n<meta property=\"og:description\" content=\"B\u0259\u015fir S\u00fcleymanl\u0131: &quot;C\u0259nab Linkin s\u0259f\u0259r g\u00fcnd\u0259liyi haqq\u0131nda az m\u0259lumata malik\u0259m&quot;  Elman F\u0259ttah: &quot;Bu m\u0259s\u0259l\u0259y\u0259 hakimiyy\u0259tin Q\u0259rb diplomatlar\u0131na g\u00f6st\u0259rdiyi &quot;m\u00fcxalif\u0259tl\u0259 g\u00f6r\u00fc\u015fm\u0259yin&quot; \u0259n\u0259n\u0259vi t\u0259zyiqinin n\u0259tic\u0259si kimi bax\u0131ram&quot;  \u018fr\u0259stun Oruclu: &quot;&quot;\u018fvv\u0259la, Mixael Link o \u015f\u0259xs deyil, ikinci d\u0259 tutdu\u011fu v\u0259zif\u0259 v\u0259 m\u00f6vqe d\u0259 buna imkan vermir&quot;\" \/>\n<meta property=\"og:url\" content=\"https:\/\/www.meydan.tv\/az\/article\/mixael-link-muxalifetle-niye-gorusmeyib\/\" \/>\n<meta property=\"og:site_name\" content=\"MEYDAN.TV\" \/>\n<meta property=\"article:published_time\" content=\"2015-04-22T14:47:04+00:00\" \/>\n<meta property=\"og:image\" content=\"https:\/\/www.meydan.tv\/wp-content\/uploads\/8369.jpg\" \/>\n\t<meta property=\"og:image:width\" content=\"334\" \/>\n\t<meta property=\"og:image:height\" content=\"250\" \/>\n\t<meta property=\"og:image:type\" content=\"image\/jpeg\" \/>\n<meta name=\"twitter:card\" content=\"summary_large_image\" \/>\n<!-- \/ Yoast SEO plugin. -->","yoast_head_json":{"title":"Mixael Link m\u00fcxalif\u0259tl\u0259 niy\u0259 g\u00f6r\u00fc\u015fm\u0259yib? - MEYDAN.TV","robots":{"index":"index","follow":"follow","max-snippet":"max-snippet:-1","max-image-preview":"max-image-preview:large","max-video-preview":"max-video-preview:-1"},"canonical":"https:\/\/www.meydan.tv\/az\/article\/mixael-link-muxalifetle-niye-gorusmeyib\/","og_locale":"az_AZ","og_type":"article","og_title":"Mixael Link m\u00fcxalif\u0259tl\u0259 niy\u0259 g\u00f6r\u00fc\u015fm\u0259yib? - MEYDAN.TV","og_description":"B\u0259\u015fir S\u00fcleymanl\u0131: \"C\u0259nab Linkin s\u0259f\u0259r g\u00fcnd\u0259liyi haqq\u0131nda az m\u0259lumata malik\u0259m\"  Elman F\u0259ttah: \"Bu m\u0259s\u0259l\u0259y\u0259 hakimiyy\u0259tin Q\u0259rb diplomatlar\u0131na g\u00f6st\u0259rdiyi \"m\u00fcxalif\u0259tl\u0259 g\u00f6r\u00fc\u015fm\u0259yin\" \u0259n\u0259n\u0259vi t\u0259zyiqinin n\u0259tic\u0259si kimi bax\u0131ram\"  \u018fr\u0259stun Oruclu: \"\"\u018fvv\u0259la, Mixael Link o \u015f\u0259xs deyil, ikinci d\u0259 tutdu\u011fu v\u0259zif\u0259 v\u0259 m\u00f6vqe d\u0259 buna imkan vermir\"","og_url":"https:\/\/www.meydan.tv\/az\/article\/mixael-link-muxalifetle-niye-gorusmeyib\/","og_site_name":"MEYDAN.TV","article_published_time":"2015-04-22T14:47:04+00:00","og_image":[{"width":334,"height":250,"url":"https:\/\/www.meydan.tv\/wp-content\/uploads\/8369.jpg","type":"image\/jpeg"}],"twitter_card":"summary_large_image","schema":{"@context":"https:\/\/schema.org","@graph":[{"@type":"Article","@id":"https:\/\/www.meydan.tv\/az\/article\/mixael-link-muxalifetle-niye-gorusmeyib\/#article","isPartOf":{"@id":"https:\/\/www.meydan.tv\/az\/article\/mixael-link-muxalifetle-niye-gorusmeyib\/"},"author":{"name":"user-manager","@id":"https:\/\/www.meydan.tv\/az\/#\/schema\/person\/10d11eccf6da3662cf5fdab9806ea91a"},"headline":"Mixael Link m\u00fcxalif\u0259tl\u0259 niy\u0259 g\u00f6r\u00fc\u015fm\u0259yib?","datePublished":"2015-04-22T14:47:04+00:00","mainEntityOfPage":{"@id":"https:\/\/www.meydan.tv\/az\/article\/mixael-link-muxalifetle-niye-gorusmeyib\/"},"wordCount":1035,"publisher":{"@id":"https:\/\/www.meydan.tv\/az\/#organization"},"image":{"@id":"https:\/\/www.meydan.tv\/az\/article\/mixael-link-muxalifetle-niye-gorusmeyib\/#primaryimage"},"thumbnailUrl":"https:\/\/www.meydan.tv\/wp-content\/uploads\/8369.jpg","articleSection":["X\u0259b\u0259rl\u0259r"],"inLanguage":"az"},{"@type":"WebPage","@id":"https:\/\/www.meydan.tv\/az\/article\/mixael-link-muxalifetle-niye-gorusmeyib\/","url":"https:\/\/www.meydan.tv\/az\/article\/mixael-link-muxalifetle-niye-gorusmeyib\/","name":"Mixael Link m\u00fcxalif\u0259tl\u0259 niy\u0259 g\u00f6r\u00fc\u015fm\u0259yib? - MEYDAN.TV","isPartOf":{"@id":"https:\/\/www.meydan.tv\/az\/#website"},"primaryImageOfPage":{"@id":"https:\/\/www.meydan.tv\/az\/article\/mixael-link-muxalifetle-niye-gorusmeyib\/#primaryimage"},"image":{"@id":"https:\/\/www.meydan.tv\/az\/article\/mixael-link-muxalifetle-niye-gorusmeyib\/#primaryimage"},"thumbnailUrl":"https:\/\/www.meydan.tv\/wp-content\/uploads\/8369.jpg","datePublished":"2015-04-22T14:47:04+00:00","breadcrumb":{"@id":"https:\/\/www.meydan.tv\/az\/article\/mixael-link-muxalifetle-niye-gorusmeyib\/#breadcrumb"},"inLanguage":"az","potentialAction":[{"@type":"ReadAction","target":["https:\/\/www.meydan.tv\/az\/article\/mixael-link-muxalifetle-niye-gorusmeyib\/"]}]},{"@type":"ImageObject","inLanguage":"az","@id":"https:\/\/www.meydan.tv\/az\/article\/mixael-link-muxalifetle-niye-gorusmeyib\/#primaryimage","url":"https:\/\/www.meydan.tv\/wp-content\/uploads\/8369.jpg","contentUrl":"https:\/\/www.meydan.tv\/wp-content\/uploads\/8369.jpg","width":334,"height":250,"caption":"Source:"},{"@type":"BreadcrumbList","@id":"https:\/\/www.meydan.tv\/az\/article\/mixael-link-muxalifetle-niye-gorusmeyib\/#breadcrumb","itemListElement":[{"@type":"ListItem","position":1,"name":"Ana s\u0259hif\u0259","item":"https:\/\/www.meydan.tv\/az\/"},{"@type":"ListItem","position":2,"name":"X\u0259b\u0259rl\u0259r","item":"https:\/\/www.meydan.tv\/az\/section\/xeberler\/"},{"@type":"ListItem","position":3,"name":"Mixael Link m\u00fcxalif\u0259tl\u0259 niy\u0259 g\u00f6r\u00fc\u015fm\u0259yib?"}]},{"@type":"WebSite","@id":"https:\/\/www.meydan.tv\/az\/#website","url":"https:\/\/www.meydan.tv\/az\/","name":"MEYDAN.TV","description":"Meydan TV Az\u0259rbaycan\u0131n media m\u0259kan\u0131ndak\u0131 alternativ s\u0259sidir","publisher":{"@id":"https:\/\/www.meydan.tv\/az\/#organization"},"potentialAction":[{"@type":"SearchAction","target":{"@type":"EntryPoint","urlTemplate":"https:\/\/www.meydan.tv\/az\/?s={search_term_string}"},"query-input":{"@type":"PropertyValueSpecification","valueRequired":true,"valueName":"search_term_string"}}],"inLanguage":"az"},{"@type":"Organization","@id":"https:\/\/www.meydan.tv\/az\/#organization","name":"Meydan TV","url":"https:\/\/www.meydan.tv\/az\/","logo":{"@type":"ImageObject","inLanguage":"az","@id":"https:\/\/www.meydan.tv\/az\/#\/schema\/logo\/image\/","url":"https:\/\/www.meydan.tv\/wp-content\/uploads\/2021\/07\/meydan-logo.svg","contentUrl":"https:\/\/www.meydan.tv\/wp-content\/uploads\/2021\/07\/meydan-logo.svg","width":195,"height":46,"caption":"Meydan TV"},"image":{"@id":"https:\/\/www.meydan.tv\/az\/#\/schema\/logo\/image\/"}},{"@type":"Person","@id":"https:\/\/www.meydan.tv\/az\/#\/schema\/person\/10d11eccf6da3662cf5fdab9806ea91a","name":"user-manager"}]}},"_links":{"self":[{"href":"https:\/\/www.meydan.tv\/az\/wp-json\/wp\/v2\/posts\/167638","targetHints":{"allow":["GET"]}}],"collection":[{"href":"https:\/\/www.meydan.tv\/az\/wp-json\/wp\/v2\/posts"}],"about":[{"href":"https:\/\/www.meydan.tv\/az\/wp-json\/wp\/v2\/types\/post"}],"author":[{"embeddable":true,"href":"https:\/\/www.meydan.tv\/az\/wp-json\/wp\/v2\/users\/11"}],"replies":[{"embeddable":true,"href":"https:\/\/www.meydan.tv\/az\/wp-json\/wp\/v2\/comments?post=167638"}],"version-history":[{"count":0,"href":"https:\/\/www.meydan.tv\/az\/wp-json\/wp\/v2\/posts\/167638\/revisions"}],"wp:featuredmedia":[{"embeddable":true,"href":"https:\/\/www.meydan.tv\/az\/wp-json\/wp\/v2\/media\/23051"}],"wp:attachment":[{"href":"https:\/\/www.meydan.tv\/az\/wp-json\/wp\/v2\/media?parent=167638"}],"wp:term":[{"taxonomy":"category","embeddable":true,"href":"https:\/\/www.meydan.tv\/az\/wp-json\/wp\/v2\/categories?post=167638"},{"taxonomy":"post_tag","embeddable":true,"href":"https:\/\/www.meydan.tv\/az\/wp-json\/wp\/v2\/tags?post=167638"}],"curies":[{"name":"wp","href":"https:\/\/api.w.org\/{rel}","templated":true}]}}