{"id":167637,"date":"2015-04-22T15:42:40","date_gmt":"2015-04-22T15:42:40","guid":{"rendered":"https:\/\/www.meydan.tv\/article\/azerbaycan-senzuranin-en-cox-tetbiq-olundugu-olkeler-arasindadir\/"},"modified":"2015-04-22T15:42:40","modified_gmt":"2015-04-22T15:42:40","slug":"azerbaycan-senzuranin-en-cox-tetbiq-olundugu-olkeler-arasindadir","status":"publish","type":"post","link":"https:\/\/www.meydan.tv\/az\/article\/azerbaycan-senzuranin-en-cox-tetbiq-olundugu-olkeler-arasindadir\/","title":{"rendered":"Az\u0259rbaycan senzuran\u0131n \u0259n \u00e7ox t\u0259tbiq olundu\u011fu \u00f6lk\u0259l\u0259r aras\u0131ndad\u0131r"},"content":{"rendered":"<figure class=\"wp-block-image size-large\">\n  <img decoding=\"async\" src=\"https:\/\/www.meydan.tv\/az\/23066\/\" alt=\"\" class=\"wp-image-23066\"\/><figcaption><\/figcaption><\/figure>\n<figure class=\"wp-block-image size-large\">\n  <img decoding=\"async\" src=\"https:\/\/www.meydan.tv\/az\/23066\/\" alt=\"\" class=\"wp-image-23066\"\/><figcaption><\/figcaption><\/figure>\n<p>\n  <i><br \/>\n    \u00a0Az\u0259rbaycanda 7 jurnalist v\u0259 bloger h\u0259bsd\u0259dir<br \/>\n  <\/i>\n<\/p>\n<p>\n  Az\u0259rbaycan d\u00fcnyada senzuran\u0131n \u0259n \u00e7ox t\u0259tbiq olundu\u011fu 10 \u00f6lk\u0259 s\u0131ras\u0131nda 5-ci yerd\u0259dir. Bu\u00a0 bar\u0259d\u0259 Beyn\u0259lxalq Jurnalistl\u0259ri M\u00fcdafi\u0259 Komit\u0259sinin (CPJ) hesabat\u0131nda deyilir. Geni\u015f hesabat aprelin 27-d\u0259 a\u00e7\u0131qlanacaq.\n<\/p>\n<p>\n  Senzura il\u0259 ba\u011fl\u0131 \u0259n pis v\u0259ziyy\u0259t Eritreya v\u0259 \u015eimali Koreyadad\u0131r. Sonra S\u0259udiyy\u0259 \u018fr\u0259bistan\u0131, Efiopiya, Az\u0259rbaycan, Vyetnam, \u0130ran, Myanma v\u0259 Kuba g\u0259lir.\n<\/p>\n<p>\n  Hesabat haz\u0131rlanark\u0259n siyasi h\u0259bsl\u0259r, jurnalistl\u0259rin t\u0259qib olunmas\u0131, \u00a0\u0130nternetd\u0259ki yaz\u0131lara n\u0259zar\u0259t kimi amill\u0259r n\u0259z\u0259r\u0259 al\u0131n\u0131b.\n<\/p>\n<p>\n  S\u0259n\u0259dd\u0259 Az\u0259rbaycanla ba\u011fl\u0131 deyilir ki, \u00f6lk\u0259d\u0259 7 jurnalist v\u0259 bloger h\u0259bsd\u0259dir.<\/p>\n","protected":false},"excerpt":{"rendered":"<p>Az\u0259rbaycanda 7 jurnalist v\u0259 bloger h\u0259bsd\u0259dir<\/p>\n","protected":false},"author":11,"featured_media":23066,"comment_status":"closed","ping_status":"open","sticky":false,"template":"","format":"standard","meta":{"_acf_changed":false,"_sitemap_exclude":false,"_sitemap_priority":"","_sitemap_frequency":"","footnotes":""},"categories":[56],"tags":[],"class_list":["post-167637","post","type-post","status-publish","format-standard","has-post-thumbnail","hentry","category-xeberler","infinite-scroll-item","generate-columns","tablet-grid-50","mobile-grid-100","grid-parent","grid-33","no-featured-image-padding"],"acf":[],"yoast_head":"<!-- This site is optimized with the Yoast SEO plugin v28.4 - https:\/\/yoast.com\/product\/yoast-seo-wordpress\/ -->\n<title>Az\u0259rbaycan senzuran\u0131n \u0259n \u00e7ox t\u0259tbiq olundu\u011fu \u00f6lk\u0259l\u0259r aras\u0131ndad\u0131r - MEYDAN.TV<\/title>\n<meta name=\"robots\" content=\"index, follow, max-snippet:-1, max-image-preview:large, max-video-preview:-1\" \/>\n<link rel=\"canonical\" href=\"https:\/\/www.meydan.tv\/az\/article\/azerbaycan-senzuranin-en-cox-tetbiq-olundugu-olkeler-arasindadir\/\" \/>\n<meta property=\"og:locale\" content=\"az_AZ\" \/>\n<meta property=\"og:type\" content=\"article\" \/>\n<meta property=\"og:title\" content=\"Az\u0259rbaycan senzuran\u0131n \u0259n \u00e7ox t\u0259tbiq olundu\u011fu \u00f6lk\u0259l\u0259r aras\u0131ndad\u0131r - MEYDAN.TV\" \/>\n<meta property=\"og:description\" content=\"Az\u0259rbaycanda 7 jurnalist v\u0259 bloger h\u0259bsd\u0259dir\" \/>\n<meta property=\"og:url\" content=\"https:\/\/www.meydan.tv\/az\/article\/azerbaycan-senzuranin-en-cox-tetbiq-olundugu-olkeler-arasindadir\/\" \/>\n<meta property=\"og:site_name\" content=\"MEYDAN.TV\" \/>\n<meta property=\"article:published_time\" content=\"2015-04-22T15:42:40+00:00\" \/>\n<meta property=\"og:image\" content=\"https:\/\/www.meydan.tv\/wp-content\/uploads\/8374.jpg\" \/>\n\t<meta property=\"og:image:width\" content=\"400\" \/>\n\t<meta property=\"og:image:height\" content=\"327\" \/>\n\t<meta property=\"og:image:type\" content=\"image\/jpeg\" \/>\n<meta name=\"twitter:card\" content=\"summary_large_image\" \/>\n<!-- \/ Yoast SEO plugin. -->","yoast_head_json":{"title":"Az\u0259rbaycan senzuran\u0131n \u0259n \u00e7ox t\u0259tbiq olundu\u011fu \u00f6lk\u0259l\u0259r aras\u0131ndad\u0131r - MEYDAN.TV","robots":{"index":"index","follow":"follow","max-snippet":"max-snippet:-1","max-image-preview":"max-image-preview:large","max-video-preview":"max-video-preview:-1"},"canonical":"https:\/\/www.meydan.tv\/az\/article\/azerbaycan-senzuranin-en-cox-tetbiq-olundugu-olkeler-arasindadir\/","og_locale":"az_AZ","og_type":"article","og_title":"Az\u0259rbaycan senzuran\u0131n \u0259n \u00e7ox t\u0259tbiq olundu\u011fu \u00f6lk\u0259l\u0259r aras\u0131ndad\u0131r - MEYDAN.TV","og_description":"Az\u0259rbaycanda 7 jurnalist v\u0259 bloger h\u0259bsd\u0259dir","og_url":"https:\/\/www.meydan.tv\/az\/article\/azerbaycan-senzuranin-en-cox-tetbiq-olundugu-olkeler-arasindadir\/","og_site_name":"MEYDAN.TV","article_published_time":"2015-04-22T15:42:40+00:00","og_image":[{"width":400,"height":327,"url":"https:\/\/www.meydan.tv\/wp-content\/uploads\/8374.jpg","type":"image\/jpeg"}],"twitter_card":"summary_large_image","schema":{"@context":"https:\/\/schema.org","@graph":[{"@type":"Article","@id":"https:\/\/www.meydan.tv\/az\/article\/azerbaycan-senzuranin-en-cox-tetbiq-olundugu-olkeler-arasindadir\/#article","isPartOf":{"@id":"https:\/\/www.meydan.tv\/az\/article\/azerbaycan-senzuranin-en-cox-tetbiq-olundugu-olkeler-arasindadir\/"},"author":{"name":"user-manager","@id":"https:\/\/www.meydan.tv\/az\/#\/schema\/person\/10d11eccf6da3662cf5fdab9806ea91a"},"headline":"Az\u0259rbaycan senzuran\u0131n \u0259n \u00e7ox t\u0259tbiq olundu\u011fu \u00f6lk\u0259l\u0259r aras\u0131ndad\u0131r","datePublished":"2015-04-22T15:42:40+00:00","mainEntityOfPage":{"@id":"https:\/\/www.meydan.tv\/az\/article\/azerbaycan-senzuranin-en-cox-tetbiq-olundugu-olkeler-arasindadir\/"},"wordCount":139,"publisher":{"@id":"https:\/\/www.meydan.tv\/az\/#organization"},"image":{"@id":"https:\/\/www.meydan.tv\/az\/article\/azerbaycan-senzuranin-en-cox-tetbiq-olundugu-olkeler-arasindadir\/#primaryimage"},"thumbnailUrl":"https:\/\/www.meydan.tv\/wp-content\/uploads\/8374.jpg","articleSection":["X\u0259b\u0259rl\u0259r"],"inLanguage":"az"},{"@type":"WebPage","@id":"https:\/\/www.meydan.tv\/az\/article\/azerbaycan-senzuranin-en-cox-tetbiq-olundugu-olkeler-arasindadir\/","url":"https:\/\/www.meydan.tv\/az\/article\/azerbaycan-senzuranin-en-cox-tetbiq-olundugu-olkeler-arasindadir\/","name":"Az\u0259rbaycan senzuran\u0131n \u0259n \u00e7ox t\u0259tbiq olundu\u011fu \u00f6lk\u0259l\u0259r aras\u0131ndad\u0131r - MEYDAN.TV","isPartOf":{"@id":"https:\/\/www.meydan.tv\/az\/#website"},"primaryImageOfPage":{"@id":"https:\/\/www.meydan.tv\/az\/article\/azerbaycan-senzuranin-en-cox-tetbiq-olundugu-olkeler-arasindadir\/#primaryimage"},"image":{"@id":"https:\/\/www.meydan.tv\/az\/article\/azerbaycan-senzuranin-en-cox-tetbiq-olundugu-olkeler-arasindadir\/#primaryimage"},"thumbnailUrl":"https:\/\/www.meydan.tv\/wp-content\/uploads\/8374.jpg","datePublished":"2015-04-22T15:42:40+00:00","breadcrumb":{"@id":"https:\/\/www.meydan.tv\/az\/article\/azerbaycan-senzuranin-en-cox-tetbiq-olundugu-olkeler-arasindadir\/#breadcrumb"},"inLanguage":"az","potentialAction":[{"@type":"ReadAction","target":["https:\/\/www.meydan.tv\/az\/article\/azerbaycan-senzuranin-en-cox-tetbiq-olundugu-olkeler-arasindadir\/"]}]},{"@type":"ImageObject","inLanguage":"az","@id":"https:\/\/www.meydan.tv\/az\/article\/azerbaycan-senzuranin-en-cox-tetbiq-olundugu-olkeler-arasindadir\/#primaryimage","url":"https:\/\/www.meydan.tv\/wp-content\/uploads\/8374.jpg","contentUrl":"https:\/\/www.meydan.tv\/wp-content\/uploads\/8374.jpg","width":400,"height":327,"caption":"Source:"},{"@type":"BreadcrumbList","@id":"https:\/\/www.meydan.tv\/az\/article\/azerbaycan-senzuranin-en-cox-tetbiq-olundugu-olkeler-arasindadir\/#breadcrumb","itemListElement":[{"@type":"ListItem","position":1,"name":"Ana s\u0259hif\u0259","item":"https:\/\/www.meydan.tv\/az\/"},{"@type":"ListItem","position":2,"name":"X\u0259b\u0259rl\u0259r","item":"https:\/\/www.meydan.tv\/az\/section\/xeberler\/"},{"@type":"ListItem","position":3,"name":"Az\u0259rbaycan senzuran\u0131n \u0259n \u00e7ox t\u0259tbiq olundu\u011fu \u00f6lk\u0259l\u0259r aras\u0131ndad\u0131r"}]},{"@type":"WebSite","@id":"https:\/\/www.meydan.tv\/az\/#website","url":"https:\/\/www.meydan.tv\/az\/","name":"MEYDAN.TV","description":"Meydan TV Az\u0259rbaycan\u0131n media m\u0259kan\u0131ndak\u0131 alternativ s\u0259sidir","publisher":{"@id":"https:\/\/www.meydan.tv\/az\/#organization"},"potentialAction":[{"@type":"SearchAction","target":{"@type":"EntryPoint","urlTemplate":"https:\/\/www.meydan.tv\/az\/?s={search_term_string}"},"query-input":{"@type":"PropertyValueSpecification","valueRequired":true,"valueName":"search_term_string"}}],"inLanguage":"az"},{"@type":"Organization","@id":"https:\/\/www.meydan.tv\/az\/#organization","name":"Meydan TV","url":"https:\/\/www.meydan.tv\/az\/","logo":{"@type":"ImageObject","inLanguage":"az","@id":"https:\/\/www.meydan.tv\/az\/#\/schema\/logo\/image\/","url":"https:\/\/www.meydan.tv\/wp-content\/uploads\/2021\/07\/meydan-logo.svg","contentUrl":"https:\/\/www.meydan.tv\/wp-content\/uploads\/2021\/07\/meydan-logo.svg","width":195,"height":46,"caption":"Meydan TV"},"image":{"@id":"https:\/\/www.meydan.tv\/az\/#\/schema\/logo\/image\/"}},{"@type":"Person","@id":"https:\/\/www.meydan.tv\/az\/#\/schema\/person\/10d11eccf6da3662cf5fdab9806ea91a","name":"user-manager"}]}},"_links":{"self":[{"href":"https:\/\/www.meydan.tv\/az\/wp-json\/wp\/v2\/posts\/167637","targetHints":{"allow":["GET"]}}],"collection":[{"href":"https:\/\/www.meydan.tv\/az\/wp-json\/wp\/v2\/posts"}],"about":[{"href":"https:\/\/www.meydan.tv\/az\/wp-json\/wp\/v2\/types\/post"}],"author":[{"embeddable":true,"href":"https:\/\/www.meydan.tv\/az\/wp-json\/wp\/v2\/users\/11"}],"replies":[{"embeddable":true,"href":"https:\/\/www.meydan.tv\/az\/wp-json\/wp\/v2\/comments?post=167637"}],"version-history":[{"count":0,"href":"https:\/\/www.meydan.tv\/az\/wp-json\/wp\/v2\/posts\/167637\/revisions"}],"wp:featuredmedia":[{"embeddable":true,"href":"https:\/\/www.meydan.tv\/az\/wp-json\/wp\/v2\/media\/23066"}],"wp:attachment":[{"href":"https:\/\/www.meydan.tv\/az\/wp-json\/wp\/v2\/media?parent=167637"}],"wp:term":[{"taxonomy":"category","embeddable":true,"href":"https:\/\/www.meydan.tv\/az\/wp-json\/wp\/v2\/categories?post=167637"},{"taxonomy":"post_tag","embeddable":true,"href":"https:\/\/www.meydan.tv\/az\/wp-json\/wp\/v2\/tags?post=167637"}],"curies":[{"name":"wp","href":"https:\/\/api.w.org\/{rel}","templated":true}]}}