{"id":167636,"date":"2015-04-22T14:17:01","date_gmt":"2015-04-22T14:17:01","guid":{"rendered":"https:\/\/www.meydan.tv\/article\/statistika-komitesi-ictimaiyyeti-aldadir\/"},"modified":"2015-04-22T14:17:01","modified_gmt":"2015-04-22T14:17:01","slug":"statistika-komitesi-ictimaiyyeti-aldadir","status":"publish","type":"post","link":"https:\/\/www.meydan.tv\/az\/article\/statistika-komitesi-ictimaiyyeti-aldadir\/","title":{"rendered":"&#8220;Statistika Komit\u0259si ictimaiyy\u0259ti aldad\u0131r&#8221;"},"content":{"rendered":"<figure class=\"wp-block-image size-large\">\n  <img decoding=\"async\" src=\"https:\/\/www.meydan.tv\/az\/23048\/\" alt=\"\" class=\"wp-image-23048\"\/><figcaption><\/figcaption><\/figure>\n<figure class=\"wp-block-image size-large\">\n  <img decoding=\"async\" src=\"https:\/\/www.meydan.tv\/az\/23048\/\" alt=\"\" class=\"wp-image-23048\"\/><figcaption><\/figcaption><\/figure>\n<p>\n  <i><br \/>\n    Qubad \u0130bado\u011flu hesab edir ki, iqtisadi art\u0131m g\u00f6st\u0259ricisi \u015f\u00fcbh\u0259 do\u011furur<br \/>\n  <\/i>\n<\/p>\n<p>\n  \u0130qtisad\u00e7\u0131 Qubad \u0130bado\u011flu D\u00f6vl\u0259t Statistika Komit\u0259sinin (DSK) son m\u0259lumat\u0131n\u0131 Facebook s\u0259hif\u0259sind\u0259 \u015f\u0259rh edib.\n<\/p>\n<p>\n  Q.\u0130bado\u011flu yaz\u0131b ki, komit\u0259 2015-ci ilin birinci r\u00fcb\u00fcnd\u0259 \u00f6lk\u0259d\u0259 istehsal edilmi\u015f \u00fcmumi daxili m\u0259hsulun h\u0259cminin \u0259vv\u0259lki ilin eyni d\u00f6vr\u00fcn\u0259 nisb\u0259t\u0259n 5,3 faiz artaraq 11, 5 milyard manata \u00e7atmas\u0131\u00a0 haqda m\u0259lumat yay\u0131b: &#8220;Bu a\u00e7\u0131qlamas\u0131 il\u0259 DSK indiy\u0259d\u0259k ger\u00e7\u0259klikd\u0259n uzaq olan inflyasiya, i\u015fsizlik v\u0259 yoxsulluq g\u00f6st\u0259ricil\u0259rininin siyah\u0131s\u0131na \u00dcDM-in at\u0131m\u0131n\u0131 da daxil edib. Bel\u0259 ki, \u00f6lk\u0259d\u0259 d\u00f6vl\u0259t x\u0259rcl\u0259m\u0259l\u0259rinin azald\u0131\u011f\u0131 (Maliyy\u0259 Nazirliyinin a\u00e7\u0131qlamas\u0131na g\u00f6r\u0259, bu ilin 1-ci r\u00fcb\u00fcnd\u0259 d\u00f6vl\u0259t b\u00fcdc\u0259sinin x\u0259rcl\u0259ri proqnoza nisb\u0259t\u0259n 89,9 faiz icra olunub), xalis ixracat\u0131n ki\u00e7ildiyi (G\u00f6mr\u00fck Komit\u0259sinin m\u0259lumat\u0131na g\u00f6r\u0259, 2015-ci ilin ilk 3 ay\u0131nda ixrac \u00f6t\u0259n ilin eyni d\u00f6vr\u00fc il\u0259 m\u00fcqayis\u0259d\u0259 37,3 faiz azal\u0131b, idxal is\u0259 37,6 faiz art\u0131b), investisiyalar\u0131n art\u0131m tempinin a\u015fa\u011f\u0131 d\u00fc\u015fd\u00fcy\u00fc d\u00f6vrd\u0259 \u00dcDM-in 5,3 faizlik art\u0131m\u0131n\u0131 elan ed\u0259n DSK son aylarda Az\u0259rbaycan iqtisadiyyat\u0131nda m\u00fc\u015fahid\u0259 olunan neqativ tendensiyalar\u0131 n\u0259z\u0259r\u0259 almadan yen\u0259 d\u0259 ictimaiyy\u0259ti aldatmaqla m\u0259\u015f\u011fuldur . \u00c7\u00fcnki haz\u0131rda \u00dcDM-in art\u0131m\u0131n\u0131 \u015f\u0259rtl\u0259ndir\u0259n m\u0259nb\u0259l\u0259rd\u0259n \u00fc\u00e7\u00fcnd\u0259 (d\u00f6vl\u0259t x\u0259rcl\u0259m\u0259l\u0259ri, investisiyalar v\u0259 xalis ixracat) m\u00fcsb\u0259t d\u0259yi\u015fiklik olmad\u0131\u011f\u0131 halda bu art\u0131m\u0131n yaln\u0131z istehlak x\u0259rcl\u0259rinin y\u00fcks\u0259lm\u0259si hesab\u0131na ba\u015f verm\u0259si m\u00fcmk\u00fcnd\u00fcr ki, bu da \u00f6lk\u0259d\u0259 yaln\u0131z ciddi inflyasiyan\u0131n m\u00f6vcudlu\u011fu il\u0259 izah oluna bil\u0259r. Bunu da etiraf etm\u0259y\u0259n DSK t\u0259hlil olunan d\u00f6vr \u00fc\u00e7\u00fcn inflyasiya s\u0259viyy\u0259sinin 2,8 faiz oldu\u011funu elan edib&#8221;.\n<\/p>\n<p>\n  Manat\u0131n devalvasiyan\u0131n bu art\u0131ma t\u0259sirin\u0259 g\u0259linc\u0259, \u0130bado\u011flu bildirib ki, onun rolunu \u015f\u0259rtl\u0259ndir\u0259n xarici investisiyalar\u0131n v\u0259 ixracat\u0131n art\u0131m\u0131n\u0131n m\u00fc\u015fahid\u0259 olunmad\u0131\u011f\u0131 son 1 ayda bu faktorun da ciddi \u0259h\u0259miyy\u0259tind\u0259n da\u015f\u0131nma\u011fa d\u0259ymir. G\u00f6r\u00fcn\u00fcr, haz\u0131rk\u0131 d\u00f6vr\u00fcn siyas\u0131 t\u0259l\u0259bl\u0259ri DSK-n\u0131 iqtisadi reall\u0131\u011fa g\u00f6z yumma\u011fa v\u0259 statistik yalanlar istehsal etm\u0259y\u0259 m\u0259cbur edir.\n<\/p><\/p>\n","protected":false},"excerpt":{"rendered":"<p>Qubad \u0130bado\u011flu hesab edir ki, iqtisadi art\u0131m g\u00f6st\u0259ricisi \u015f\u00fcbh\u0259 do\u011furur<\/p>\n","protected":false},"author":11,"featured_media":23048,"comment_status":"closed","ping_status":"open","sticky":false,"template":"","format":"standard","meta":{"_acf_changed":false,"_sitemap_exclude":false,"_sitemap_priority":"","_sitemap_frequency":"","footnotes":""},"categories":[56],"tags":[],"class_list":["post-167636","post","type-post","status-publish","format-standard","has-post-thumbnail","hentry","category-xeberler","infinite-scroll-item","generate-columns","tablet-grid-50","mobile-grid-100","grid-parent","grid-33","no-featured-image-padding"],"acf":[],"yoast_head":"<!-- This site is optimized with the Yoast SEO plugin v28.4 - https:\/\/yoast.com\/product\/yoast-seo-wordpress\/ -->\n<title>&quot;Statistika Komit\u0259si ictimaiyy\u0259ti aldad\u0131r&quot; - MEYDAN.TV<\/title>\n<meta name=\"robots\" content=\"index, follow, max-snippet:-1, max-image-preview:large, max-video-preview:-1\" \/>\n<link rel=\"canonical\" href=\"https:\/\/www.meydan.tv\/az\/article\/statistika-komitesi-ictimaiyyeti-aldadir\/\" \/>\n<meta property=\"og:locale\" content=\"az_AZ\" \/>\n<meta property=\"og:type\" content=\"article\" \/>\n<meta property=\"og:title\" content=\"&quot;Statistika Komit\u0259si ictimaiyy\u0259ti aldad\u0131r&quot; - MEYDAN.TV\" \/>\n<meta property=\"og:description\" content=\"Qubad \u0130bado\u011flu hesab edir ki, iqtisadi art\u0131m g\u00f6st\u0259ricisi \u015f\u00fcbh\u0259 do\u011furur\" \/>\n<meta property=\"og:url\" content=\"https:\/\/www.meydan.tv\/az\/article\/statistika-komitesi-ictimaiyyeti-aldadir\/\" \/>\n<meta property=\"og:site_name\" content=\"MEYDAN.TV\" \/>\n<meta property=\"article:published_time\" content=\"2015-04-22T14:17:01+00:00\" \/>\n<meta property=\"og:image\" content=\"https:\/\/www.meydan.tv\/wp-content\/uploads\/8368.jpg\" \/>\n\t<meta property=\"og:image:width\" content=\"440\" \/>\n\t<meta property=\"og:image:height\" content=\"300\" \/>\n\t<meta property=\"og:image:type\" content=\"image\/jpeg\" \/>\n<meta name=\"twitter:card\" content=\"summary_large_image\" \/>\n<!-- \/ Yoast SEO plugin. -->","yoast_head_json":{"title":"\"Statistika Komit\u0259si ictimaiyy\u0259ti aldad\u0131r\" - MEYDAN.TV","robots":{"index":"index","follow":"follow","max-snippet":"max-snippet:-1","max-image-preview":"max-image-preview:large","max-video-preview":"max-video-preview:-1"},"canonical":"https:\/\/www.meydan.tv\/az\/article\/statistika-komitesi-ictimaiyyeti-aldadir\/","og_locale":"az_AZ","og_type":"article","og_title":"\"Statistika Komit\u0259si ictimaiyy\u0259ti aldad\u0131r\" - MEYDAN.TV","og_description":"Qubad \u0130bado\u011flu hesab edir ki, iqtisadi art\u0131m g\u00f6st\u0259ricisi \u015f\u00fcbh\u0259 do\u011furur","og_url":"https:\/\/www.meydan.tv\/az\/article\/statistika-komitesi-ictimaiyyeti-aldadir\/","og_site_name":"MEYDAN.TV","article_published_time":"2015-04-22T14:17:01+00:00","og_image":[{"width":440,"height":300,"url":"https:\/\/www.meydan.tv\/wp-content\/uploads\/8368.jpg","type":"image\/jpeg"}],"twitter_card":"summary_large_image","schema":{"@context":"https:\/\/schema.org","@graph":[{"@type":"Article","@id":"https:\/\/www.meydan.tv\/az\/article\/statistika-komitesi-ictimaiyyeti-aldadir\/#article","isPartOf":{"@id":"https:\/\/www.meydan.tv\/az\/article\/statistika-komitesi-ictimaiyyeti-aldadir\/"},"author":{"name":"user-manager","@id":"https:\/\/www.meydan.tv\/az\/#\/schema\/person\/10d11eccf6da3662cf5fdab9806ea91a"},"headline":"&#8220;Statistika Komit\u0259si ictimaiyy\u0259ti aldad\u0131r&#8221;","datePublished":"2015-04-22T14:17:01+00:00","mainEntityOfPage":{"@id":"https:\/\/www.meydan.tv\/az\/article\/statistika-komitesi-ictimaiyyeti-aldadir\/"},"wordCount":420,"publisher":{"@id":"https:\/\/www.meydan.tv\/az\/#organization"},"image":{"@id":"https:\/\/www.meydan.tv\/az\/article\/statistika-komitesi-ictimaiyyeti-aldadir\/#primaryimage"},"thumbnailUrl":"https:\/\/www.meydan.tv\/wp-content\/uploads\/8368.jpg","articleSection":["X\u0259b\u0259rl\u0259r"],"inLanguage":"az"},{"@type":"WebPage","@id":"https:\/\/www.meydan.tv\/az\/article\/statistika-komitesi-ictimaiyyeti-aldadir\/","url":"https:\/\/www.meydan.tv\/az\/article\/statistika-komitesi-ictimaiyyeti-aldadir\/","name":"\"Statistika Komit\u0259si ictimaiyy\u0259ti aldad\u0131r\" - MEYDAN.TV","isPartOf":{"@id":"https:\/\/www.meydan.tv\/az\/#website"},"primaryImageOfPage":{"@id":"https:\/\/www.meydan.tv\/az\/article\/statistika-komitesi-ictimaiyyeti-aldadir\/#primaryimage"},"image":{"@id":"https:\/\/www.meydan.tv\/az\/article\/statistika-komitesi-ictimaiyyeti-aldadir\/#primaryimage"},"thumbnailUrl":"https:\/\/www.meydan.tv\/wp-content\/uploads\/8368.jpg","datePublished":"2015-04-22T14:17:01+00:00","breadcrumb":{"@id":"https:\/\/www.meydan.tv\/az\/article\/statistika-komitesi-ictimaiyyeti-aldadir\/#breadcrumb"},"inLanguage":"az","potentialAction":[{"@type":"ReadAction","target":["https:\/\/www.meydan.tv\/az\/article\/statistika-komitesi-ictimaiyyeti-aldadir\/"]}]},{"@type":"ImageObject","inLanguage":"az","@id":"https:\/\/www.meydan.tv\/az\/article\/statistika-komitesi-ictimaiyyeti-aldadir\/#primaryimage","url":"https:\/\/www.meydan.tv\/wp-content\/uploads\/8368.jpg","contentUrl":"https:\/\/www.meydan.tv\/wp-content\/uploads\/8368.jpg","width":440,"height":300,"caption":"Source:"},{"@type":"BreadcrumbList","@id":"https:\/\/www.meydan.tv\/az\/article\/statistika-komitesi-ictimaiyyeti-aldadir\/#breadcrumb","itemListElement":[{"@type":"ListItem","position":1,"name":"Ana s\u0259hif\u0259","item":"https:\/\/www.meydan.tv\/az\/"},{"@type":"ListItem","position":2,"name":"X\u0259b\u0259rl\u0259r","item":"https:\/\/www.meydan.tv\/az\/section\/xeberler\/"},{"@type":"ListItem","position":3,"name":"&#8220;Statistika Komit\u0259si ictimaiyy\u0259ti aldad\u0131r&#8221;"}]},{"@type":"WebSite","@id":"https:\/\/www.meydan.tv\/az\/#website","url":"https:\/\/www.meydan.tv\/az\/","name":"MEYDAN.TV","description":"Meydan TV Az\u0259rbaycan\u0131n media m\u0259kan\u0131ndak\u0131 alternativ s\u0259sidir","publisher":{"@id":"https:\/\/www.meydan.tv\/az\/#organization"},"potentialAction":[{"@type":"SearchAction","target":{"@type":"EntryPoint","urlTemplate":"https:\/\/www.meydan.tv\/az\/?s={search_term_string}"},"query-input":{"@type":"PropertyValueSpecification","valueRequired":true,"valueName":"search_term_string"}}],"inLanguage":"az"},{"@type":"Organization","@id":"https:\/\/www.meydan.tv\/az\/#organization","name":"Meydan TV","url":"https:\/\/www.meydan.tv\/az\/","logo":{"@type":"ImageObject","inLanguage":"az","@id":"https:\/\/www.meydan.tv\/az\/#\/schema\/logo\/image\/","url":"https:\/\/www.meydan.tv\/wp-content\/uploads\/2021\/07\/meydan-logo.svg","contentUrl":"https:\/\/www.meydan.tv\/wp-content\/uploads\/2021\/07\/meydan-logo.svg","width":195,"height":46,"caption":"Meydan TV"},"image":{"@id":"https:\/\/www.meydan.tv\/az\/#\/schema\/logo\/image\/"}},{"@type":"Person","@id":"https:\/\/www.meydan.tv\/az\/#\/schema\/person\/10d11eccf6da3662cf5fdab9806ea91a","name":"user-manager"}]}},"_links":{"self":[{"href":"https:\/\/www.meydan.tv\/az\/wp-json\/wp\/v2\/posts\/167636","targetHints":{"allow":["GET"]}}],"collection":[{"href":"https:\/\/www.meydan.tv\/az\/wp-json\/wp\/v2\/posts"}],"about":[{"href":"https:\/\/www.meydan.tv\/az\/wp-json\/wp\/v2\/types\/post"}],"author":[{"embeddable":true,"href":"https:\/\/www.meydan.tv\/az\/wp-json\/wp\/v2\/users\/11"}],"replies":[{"embeddable":true,"href":"https:\/\/www.meydan.tv\/az\/wp-json\/wp\/v2\/comments?post=167636"}],"version-history":[{"count":0,"href":"https:\/\/www.meydan.tv\/az\/wp-json\/wp\/v2\/posts\/167636\/revisions"}],"wp:featuredmedia":[{"embeddable":true,"href":"https:\/\/www.meydan.tv\/az\/wp-json\/wp\/v2\/media\/23048"}],"wp:attachment":[{"href":"https:\/\/www.meydan.tv\/az\/wp-json\/wp\/v2\/media?parent=167636"}],"wp:term":[{"taxonomy":"category","embeddable":true,"href":"https:\/\/www.meydan.tv\/az\/wp-json\/wp\/v2\/categories?post=167636"},{"taxonomy":"post_tag","embeddable":true,"href":"https:\/\/www.meydan.tv\/az\/wp-json\/wp\/v2\/tags?post=167636"}],"curies":[{"name":"wp","href":"https:\/\/api.w.org\/{rel}","templated":true}]}}