{"id":167633,"date":"2015-04-22T11:51:13","date_gmt":"2015-04-22T11:51:13","guid":{"rendered":"https:\/\/www.meydan.tv\/article\/arxada-qalan-3-ay\/"},"modified":"2015-04-22T11:51:13","modified_gmt":"2015-04-22T11:51:13","slug":"arxada-qalan-3-ay","status":"publish","type":"post","link":"https:\/\/www.meydan.tv\/az\/article\/arxada-qalan-3-ay\/","title":{"rendered":"Arxada qalan 3 ay"},"content":{"rendered":"<figure class=\"wp-block-image size-large\">\n  <img decoding=\"async\" src=\"https:\/\/www.meydan.tv\/az\/23036\/\" alt=\"\" class=\"wp-image-23036\"\/><figcaption><\/figcaption><\/figure>\n<figure class=\"wp-block-image size-large\">\n  <img decoding=\"async\" src=\"https:\/\/www.meydan.tv\/az\/23039\/\" alt=\"\" class=\"wp-image-23039\"\/><figcaption><\/figcaption><\/figure>\n<p>\n  <b><br \/>\n    <i><br \/>\n      B\u00fcdc\u0259 k\u0259sird\u0259 qald\u0131, idxal artd\u0131, ixrac azald\u0131&#8230;<br \/>\n    <\/i><br \/>\n  <\/b>\n<\/p>\n<p>\n  Resurslardan as\u0131l\u0131 iqtisadiyyat\u0131n xarakteri bel\u0259dir: d\u00fcnya bazarlar\u0131nda xammal v\u0259 resurslar\u0131n qiym\u0259tl\u0259ri y\u00fcks\u0259kdirs\u0259, h\u0259min iqtisadiyyat\u0131n k\u0259miyy\u0259t g\u00f6st\u0259ricil\u0259rind\u0259 h\u0259mi\u015f\u0259 art\u0131m v\u0259 b\u00f6y\u00fcm\u0259 m\u00fc\u015fahid\u0259 edilir. Ona g\u00f6r\u0259 d\u0259 y\u00fcks\u0259k qiym\u0259tl\u0259r d\u00f6vr\u00fcnd\u0259 resurs iqtisadiyyat\u0131nda ba\u015f ver\u0259n real prosesl\u0259ri yaln\u0131z keyfiyy\u0259t g\u00f6st\u0259ricil\u0259ri \u0259sas\u0131nda qiym\u0259tl\u0259ndirm\u0259k m\u00fcmk\u00fcn olur.\n<\/p>\n<p>\n  Son 10 ild\u0259 neft \u00f6lk\u0259l\u0259ri 2 d\u0259f\u0259 qiym\u0259t \u015foki ya\u015fay\u0131b: 2009-cu ild\u0259 xam neftin d\u00fcnya bazar qiym\u0259tl\u0259ri 140 dollardan 35 dollara, 2015-ci ilin ilk aylar\u0131nda is\u0259 115 dollardan 45 dollarad\u0259k ucuzla\u015fd\u0131. Az\u0259rbaycan\u0131n n\u00fcmun\u0259sind\u0259 yaln\u0131z bir r\u0259q\u0259m\u0259 diqq\u0259t yetirm\u0259k kifay\u0259tdi \u2013 2009-cu ild\u0259 \u00dcDM-nin nominal h\u0259cmi \u0259vv\u0259lki il\u0259 nisb\u0259t\u0259n 12, b\u00fcdc\u0259 g\u0259lirl\u0259ri is\u0259 2 faiz azalm\u0131\u015fd\u0131. Halbuki \u0259vv\u0259lki 5 ild\u0259 \u00dcDM-nin orta illik art\u0131m\u0131 15-20, \u00a0b\u00fcdc\u0259 g\u0259lirl\u0259rinin art\u0131m\u0131 is\u0259 35-40 faizd\u0259n az olmam\u0131\u015fd\u0131.\n<\/p>\n<p>\n  Ox\u015far v\u0259ziyy\u0259t 2015-ci ilin arxada buraxd\u0131m\u0131z ilk 3 ay\u0131nda yenid\u0259n t\u0259krarlan\u0131b: \u00f6t\u0259n ilin yanvar-mart ay\u0131na nisb\u0259t\u0259n \u00dcDM-nin nominal h\u0259cmind\u0259 t\u0259xmin\u0259n 12 faiz (1.6 milyard manat) azalma ba\u015f verib. Do\u011frudur, iqtisadiyyat \u00fc\u00e7\u00fcn \u00dcDM-nin real art\u0131m\u0131 daha \u0259h\u0259miyy\u0259tlidir. \u00c7\u00fcnki nominal \u00dcDM manatla \u00f6l\u00e7\u00fcl\u0259n, real \u00dcDM is\u0259 m\u0259hsulun h\u0259cmil\u0259 \u00f6l\u00e7\u00fcl\u0259n \u00dcDM-dir. B\u00fct\u00f6vlkd\u0259 c\u0259miyy\u0259tin h\u0259yat vasit\u0259l\u0259ri il\u0259 t\u0259minat s\u0259viyy\u0259si real \u00dcDM-d\u0259n as\u0131l\u0131d\u0131 \u2013 \u00f6lk\u0259 h\u0259r il natural \u00f6l\u00e7\u00fcl\u0259rl\u0259 n\u0259 q\u0259d\u0259r \u00e7ox m\u0259hsul istehsal edirs\u0259, \u00f6lk\u0259d\u0259 h\u0259yat s\u0259viyy\u0259si daha da y\u00fcks\u0259k olur.\n<\/p>\n<p>\n  Amma nominal \u00dcDM d\u0259 olduqca m\u00fch\u00fcm g\u00f6st\u0259ricidi. \u00c7\u00fcnki g\u0259lirl\u0259rin yaranmas\u0131 hesab\u0131 \u00fczr\u0259 \u00dcDM-i formala\u015fd\u0131ran elementl\u0259ri n\u0259z\u0259r\u0259 alsaq, bura h\u00f6kum\u0259tin istehsala v\u0259 idxala t\u0259tbiq etdiyi vergi daxilolmalar\u0131, muzdlu i\u015f\u00e7il\u0259rin \u0259m\u0259k haqq\u0131 g\u0259lirl\u0259ri, sahibkarlar\u0131n m\u0259nf\u0259\u0259ti v\u0259 m\u00fclkiyy\u0259td\u0259n g\u0259lirl\u0259ri daxildir. Bir s\u00f6zl\u0259, h\u00f6kum\u0259tin b\u00fcdc\u0259 g\u0259lirl\u0259rinin, insanlar\u0131n maa\u015flar\u0131n\u0131n v\u0259 biznesin m\u0259nf\u0259\u0259t v\u0259 g\u0259lirl\u0259rinin cari h\u0259cmi bilavasit\u0259 \u00dcDM-nin nominal h\u0259cmind\u0259n as\u0131l\u0131d\u0131. Bu s\u0259b\u0259bd\u0259n ilin ilk r\u00fcb\u00fcnd\u0259 \u00dcDM-nin nominal h\u0259cmind\u0259 qeyd\u0259 al\u0131nan k\u0259skin enm\u0259 meyli il \u0259rzind\u0259 davam ed\u0259rs\u0259, bir s\u0131ra k\u0259miyy\u0259t g\u00f6st\u0259ricil\u0259rind\u0259 d\u0259 azalmaya s\u0259b\u0259b olacaq.\n<\/p>\n<p>\n  D\u00fcnya neft bazarlar\u0131ndak\u0131 qiym\u0259tl\u0259rin k\u0259skin eni\u015fi b\u00fcdc\u0259 g\u0259lirl\u0259rinin d\u0259 azalmas\u0131na \u00f6z t\u0259sirini g\u00f6st\u0259rib. Bu ilin 3 ayl\u0131q d\u00f6vl\u0259t b\u00fcdc\u0259sinin g\u0259lirl\u0259ri 544 milyon manat v\u0259 ya 12.1 faiz azal\u0131b. D\u00f6vl\u0259t b\u00fcdc\u0259sil\u0259 m\u00fcqayis\u0259d\u0259 icmal b\u00fcdc\u0259nin g\u0259lirl\u0259rind\u0259 azalma daha \u00e7oxdu: icmal b\u00fcdc\u0259nin g\u0259lirl\u0259ri 1.066 milyard manat (20%) azal\u0131b. Bu azalma bilavasit\u0259 Neft Fondunun g\u0259lirl\u0259rind\u0259ki k\u0259skin azalma il\u0259 ba\u011fl\u0131d\u0131r. H\u0259l\u0259 n\u0259z\u0259r\u0259 alaq ki, manat\u0131n 35 faizlik devalvasiyas\u0131 Fondun xam neftin qiym\u0259tinin ucuzla\u015fmas\u0131ndan dolay\u0131 itkil\u0259rini \u0259h\u0259miyy\u0259tli d\u0259r\u0259c\u0259d\u0259 azal\u0131b. \u018fslind\u0259 devalvasiya q\u0259rar\u0131 olmasa idi, icmal b\u00fcdc\u0259nin g\u0259lirl\u0259rind\u0259 2 d\u0259f\u0259y\u0259 yax\u0131n azalma qa\u00e7\u0131lmaz olacaqd\u0131.\n<\/p>\n<p>\n  2015-ci ilin b\u00fcdc\u0259sind\u0259 Neft Fondundan transfertl\u0259r 2014-c\u00fc il\u0259 nisb\u0259t\u0259n 11 faiz (1 milyard manat) \u00e7ox n\u0259z\u0259rd\u0259 tutulsa da, bu ilin ilk r\u00fcbd\u0259 \u00f6t\u0259n ilin 3 ay\u0131na nisb\u0259t\u0259n transfertin h\u0259cmi 17 faiz v\u0259 ya 400 milyon manat az olub. Son ill\u0259rd\u0259 n\u0259 r\u00fcbl\u0259rin, n\u0259 d\u0259 ilin yekununa g\u00f6r\u0259 icmal b\u00fcdc\u0259d\u0259 defisitin yaranmas\u0131 ba\u015f verm\u0259mi\u015fdi. Bu ilin yanvar-mart aylar\u0131n\u0131n n\u0259tic\u0259sin\u0259 g\u00f6r\u0259, icmal b\u00fcdc\u0259d\u0259 600 milyon manat k\u0259sir yaran\u0131b. Halbuki 2013-2014-c\u00fc ill\u0259rd\u0259 ilin ilk r\u00fcb\u00fcnd\u0259 icmal b\u00fcdc\u0259d\u0259 500-700 milyon manat interval\u0131nda profisit qeyd\u0259 al\u0131nm\u0131\u015fd\u0131. \u00d6z n\u00f6vb\u0259sind\u0259 3 ay\u0131n n\u0259tic\u0259l\u0259rin\u0259 g\u00f6r\u0259, d\u00f6vl\u0259t b\u00fcdc\u0259sind\u0259 251 milyon manatl\u0131q k\u0259sir yaran\u0131b. \u00d6t\u0259n d\u00f6vrd\u0259 d\u00f6vl\u0259t b\u00fcdc\u0259sinin x\u0259rcl\u0259ri 175 milyon manat (4 faiz) azal\u0131b. H\u00f6kum\u0259tin \u0259n \u00e7ox ixtisar etdiyi x\u0259rc madd\u0259si investisiyalar olub \u2013 b\u00fcdc\u0259 s\u0259rmay\u0259l\u0259rinin h\u0259cmi 717 milyon manat (34 faiz) azal\u0131b.\n<\/p>\n<p>\n  Neft bazar\u0131ndak\u0131 qiym\u0259t \u015fokunun \u0259sas t\u0259siri \u00f6lk\u0259nin ticar\u0259t balans\u0131nda \u00f6z\u00fcn\u00fc g\u00f6st\u0259rib. Bu ilin yanvar-mart aylar\u0131nda \u00f6lk\u0259nin ixrac\u0131 \u00f6t\u0259n ilin 3 ay\u0131 il\u0259 m\u00fcqayis\u0259d\u0259 t\u0259xmin\u0259n 2 milyard dollar (37 faiz) azal\u0131b. Amma bu m\u00fcdd\u0259td\u0259 \u00f6lk\u0259y\u0259 idxal 665 milyon dollar (38 faiz) geni\u015fl\u0259nib. \u018fsas art\u0131m yeyinti m\u0259hsullar\u0131nda (20 faiz) v\u0259 n\u0259qliyyat vasit\u0259l\u0259rind\u0259 (3.5 d\u0259f\u0259) qeyd\u0259 al\u0131n\u0131b. He\u00e7 \u015f\u00fcbh\u0259siz idxal\u0131n bu c\u00fcr k\u0259skin art\u0131m\u0131 h\u00f6kum\u0259tin uzun ill\u0259rdi \u201cidxal\u0131 \u0259v\u0259zl\u0259y\u0259n siyas\u0259t apar\u0131lmas\u0131\u201d il\u0259 ba\u011fl\u0131 r\u0259smi b\u0259yanatlar\u0131n\u0131n \u0259h\u0259miyy\u0259tini ciddi \u015f\u0259kild\u0259 azald\u0131r. Diqq\u0259t\u00e7\u0259k\u0259n m\u0259qam budur ki, \u00f6t\u0259n d\u00f6vr\u0259 nisb\u0259t\u0259n idxal olunan mallar\u0131n \u00e7e\u015fidi 384 \u0259d\u0259d artaraq, 4756-ya \u00e7at\u0131b, ixrac etdiyimiz m\u0259hsullar\u0131n \u00e7e\u015fidi is\u0259 143 \u0259d\u0259d azalaraq, 950-y\u0259 enib.\n<\/p>\n<p>\n  Ticar\u0259t balans\u0131n\u0131n pofisiti \u00f6t\u0259n ill\u0259 m\u00fcqayis\u0259d\u0259 4 d\u0259f\u0259y\u0259d\u0259k azalaraq, 3.613 milyard dollardan 955 milyon dollara enib. \u00d6lk\u0259nin maliyy\u0259 v\u0259 kapital \u0259m\u0259liyyatlar\u0131 \u00fczr\u0259 hesab\u0131nda, h\u0259m\u00e7inin xidm\u0259tl\u0259r balans\u0131nda \u0259n\u0259n\u0259vi olaraq y\u00fcks\u0259k k\u0259sirin yarand\u0131\u011f\u0131n\u0131 n\u0259z\u0259r\u0259 alsaq,\u00a0 ticar\u0259t balans\u0131nda profisitin bu c\u00fcr k\u0259skin azalmas\u0131 \u00f6lk\u0259nin \u00f6d\u0259m\u0259 balans\u0131nda ciddi problemin yaranaca\u011f\u0131n\u0131 indid\u0259n proqnozla\u015fd\u0131rma\u011fa imkan verir.\n<\/p>\n<p>\n  Xarici ticar\u0259td\u0259 daha maraql\u0131 bir m\u0259qam: B\u00fcdc\u0259nin a\u011f\u0131r durumu il\u0259 ba\u011fl\u0131 bel\u0259 proqnozlar var idi ki, h\u00f6kum\u0259t g\u00f6mr\u00fckd\u0259 qeyri-leqal ticar\u0259tin leqalla\u015fd\u0131r\u0131lmas\u0131 yolunu tutacaq. Amma 3 ay\u0131n n\u0259tic\u0259l\u0259ri bu proqnoz v\u0259 g\u00f6zl\u0259ntil\u0259ri t\u0259sdiql\u0259mir.\n<\/p>\n<p>\n  Az\u0259rbaycan qanunvericiliyi ixrac\u0131 vergi v\u0259 r\u00fcsumlardan azad edir. Bu bax\u0131mdan idxal d\u00f6vriyy\u0259sinin timsal\u0131nda ki\u00e7ik bir hesablamaya diqq\u0259t yetir\u0259k. \u00d6t\u0259n ilin 3 ay\u0131nda 1.7 milyard dollarl\u0131q (h\u0259min d\u00f6vr\u00fcn m\u0259z\u0259nn\u0259sil\u0259 1.3 milyard manat) idxala g\u00f6r\u0259 330 milyon manat g\u00f6mr\u00fck y\u0131\u011f\u0131m\u0131 olmu\u015fdu &#8211; idxal olunan \u0259mt\u0259\u0259l\u0259rin g\u00f6mr\u00fck d\u0259y\u0259rinin t\u0259xmin\u0259n 25%-i q\u0259d\u0259r.\u00a0 2015-ci ilin 3 ay\u0131nda 2.4 milyard dollarl\u0131q (devalvasiya n\u0259z\u0259r\u0259 al\u0131nmaqla 2.2 milyard manat) idxala g\u00f6r\u0259 342 milyon g\u00f6mr\u00fck y\u0131\u011f\u0131m\u0131 olub &#8211; idxal olunan \u0259mt\u0259\u0259l\u0259rin g\u00f6mr\u00fck d\u0259y\u0259rinin t\u0259xmin\u0259n 16%-i q\u0259d\u0259r. G\u00f6r\u00fcnd\u00fcy\u00fc kimi, idxal d\u00f6vriyy\u0259sinin vergiy\u0259 c\u0259lbedilm\u0259 \u0259msal\u0131 \u0259h\u0259miyy\u0259tli d\u0259r\u0259c\u0259d\u0259 a\u015fa\u011f\u0131 d\u00fc\u015f\u00fcb.\n<\/p>\n<p>\n  R\u0259smi yana\u015fmalara r\u0259\u011fm\u0259n, d\u00fcnyada ba\u015f ver\u0259nl\u0259r Az\u0259rbaycan iqtisadiyyat\u0131na t\u0259sirsiz \u00f6t\u00fc\u015fm\u00fcr. Bizim n\u00fcmun\u0259mizd\u0259 faktlar v\u0259 r\u0259q\u0259ml\u0259r r\u0259smi b\u0259yanatlardan qat-qat g\u00fccl\u00fcd\u00fc \u2013 reall\u0131q bu q\u0259d\u0259r sad\u0259.\n<\/p><\/p>\n","protected":false},"excerpt":{"rendered":"<p>B\u00fcdc\u0259 k\u0259sird\u0259 qald\u0131, idxal artd\u0131, ixrac azald\u0131&#8230;<\/p>\n","protected":false},"author":11,"featured_media":23036,"comment_status":"closed","ping_status":"open","sticky":false,"template":"","format":"standard","meta":{"_acf_changed":false,"_sitemap_exclude":false,"_sitemap_priority":"","_sitemap_frequency":"","footnotes":""},"categories":[56],"tags":[],"class_list":["post-167633","post","type-post","status-publish","format-standard","has-post-thumbnail","hentry","category-xeberler","infinite-scroll-item","generate-columns","tablet-grid-50","mobile-grid-100","grid-parent","grid-33","no-featured-image-padding"],"acf":[],"yoast_head":"<!-- This site is optimized with the Yoast SEO plugin v28.4 - https:\/\/yoast.com\/product\/yoast-seo-wordpress\/ -->\n<title>Arxada qalan 3 ay - MEYDAN.TV<\/title>\n<meta name=\"robots\" content=\"index, follow, max-snippet:-1, max-image-preview:large, max-video-preview:-1\" \/>\n<link rel=\"canonical\" href=\"https:\/\/www.meydan.tv\/az\/article\/arxada-qalan-3-ay\/\" \/>\n<meta property=\"og:locale\" content=\"az_AZ\" \/>\n<meta property=\"og:type\" content=\"article\" \/>\n<meta property=\"og:title\" content=\"Arxada qalan 3 ay - MEYDAN.TV\" \/>\n<meta property=\"og:description\" content=\"B\u00fcdc\u0259 k\u0259sird\u0259 qald\u0131, idxal artd\u0131, ixrac azald\u0131...\" \/>\n<meta property=\"og:url\" content=\"https:\/\/www.meydan.tv\/az\/article\/arxada-qalan-3-ay\/\" \/>\n<meta property=\"og:site_name\" content=\"MEYDAN.TV\" \/>\n<meta property=\"article:published_time\" content=\"2015-04-22T11:51:13+00:00\" \/>\n<meta property=\"og:image\" content=\"https:\/\/www.meydan.tv\/wp-content\/uploads\/8364.jpg\" \/>\n\t<meta property=\"og:image:width\" content=\"500\" \/>\n\t<meta property=\"og:image:height\" content=\"304\" \/>\n\t<meta property=\"og:image:type\" content=\"image\/jpeg\" \/>\n<meta name=\"twitter:card\" content=\"summary_large_image\" \/>\n<!-- \/ Yoast SEO plugin. -->","yoast_head_json":{"title":"Arxada qalan 3 ay - MEYDAN.TV","robots":{"index":"index","follow":"follow","max-snippet":"max-snippet:-1","max-image-preview":"max-image-preview:large","max-video-preview":"max-video-preview:-1"},"canonical":"https:\/\/www.meydan.tv\/az\/article\/arxada-qalan-3-ay\/","og_locale":"az_AZ","og_type":"article","og_title":"Arxada qalan 3 ay - MEYDAN.TV","og_description":"B\u00fcdc\u0259 k\u0259sird\u0259 qald\u0131, idxal artd\u0131, ixrac azald\u0131...","og_url":"https:\/\/www.meydan.tv\/az\/article\/arxada-qalan-3-ay\/","og_site_name":"MEYDAN.TV","article_published_time":"2015-04-22T11:51:13+00:00","og_image":[{"width":500,"height":304,"url":"https:\/\/www.meydan.tv\/wp-content\/uploads\/8364.jpg","type":"image\/jpeg"}],"twitter_card":"summary_large_image","schema":{"@context":"https:\/\/schema.org","@graph":[{"@type":"Article","@id":"https:\/\/www.meydan.tv\/az\/article\/arxada-qalan-3-ay\/#article","isPartOf":{"@id":"https:\/\/www.meydan.tv\/az\/article\/arxada-qalan-3-ay\/"},"author":{"name":"user-manager","@id":"https:\/\/www.meydan.tv\/az\/#\/schema\/person\/10d11eccf6da3662cf5fdab9806ea91a"},"headline":"Arxada qalan 3 ay","datePublished":"2015-04-22T11:51:13+00:00","mainEntityOfPage":{"@id":"https:\/\/www.meydan.tv\/az\/article\/arxada-qalan-3-ay\/"},"wordCount":1285,"publisher":{"@id":"https:\/\/www.meydan.tv\/az\/#organization"},"image":{"@id":"https:\/\/www.meydan.tv\/az\/article\/arxada-qalan-3-ay\/#primaryimage"},"thumbnailUrl":"https:\/\/www.meydan.tv\/wp-content\/uploads\/8364.jpg","articleSection":["X\u0259b\u0259rl\u0259r"],"inLanguage":"az"},{"@type":"WebPage","@id":"https:\/\/www.meydan.tv\/az\/article\/arxada-qalan-3-ay\/","url":"https:\/\/www.meydan.tv\/az\/article\/arxada-qalan-3-ay\/","name":"Arxada qalan 3 ay - MEYDAN.TV","isPartOf":{"@id":"https:\/\/www.meydan.tv\/az\/#website"},"primaryImageOfPage":{"@id":"https:\/\/www.meydan.tv\/az\/article\/arxada-qalan-3-ay\/#primaryimage"},"image":{"@id":"https:\/\/www.meydan.tv\/az\/article\/arxada-qalan-3-ay\/#primaryimage"},"thumbnailUrl":"https:\/\/www.meydan.tv\/wp-content\/uploads\/8364.jpg","datePublished":"2015-04-22T11:51:13+00:00","breadcrumb":{"@id":"https:\/\/www.meydan.tv\/az\/article\/arxada-qalan-3-ay\/#breadcrumb"},"inLanguage":"az","potentialAction":[{"@type":"ReadAction","target":["https:\/\/www.meydan.tv\/az\/article\/arxada-qalan-3-ay\/"]}]},{"@type":"ImageObject","inLanguage":"az","@id":"https:\/\/www.meydan.tv\/az\/article\/arxada-qalan-3-ay\/#primaryimage","url":"https:\/\/www.meydan.tv\/wp-content\/uploads\/8364.jpg","contentUrl":"https:\/\/www.meydan.tv\/wp-content\/uploads\/8364.jpg","width":500,"height":304,"caption":"Source:"},{"@type":"BreadcrumbList","@id":"https:\/\/www.meydan.tv\/az\/article\/arxada-qalan-3-ay\/#breadcrumb","itemListElement":[{"@type":"ListItem","position":1,"name":"Ana s\u0259hif\u0259","item":"https:\/\/www.meydan.tv\/az\/"},{"@type":"ListItem","position":2,"name":"X\u0259b\u0259rl\u0259r","item":"https:\/\/www.meydan.tv\/az\/section\/xeberler\/"},{"@type":"ListItem","position":3,"name":"Arxada qalan 3 ay"}]},{"@type":"WebSite","@id":"https:\/\/www.meydan.tv\/az\/#website","url":"https:\/\/www.meydan.tv\/az\/","name":"MEYDAN.TV","description":"Meydan TV Az\u0259rbaycan\u0131n media m\u0259kan\u0131ndak\u0131 alternativ s\u0259sidir","publisher":{"@id":"https:\/\/www.meydan.tv\/az\/#organization"},"potentialAction":[{"@type":"SearchAction","target":{"@type":"EntryPoint","urlTemplate":"https:\/\/www.meydan.tv\/az\/?s={search_term_string}"},"query-input":{"@type":"PropertyValueSpecification","valueRequired":true,"valueName":"search_term_string"}}],"inLanguage":"az"},{"@type":"Organization","@id":"https:\/\/www.meydan.tv\/az\/#organization","name":"Meydan TV","url":"https:\/\/www.meydan.tv\/az\/","logo":{"@type":"ImageObject","inLanguage":"az","@id":"https:\/\/www.meydan.tv\/az\/#\/schema\/logo\/image\/","url":"https:\/\/www.meydan.tv\/wp-content\/uploads\/2021\/07\/meydan-logo.svg","contentUrl":"https:\/\/www.meydan.tv\/wp-content\/uploads\/2021\/07\/meydan-logo.svg","width":195,"height":46,"caption":"Meydan TV"},"image":{"@id":"https:\/\/www.meydan.tv\/az\/#\/schema\/logo\/image\/"}},{"@type":"Person","@id":"https:\/\/www.meydan.tv\/az\/#\/schema\/person\/10d11eccf6da3662cf5fdab9806ea91a","name":"user-manager"}]}},"_links":{"self":[{"href":"https:\/\/www.meydan.tv\/az\/wp-json\/wp\/v2\/posts\/167633","targetHints":{"allow":["GET"]}}],"collection":[{"href":"https:\/\/www.meydan.tv\/az\/wp-json\/wp\/v2\/posts"}],"about":[{"href":"https:\/\/www.meydan.tv\/az\/wp-json\/wp\/v2\/types\/post"}],"author":[{"embeddable":true,"href":"https:\/\/www.meydan.tv\/az\/wp-json\/wp\/v2\/users\/11"}],"replies":[{"embeddable":true,"href":"https:\/\/www.meydan.tv\/az\/wp-json\/wp\/v2\/comments?post=167633"}],"version-history":[{"count":0,"href":"https:\/\/www.meydan.tv\/az\/wp-json\/wp\/v2\/posts\/167633\/revisions"}],"wp:featuredmedia":[{"embeddable":true,"href":"https:\/\/www.meydan.tv\/az\/wp-json\/wp\/v2\/media\/23036"}],"wp:attachment":[{"href":"https:\/\/www.meydan.tv\/az\/wp-json\/wp\/v2\/media?parent=167633"}],"wp:term":[{"taxonomy":"category","embeddable":true,"href":"https:\/\/www.meydan.tv\/az\/wp-json\/wp\/v2\/categories?post=167633"},{"taxonomy":"post_tag","embeddable":true,"href":"https:\/\/www.meydan.tv\/az\/wp-json\/wp\/v2\/tags?post=167633"}],"curies":[{"name":"wp","href":"https:\/\/api.w.org\/{rel}","templated":true}]}}