{"id":167632,"date":"2015-04-21T23:06:50","date_gmt":"2015-04-21T23:06:50","guid":{"rendered":"https:\/\/www.meydan.tv\/article\/cebhede-doyus-bas-verib-itki-var\/"},"modified":"2015-04-21T23:06:50","modified_gmt":"2015-04-21T23:06:50","slug":"cebhede-doyus-bas-verib-itki-var","status":"publish","type":"post","link":"https:\/\/www.meydan.tv\/az\/article\/cebhede-doyus-bas-verib-itki-var\/","title":{"rendered":"C\u0259bh\u0259d\u0259 d\u00f6y\u00fc\u015f ba\u015f verib \u2013 itki var"},"content":{"rendered":"<figure class=\"wp-block-image size-large\">\n  <img decoding=\"async\" src=\"https:\/\/www.meydan.tv\/az\/23033\/\" alt=\"\" class=\"wp-image-23033\"\/><figcaption><\/figcaption><\/figure>\n<figure class=\"wp-block-image size-large\">\n  <img decoding=\"async\" src=\"https:\/\/www.meydan.tv\/az\/23033\/\" alt=\"\" class=\"wp-image-23033\"\/><figcaption><\/figcaption><\/figure>\n<p>\n  <i><br \/>\n    &#8220;Qar\u015f\u0131 t\u0259r\u0259fin 5 h\u0259rb\u00e7isi \u00f6ld\u00fcr\u00fcl\u00fcb, 10 n\u0259f\u0259r\u0259d\u0259k yaral\u0131s\u0131 var\u201d<br \/>\n  <\/i>\n<\/p>\n<p>\n  Aprelin 21-d\u0259 Az\u0259rbaycan-Erm\u0259nistan c\u0259bh\u0259sinin T\u0259rt\u0259r (Bak\u0131dan 324 kilometr q\u0259rb) istiqam\u0259tind\u0259 erm\u0259ni silahl\u0131 birl\u0259\u015fm\u0259l\u0259ri il\u0259 d\u00f6y\u00fc\u015f olub.\n<\/p>\n<p>\n  Az\u0259rbaycan M\u00fcdafi\u0259 nazirliyinin m\u0259tbuat xidm\u0259tinin m\u0259lumat\u0131na g\u00f6r\u0259, \u201cq\u0131sa m\u00fcdd\u0259tli d\u00f6y\u00fc\u015fd\u0259 Az\u0259rbaycan Silahl\u0131 Q\u00fcvv\u0259l\u0259rinin b\u00f6lm\u0259l\u0259ri erm\u0259nil\u0259r\u0259 a\u011f\u0131r z\u0259rb\u0259 endirib. N\u0259tic\u0259d\u0259 5 erm\u0259ni h\u0259rb\u00e7isi \u00f6ld\u00fcr\u00fcl\u00fcb, 10 n\u0259f\u0259r\u0259d\u0259k yaral\u0131s\u0131 var\u201d.\n<\/p>\n<p>\n  \u00d6z n\u00f6vb\u0259sind\u0259, erm\u0259ni t\u0259r\u0259fi c\u0259bh\u0259d\u0259 d\u00f6y\u00fc\u015f oldu\u011funu t\u0259sdiq edib. Erm\u0259nistan medias\u0131 r\u0259smi m\u0259nb\u0259l\u0259r\u0259 istinad\u0259n c\u0259bh\u0259d\u0259 yax\u0131n m\u0259saf\u0259li \u00fczb\u0259\u00fcz d\u00f6y\u00fc\u015f\u00fcn 4 saatad\u0259k davam etdiyini v\u0259 Az\u0259rbaycan\u0131n az\u0131 1 h\u0259rb\u00e7isini itirdiyi bildirlir.\n<\/p>\n<p>\n  Az\u0259rbaycan M\u00fcdafi\u0259 Nazirliyinin m\u0259tbuat xidm\u0259ti Erm\u0259nistan h\u0259rbi-siyasi r\u0259hb\u0259rliyini n\u00f6vb\u0259ti d\u0259f\u0259 itkil\u0259rini ictimaiyy\u0259td\u0259n gizl\u0259tm\u0259k m\u0259qs\u0259dil\u0259 Az\u0259rbaycan Silahl\u0131 Q\u00fcvv\u0259l\u0259rinin c\u0259bh\u0259d\u0259 guya t\u0259xribat t\u00f6r\u0259tm\u0259si bar\u0259d\u0259 yalan x\u0259b\u0259rl\u0259r yaymaqla \u00e7a\u015fq\u0131nl\u0131q yaratma\u011fa c\u0259hd g\u00f6st\u0259rdiyini v\u0259 yax\u0131n g\u00fcnl\u0259rd\u0259 m\u00fcxt\u0259lif b\u0259han\u0259l\u0259rl\u0259 h\u0259lak olan v\u0259 yaralananlar haqq\u0131nda m\u0259lumatlar\u0131 ortal\u0131\u011fa \u00e7\u0131xaracaqlar\u0131n\u0131 bildirir.\n<\/p>\n<p>\n  Az\u0259rbaycan M\u00fcdafi\u0259 Nazirliyi b\u0259yan edir ki, Az\u0259rbaycan Silahl\u0131 Q\u00fcvv\u0259l\u0259ri itki verm\u0259d\u0259n b\u00fct\u00fcn c\u0259bh\u0259 boyu \u0259m\u0259liyyat \u015f\u0259raitin\u0259 tam n\u0259zar\u0259t edir v\u0259 d\u00fc\u015fm\u0259nin ist\u0259nil\u0259n h\u0259r\u0259k\u0259tinin qar\u015f\u0131s\u0131n\u0131 alma\u011fa h\u0259r an haz\u0131rd\u0131r.<\/p>\n","protected":false},"excerpt":{"rendered":"<p>&#8220;Qar\u015f\u0131 t\u0259r\u0259fin 5 h\u0259rb\u00e7isi \u00f6ld\u00fcr\u00fcl\u00fcb, 10 n\u0259f\u0259r\u0259d\u0259k yaral\u0131s\u0131 var\u201d<\/p>\n","protected":false},"author":11,"featured_media":23033,"comment_status":"closed","ping_status":"open","sticky":false,"template":"","format":"standard","meta":{"_acf_changed":false,"_sitemap_exclude":false,"_sitemap_priority":"","_sitemap_frequency":"","footnotes":""},"categories":[56],"tags":[],"class_list":["post-167632","post","type-post","status-publish","format-standard","has-post-thumbnail","hentry","category-xeberler","infinite-scroll-item","generate-columns","tablet-grid-50","mobile-grid-100","grid-parent","grid-33","no-featured-image-padding"],"acf":[],"yoast_head":"<!-- This site is optimized with the Yoast SEO plugin v28.4 - https:\/\/yoast.com\/product\/yoast-seo-wordpress\/ -->\n<title>C\u0259bh\u0259d\u0259 d\u00f6y\u00fc\u015f ba\u015f verib \u2013 itki var - MEYDAN.TV<\/title>\n<meta name=\"robots\" content=\"index, follow, max-snippet:-1, max-image-preview:large, max-video-preview:-1\" \/>\n<link rel=\"canonical\" href=\"https:\/\/www.meydan.tv\/az\/article\/cebhede-doyus-bas-verib-itki-var\/\" \/>\n<meta property=\"og:locale\" content=\"az_AZ\" \/>\n<meta property=\"og:type\" content=\"article\" \/>\n<meta property=\"og:title\" content=\"C\u0259bh\u0259d\u0259 d\u00f6y\u00fc\u015f ba\u015f verib \u2013 itki var - MEYDAN.TV\" \/>\n<meta property=\"og:description\" content=\"&quot;Qar\u015f\u0131 t\u0259r\u0259fin 5 h\u0259rb\u00e7isi \u00f6ld\u00fcr\u00fcl\u00fcb, 10 n\u0259f\u0259r\u0259d\u0259k yaral\u0131s\u0131 var\u201d\" \/>\n<meta property=\"og:url\" content=\"https:\/\/www.meydan.tv\/az\/article\/cebhede-doyus-bas-verib-itki-var\/\" \/>\n<meta property=\"og:site_name\" content=\"MEYDAN.TV\" \/>\n<meta property=\"article:published_time\" content=\"2015-04-21T23:06:50+00:00\" \/>\n<meta property=\"og:image\" content=\"https:\/\/www.meydan.tv\/wp-content\/uploads\/8363.jpg\" \/>\n\t<meta property=\"og:image:width\" content=\"400\" \/>\n\t<meta property=\"og:image:height\" content=\"344\" \/>\n\t<meta property=\"og:image:type\" content=\"image\/jpeg\" \/>\n<meta name=\"twitter:card\" content=\"summary_large_image\" \/>\n<!-- \/ Yoast SEO plugin. -->","yoast_head_json":{"title":"C\u0259bh\u0259d\u0259 d\u00f6y\u00fc\u015f ba\u015f verib \u2013 itki var - MEYDAN.TV","robots":{"index":"index","follow":"follow","max-snippet":"max-snippet:-1","max-image-preview":"max-image-preview:large","max-video-preview":"max-video-preview:-1"},"canonical":"https:\/\/www.meydan.tv\/az\/article\/cebhede-doyus-bas-verib-itki-var\/","og_locale":"az_AZ","og_type":"article","og_title":"C\u0259bh\u0259d\u0259 d\u00f6y\u00fc\u015f ba\u015f verib \u2013 itki var - MEYDAN.TV","og_description":"\"Qar\u015f\u0131 t\u0259r\u0259fin 5 h\u0259rb\u00e7isi \u00f6ld\u00fcr\u00fcl\u00fcb, 10 n\u0259f\u0259r\u0259d\u0259k yaral\u0131s\u0131 var\u201d","og_url":"https:\/\/www.meydan.tv\/az\/article\/cebhede-doyus-bas-verib-itki-var\/","og_site_name":"MEYDAN.TV","article_published_time":"2015-04-21T23:06:50+00:00","og_image":[{"width":400,"height":344,"url":"https:\/\/www.meydan.tv\/wp-content\/uploads\/8363.jpg","type":"image\/jpeg"}],"twitter_card":"summary_large_image","schema":{"@context":"https:\/\/schema.org","@graph":[{"@type":"Article","@id":"https:\/\/www.meydan.tv\/az\/article\/cebhede-doyus-bas-verib-itki-var\/#article","isPartOf":{"@id":"https:\/\/www.meydan.tv\/az\/article\/cebhede-doyus-bas-verib-itki-var\/"},"author":{"name":"user-manager","@id":"https:\/\/www.meydan.tv\/az\/#\/schema\/person\/10d11eccf6da3662cf5fdab9806ea91a"},"headline":"C\u0259bh\u0259d\u0259 d\u00f6y\u00fc\u015f ba\u015f verib \u2013 itki var","datePublished":"2015-04-21T23:06:50+00:00","mainEntityOfPage":{"@id":"https:\/\/www.meydan.tv\/az\/article\/cebhede-doyus-bas-verib-itki-var\/"},"wordCount":326,"publisher":{"@id":"https:\/\/www.meydan.tv\/az\/#organization"},"image":{"@id":"https:\/\/www.meydan.tv\/az\/article\/cebhede-doyus-bas-verib-itki-var\/#primaryimage"},"thumbnailUrl":"https:\/\/www.meydan.tv\/wp-content\/uploads\/8363.jpg","articleSection":["X\u0259b\u0259rl\u0259r"],"inLanguage":"az"},{"@type":"WebPage","@id":"https:\/\/www.meydan.tv\/az\/article\/cebhede-doyus-bas-verib-itki-var\/","url":"https:\/\/www.meydan.tv\/az\/article\/cebhede-doyus-bas-verib-itki-var\/","name":"C\u0259bh\u0259d\u0259 d\u00f6y\u00fc\u015f ba\u015f verib \u2013 itki var - MEYDAN.TV","isPartOf":{"@id":"https:\/\/www.meydan.tv\/az\/#website"},"primaryImageOfPage":{"@id":"https:\/\/www.meydan.tv\/az\/article\/cebhede-doyus-bas-verib-itki-var\/#primaryimage"},"image":{"@id":"https:\/\/www.meydan.tv\/az\/article\/cebhede-doyus-bas-verib-itki-var\/#primaryimage"},"thumbnailUrl":"https:\/\/www.meydan.tv\/wp-content\/uploads\/8363.jpg","datePublished":"2015-04-21T23:06:50+00:00","breadcrumb":{"@id":"https:\/\/www.meydan.tv\/az\/article\/cebhede-doyus-bas-verib-itki-var\/#breadcrumb"},"inLanguage":"az","potentialAction":[{"@type":"ReadAction","target":["https:\/\/www.meydan.tv\/az\/article\/cebhede-doyus-bas-verib-itki-var\/"]}]},{"@type":"ImageObject","inLanguage":"az","@id":"https:\/\/www.meydan.tv\/az\/article\/cebhede-doyus-bas-verib-itki-var\/#primaryimage","url":"https:\/\/www.meydan.tv\/wp-content\/uploads\/8363.jpg","contentUrl":"https:\/\/www.meydan.tv\/wp-content\/uploads\/8363.jpg","width":400,"height":344,"caption":"Source:"},{"@type":"BreadcrumbList","@id":"https:\/\/www.meydan.tv\/az\/article\/cebhede-doyus-bas-verib-itki-var\/#breadcrumb","itemListElement":[{"@type":"ListItem","position":1,"name":"Ana s\u0259hif\u0259","item":"https:\/\/www.meydan.tv\/az\/"},{"@type":"ListItem","position":2,"name":"X\u0259b\u0259rl\u0259r","item":"https:\/\/www.meydan.tv\/az\/section\/xeberler\/"},{"@type":"ListItem","position":3,"name":"C\u0259bh\u0259d\u0259 d\u00f6y\u00fc\u015f ba\u015f verib \u2013 itki var"}]},{"@type":"WebSite","@id":"https:\/\/www.meydan.tv\/az\/#website","url":"https:\/\/www.meydan.tv\/az\/","name":"MEYDAN.TV","description":"Meydan TV Az\u0259rbaycan\u0131n media m\u0259kan\u0131ndak\u0131 alternativ s\u0259sidir","publisher":{"@id":"https:\/\/www.meydan.tv\/az\/#organization"},"potentialAction":[{"@type":"SearchAction","target":{"@type":"EntryPoint","urlTemplate":"https:\/\/www.meydan.tv\/az\/?s={search_term_string}"},"query-input":{"@type":"PropertyValueSpecification","valueRequired":true,"valueName":"search_term_string"}}],"inLanguage":"az"},{"@type":"Organization","@id":"https:\/\/www.meydan.tv\/az\/#organization","name":"Meydan TV","url":"https:\/\/www.meydan.tv\/az\/","logo":{"@type":"ImageObject","inLanguage":"az","@id":"https:\/\/www.meydan.tv\/az\/#\/schema\/logo\/image\/","url":"https:\/\/www.meydan.tv\/wp-content\/uploads\/2021\/07\/meydan-logo.svg","contentUrl":"https:\/\/www.meydan.tv\/wp-content\/uploads\/2021\/07\/meydan-logo.svg","width":195,"height":46,"caption":"Meydan TV"},"image":{"@id":"https:\/\/www.meydan.tv\/az\/#\/schema\/logo\/image\/"}},{"@type":"Person","@id":"https:\/\/www.meydan.tv\/az\/#\/schema\/person\/10d11eccf6da3662cf5fdab9806ea91a","name":"user-manager"}]}},"_links":{"self":[{"href":"https:\/\/www.meydan.tv\/az\/wp-json\/wp\/v2\/posts\/167632","targetHints":{"allow":["GET"]}}],"collection":[{"href":"https:\/\/www.meydan.tv\/az\/wp-json\/wp\/v2\/posts"}],"about":[{"href":"https:\/\/www.meydan.tv\/az\/wp-json\/wp\/v2\/types\/post"}],"author":[{"embeddable":true,"href":"https:\/\/www.meydan.tv\/az\/wp-json\/wp\/v2\/users\/11"}],"replies":[{"embeddable":true,"href":"https:\/\/www.meydan.tv\/az\/wp-json\/wp\/v2\/comments?post=167632"}],"version-history":[{"count":0,"href":"https:\/\/www.meydan.tv\/az\/wp-json\/wp\/v2\/posts\/167632\/revisions"}],"wp:featuredmedia":[{"embeddable":true,"href":"https:\/\/www.meydan.tv\/az\/wp-json\/wp\/v2\/media\/23033"}],"wp:attachment":[{"href":"https:\/\/www.meydan.tv\/az\/wp-json\/wp\/v2\/media?parent=167632"}],"wp:term":[{"taxonomy":"category","embeddable":true,"href":"https:\/\/www.meydan.tv\/az\/wp-json\/wp\/v2\/categories?post=167632"},{"taxonomy":"post_tag","embeddable":true,"href":"https:\/\/www.meydan.tv\/az\/wp-json\/wp\/v2\/tags?post=167632"}],"curies":[{"name":"wp","href":"https:\/\/api.w.org\/{rel}","templated":true}]}}