{"id":167629,"date":"2015-04-21T20:14:52","date_gmt":"2015-04-21T20:14:52","guid":{"rendered":"https:\/\/www.meydan.tv\/article\/turkiye-ermenistan-muqeddes-taxt-sinagi-tehlil\/"},"modified":"2015-04-21T20:14:52","modified_gmt":"2015-04-21T20:14:52","slug":"turkiye-ermenistan-muqeddes-taxt-sinagi-tehlil","status":"publish","type":"post","link":"https:\/\/www.meydan.tv\/az\/article\/turkiye-ermenistan-muqeddes-taxt-sinagi-tehlil\/","title":{"rendered":"T\u00fcrkiy\u0259-Erm\u0259nistan \u2013 M\u00fcq\u0259dd\u0259s Taxt s\u0131na\u011f\u0131 (T\u0259hlil)"},"content":{"rendered":"<figure class=\"wp-block-image size-large\">\n  <img decoding=\"async\" src=\"https:\/\/www.meydan.tv\/az\/23026\/\" alt=\"\" class=\"wp-image-23026\"\/><figcaption><\/figcaption><\/figure>\n<figure class=\"wp-block-image size-large\">\n  <img decoding=\"async\" src=\"https:\/\/www.meydan.tv\/az\/23026\/\" alt=\"\" class=\"wp-image-23026\"\/><figcaption><\/figcaption><\/figure>\n<p>\n  <i><br \/>\n    Bir m\u00fcdd\u0259t sonra Erm\u0259nistan-Az\u0259rbaycan Qaraba\u011f m\u00fcnaqi\u015f\u0259sinin h\u0259llind\u0259 d\u0259 m\u00fch\u00fcm olan erm\u0259ni-t\u00fcrk dialoqunun b\u0259rpas\u0131 \u00fczr\u0259 yeni t\u0259\u015f\u0259bb\u00fcsl\u0259rin ba\u015flayaca\u011f\u0131n\u0131 g\u00f6zl\u0259m\u0259k olar<br \/>\n  <\/i>\n<\/p>\n<p>\n  Roma Papas\u0131n\u0131n v\u0259 Avropa Parlamentinin Osmanl\u0131 T\u00fcrkiy\u0259sind\u0259 \u201cerm\u0259ni soyq\u0131r\u0131m\u0131n\u0131\u201d pisl\u0259m\u0259si t\u0259kc\u0259 erm\u0259ni m\u0259s\u0259l\u0259sinin h\u0259lli \u00fc\u00e7\u00fcn deyil, h\u0259m d\u0259 \u00d6n Asiya regionun inki\u015faf\u0131 v\u0259 \u00e7i\u00e7\u0259kl\u0259nm\u0259si \u00fc\u00e7\u00fcn dialoqa s\u0259b\u0259b olur. Bu probleml\u0259 \u0259laq\u0259si olan dair\u0259l\u0259rd\u0259 emosiya partlay\u0131\u015f\u0131 \u015f\u0259raitind\u0259 bu tezis m\u00fcbahis\u0259li g\u00f6r\u00fcn\u0259 bil\u0259r, amma he\u00e7 d\u0259 \u0259sass\u0131z deyil.\n<\/p>\n<p>\n  <b><br \/>\n    M\u0259qs\u0259dl\u0259r g\u00fcd\u0259n b\u0259yanat<br \/>\n  <\/b>\n<\/p>\n<p>\n  Roma Papas\u0131 Frantsisk 12 aprel 2015-ci il tarixind\u0259 &#8211; pravoslavlar\u0131n Pasxa bayram\u0131 g\u00fcn\u00fc 20-ci \u0259srin \u00fc\u00e7 \u201c\u0259n b\u00f6y\u00fck misli g\u00f6r\u00fcnm\u0259mi\u015f faci\u0259sini\u201d elan edib: erm\u0259ni soyq\u0131r\u0131m\u0131, nasizm v\u0259 stalinizm. H\u0259min g\u00fcn katolik kils\u0259sinin r\u0259hb\u0259ri \u201cerm\u0259ni soyq\u0131r\u0131m\u0131n\u0131n\u201d 100 illiyi il\u0259 \u0259laq\u0259dar x\u00fcsusi messa ke\u00e7ir\u0259r\u0259k, erm\u0259nil\u0259rin, Suriya katolikl\u0259rinin v\u0259 pravoslavlar\u0131n\u0131n \u00e7\u0259kdiyi iztirablar\u0131 \u201cXX \u0259srin birinci soyq\u0131r\u0131m\u0131\u201d kimi s\u0259ciyy\u0259l\u0259ndirib.\n<\/p>\n<p>\n  Maraql\u0131d\u0131r ki, pontifikin b\u0259yanat\u0131 aprelin 5-d\u0259 katolik Pasxas\u0131 g\u00fcn\u00fc s\u0259sl\u0259nm\u0259yib, baxmayaraq ki, 20-ci \u0259srin faci\u0259sin\u0259 bax\u0131\u015f\u0131n\u0131 m\u00fc\u0259yy\u0259n d\u0259r\u0259c\u0259d\u0259 b\u00fct\u00fcn d\u00fcnyada 1,2 milyard katolikin ad\u0131ndan dan\u0131\u015fma\u011fa imkan ver\u0259n h\u0259min g\u00fcnd\u0259 s\u0259sl\u0259ndirm\u0259k m\u0259ntiqli olard\u0131. Pravoslav Pasxas\u0131 g\u00fcn\u00fcnd\u0259 bu b\u0259yanat\u0131 pravoslav m\u0259zh\u0259binin iyerarxlar\u0131ndan e\u015fitm\u0259k m\u0259ntiq\u0259uy\u011fun olard\u0131. Amma onlar h\u0259min g\u00fcn susdular, baxmayaraq ki, 100 il \u0259vv\u0259l yunan v\u0259 rus pravoslav kils\u0259l\u0259ri katolik v\u0259 protestant kils\u0259l\u0259ri il\u0259 birlikd\u0259 La-Man\u015fdan Qafqaza q\u0259d\u0259r Avropa h\u0259rbi \u0259m\u0259liyyatlar teatr\u0131nda 22 mln. insan\u0131n h\u0259yat\u0131na son qoymu\u015f Birinci D\u00fcnya M\u00fcharib\u0259sin\u0259 yollanan \u0259sg\u0259rl\u0259r\u0259 m\u00fcq\u0259dd\u0259s su \u00e7il\u0259yirdil\u0259r.\n<\/p>\n<p>\n  Bel\u0259likl\u0259, Papa 20-ci \u0259srin \u00fc\u00e7 faci\u0259si haqq\u0131nda dan\u0131\u015f\u0131r: erm\u0259ni soyq\u0131r\u0131m\u0131, nasizm v\u0259 stalinizm. \u018fm\u0259ll\u0259rin (erm\u0259ni soyq\u0131r\u0131m\u0131) v\u0259 ideologiyalar\u0131n (nasizm v\u0259 stalinizm) bir c\u0259rg\u0259d\u0259 sadalanmas\u0131 \u00f6z-\u00f6zl\u00fcy\u00fcnd\u0259 s\u0259hvdir. Faci\u0259l\u0259r siyah\u0131s\u0131n\u0131 mill\u0259t siyah\u0131s\u0131 il\u0259 davam etdirm\u0259k daha m\u0259ntiqli olard\u0131 v\u0259 bu siyah\u0131 h\u0259ddind\u0259n art\u0131q uzun olard\u0131. M\u0259s\u0259l\u0259nin bu c\u00fcr qoyulu\u015fu m\u00fcxt\u0259lif mill\u0259tl\u0259r\u0259 aid insanlar\u0131n k\u00fctl\u0259vi q\u0259tlinin dig\u0259r qurbanlar\u0131na h\u00f6rm\u0259tsizlik deyilmi? Nasizm v\u0259 stalinizmin qurban\u0131 olan \u00e7ox sayda dig\u0259r xalqlara qar\u015f\u0131 cinay\u0259tl\u0259ri haraya aid etm\u0259k laz\u0131md\u0131r? N\u0259 m\u0259hk\u0259m\u0259d\u0259, n\u0259 tarix\u0259n s\u00fcbut edilm\u0259mi\u015f \u201cerm\u0259ni soyq\u0131r\u0131m\u0131\u201d Birinci D\u00fcnya M\u00fcharib\u0259si zaman\u0131, yar\u0131mfeodal Avropada nasizm v\u0259 stalinizmin olmad\u0131\u011f\u0131 d\u00f6vrd\u0259 ba\u015f verib. Amma m\u0259hz qabaqc\u0131l Avropa m\u0259d\u0259niyy\u0259tinin v\u0259 azad fikrin da\u015f\u0131y\u0131c\u0131s\u0131 olan d\u00f6vl\u0259tl\u0259r 11 mln. m\u00fclki \u015f\u0259xsin h\u0259yat\u0131na son qoymu\u015f k\u00fctl\u0259vi \u0259t\u00e7\u0259k\u0259nin t\u0259\u015fkilat\u00e7\u0131s\u0131 olublar. Bu, b\u00fct\u00fcnl\u00fckd\u0259 Avropa ordular\u0131n\u0131n itkil\u0259rind\u0259n daha \u00e7ox oldu. M\u00fcharib\u0259nin \u015fahzad\u0259 Ferdinand\u0131n q\u0259tli kimi b\u0259han\u0259l\u0259ri deyil, s\u0259b\u0259bl\u0259ri haqq\u0131nda suala \u00e7oxdan \u00e7oxsayl\u0131 elmi-t\u0259hqiqat \u0259s\u0259rl\u0259rind\u0259 cavab verilib. M\u00fcharib\u0259nin k\u00f6k\u00fcnd\u0259 resurslar, m\u00fcst\u0259ml\u0259k\u0259l\u0259r v\u0259 \u0259m\u0259k v\u0259 mallar\u0131n sat\u0131\u015f\u0131 bazar\u0131 u\u011frunda m\u00fcbariz\u0259 dururdu.\n<\/p>\n<p>\n  Nasizmin v\u0259 stalizmin davam\u0131 kimi t\u0259qdim edils\u0259 d\u0259, eyni m\u0259qs\u0259d v\u0259 v\u0259zif\u0259l\u0259r\u0259 xidm\u0259t ed\u0259n \u0130kinci D\u00fcnya M\u00fcharib\u0259si ilk tamamlanmam\u0131\u015f \u0259m\u0259l \u2013 20-ci \u0259srin birinci yar\u0131s\u0131nda n\u00fcfuz sah\u0259l\u0259rinin yenid\u0259n b\u00f6lg\u00fcs\u00fc \u00fczr\u0259 ikinci add\u0131m\u0131 oldu.\n<\/p>\n<p>\n  Nasizm v\u0259 stalinizm Birinci D\u00fcnya M\u00fcharib\u0259sinin n\u0259tic\u0259sind\u0259 yaran\u0131b v\u0259 onun da\u015f\u0131y\u0131c\u0131lar\u0131n\u0131n iki b\u00f6y\u00fck d\u00f6vl\u0259t &#8211; \u0259n b\u00f6y\u00fck v\u0259 al\u00e7ald\u0131c\u0131 itkil\u0259r ver\u0259n Rusiya v\u0259 Almaniya olmas\u0131 t\u0259sad\u00fcfi deyil. V\u0259 h\u0259r iki \u00f6lk\u0259d\u0259 bel\u0259 b\u0259nz\u0259r totalitar rejiml\u0259rin yaranmas\u0131n\u0131 da t\u0259sad\u00fcfi adland\u0131rmaq olmaz. T\u0259kc\u0259 ona g\u00f6r\u0259 yox ki, onlar viran\u0259l\u0259rd\u0259 v\u0259 d\u00fc\u015fm\u0259n m\u00fchitd\u0259 yaran\u0131blar, h\u0259m d\u0259 t\u0259hqiqat\u00e7\u0131lar\u0131n kifay\u0259t q\u0259d\u0259r \u00e7ox v\u0259 inand\u0131r\u0131c\u0131 dan\u0131\u015fd\u0131\u011f\u0131 bir s\u0131ra s\u0259b\u0259bl\u0259r\u0259 g\u00f6r\u0259.\n<\/p>\n<p>\n  H\u0259tta \u0130taliya, Bolqar\u0131stan, Yunan\u0131stan, Xorvatiya v\u0259 \u00f6z miqyaslar\u0131nda m\u00fcqayis\u0259 olunacaq d\u0259r\u0259c\u0259d\u0259 itkil\u0259r vermi\u015f dig\u0259r \u0259lalt\u0131 \u00f6lk\u0259l\u0259rd\u0259 d\u0259 b\u0259nz\u0259r rejiml\u0259r yaran\u0131b. Almaniya v\u0259 Rusiya il\u0259 m\u00fcqayis\u0259 olunmayacaq d\u0259r\u0259c\u0259d\u0259 b\u00f6y\u00fck \u0259razi itkil\u0259ri ver\u0259n T\u00fcrkiy\u0259d\u0259 bunun ba\u015f verm\u0259m\u0259si t\u0259\u0259cc\u00fcbl\u00fc deyilmi? \u201cBirinci soyq\u0131r\u0131m\u0131n\u201d \u201canas\u0131n\u0131n\u201d \u00f6z\u00fcn\u0259 qapan\u0131b, d\u0259qiq qanunauy\u011funluqla nasist v\u0259 ya Stalin rejimi yaratmal\u0131 olmas\u0131 daha m\u0259ntiqli olard\u0131. Amma bu, ba\u015f verm\u0259di. Bunu yaln\u0131z d\u00fcny\u0259vi T\u00fcrkiy\u0259nin ilk prezidenti Atat\u00fcrk\u00fcn xidm\u0259ti adland\u0131rmaq do\u011fru olmazd\u0131. Bu, m\u0259ntiqi olaraq bizim m\u00fcasir T\u00fcrkiy\u0259 adland\u0131rd\u0131\u011f\u0131m\u0131z haz\u0131rki v\u0259ziyy\u0259t\u0259 g\u0259lmi\u015f imperiyasonras\u0131 \u00f6lk\u0259nin se\u00e7imi idi.\n<\/p>\n<p>\n  Birinci D\u00fcnya M\u00fcharib\u0259sind\u0259n sonra T\u00fcrkiy\u0259 Respublikas\u0131n\u0131n \u00d6n Asiyada sabitliyin zamini rolunu oynad\u0131\u011f\u0131na \u00e7ox az insan etiraz ed\u0259r v\u0259 son ill\u0259rd\u0259 alovlanan m\u00fcs\u0259lman d\u00fcnyas\u0131ndak\u0131 hadis\u0259l\u0259r, Avropa enerji t\u0259hl\u00fck\u0259sizliyi m\u0259s\u0259l\u0259sinin g\u0259rginl\u0259\u015fm\u0259si, regional sabitlik fonunda bu funksiya xeyli g\u00fccl\u0259nib. NATO \u00fczv\u00fc v\u0259 AB\u015e-\u0131n forpostu kimi T\u00fcrkiy\u0259nin g\u00fccl\u0259nm\u0259si t\u0259l\u0259bat\u0131 getdikc\u0259 daha \u00e7ox \u0259h\u0259miyy\u0259t k\u0259sb edir v\u0259 Osmanl\u0131 \u0130mperiyas\u0131ndan irs qalm\u0131\u015f bir s\u0131ra tarixi m\u0259s\u0259l\u0259l\u0259rin h\u0259llini t\u0259l\u0259b edir. Erm\u0259ni, k\u00fcrd v\u0259 Kipr m\u0259s\u0259l\u0259l\u0259rini buraya aid etm\u0259k olar. B\u00fct\u00fcn bu m\u00f6vzular g\u00fcnd\u0259likd\u0259dir v\u0259 Ankaran\u0131n f\u0259all\u0131\u011f\u0131 g\u00f6st\u0259rir ki, xarici oyun\u00e7ularla yana\u015f\u0131, o \u00f6z\u00fc d\u0259 onlar\u0131n h\u0259llini s\u00fcr\u0259tl\u0259ndirm\u0259y\u0259 \u00e7al\u0131\u015f\u0131r.\n<\/p>\n<p>\n  <b><br \/>\n    Avropa bar\u0131\u015f\u0131\u011f\u0131 s\u00fcr\u0259tl\u0259ndirir<br \/>\n  <\/b>\n<\/p>\n<p>\n  Pravoslav Pasxas\u0131 g\u00fcn\u00fc katolik Papan\u0131n b\u0259yanat\u0131 n\u00f6vb\u0259ti h\u0259ll\u0259r v\u0259 add\u0131mlar\u0131n m\u0259ntiqind\u0259n ir\u0259li g\u0259l\u0259r\u0259k s\u0259sl\u0259nib: bu m\u0259s\u0259l\u0259d\u0259 pravoslavlar\u0131n d\u0259st\u0259yini qazanmaq v\u0259 \u201cizml\u0259rin\u201d pisl\u0259nm\u0259si v\u0259 ona qar\u015f\u0131 m\u00fcbariz\u0259, habel\u0259 s\u00f6z\u00fcn geni\u015f m\u0259nas\u0131nda demokratiya prinsip v\u0259 d\u0259y\u0259rl\u0259ri \u00fc\u00e7\u00fcn yolun t\u0259mizl\u0259nm\u0259si m\u0259s\u0259l\u0259sind\u0259 xristian d\u00fcnyas\u0131n\u0131n birl\u0259\u015fm\u0259sin\u0259 nail olmaq m\u0259qs\u0259dil\u0259.\n<\/p>\n<p>\n  Erm\u0259ni m\u0259s\u0259l\u0259si \u00d6n Asiya regionunda, o c\u00fcml\u0259d\u0259n X\u0259z\u0259r h\u00f6vz\u0259sind\u0259 avrointeqrasiyan\u0131 gecikdir\u0259n ciddi amildir. Erm\u0259nistan regionun Avrointeqrasiyas\u0131 prosesind\u0259 t\u0259crid edilmi\u015f ada olaraq qalmaqdad\u0131r v\u0259 Az\u0259rbaycan, G\u00fcrc\u00fcstan v\u0259 T\u00fcrkiy\u0259ni birl\u0259\u015fdir\u0259n, Qara D\u0259niz v\u0259 X\u0259z\u0259r D\u0259nizi regionunun \u00e7ox sayda \u00f6lk\u0259sinin birl\u0259\u015fm\u0259si \u00fczr\u0259 real perspektivl\u0259ri olan regional layih\u0259l\u0259rd\u0259n v\u0259 t\u0259\u015f\u0259bb\u00fcsl\u0259rd\u0259n k\u0259narda qal\u0131r. Erm\u0259nistan\u0131n bu t\u0259cridd\u0259n \u00e7\u0131xar\u0131lmas\u0131 \u00fczr\u0259 \u0259sas add\u0131m onun T\u00fcrkiy\u0259 v\u0259 Az\u0259rbaycanla m\u00fcnasib\u0259tl\u0259rinin normalla\u015fd\u0131r\u0131lmas\u0131d\u0131r. Burada Ankaran\u0131n bu istiqam\u0259td\u0259 ir\u0259lil\u0259m\u0259si prosesinin s\u00fcr\u0259tl\u0259nm\u0259si b\u00f6y\u00fck \u0259h\u0259miyy\u0259t qazan\u0131r, Avropa Parlamentinin 15 aprel tarixli T\u00fcrkiy\u0259nin \u201ch\u0259qiqi bar\u0131\u015f\u0131q\u201d \u00fc\u00e7\u00fcn yol \u00e7\u0259km\u0259k m\u0259qs\u0259dil\u0259 erm\u0259ni soyq\u0131r\u0131m\u0131n\u0131 tan\u0131mas\u0131 z\u0259rur\u0259tini vur\u011fulayan q\u0259tnam\u0259si buna d\u0259lal\u0259t edir. Parlamentaril\u0259r Erm\u0259nistan\u0131 v\u0259 T\u00fcrkiy\u0259ni \u201cAvropa mill\u0259tl\u0259ri aras\u0131nda u\u011furlu bar\u0131\u015f\u0131q n\u00fcmun\u0259l\u0259rind\u0259n (Fransa v\u0259 Almaniyan\u0131n Avropa Birliyini t\u0259sis etm\u0259si \u2013 Turan) istifad\u0259 etm\u0259y\u0259\u201d, diplomatik m\u00fcnasib\u0259tl\u0259r qurulmas\u0131 haqq\u0131nda, s\u0259rh\u0259dl\u0259rin a\u00e7\u0131lmas\u0131 v\u0259 m\u00fcnasib\u0259tl\u0259rin f\u0259al \u015f\u0259kild\u0259 yax\u015f\u0131la\u015fd\u0131r\u0131lmas\u0131 haqq\u0131nda protokollar\u0131 t\u0259sdiq etm\u0259y\u0259 v\u0259 qeyd-\u015f\u0259rtsiz h\u0259yata ke\u00e7irm\u0259y\u0259 \u00e7a\u011f\u0131r\u0131rlar. S\u0259rh\u0259dd\u0259 \u0259m\u0259kda\u015fl\u0131q v\u0259 iqtisadi inteqrasiya x\u00fcsusi vur\u011fulan\u0131r.\n<\/p>\n<p>\n  Praktiki olaraq, Q\u0259rb T\u00fcrkiy\u0259 v\u0259 Erm\u0259nistan\u0131 S\u00fcrix-2 prosesin\u0259 it\u0259l\u0259yir. M\u0259lum oldu\u011fu kimi, iki illik m\u0259xfi dan\u0131\u015f\u0131qlardan sonra, 10 oktyabr 2009-cu ild\u0259 S\u00fcrixd\u0259 Erm\u0259nistan v\u0259 T\u00fcrkiy\u0259 xarici i\u015fl\u0259r nazirl\u0259ri diplomatik m\u00fcnasib\u0259tl\u0259rin qurulmas\u0131 v\u0259 s\u0259rh\u0259dl\u0259rin a\u00e7\u0131lmas\u0131 haqq\u0131nda protokol imzalay\u0131blar. \u0130mzalama t\u0259dbirind\u0259 AB\u015e d\u00f6vl\u0259t katibi Hillari Klintonun v\u0259 Rusiya xarici i\u015fl\u0259r naziri Sergey Lavrovun i\u015ftirak\u0131 art\u0131q AB\u015e v\u0259 Rusiyan\u0131n p\u0259rd\u0259arxas\u0131 maraqlar\u0131n\u0131 g\u00f6st\u0259rirdi. V\u0259 kimin kimin t\u0259r\u0259find\u0259 maraqlar\u0131 oldu\u011fu ayd\u0131nd\u0131r. N\u00f6vb\u0259ti hadis\u0259l\u0259r g\u00f6st\u0259rdi ki (AB\u015e v\u0259 Rusiya aras\u0131nda \u00d6n Asiyada g\u0259rginl\u0259\u015f\u0259n m\u00fcbariz\u0259 v\u0259 onun kulminasiya n\u00f6qt\u0259si olan Ukraynada v\u0259 Suriya-\u0130raq b\u00f6lg\u0259sind\u0259 b\u00f6hran, Rusiya t\u0259r\u0259fin m\u0259cburiyy\u0259ti il\u0259 Erm\u0259nistan\u0131n A\u0130 il\u0259 Assosiasiya Sazi\u015fi imzalamaqdan imtinas\u0131), zamin t\u0259r\u0259fl\u0259r S\u00fcrix-1-in s\u00fcr\u0259tl\u0259ndirilm\u0259sin\u0259 haz\u0131r deyildilr. V\u0259 bu il fevral\u0131n 16-da Erm\u0259nistan prezidenti S\u00fcrixd\u0259 imzalanm\u0131\u015f Erm\u0259nistan-T\u00fcrkiy\u0259 protokollar\u0131n\u0131 parlamentd\u0259n geri \u00e7\u0259kir. S\u00fcrix protokollar\u0131 \u0259traf\u0131nda gizli v\u0259ziyy\u0259t (Ankaran\u0131n Bak\u0131n\u0131n t\u0259zyiqi alt\u0131nda onlar\u0131n h\u0259yata ke\u00e7irilm\u0259sini Az\u0259rbaycan \u0259razil\u0259rinin i\u015f\u011faldan azad edilm\u0259si il\u0259 \u0259laq\u0259l\u0259ndirm\u0259y\u0259 ba\u015flamas\u0131, r\u0259smi Yerevan\u0131n is\u0259 \u00f6z m\u00fcxalif\u0259tinin t\u0259zyiqi alt\u0131nda T\u00fcrkiy\u0259nin \u0259razi b\u00fct\u00f6vl\u00fcy\u00fcn\u00fc t\u0259sdiq ed\u0259n s\u0259n\u0259dl\u0259ri t\u0259sdiq etm\u0259m\u0259si) ba\u015fa \u00e7at\u0131b.\n<\/p>\n<p>\n  <b><br \/>\n    24 apreld\u0259n sonrak\u0131 v\u0259ziyy\u0259t<br \/>\n  <\/b>\n<\/p>\n<p>\n  T\u00fcrkiy\u0259nin Papan\u0131n b\u0259yanat\u0131na q\u0259d\u0259r son d\u00f6vrd\u0259\u00a0 soyq\u0131r\u0131m\u0131n tan\u0131nmas\u0131 kampaniyas\u0131na qar\u015f\u0131 he\u00e7 bir ciddi add\u0131m atmamas\u0131 n\u0259z\u0259r\u0259 \u00e7arp\u0131r. Yaln\u0131z erm\u0259ni m\u0259s\u0259l\u0259sininin ara\u015fd\u0131r\u0131lmas\u0131 \u00fczr\u0259 beyn\u0259xalq elmi qrup yarad\u0131lmas\u0131, dialoqa d\u0259v\u0259t t\u0259\u015f\u0259bb\u00fcsl\u0259ri, habel\u0259 T\u00fcrkiy\u0259 d\u00f6vl\u0259t\u00e7iliyinin qorunub saxlanmas\u0131 v\u0259 yenid\u0259n t\u0259\u015fkili \u00fc\u00e7\u00fcn m\u00fch\u00fcm m\u0259qam olan \u00c7anaqqala d\u00f6y\u00fc\u015f\u00fcn\u00fcn 100 illiyinin qeyd edilm\u0259si istisnad\u0131r.\n<\/p>\n<p>\n  Ke\u00e7mi\u015fd\u0259 q\u0131z\u011f\u0131n sur\u0259td\u0259 erm\u0259nil\u0259r\u0259 1918-ci ilin mart\u0131nda Bak\u0131da v\u0259 Az\u0259rbaycan\u0131n regionlar\u0131nda m\u00fcs\u0259lman \u0259halinin k\u00fctl\u0259vi q\u0259tlini xat\u0131rladaraq erm\u0259ni dair\u0259l\u0259rinin anti-t\u00fcrk kampaniyas\u0131n\u0131n qar\u015f\u0131s\u0131n\u0131n alma\u011fa \u00e7al\u0131\u015fan Az\u0259rbaycan t\u0259r\u0259fd\u0259n d\u0259 indi x\u00fcsusi entuziazm g\u00f6r\u00fcnm\u0259yib.\n<\/p>\n<p>\n  Bel\u0259 bir t\u0259\u0259ss\u00fcrat yaran\u0131r ki, Ankara v\u0259 Bak\u0131n\u0131n regionda hadis\u0259l\u0259rin n\u00f6vb\u0259ti inki\u015faf\u0131 ssenaril\u0259rind\u0259n x\u0259b\u0259rl\u0259ri var v\u0259 aran\u0131 q\u0131z\u0131\u015fd\u0131rm\u0131rlar, yaln\u0131z Vatikan v\u0259 Avropa Parlamentinin q\u0259rar\u0131na formal olaraq m\u0259nfi reaksiya ifad\u0259 edirl\u0259r.\n<\/p>\n<p>\n  Roma Papas\u0131 \u00f6t\u0259n ilin noyabr\u0131nda T\u00fcrkiy\u0259y\u0259 s\u0259f\u0259r edib, h\u0259min vaxt bir s\u0131ra m\u0259s\u0259l\u0259l\u0259r \u00fczr\u0259 qar\u015f\u0131l\u0131ql\u0131 anla\u015fma \u0259ld\u0259 olunub, x\u00fcsus\u0259n, m\u00fcs\u0259lman T\u00fcrkiy\u0259d\u0259 xristian kils\u0259l\u0259rinin tikilm\u0259si qada\u011fas\u0131n\u0131n aradan qald\u0131r\u0131lmas\u0131 v\u0259 xristian fondlar\u0131n\u0131n yarand\u0131lmas\u0131 il\u0259 ba\u011fl\u0131. Maraql\u0131d\u0131r ki, katolik pasxas\u0131ndan d\u00fcz bir ay \u0259vv\u0259l, mart\u0131n 5-d\u0259 multikulturalizmin m\u0259\u015fhurla\u015fmas\u0131 \u00fczr\u0259 b\u00f6y\u00fck add\u0131mlar atan v\u0259 katolik artefaktlar\u0131na d\u0259st\u0259k g\u00f6st\u0259r\u0259n Az\u0259rbaycan prezidenti \u0130lham \u018fliyev Vatikana s\u0259f\u0259r edib.\n<\/p>\n<p>\n  Aprelin sonuna q\u0259d\u0259r davam ed\u0259c\u0259k b\u00fct\u00fcn g\u0259rginliy\u0259 baxmayaraq, bir m\u00fcdd\u0259t sonra Erm\u0259nistan-Az\u0259rbaycan Qaraba\u011f m\u00fcnaqi\u015f\u0259sinin h\u0259llind\u0259 d\u0259 m\u00fch\u00fcm olan erm\u0259ni-t\u00fcrk dialoqunun b\u0259rpas\u0131 \u00fczr\u0259 yeni t\u0259\u015f\u0259bb\u00fcsl\u0259rin ba\u015flayaca\u011f\u0131n\u0131 g\u00f6zl\u0259m\u0259k olar. V\u0259 burada xristian d\u00fcnyas\u0131n\u0131n b\u00f6y\u00fck hiss\u0259si aras\u0131nda n\u00fcfuzu olan Vatikan\u0131n s\u00fclhm\u0259raml\u0131 rolu \u0259h\u0259miyy\u0259tli ola bil\u0259r. H\u0259m d\u0259 soyq\u0131r\u0131m\u0131 pisl\u0259y\u0259n Papa Frantsisk bar\u0131\u015f\u0131q d\u0259v\u0259ti yer alan b\u0259yanat\u0131 il\u0259 t\u00fcrkl\u0259rin, erm\u0259nil\u0259rin v\u0259 az\u0259rbaycanl\u0131lar\u0131n g\u00f6z\u00fcnd\u0259 Vatikan\u0131 tarazla\u015fd\u0131rd\u0131. V\u0259 M\u00fcq\u0259dd\u0259s Taxt\u0131n vasit\u0259\u00e7ilik s\u0259yl\u0259ri g\u0259l\u0259c\u0259kd\u0259 s\u0259m\u0259r\u0259li ola bil\u0259r. Demokratiya v\u0259 Avropa d\u0259y\u0259rl\u0259rinin b\u00fct\u00fcn inki\u015faf etm\u0259kd\u0259 olan d\u00fcnyada, o c\u00fcml\u0259d\u0259n \u00d6n Asiyada s\u00fcr\u0259tl\u0259 yay\u0131lmas\u0131na \u00e7al\u0131\u015fan Q\u0259rb \u00f6lk\u0259l\u0259rinin maraqlar\u0131 da buna t\u0259kan verir.\n<\/p>\n<p>\n  Turan Analitika Xidm\u0259ti<\/p>\n","protected":false},"excerpt":{"rendered":"<p>Bir m\u00fcdd\u0259t sonra Erm\u0259nistan-Az\u0259rbaycan Qaraba\u011f m\u00fcnaqi\u015f\u0259sinin h\u0259llind\u0259 d\u0259 m\u00fch\u00fcm olan erm\u0259ni-t\u00fcrk dialoqunun b\u0259rpas\u0131 \u00fczr\u0259 yeni t\u0259\u015f\u0259bb\u00fcsl\u0259rin ba\u015flayaca\u011f\u0131n\u0131 g\u00f6zl\u0259m\u0259k olar<\/p>\n","protected":false},"author":11,"featured_media":23026,"comment_status":"closed","ping_status":"open","sticky":false,"template":"","format":"standard","meta":{"_acf_changed":false,"_sitemap_exclude":false,"_sitemap_priority":"","_sitemap_frequency":"","footnotes":""},"categories":[56],"tags":[],"class_list":["post-167629","post","type-post","status-publish","format-standard","has-post-thumbnail","hentry","category-xeberler","infinite-scroll-item","generate-columns","tablet-grid-50","mobile-grid-100","grid-parent","grid-33","no-featured-image-padding"],"acf":[],"yoast_head":"<!-- This site is optimized with the Yoast SEO plugin v28.4 - https:\/\/yoast.com\/product\/yoast-seo-wordpress\/ -->\n<title>T\u00fcrkiy\u0259-Erm\u0259nistan \u2013 M\u00fcq\u0259dd\u0259s Taxt s\u0131na\u011f\u0131 (T\u0259hlil) - MEYDAN.TV<\/title>\n<meta name=\"robots\" content=\"index, follow, max-snippet:-1, max-image-preview:large, max-video-preview:-1\" \/>\n<link rel=\"canonical\" href=\"https:\/\/www.meydan.tv\/az\/article\/turkiye-ermenistan-muqeddes-taxt-sinagi-tehlil\/\" \/>\n<meta property=\"og:locale\" content=\"az_AZ\" \/>\n<meta property=\"og:type\" content=\"article\" \/>\n<meta property=\"og:title\" content=\"T\u00fcrkiy\u0259-Erm\u0259nistan \u2013 M\u00fcq\u0259dd\u0259s Taxt s\u0131na\u011f\u0131 (T\u0259hlil) - MEYDAN.TV\" \/>\n<meta property=\"og:description\" content=\"Bir m\u00fcdd\u0259t sonra Erm\u0259nistan-Az\u0259rbaycan Qaraba\u011f m\u00fcnaqi\u015f\u0259sinin h\u0259llind\u0259 d\u0259 m\u00fch\u00fcm olan erm\u0259ni-t\u00fcrk dialoqunun b\u0259rpas\u0131 \u00fczr\u0259 yeni t\u0259\u015f\u0259bb\u00fcsl\u0259rin ba\u015flayaca\u011f\u0131n\u0131 g\u00f6zl\u0259m\u0259k olar\" \/>\n<meta property=\"og:url\" content=\"https:\/\/www.meydan.tv\/az\/article\/turkiye-ermenistan-muqeddes-taxt-sinagi-tehlil\/\" \/>\n<meta property=\"og:site_name\" content=\"MEYDAN.TV\" \/>\n<meta property=\"article:published_time\" content=\"2015-04-21T20:14:52+00:00\" \/>\n<meta property=\"og:image\" content=\"https:\/\/www.meydan.tv\/wp-content\/uploads\/8360.jpg\" \/>\n\t<meta property=\"og:image:width\" content=\"400\" \/>\n\t<meta property=\"og:image:height\" content=\"266\" \/>\n\t<meta property=\"og:image:type\" content=\"image\/jpeg\" \/>\n<meta name=\"twitter:card\" content=\"summary_large_image\" \/>\n<!-- \/ Yoast SEO plugin. -->","yoast_head_json":{"title":"T\u00fcrkiy\u0259-Erm\u0259nistan \u2013 M\u00fcq\u0259dd\u0259s Taxt s\u0131na\u011f\u0131 (T\u0259hlil) - MEYDAN.TV","robots":{"index":"index","follow":"follow","max-snippet":"max-snippet:-1","max-image-preview":"max-image-preview:large","max-video-preview":"max-video-preview:-1"},"canonical":"https:\/\/www.meydan.tv\/az\/article\/turkiye-ermenistan-muqeddes-taxt-sinagi-tehlil\/","og_locale":"az_AZ","og_type":"article","og_title":"T\u00fcrkiy\u0259-Erm\u0259nistan \u2013 M\u00fcq\u0259dd\u0259s Taxt s\u0131na\u011f\u0131 (T\u0259hlil) - MEYDAN.TV","og_description":"Bir m\u00fcdd\u0259t sonra Erm\u0259nistan-Az\u0259rbaycan Qaraba\u011f m\u00fcnaqi\u015f\u0259sinin h\u0259llind\u0259 d\u0259 m\u00fch\u00fcm olan erm\u0259ni-t\u00fcrk dialoqunun b\u0259rpas\u0131 \u00fczr\u0259 yeni t\u0259\u015f\u0259bb\u00fcsl\u0259rin ba\u015flayaca\u011f\u0131n\u0131 g\u00f6zl\u0259m\u0259k olar","og_url":"https:\/\/www.meydan.tv\/az\/article\/turkiye-ermenistan-muqeddes-taxt-sinagi-tehlil\/","og_site_name":"MEYDAN.TV","article_published_time":"2015-04-21T20:14:52+00:00","og_image":[{"width":400,"height":266,"url":"https:\/\/www.meydan.tv\/wp-content\/uploads\/8360.jpg","type":"image\/jpeg"}],"twitter_card":"summary_large_image","schema":{"@context":"https:\/\/schema.org","@graph":[{"@type":"Article","@id":"https:\/\/www.meydan.tv\/az\/article\/turkiye-ermenistan-muqeddes-taxt-sinagi-tehlil\/#article","isPartOf":{"@id":"https:\/\/www.meydan.tv\/az\/article\/turkiye-ermenistan-muqeddes-taxt-sinagi-tehlil\/"},"author":{"name":"user-manager","@id":"https:\/\/www.meydan.tv\/az\/#\/schema\/person\/10d11eccf6da3662cf5fdab9806ea91a"},"headline":"T\u00fcrkiy\u0259-Erm\u0259nistan \u2013 M\u00fcq\u0259dd\u0259s Taxt s\u0131na\u011f\u0131 (T\u0259hlil)","datePublished":"2015-04-21T20:14:52+00:00","mainEntityOfPage":{"@id":"https:\/\/www.meydan.tv\/az\/article\/turkiye-ermenistan-muqeddes-taxt-sinagi-tehlil\/"},"wordCount":2306,"publisher":{"@id":"https:\/\/www.meydan.tv\/az\/#organization"},"image":{"@id":"https:\/\/www.meydan.tv\/az\/article\/turkiye-ermenistan-muqeddes-taxt-sinagi-tehlil\/#primaryimage"},"thumbnailUrl":"https:\/\/www.meydan.tv\/wp-content\/uploads\/8360.jpg","articleSection":["X\u0259b\u0259rl\u0259r"],"inLanguage":"az"},{"@type":"WebPage","@id":"https:\/\/www.meydan.tv\/az\/article\/turkiye-ermenistan-muqeddes-taxt-sinagi-tehlil\/","url":"https:\/\/www.meydan.tv\/az\/article\/turkiye-ermenistan-muqeddes-taxt-sinagi-tehlil\/","name":"T\u00fcrkiy\u0259-Erm\u0259nistan \u2013 M\u00fcq\u0259dd\u0259s Taxt s\u0131na\u011f\u0131 (T\u0259hlil) - MEYDAN.TV","isPartOf":{"@id":"https:\/\/www.meydan.tv\/az\/#website"},"primaryImageOfPage":{"@id":"https:\/\/www.meydan.tv\/az\/article\/turkiye-ermenistan-muqeddes-taxt-sinagi-tehlil\/#primaryimage"},"image":{"@id":"https:\/\/www.meydan.tv\/az\/article\/turkiye-ermenistan-muqeddes-taxt-sinagi-tehlil\/#primaryimage"},"thumbnailUrl":"https:\/\/www.meydan.tv\/wp-content\/uploads\/8360.jpg","datePublished":"2015-04-21T20:14:52+00:00","breadcrumb":{"@id":"https:\/\/www.meydan.tv\/az\/article\/turkiye-ermenistan-muqeddes-taxt-sinagi-tehlil\/#breadcrumb"},"inLanguage":"az","potentialAction":[{"@type":"ReadAction","target":["https:\/\/www.meydan.tv\/az\/article\/turkiye-ermenistan-muqeddes-taxt-sinagi-tehlil\/"]}]},{"@type":"ImageObject","inLanguage":"az","@id":"https:\/\/www.meydan.tv\/az\/article\/turkiye-ermenistan-muqeddes-taxt-sinagi-tehlil\/#primaryimage","url":"https:\/\/www.meydan.tv\/wp-content\/uploads\/8360.jpg","contentUrl":"https:\/\/www.meydan.tv\/wp-content\/uploads\/8360.jpg","width":400,"height":266,"caption":"Source:"},{"@type":"BreadcrumbList","@id":"https:\/\/www.meydan.tv\/az\/article\/turkiye-ermenistan-muqeddes-taxt-sinagi-tehlil\/#breadcrumb","itemListElement":[{"@type":"ListItem","position":1,"name":"Ana s\u0259hif\u0259","item":"https:\/\/www.meydan.tv\/az\/"},{"@type":"ListItem","position":2,"name":"X\u0259b\u0259rl\u0259r","item":"https:\/\/www.meydan.tv\/az\/section\/xeberler\/"},{"@type":"ListItem","position":3,"name":"T\u00fcrkiy\u0259-Erm\u0259nistan \u2013 M\u00fcq\u0259dd\u0259s Taxt s\u0131na\u011f\u0131 (T\u0259hlil)"}]},{"@type":"WebSite","@id":"https:\/\/www.meydan.tv\/az\/#website","url":"https:\/\/www.meydan.tv\/az\/","name":"MEYDAN.TV","description":"Meydan TV Az\u0259rbaycan\u0131n media m\u0259kan\u0131ndak\u0131 alternativ s\u0259sidir","publisher":{"@id":"https:\/\/www.meydan.tv\/az\/#organization"},"potentialAction":[{"@type":"SearchAction","target":{"@type":"EntryPoint","urlTemplate":"https:\/\/www.meydan.tv\/az\/?s={search_term_string}"},"query-input":{"@type":"PropertyValueSpecification","valueRequired":true,"valueName":"search_term_string"}}],"inLanguage":"az"},{"@type":"Organization","@id":"https:\/\/www.meydan.tv\/az\/#organization","name":"Meydan TV","url":"https:\/\/www.meydan.tv\/az\/","logo":{"@type":"ImageObject","inLanguage":"az","@id":"https:\/\/www.meydan.tv\/az\/#\/schema\/logo\/image\/","url":"https:\/\/www.meydan.tv\/wp-content\/uploads\/2021\/07\/meydan-logo.svg","contentUrl":"https:\/\/www.meydan.tv\/wp-content\/uploads\/2021\/07\/meydan-logo.svg","width":195,"height":46,"caption":"Meydan TV"},"image":{"@id":"https:\/\/www.meydan.tv\/az\/#\/schema\/logo\/image\/"}},{"@type":"Person","@id":"https:\/\/www.meydan.tv\/az\/#\/schema\/person\/10d11eccf6da3662cf5fdab9806ea91a","name":"user-manager"}]}},"_links":{"self":[{"href":"https:\/\/www.meydan.tv\/az\/wp-json\/wp\/v2\/posts\/167629","targetHints":{"allow":["GET"]}}],"collection":[{"href":"https:\/\/www.meydan.tv\/az\/wp-json\/wp\/v2\/posts"}],"about":[{"href":"https:\/\/www.meydan.tv\/az\/wp-json\/wp\/v2\/types\/post"}],"author":[{"embeddable":true,"href":"https:\/\/www.meydan.tv\/az\/wp-json\/wp\/v2\/users\/11"}],"replies":[{"embeddable":true,"href":"https:\/\/www.meydan.tv\/az\/wp-json\/wp\/v2\/comments?post=167629"}],"version-history":[{"count":0,"href":"https:\/\/www.meydan.tv\/az\/wp-json\/wp\/v2\/posts\/167629\/revisions"}],"wp:featuredmedia":[{"embeddable":true,"href":"https:\/\/www.meydan.tv\/az\/wp-json\/wp\/v2\/media\/23026"}],"wp:attachment":[{"href":"https:\/\/www.meydan.tv\/az\/wp-json\/wp\/v2\/media?parent=167629"}],"wp:term":[{"taxonomy":"category","embeddable":true,"href":"https:\/\/www.meydan.tv\/az\/wp-json\/wp\/v2\/categories?post=167629"},{"taxonomy":"post_tag","embeddable":true,"href":"https:\/\/www.meydan.tv\/az\/wp-json\/wp\/v2\/tags?post=167629"}],"curies":[{"name":"wp","href":"https:\/\/api.w.org\/{rel}","templated":true}]}}