{"id":167628,"date":"2015-04-21T19:12:40","date_gmt":"2015-04-21T19:12:40","guid":{"rendered":"https:\/\/www.meydan.tv\/article\/yaxin-zamanda-avropa-mehkemesi-butun-bu-qerarlari-darmadagin-edecek\/"},"modified":"2015-04-21T19:12:40","modified_gmt":"2015-04-21T19:12:40","slug":"yaxin-zamanda-avropa-mehkemesi-butun-bu-qerarlari-darmadagin-edecek","status":"publish","type":"post","link":"https:\/\/www.meydan.tv\/az\/article\/yaxin-zamanda-avropa-mehkemesi-butun-bu-qerarlari-darmadagin-edecek\/","title":{"rendered":"&#8220;Yax\u0131n zamanda Avropa M\u0259hk\u0259m\u0259si b\u00fct\u00fcn bu q\u0259rarlar\u0131 darmada\u011f\u0131n ed\u0259c\u0259k&#8221;"},"content":{"rendered":"<figure class=\"wp-block-image size-large\">\n  <img decoding=\"async\" src=\"https:\/\/www.meydan.tv\/az\/23020\/\" alt=\"\" class=\"wp-image-23020\"\/><figcaption><\/figcaption><\/figure>\n<figure class=\"wp-block-image size-large\">\n  <img decoding=\"async\" src=\"https:\/\/www.meydan.tv\/az\/23020\/\" alt=\"\" class=\"wp-image-23020\"\/><figcaption><\/figcaption><\/figure>\n<p><div>\n    <i><br \/>\n      M\u0259hk\u0259m\u0259d\u0259 \u0130ntiqam \u018fliyevin v\u0259kill\u0259ri \u00e7\u0131x\u0131\u015f etdi<br \/>\n    <\/i>\n  <\/div>\n<\/p>\n<p><div><\/div>\n<\/p>\n<p><div>\n    Aprelin 21-d\u0259 Bak\u0131 A\u011f\u0131r Cinay\u0259tl\u0259r M\u0259hk\u0259m\u0259sind\u0259 &#8220;H\u00fcquq Maarif\u00e7iliyi C\u0259miyy\u0259ti&#8221;-nin s\u0259dri \u0130ntiqam \u018fliyevin n\u00f6vb\u0259ti m\u0259hk\u0259m\u0259 prosesi ke\u00e7irilib.\u00a0Hakim Rasim Sad\u0131qovun s\u0259drliyi il\u0259\u00a0ke\u00e7iril\u0259n prosesd\u0259 \u0130ntiqam \u018fliyevin v\u0259kill\u0259ri \u00e7\u0131x\u0131\u015f edibl\u0259r. Meydan Tv-nin prosesi izl\u0259y\u0259n \u0259m\u0259kda\u015f\u0131n\u0131n m\u0259lumat\u0131na g\u00f6r\u0259, v\u0259kil \u015e\u0259hla H\u00fcmb\u0259tova \u00e7\u0131x\u0131\u015f\u0131nda indiy\u0259d\u0259k qald\u0131r\u0131lan v\u0259sat\u0259tl\u0259r\u0259 toxunaraq qeyd edib ki, m\u0259hk\u0259m\u0259 istintaq\u0131 zaman\u0131 ortaya he\u00e7 bir s\u00fcbut qoyulmay\u0131b: &#8220;\u0130ntiqam \u018fliyevin h\u0259bsi birba\u015fa siyasi f\u0259aliyy\u0259ti il\u0259 ba\u011fl\u0131d\u0131r. O, hakimiyy\u0259t\u0259 mane olurdu. Mane olan\u0131 da i\u00e7\u0259riy\u0259 salarlar. \u0130ntiqam \u018fliyev hans\u0131 d\u00f6vriyy\u0259si m\u0259hdudla\u015fd\u0131r\u0131lan \u0259\u015fyalarla i\u015f g\u00f6r\u0259 bil\u0259rdi? Bu \u00f6lk\u0259d\u0259 \u0259n \u00e7ox d\u00f6vriyy\u0259si m\u0259hdudla\u015fd\u0131r\u0131lan insan haqlar\u0131 idi. \u0130ntiqam \u018fliyev d\u0259 bu i\u015fl\u0259 m\u0259\u015f\u011ful olurdu, buna g\u00f6r\u0259 d\u0259 h\u0259bs olundu. Onun yegan\u0259 g\u00fcnah\u0131 m\u00fchasib G\u00fcl\u015f\u0259n Orucovaya inanmas\u0131d\u0131r&#8221;.\n  <\/div>\n<\/p>\n<p><div><\/div>\n<\/p>\n<p><div>\n    V\u0259kil Cavad Cavadov is\u0259 \u0130ntiqam \u018fliyevin i\u015finin Avropa \u0130nsan Haqlar\u0131 M\u0259hk\u0259m\u0259sind\u0259 kommunikasiyaya g\u00f6t\u00fcr\u00fcld\u00fcy\u00fcn\u00fc qeyd edib. O, hakim\u0259 deyib: &#8220;Yax\u0131n zamanda Avropa M\u0259hk\u0259m\u0259si b\u00fct\u00fcn bu q\u0259rarlar\u0131 darmada\u011f\u0131n ed\u0259c\u0259k. Ona g\u00f6r\u0259 d\u0259 h\u0259l\u0259 vaxt\u0131n\u0131z var. Bunu n\u0259z\u0259r\u0259 al\u0131b \u0130ntiqam \u018fliyev\u0259 b\u0259ra\u0259t verin&#8221;.\n  <\/div>\n<\/p>\n<p><div><\/div>\n<\/p>\n<p><div>\n    V\u0259kil El\u00e7in Sad\u0131qov is\u0259 &#8220;Troya&#8221; filmini xat\u0131rlad\u0131b: &#8220;Bu filmd\u0259 bir epizod var. S\u0259rk\u0259rd\u0259nin \u00f6l\u00fcm s\u0259hn\u0259sind\u0259 deyilir: &#8220;Bu s\u0259rk\u0259rd\u0259 \u00f6ls\u0259 d\u0259, ham\u0131 dey\u0259c\u0259k ki, o, Axillesin d\u00f6vr\u00fcnd\u0259 ya\u015fay\u0131b. Zaman g\u0259l\u0259c\u0259k, deyil\u0259c\u0259k ki, F\u0259xr\u0259ddin Mehdiyev, El\u00e7in Sadiqov, Cavad Cavadov, \u015e\u0259hla H\u00fcmb\u0259tova \u0130ntiqam \u018fliyevin v\u0259kill\u0259ri olublar&#8221;.\n  <\/div>\n<\/p>\n<p><div><\/div>\n<\/p>\n<p><div>\n    V\u0259kil F\u0259xr\u0259ddin Mehdiyev d\u0259 istintaq\u0131n ortaya he\u00e7 bir s\u00fcbut qoymad\u0131\u011f\u0131n\u0131 vur\u011fulay\u0131b: &#8220;Riyaziyyatda s\u0131f\u0131r r\u0259q\u0259mi var. S\u0131f\u0131r\u0131 n\u0259y\u0259 vursan s\u0131f\u0131r al\u0131n\u0131r. Bu i\u015f d\u0259 o s\u0131f\u0131ra b\u0259rab\u0259rdir&#8221;. V\u0259kil \u00fcz\u00fcn\u00fc hakiml\u0259r\u0259 tutaraq deyib ki, \u0259g\u0259r siz Allah d\u0259rgah\u0131nda cavab ver\u0259c\u0259yinizi d\u00fc\u015f\u00fcn\u00fcrs\u00fczs\u0259, o zaman \u0259dal\u0259tli q\u0259rar verin.\n  <\/div>\n<\/p>\n<p><div><\/div>\n<\/p>\n<p><div>\n    V\u0259kill\u0259rin \u00e7\u0131x\u0131\u015f\u0131ndan sonra proses yekunla\u015f\u0131b. N\u00f6vb\u0259ti prosesd\u0259 \u0130ntiqam \u018fliyev\u0259 h\u00f6km oxunaca\u011f\u0131 g\u00f6zl\u0259nilir.\n  <\/div>\n<\/p>\n<p><div><\/div><\/p>\n","protected":false},"excerpt":{"rendered":"<p>M\u0259hk\u0259m\u0259d\u0259 \u0130ntiqam \u018fliyevin v\u0259kill\u0259ri \u00e7\u0131x\u0131\u015f etdi<\/p>\n","protected":false},"author":11,"featured_media":23020,"comment_status":"closed","ping_status":"open","sticky":false,"template":"","format":"standard","meta":{"_acf_changed":false,"_sitemap_exclude":false,"_sitemap_priority":"","_sitemap_frequency":"","footnotes":""},"categories":[56],"tags":[],"class_list":["post-167628","post","type-post","status-publish","format-standard","has-post-thumbnail","hentry","category-xeberler","infinite-scroll-item","generate-columns","tablet-grid-50","mobile-grid-100","grid-parent","grid-33","no-featured-image-padding"],"acf":[],"yoast_head":"<!-- This site is optimized with the Yoast SEO plugin v28.4 - https:\/\/yoast.com\/product\/yoast-seo-wordpress\/ -->\n<title>&quot;Yax\u0131n zamanda Avropa M\u0259hk\u0259m\u0259si b\u00fct\u00fcn bu q\u0259rarlar\u0131 darmada\u011f\u0131n ed\u0259c\u0259k&quot; - MEYDAN.TV<\/title>\n<meta name=\"robots\" content=\"index, follow, max-snippet:-1, max-image-preview:large, max-video-preview:-1\" \/>\n<link rel=\"canonical\" href=\"https:\/\/www.meydan.tv\/az\/article\/yaxin-zamanda-avropa-mehkemesi-butun-bu-qerarlari-darmadagin-edecek\/\" \/>\n<meta property=\"og:locale\" content=\"az_AZ\" \/>\n<meta property=\"og:type\" content=\"article\" \/>\n<meta property=\"og:title\" content=\"&quot;Yax\u0131n zamanda Avropa M\u0259hk\u0259m\u0259si b\u00fct\u00fcn bu q\u0259rarlar\u0131 darmada\u011f\u0131n ed\u0259c\u0259k&quot; - MEYDAN.TV\" \/>\n<meta property=\"og:description\" content=\"M\u0259hk\u0259m\u0259d\u0259 \u0130ntiqam \u018fliyevin v\u0259kill\u0259ri \u00e7\u0131x\u0131\u015f etdi\" \/>\n<meta property=\"og:url\" content=\"https:\/\/www.meydan.tv\/az\/article\/yaxin-zamanda-avropa-mehkemesi-butun-bu-qerarlari-darmadagin-edecek\/\" \/>\n<meta property=\"og:site_name\" content=\"MEYDAN.TV\" \/>\n<meta property=\"article:published_time\" content=\"2015-04-21T19:12:40+00:00\" \/>\n<meta property=\"og:image\" content=\"https:\/\/www.meydan.tv\/wp-content\/uploads\/8359.jpg\" \/>\n\t<meta property=\"og:image:width\" content=\"350\" \/>\n\t<meta property=\"og:image:height\" content=\"462\" \/>\n\t<meta property=\"og:image:type\" content=\"image\/jpeg\" \/>\n<meta name=\"twitter:card\" content=\"summary_large_image\" \/>\n<!-- \/ Yoast SEO plugin. -->","yoast_head_json":{"title":"\"Yax\u0131n zamanda Avropa M\u0259hk\u0259m\u0259si b\u00fct\u00fcn bu q\u0259rarlar\u0131 darmada\u011f\u0131n ed\u0259c\u0259k\" - MEYDAN.TV","robots":{"index":"index","follow":"follow","max-snippet":"max-snippet:-1","max-image-preview":"max-image-preview:large","max-video-preview":"max-video-preview:-1"},"canonical":"https:\/\/www.meydan.tv\/az\/article\/yaxin-zamanda-avropa-mehkemesi-butun-bu-qerarlari-darmadagin-edecek\/","og_locale":"az_AZ","og_type":"article","og_title":"\"Yax\u0131n zamanda Avropa M\u0259hk\u0259m\u0259si b\u00fct\u00fcn bu q\u0259rarlar\u0131 darmada\u011f\u0131n ed\u0259c\u0259k\" - MEYDAN.TV","og_description":"M\u0259hk\u0259m\u0259d\u0259 \u0130ntiqam \u018fliyevin v\u0259kill\u0259ri \u00e7\u0131x\u0131\u015f etdi","og_url":"https:\/\/www.meydan.tv\/az\/article\/yaxin-zamanda-avropa-mehkemesi-butun-bu-qerarlari-darmadagin-edecek\/","og_site_name":"MEYDAN.TV","article_published_time":"2015-04-21T19:12:40+00:00","og_image":[{"width":350,"height":462,"url":"https:\/\/www.meydan.tv\/wp-content\/uploads\/8359.jpg","type":"image\/jpeg"}],"twitter_card":"summary_large_image","schema":{"@context":"https:\/\/schema.org","@graph":[{"@type":"Article","@id":"https:\/\/www.meydan.tv\/az\/article\/yaxin-zamanda-avropa-mehkemesi-butun-bu-qerarlari-darmadagin-edecek\/#article","isPartOf":{"@id":"https:\/\/www.meydan.tv\/az\/article\/yaxin-zamanda-avropa-mehkemesi-butun-bu-qerarlari-darmadagin-edecek\/"},"author":{"name":"user-manager","@id":"https:\/\/www.meydan.tv\/az\/#\/schema\/person\/10d11eccf6da3662cf5fdab9806ea91a"},"headline":"&#8220;Yax\u0131n zamanda Avropa M\u0259hk\u0259m\u0259si b\u00fct\u00fcn bu q\u0259rarlar\u0131 darmada\u011f\u0131n ed\u0259c\u0259k&#8221;","datePublished":"2015-04-21T19:12:40+00:00","mainEntityOfPage":{"@id":"https:\/\/www.meydan.tv\/az\/article\/yaxin-zamanda-avropa-mehkemesi-butun-bu-qerarlari-darmadagin-edecek\/"},"wordCount":463,"publisher":{"@id":"https:\/\/www.meydan.tv\/az\/#organization"},"image":{"@id":"https:\/\/www.meydan.tv\/az\/article\/yaxin-zamanda-avropa-mehkemesi-butun-bu-qerarlari-darmadagin-edecek\/#primaryimage"},"thumbnailUrl":"https:\/\/www.meydan.tv\/wp-content\/uploads\/8359.jpg","articleSection":["X\u0259b\u0259rl\u0259r"],"inLanguage":"az"},{"@type":"WebPage","@id":"https:\/\/www.meydan.tv\/az\/article\/yaxin-zamanda-avropa-mehkemesi-butun-bu-qerarlari-darmadagin-edecek\/","url":"https:\/\/www.meydan.tv\/az\/article\/yaxin-zamanda-avropa-mehkemesi-butun-bu-qerarlari-darmadagin-edecek\/","name":"\"Yax\u0131n zamanda Avropa M\u0259hk\u0259m\u0259si b\u00fct\u00fcn bu q\u0259rarlar\u0131 darmada\u011f\u0131n ed\u0259c\u0259k\" - MEYDAN.TV","isPartOf":{"@id":"https:\/\/www.meydan.tv\/az\/#website"},"primaryImageOfPage":{"@id":"https:\/\/www.meydan.tv\/az\/article\/yaxin-zamanda-avropa-mehkemesi-butun-bu-qerarlari-darmadagin-edecek\/#primaryimage"},"image":{"@id":"https:\/\/www.meydan.tv\/az\/article\/yaxin-zamanda-avropa-mehkemesi-butun-bu-qerarlari-darmadagin-edecek\/#primaryimage"},"thumbnailUrl":"https:\/\/www.meydan.tv\/wp-content\/uploads\/8359.jpg","datePublished":"2015-04-21T19:12:40+00:00","breadcrumb":{"@id":"https:\/\/www.meydan.tv\/az\/article\/yaxin-zamanda-avropa-mehkemesi-butun-bu-qerarlari-darmadagin-edecek\/#breadcrumb"},"inLanguage":"az","potentialAction":[{"@type":"ReadAction","target":["https:\/\/www.meydan.tv\/az\/article\/yaxin-zamanda-avropa-mehkemesi-butun-bu-qerarlari-darmadagin-edecek\/"]}]},{"@type":"ImageObject","inLanguage":"az","@id":"https:\/\/www.meydan.tv\/az\/article\/yaxin-zamanda-avropa-mehkemesi-butun-bu-qerarlari-darmadagin-edecek\/#primaryimage","url":"https:\/\/www.meydan.tv\/wp-content\/uploads\/8359.jpg","contentUrl":"https:\/\/www.meydan.tv\/wp-content\/uploads\/8359.jpg","width":350,"height":462,"caption":"Source:"},{"@type":"BreadcrumbList","@id":"https:\/\/www.meydan.tv\/az\/article\/yaxin-zamanda-avropa-mehkemesi-butun-bu-qerarlari-darmadagin-edecek\/#breadcrumb","itemListElement":[{"@type":"ListItem","position":1,"name":"Ana s\u0259hif\u0259","item":"https:\/\/www.meydan.tv\/az\/"},{"@type":"ListItem","position":2,"name":"X\u0259b\u0259rl\u0259r","item":"https:\/\/www.meydan.tv\/az\/section\/xeberler\/"},{"@type":"ListItem","position":3,"name":"&#8220;Yax\u0131n zamanda Avropa M\u0259hk\u0259m\u0259si b\u00fct\u00fcn bu q\u0259rarlar\u0131 darmada\u011f\u0131n ed\u0259c\u0259k&#8221;"}]},{"@type":"WebSite","@id":"https:\/\/www.meydan.tv\/az\/#website","url":"https:\/\/www.meydan.tv\/az\/","name":"MEYDAN.TV","description":"Meydan TV Az\u0259rbaycan\u0131n media m\u0259kan\u0131ndak\u0131 alternativ s\u0259sidir","publisher":{"@id":"https:\/\/www.meydan.tv\/az\/#organization"},"potentialAction":[{"@type":"SearchAction","target":{"@type":"EntryPoint","urlTemplate":"https:\/\/www.meydan.tv\/az\/?s={search_term_string}"},"query-input":{"@type":"PropertyValueSpecification","valueRequired":true,"valueName":"search_term_string"}}],"inLanguage":"az"},{"@type":"Organization","@id":"https:\/\/www.meydan.tv\/az\/#organization","name":"Meydan TV","url":"https:\/\/www.meydan.tv\/az\/","logo":{"@type":"ImageObject","inLanguage":"az","@id":"https:\/\/www.meydan.tv\/az\/#\/schema\/logo\/image\/","url":"https:\/\/www.meydan.tv\/wp-content\/uploads\/2021\/07\/meydan-logo.svg","contentUrl":"https:\/\/www.meydan.tv\/wp-content\/uploads\/2021\/07\/meydan-logo.svg","width":195,"height":46,"caption":"Meydan TV"},"image":{"@id":"https:\/\/www.meydan.tv\/az\/#\/schema\/logo\/image\/"}},{"@type":"Person","@id":"https:\/\/www.meydan.tv\/az\/#\/schema\/person\/10d11eccf6da3662cf5fdab9806ea91a","name":"user-manager"}]}},"_links":{"self":[{"href":"https:\/\/www.meydan.tv\/az\/wp-json\/wp\/v2\/posts\/167628","targetHints":{"allow":["GET"]}}],"collection":[{"href":"https:\/\/www.meydan.tv\/az\/wp-json\/wp\/v2\/posts"}],"about":[{"href":"https:\/\/www.meydan.tv\/az\/wp-json\/wp\/v2\/types\/post"}],"author":[{"embeddable":true,"href":"https:\/\/www.meydan.tv\/az\/wp-json\/wp\/v2\/users\/11"}],"replies":[{"embeddable":true,"href":"https:\/\/www.meydan.tv\/az\/wp-json\/wp\/v2\/comments?post=167628"}],"version-history":[{"count":0,"href":"https:\/\/www.meydan.tv\/az\/wp-json\/wp\/v2\/posts\/167628\/revisions"}],"wp:featuredmedia":[{"embeddable":true,"href":"https:\/\/www.meydan.tv\/az\/wp-json\/wp\/v2\/media\/23020"}],"wp:attachment":[{"href":"https:\/\/www.meydan.tv\/az\/wp-json\/wp\/v2\/media?parent=167628"}],"wp:term":[{"taxonomy":"category","embeddable":true,"href":"https:\/\/www.meydan.tv\/az\/wp-json\/wp\/v2\/categories?post=167628"},{"taxonomy":"post_tag","embeddable":true,"href":"https:\/\/www.meydan.tv\/az\/wp-json\/wp\/v2\/tags?post=167628"}],"curies":[{"name":"wp","href":"https:\/\/api.w.org\/{rel}","templated":true}]}}