{"id":167627,"date":"2015-04-21T18:51:28","date_gmt":"2015-04-21T18:51:28","guid":{"rendered":"https:\/\/www.meydan.tv\/article\/avropa-oyunlari-erefesi-repressiyalar-guclenib\/"},"modified":"2015-04-21T18:51:28","modified_gmt":"2015-04-21T18:51:28","slug":"avropa-oyunlari-erefesi-repressiyalar-guclenib","status":"publish","type":"post","link":"https:\/\/www.meydan.tv\/az\/article\/avropa-oyunlari-erefesi-repressiyalar-guclenib\/","title":{"rendered":"&#8220;Avropa Oyunlar\u0131 \u0259r\u0259f\u0259si repressiyalar g\u00fccl\u0259nib&#8221;"},"content":{"rendered":"<figure class=\"wp-block-image size-large\">\n  <img decoding=\"async\" src=\"https:\/\/www.meydan.tv\/az\/23021\/\" alt=\"\" class=\"wp-image-23021\"\/><figcaption><\/figcaption><\/figure>\n<figure class=\"wp-block-image size-large\">\n  <img decoding=\"async\" src=\"https:\/\/www.meydan.tv\/az\/23021\/\" alt=\"\" class=\"wp-image-23021\"\/><figcaption><\/figcaption><\/figure>\n<p>\n  <i><br \/>\n    H\u00fcquq M\u00fcdafi\u0259\u00e7il\u0259rinin H\u00fcquqlar\u0131n\u0131n M\u00fcdafi\u0259si R\u0259s\u0259dxanas\u0131 narahatl\u0131\u011f\u0131n\u0131 bildirir<br \/>\n  <\/i>\n<\/p>\n<p>\n  Bak\u0131da Avropa Oyunlar\u0131n\u0131n ke\u00e7irilm\u0259si \u0259r\u0259f\u0259sind\u0259 Az\u0259rbaycanda v\u0259t\u0259nda\u015f c\u0259miyy\u0259tin\u0259, QHT-l\u0259r\u0259 v\u0259 jurnalistl\u0259r\u0259 qar\u015f\u0131 repressiyalar g\u00fccl\u0259nib. Bu bar\u0259d\u0259 H\u00fcquq M\u00fcdafi\u0259\u00e7il\u0259rinin H\u00fcquqlar\u0131n\u0131n M\u00fcdafi\u0259si R\u0259s\u0259dxanas\u0131n\u0131n aprelin 21-d\u0259 d\u0259rc edilmi\u015f m\u0259ruz\u0259sind\u0259 deyilir.\n<\/p>\n<p>\n  Hesabatda s\u0259kkiz h\u00fcquq m\u00fcdafi\u0259\u00e7isin\u0259 qar\u015f\u0131 repressiya faktlar\u0131 s\u0259n\u0259dl\u0259rl\u0259 \u0259ksini tap\u0131b.\n<\/p>\n<p>\n  \u201cM\u00fcst\u0259qil QHT liderl\u0259rinin \u0259ks\u0259riyy\u0259ti h\u0259bs edilib. Onlar\u0131n h\u0259bsd\u0259 saxlan\u0131lmas\u0131 \u015f\u0259raiti \u00e7ox pisdir, b\u0259zil\u0259rinin, m\u0259s\u0259l\u0259n, Leyla Yunusun v\u0259 \u0130ntiqam \u018fliyevin s\u0259hh\u0259tinin pisl\u0259\u015fm\u0259si ciddi naraharl\u0131q do\u011furur\u201d, dey\u0259 BMT-nin \u0130\u015ft\u0259nc\u0259l\u0259r \u018fleyhin\u0259 Komit\u0259sinin Ba\u015f Katibi Cerald Staberok bildirib.\n<\/p>\n<p>\n  2015-ci ilin yanvar ay\u0131nda R\u0259s\u0259dxana Bak\u0131dak\u0131 faktlar\u0131n m\u00fc\u0259yy\u0259n edilm\u0259si v\u0259 v\u0259t\u0259nda\u015f c\u0259miyy\u0259ti il\u0259 g\u00f6r\u00fc\u015f \u00fc\u00e7\u00fcn missiya g\u00f6nd\u0259rib. Hakimiyy\u0259td\u0259n xahi\u015fl\u0259r\u0259 baxmayaraq, n\u00fcmay\u0259nd\u0259 hey\u0259tinin h\u0259bsd\u0259 olan h\u00fcquq m\u00fcdafi\u0259\u00e7il\u0259rin\u0259 ba\u015f \u00e7\u0259km\u0259sin\u0259 icaz\u0259 verilm\u0259yib.\n<\/p>\n<p>\n  Son iki ild\u0259 bir \u00e7ox sovet d\u00f6vl\u0259tl\u0259ri v\u0259t\u0259nda\u015f c\u0259miyy\u0259ti il\u0259 amans\u0131zca hesabla\u015f\u0131r, h\u0259dsiz repressiya siyas\u0259ti h\u0259yata ke\u00e7irir. Bu siyas\u0259t Rusiyada q\u0259bul edilmi\u015f qanunlardan ilham al\u0131b.\n<\/p>\n<p>\n  Bak\u0131da 2015-ci ilin iyununda ke\u00e7iril\u0259c\u0259k Avropa Oyunlar\u0131 \u0259r\u0259f\u0259sind\u0259 beyn\u0259lxalq ictimaiyy\u0259t Az\u0259rbaycanda insan h\u00fcquqlar\u0131n\u0131n pozulmas\u0131 il\u0259 ba\u011fl\u0131 narahatl\u0131\u011f\u0131n\u0131 bildirm\u0259lidir.\n<\/p>\n<p>\n  \u201cBiz \u00fcmid edirik ki, Avropa Oyunlar\u0131nda i\u015ftirak ed\u0259n \u00f6lk\u0259l\u0259rin liderl\u0259ri Az\u0259rbaycanda insan h\u00fcquqlar\u0131 sah\u0259sind\u0259 v\u0259ziyy\u0259ti pisl\u0259m\u0259k \u00fc\u00e7\u00fcn f\u00fcrs\u0259td\u0259n istifad\u0259 ed\u0259c\u0259kl\u0259r. M\u0259hz buna g\u00f6r\u0259 biz onlardan r\u0259smi olaraq oyunlar\u0131n a\u00e7\u0131l\u0131\u015f m\u0259rasimind\u0259 i\u015ftiraklar\u0131n\u0131n b\u00fct\u00fcn siyasi m\u0259hbus olan h\u00fcquq m\u00fcdafi\u0259\u00e7il\u0259ri azad edildiyi t\u0259qdird\u0259 m\u00fcmk\u00fcn olaca\u011f\u0131n\u0131 b\u0259yan etm\u0259yi xahi\u015f edirik\u201d, dey\u0259 H\u00fcquq M\u00fcdafi\u0259 T\u0259\u015fkilatlar\u0131 Federasiyas\u0131n\u0131n r\u0259hb\u0259ri Suer Belhassen bildirib.\n<\/p>\n<p>\n  Az\u0259rbaycan h\u00f6kum\u0259ti \u201c\u0259r\u0259b bahar\u0131n\u0131, Rusiyada v\u0259 T\u00fcrkiy\u0259d\u0259 geni\u015fmiqyasl\u0131 n\u00fcmayi\u015fl\u0259ri, Ukraynadak\u0131 hadis\u0259l\u0259ri milli sabitliy\u0259 \u201ct\u0259hl\u00fck\u0259\u201d hesab edir. Bu \u0259sasla hakimiyy\u0259t 2014-c\u00fc ild\u0259 QHT-l\u0259r v\u0259 onlar\u0131n liderl\u0259ri il\u0259 hesabla\u015fma\u011fa ba\u015flay\u0131b, qanunlar\u0131 s\u0259rtl\u0259\u015fdirib, v\u0259t\u0259nda\u015f c\u0259miyy\u0259tinin f\u0259aliyy\u0259tini m\u0259hdudla\u015fd\u0131r\u0131b.\n<\/p>\n<p>\n  Bu qanunlar m\u00fcst\u0259qil QHT-l\u0259rin f\u0259aliyy\u0259tini faktiki olaraq qeyri-m\u00fcmk\u00fcn edib, dey\u0259 m\u0259ruz\u0259d\u0259 qeyd edilir.\n<\/p>\n<p>\n  Bu 50 s\u0259hif\u0259lik s\u0259n\u0259d \u00f6lk\u0259d\u0259ki v\u0259ziyy\u0259t haqq\u0131nda \u0259trafl\u0131 m\u0259lumat v\u0259 Az\u0259rbaycan hakimiyy\u0259tin\u0259 v\u0259 \u0259sas beyn\u0259lxalq t\u0259r\u0259fda\u015f \u00f6lk\u0259l\u0259r\u0259 &#8211; BMT, AT\u018fT, Avropa \u0130ttifaq\u0131, Avropa \u015euras\u0131na konkret t\u00f6vsiyy\u0259l\u0259r ehtiva edir. T\u00f6vsiy\u0259l\u0259rin mahiyy\u0259ti Az\u0259rbaycanda insan h\u00fcquqlar\u0131 v\u0259 demokratiya sah\u0259sind\u0259 v\u0259ziyy\u0259ti yax\u015f\u0131ya do\u011fru d\u0259yi\u015fm\u0259k \u00fc\u00e7\u00fcn t\u0259l\u0259b olunan t\u0259dbirl\u0259rd\u0259n ibar\u0259tdir. (&#8220;Turan&#8221; \u0130A)\n<\/p><\/p>\n","protected":false},"excerpt":{"rendered":"<p>H\u00fcquq M\u00fcdafi\u0259\u00e7il\u0259rinin H\u00fcquqlar\u0131n\u0131n M\u00fcdafi\u0259si R\u0259s\u0259dxanas\u0131 narahatl\u0131\u011f\u0131n\u0131 bildirir<\/p>\n","protected":false},"author":11,"featured_media":23021,"comment_status":"closed","ping_status":"open","sticky":false,"template":"","format":"standard","meta":{"_acf_changed":false,"_sitemap_exclude":false,"_sitemap_priority":"","_sitemap_frequency":"","footnotes":""},"categories":[56],"tags":[],"class_list":["post-167627","post","type-post","status-publish","format-standard","has-post-thumbnail","hentry","category-xeberler","infinite-scroll-item","generate-columns","tablet-grid-50","mobile-grid-100","grid-parent","grid-33","no-featured-image-padding"],"acf":[],"yoast_head":"<!-- This site is optimized with the Yoast SEO plugin v28.4 - https:\/\/yoast.com\/product\/yoast-seo-wordpress\/ -->\n<title>&quot;Avropa Oyunlar\u0131 \u0259r\u0259f\u0259si repressiyalar g\u00fccl\u0259nib&quot; - MEYDAN.TV<\/title>\n<meta name=\"robots\" content=\"index, follow, max-snippet:-1, max-image-preview:large, max-video-preview:-1\" \/>\n<link rel=\"canonical\" href=\"https:\/\/www.meydan.tv\/az\/article\/avropa-oyunlari-erefesi-repressiyalar-guclenib\/\" \/>\n<meta property=\"og:locale\" content=\"az_AZ\" \/>\n<meta property=\"og:type\" content=\"article\" \/>\n<meta property=\"og:title\" content=\"&quot;Avropa Oyunlar\u0131 \u0259r\u0259f\u0259si repressiyalar g\u00fccl\u0259nib&quot; - MEYDAN.TV\" \/>\n<meta property=\"og:description\" content=\"H\u00fcquq M\u00fcdafi\u0259\u00e7il\u0259rinin H\u00fcquqlar\u0131n\u0131n M\u00fcdafi\u0259si R\u0259s\u0259dxanas\u0131 narahatl\u0131\u011f\u0131n\u0131 bildirir\" \/>\n<meta property=\"og:url\" content=\"https:\/\/www.meydan.tv\/az\/article\/avropa-oyunlari-erefesi-repressiyalar-guclenib\/\" \/>\n<meta property=\"og:site_name\" content=\"MEYDAN.TV\" \/>\n<meta property=\"article:published_time\" content=\"2015-04-21T18:51:28+00:00\" \/>\n<meta property=\"og:image\" content=\"https:\/\/www.meydan.tv\/wp-content\/uploads\/8358.jpg\" \/>\n\t<meta property=\"og:image:width\" content=\"400\" \/>\n\t<meta property=\"og:image:height\" content=\"354\" \/>\n\t<meta property=\"og:image:type\" content=\"image\/jpeg\" \/>\n<meta name=\"twitter:card\" content=\"summary_large_image\" \/>\n<!-- \/ Yoast SEO plugin. -->","yoast_head_json":{"title":"\"Avropa Oyunlar\u0131 \u0259r\u0259f\u0259si repressiyalar g\u00fccl\u0259nib\" - MEYDAN.TV","robots":{"index":"index","follow":"follow","max-snippet":"max-snippet:-1","max-image-preview":"max-image-preview:large","max-video-preview":"max-video-preview:-1"},"canonical":"https:\/\/www.meydan.tv\/az\/article\/avropa-oyunlari-erefesi-repressiyalar-guclenib\/","og_locale":"az_AZ","og_type":"article","og_title":"\"Avropa Oyunlar\u0131 \u0259r\u0259f\u0259si repressiyalar g\u00fccl\u0259nib\" - MEYDAN.TV","og_description":"H\u00fcquq M\u00fcdafi\u0259\u00e7il\u0259rinin H\u00fcquqlar\u0131n\u0131n M\u00fcdafi\u0259si R\u0259s\u0259dxanas\u0131 narahatl\u0131\u011f\u0131n\u0131 bildirir","og_url":"https:\/\/www.meydan.tv\/az\/article\/avropa-oyunlari-erefesi-repressiyalar-guclenib\/","og_site_name":"MEYDAN.TV","article_published_time":"2015-04-21T18:51:28+00:00","og_image":[{"width":400,"height":354,"url":"https:\/\/www.meydan.tv\/wp-content\/uploads\/8358.jpg","type":"image\/jpeg"}],"twitter_card":"summary_large_image","schema":{"@context":"https:\/\/schema.org","@graph":[{"@type":"Article","@id":"https:\/\/www.meydan.tv\/az\/article\/avropa-oyunlari-erefesi-repressiyalar-guclenib\/#article","isPartOf":{"@id":"https:\/\/www.meydan.tv\/az\/article\/avropa-oyunlari-erefesi-repressiyalar-guclenib\/"},"author":{"name":"user-manager","@id":"https:\/\/www.meydan.tv\/az\/#\/schema\/person\/10d11eccf6da3662cf5fdab9806ea91a"},"headline":"&#8220;Avropa Oyunlar\u0131 \u0259r\u0259f\u0259si repressiyalar g\u00fccl\u0259nib&#8221;","datePublished":"2015-04-21T18:51:28+00:00","mainEntityOfPage":{"@id":"https:\/\/www.meydan.tv\/az\/article\/avropa-oyunlari-erefesi-repressiyalar-guclenib\/"},"wordCount":579,"publisher":{"@id":"https:\/\/www.meydan.tv\/az\/#organization"},"image":{"@id":"https:\/\/www.meydan.tv\/az\/article\/avropa-oyunlari-erefesi-repressiyalar-guclenib\/#primaryimage"},"thumbnailUrl":"https:\/\/www.meydan.tv\/wp-content\/uploads\/8358.jpg","articleSection":["X\u0259b\u0259rl\u0259r"],"inLanguage":"az"},{"@type":"WebPage","@id":"https:\/\/www.meydan.tv\/az\/article\/avropa-oyunlari-erefesi-repressiyalar-guclenib\/","url":"https:\/\/www.meydan.tv\/az\/article\/avropa-oyunlari-erefesi-repressiyalar-guclenib\/","name":"\"Avropa Oyunlar\u0131 \u0259r\u0259f\u0259si repressiyalar g\u00fccl\u0259nib\" - MEYDAN.TV","isPartOf":{"@id":"https:\/\/www.meydan.tv\/az\/#website"},"primaryImageOfPage":{"@id":"https:\/\/www.meydan.tv\/az\/article\/avropa-oyunlari-erefesi-repressiyalar-guclenib\/#primaryimage"},"image":{"@id":"https:\/\/www.meydan.tv\/az\/article\/avropa-oyunlari-erefesi-repressiyalar-guclenib\/#primaryimage"},"thumbnailUrl":"https:\/\/www.meydan.tv\/wp-content\/uploads\/8358.jpg","datePublished":"2015-04-21T18:51:28+00:00","breadcrumb":{"@id":"https:\/\/www.meydan.tv\/az\/article\/avropa-oyunlari-erefesi-repressiyalar-guclenib\/#breadcrumb"},"inLanguage":"az","potentialAction":[{"@type":"ReadAction","target":["https:\/\/www.meydan.tv\/az\/article\/avropa-oyunlari-erefesi-repressiyalar-guclenib\/"]}]},{"@type":"ImageObject","inLanguage":"az","@id":"https:\/\/www.meydan.tv\/az\/article\/avropa-oyunlari-erefesi-repressiyalar-guclenib\/#primaryimage","url":"https:\/\/www.meydan.tv\/wp-content\/uploads\/8358.jpg","contentUrl":"https:\/\/www.meydan.tv\/wp-content\/uploads\/8358.jpg","width":400,"height":354,"caption":"Source:"},{"@type":"BreadcrumbList","@id":"https:\/\/www.meydan.tv\/az\/article\/avropa-oyunlari-erefesi-repressiyalar-guclenib\/#breadcrumb","itemListElement":[{"@type":"ListItem","position":1,"name":"Ana s\u0259hif\u0259","item":"https:\/\/www.meydan.tv\/az\/"},{"@type":"ListItem","position":2,"name":"X\u0259b\u0259rl\u0259r","item":"https:\/\/www.meydan.tv\/az\/section\/xeberler\/"},{"@type":"ListItem","position":3,"name":"&#8220;Avropa Oyunlar\u0131 \u0259r\u0259f\u0259si repressiyalar g\u00fccl\u0259nib&#8221;"}]},{"@type":"WebSite","@id":"https:\/\/www.meydan.tv\/az\/#website","url":"https:\/\/www.meydan.tv\/az\/","name":"MEYDAN.TV","description":"Meydan TV Az\u0259rbaycan\u0131n media m\u0259kan\u0131ndak\u0131 alternativ s\u0259sidir","publisher":{"@id":"https:\/\/www.meydan.tv\/az\/#organization"},"potentialAction":[{"@type":"SearchAction","target":{"@type":"EntryPoint","urlTemplate":"https:\/\/www.meydan.tv\/az\/?s={search_term_string}"},"query-input":{"@type":"PropertyValueSpecification","valueRequired":true,"valueName":"search_term_string"}}],"inLanguage":"az"},{"@type":"Organization","@id":"https:\/\/www.meydan.tv\/az\/#organization","name":"Meydan TV","url":"https:\/\/www.meydan.tv\/az\/","logo":{"@type":"ImageObject","inLanguage":"az","@id":"https:\/\/www.meydan.tv\/az\/#\/schema\/logo\/image\/","url":"https:\/\/www.meydan.tv\/wp-content\/uploads\/2021\/07\/meydan-logo.svg","contentUrl":"https:\/\/www.meydan.tv\/wp-content\/uploads\/2021\/07\/meydan-logo.svg","width":195,"height":46,"caption":"Meydan TV"},"image":{"@id":"https:\/\/www.meydan.tv\/az\/#\/schema\/logo\/image\/"}},{"@type":"Person","@id":"https:\/\/www.meydan.tv\/az\/#\/schema\/person\/10d11eccf6da3662cf5fdab9806ea91a","name":"user-manager"}]}},"_links":{"self":[{"href":"https:\/\/www.meydan.tv\/az\/wp-json\/wp\/v2\/posts\/167627","targetHints":{"allow":["GET"]}}],"collection":[{"href":"https:\/\/www.meydan.tv\/az\/wp-json\/wp\/v2\/posts"}],"about":[{"href":"https:\/\/www.meydan.tv\/az\/wp-json\/wp\/v2\/types\/post"}],"author":[{"embeddable":true,"href":"https:\/\/www.meydan.tv\/az\/wp-json\/wp\/v2\/users\/11"}],"replies":[{"embeddable":true,"href":"https:\/\/www.meydan.tv\/az\/wp-json\/wp\/v2\/comments?post=167627"}],"version-history":[{"count":0,"href":"https:\/\/www.meydan.tv\/az\/wp-json\/wp\/v2\/posts\/167627\/revisions"}],"wp:featuredmedia":[{"embeddable":true,"href":"https:\/\/www.meydan.tv\/az\/wp-json\/wp\/v2\/media\/23021"}],"wp:attachment":[{"href":"https:\/\/www.meydan.tv\/az\/wp-json\/wp\/v2\/media?parent=167627"}],"wp:term":[{"taxonomy":"category","embeddable":true,"href":"https:\/\/www.meydan.tv\/az\/wp-json\/wp\/v2\/categories?post=167627"},{"taxonomy":"post_tag","embeddable":true,"href":"https:\/\/www.meydan.tv\/az\/wp-json\/wp\/v2\/tags?post=167627"}],"curies":[{"name":"wp","href":"https:\/\/api.w.org\/{rel}","templated":true}]}}