{"id":167626,"date":"2015-04-21T17:06:23","date_gmt":"2015-04-21T17:06:23","guid":{"rendered":"https:\/\/www.meydan.tv\/article\/vekil-istintaqi-saxtakarliqda-gunahlandirdi\/"},"modified":"2015-04-21T17:06:23","modified_gmt":"2015-04-21T17:06:23","slug":"vekil-istintaqi-saxtakarliqda-gunahlandirdi","status":"publish","type":"post","link":"https:\/\/www.meydan.tv\/az\/article\/vekil-istintaqi-saxtakarliqda-gunahlandirdi\/","title":{"rendered":"V\u0259kil istintaq\u0131 saxtakarl\u0131qda g\u00fcnahland\u0131rd\u0131"},"content":{"rendered":"<figure class=\"wp-block-image size-large\">\n  <img decoding=\"async\" src=\"https:\/\/www.meydan.tv\/az\/23017\/\" alt=\"\" class=\"wp-image-23017\"\/><figcaption><\/figcaption><\/figure>\n<figure class=\"wp-block-image size-large\">\n  <img decoding=\"async\" src=\"https:\/\/www.meydan.tv\/az\/23017\/\" alt=\"\" class=\"wp-image-23017\"\/><figcaption><\/figcaption><\/figure>\n<p>\n  <i><br \/>\n    Abdulla Abdullayevin m\u0259hk\u0259m\u0259 prosesi davam etdirilib<br \/>\n  <\/i>\n<\/p>\n<p>\n  Aprelin 21-d\u0259 Bak\u0131 A\u011f\u0131r Cinay\u0259tl\u0259r M\u0259hk\u0259m\u0259sind\u0259 AMAY \u015eirk\u0259tl\u0259r Qrupunun r\u0259hb\u0259ri Abdulla Abdullayev v\u0259 t\u0259qsirl\u0259ndiril\u0259n daha 5 n\u0259f\u0259rin m\u0259hk\u0259m\u0259 prosesi davam edib.\n<\/p>\n<p>\n  M\u0259hk\u0259m\u0259 prosesind\u0259 ittiham t\u0259r\u0259fin \u201cz\u0259r\u0259r\u00e7\u0259k\u0259n\u201d kimi tan\u0131d\u0131\u011f\u0131 S\u0259may\u0259 M\u0259mm\u0259dova v\u0259 Mehman Q\u0259dimov dindirilibl\u0259r. S.M\u0259mm\u0259dova v\u0259 M.Q\u0259dimov t\u0259qsirl\u0259ndiril\u0259n \u015f\u0259xsl\u0259r\u0259 t\u0259l\u0259b v\u0259 iddialar\u0131n\u0131n olmad\u0131\u011f\u0131n\u0131 bildiribl\u0259r. H\u0259r ikisi yegan\u0259 ist\u0259kl\u0259rinin binan\u0131n tamamlanmas\u0131 oldu\u011funu n\u0259z\u0259r\u0259 \u00e7atd\u0131r\u0131blar.\n<\/p>\n<p>\n  \u201cZ\u0259r\u0259r\u00e7\u0259k\u0259nl\u0259r\u201d \u201cXudaf\u0259rin\u201d frimas\u0131n\u0131n Atat\u00fcrk prospekti 80\/78-37d\u0259 tikdiyi h\u00fcnd\u00fcrm\u0259rt\u0259b\u0259li binada m\u0259nzil ald\u0131qlar\u0131n\u0131, amma bina tamamlanmad\u0131\u011f\u0131 \u00fc\u00e7\u00fcn m\u0259nzill\u0259rin\u0259 k\u00f6\u00e7\u0259 bilm\u0259dikl\u0259rini deyibl\u0259r. Onlar h\u0259m d\u0259 m\u0259nzil almaq \u00fc\u00e7\u00fcn m\u00fcqavil\u0259 \u00fczr\u0259 pul \u00f6d\u0259dikl\u0259rini n\u0259z\u0259r\u0259 \u00e7atd\u0131r\u0131blar.\n<\/p>\n<p>\n  Amma v\u0259kill\u0259rin suallar\u0131 zaman\u0131 dindiril\u0259n \u015f\u0259xsl\u0259rl\u0259 ba\u011fl\u0131 istintaqda yol veril\u0259n n\u00f6qsanlar \u00fcz\u0259 \u00e7\u0131x\u0131b. Bel\u0259 ki, istintaqda \u201cz\u0259r\u0259r\u00e7\u0259k\u0259n\u201d kimi S.M\u0259mm\u0259dova yox, o\u011flu F\u0259r\u0259c Muradov, M.Q\u0259dimov yox, h\u0259yat yolda\u015f\u0131 ifad\u0259 verib. Amma n\u0259 S.M\u0259mm\u0259dovan\u0131n o\u011fluna, n\u0259 M.Q\u0259dimovun xan\u0131m\u0131na verdikl\u0259ri etibarnam\u0259l\u0259r\u00a0 cinay\u0259t i\u015fi materiallar\u0131na \u0259lav\u0259 edilm\u0259yib. V\u0259kil Osman Kaz\u0131mov bunu istintaq saxtakarl\u0131\u011f\u0131 kimi d\u0259y\u0259rl\u0259ndirib. Eyni zamanda v\u0259kil O.Kaz\u0131mov m\u0259hk\u0259m\u0259 protokoluna bu \u015f\u0259xsl\u0259rin \u201ch\u00fcquqi prosedurun subyekti olmad\u0131qlar\u0131\u201d ifad\u0259sinin yaz\u0131lmas\u0131na t\u0259kid edib.\n<\/p>\n<p>\n  O.Kaz\u0131mov hakim\u0259 \u201cz\u0259r\u0259r\u00e7\u0259k\u0259n\u201d kimi tan\u0131nanlar\u0131n h\u0259r biri haqda \u201cz\u0259r\u0259r\u00e7\u0259k\u0259n\u201d \u015f\u0259xs q\u0259rar\u0131 olmamas\u0131, bu \u015f\u0259xsl\u0259rin istintaq materiallar\u0131 il\u0259 tan\u0131\u015f edilm\u0259m\u0259l\u0259ri kimi istintaq natamaml\u0131\u011f\u0131na iradlar\u0131n\u0131 bildirib. \u201cM\u0259n neyl\u0259yim, \u201cmeyiti \u00fcst\u00fcm\u00fcz\u0259 g\u00f6nd\u0259ribl\u0259r ki, bu i\u015f\u0259 bax\u0131n\u201d, -dey\u0259 hakim \u018ffqan Hac\u0131yev istintaq\u0131n i\u015fin\u0259 m\u00fcnasib\u0259tini ifad\u0259 edib.\n<\/p>\n<p>\n  V\u0259kill\u0259rin t\u0259kidin\u0259 baxmayaraq, \u00a0d\u00f6vl\u0259t ittiham\u00e7\u0131s\u0131 m\u0259s\u0259l\u0259y\u0259 m\u00fcnasib\u0259t bildirm\u0259kd\u0259n imtina edib, b\u00fct\u00fcn hallara m\u0259hk\u0259m\u0259 prosesinin yekununda m\u00f6vqe bildir\u0259c\u0259yini deyib.\n<\/p>\n<p>\n  Hakim n\u00f6vb\u0259ti m\u0259hk\u0259m\u0259 prosesini aprelin 23-\u00fc saat 10:00-a t\u0259yin edib.\n<\/p>\n<p>\n  AMAY \u015eirk\u0259tl\u0259r Qrupunun r\u0259hb\u0259ri A.Abdullayev 2014-c\u00fc ilin aprelind\u0259 h\u0259bs edilib. Ona qar\u015f\u0131 d\u0259l\u0259duzluq, s\u0259lahiyy\u0259tind\u0259n sui-istifad\u0259, d\u00f6vl\u0259t v\u0259saitini k\u00fclli miqdarda m\u0259nims\u0259m\u0259 kimi ittihamlar ir\u0259li s\u00fcr\u00fcl\u00fcb. Analoji ittihamlar t\u0259qsirl\u0259ndiril\u0259n dig\u0259r 5 n\u0259f\u0259r\u0259 d\u0259 ir\u0259li s\u00fcr\u00fcl\u00fcb. A.Abdullayev v\u0259 t\u0259qsirl\u0259ndiril\u0259n 5 n\u0259f\u0259r \u00f6zl\u0259rini t\u0259qsirli bilm\u0259y\u0259r\u0259k b\u00fct\u00fcn ittihamlar\u0131 r\u0259dd edirl\u0259r.<\/p>\n","protected":false},"excerpt":{"rendered":"<p>Abdulla Abdullayevin m\u0259hk\u0259m\u0259 prosesi davam etdirilib<\/p>\n","protected":false},"author":11,"featured_media":23017,"comment_status":"closed","ping_status":"open","sticky":false,"template":"","format":"standard","meta":{"_acf_changed":false,"_sitemap_exclude":false,"_sitemap_priority":"","_sitemap_frequency":"","footnotes":""},"categories":[56],"tags":[],"class_list":["post-167626","post","type-post","status-publish","format-standard","has-post-thumbnail","hentry","category-xeberler","infinite-scroll-item","generate-columns","tablet-grid-50","mobile-grid-100","grid-parent","grid-33","no-featured-image-padding"],"acf":[],"yoast_head":"<!-- This site is optimized with the Yoast SEO plugin v28.4 - https:\/\/yoast.com\/product\/yoast-seo-wordpress\/ -->\n<title>V\u0259kil istintaq\u0131 saxtakarl\u0131qda g\u00fcnahland\u0131rd\u0131 - MEYDAN.TV<\/title>\n<meta name=\"robots\" content=\"index, follow, max-snippet:-1, max-image-preview:large, max-video-preview:-1\" \/>\n<link rel=\"canonical\" href=\"https:\/\/www.meydan.tv\/az\/article\/vekil-istintaqi-saxtakarliqda-gunahlandirdi\/\" \/>\n<meta property=\"og:locale\" content=\"az_AZ\" \/>\n<meta property=\"og:type\" content=\"article\" \/>\n<meta property=\"og:title\" content=\"V\u0259kil istintaq\u0131 saxtakarl\u0131qda g\u00fcnahland\u0131rd\u0131 - MEYDAN.TV\" \/>\n<meta property=\"og:description\" content=\"Abdulla Abdullayevin m\u0259hk\u0259m\u0259 prosesi davam etdirilib\" \/>\n<meta property=\"og:url\" content=\"https:\/\/www.meydan.tv\/az\/article\/vekil-istintaqi-saxtakarliqda-gunahlandirdi\/\" \/>\n<meta property=\"og:site_name\" content=\"MEYDAN.TV\" \/>\n<meta property=\"article:published_time\" content=\"2015-04-21T17:06:23+00:00\" \/>\n<meta property=\"og:image\" content=\"https:\/\/www.meydan.tv\/wp-content\/uploads\/8357.jpg\" \/>\n\t<meta property=\"og:image:width\" content=\"400\" \/>\n\t<meta property=\"og:image:height\" content=\"266\" \/>\n\t<meta property=\"og:image:type\" content=\"image\/jpeg\" \/>\n<meta name=\"twitter:card\" content=\"summary_large_image\" \/>\n<!-- \/ Yoast SEO plugin. -->","yoast_head_json":{"title":"V\u0259kil istintaq\u0131 saxtakarl\u0131qda g\u00fcnahland\u0131rd\u0131 - MEYDAN.TV","robots":{"index":"index","follow":"follow","max-snippet":"max-snippet:-1","max-image-preview":"max-image-preview:large","max-video-preview":"max-video-preview:-1"},"canonical":"https:\/\/www.meydan.tv\/az\/article\/vekil-istintaqi-saxtakarliqda-gunahlandirdi\/","og_locale":"az_AZ","og_type":"article","og_title":"V\u0259kil istintaq\u0131 saxtakarl\u0131qda g\u00fcnahland\u0131rd\u0131 - MEYDAN.TV","og_description":"Abdulla Abdullayevin m\u0259hk\u0259m\u0259 prosesi davam etdirilib","og_url":"https:\/\/www.meydan.tv\/az\/article\/vekil-istintaqi-saxtakarliqda-gunahlandirdi\/","og_site_name":"MEYDAN.TV","article_published_time":"2015-04-21T17:06:23+00:00","og_image":[{"width":400,"height":266,"url":"https:\/\/www.meydan.tv\/wp-content\/uploads\/8357.jpg","type":"image\/jpeg"}],"twitter_card":"summary_large_image","schema":{"@context":"https:\/\/schema.org","@graph":[{"@type":"Article","@id":"https:\/\/www.meydan.tv\/az\/article\/vekil-istintaqi-saxtakarliqda-gunahlandirdi\/#article","isPartOf":{"@id":"https:\/\/www.meydan.tv\/az\/article\/vekil-istintaqi-saxtakarliqda-gunahlandirdi\/"},"author":{"name":"user-manager","@id":"https:\/\/www.meydan.tv\/az\/#\/schema\/person\/10d11eccf6da3662cf5fdab9806ea91a"},"headline":"V\u0259kil istintaq\u0131 saxtakarl\u0131qda g\u00fcnahland\u0131rd\u0131","datePublished":"2015-04-21T17:06:23+00:00","mainEntityOfPage":{"@id":"https:\/\/www.meydan.tv\/az\/article\/vekil-istintaqi-saxtakarliqda-gunahlandirdi\/"},"wordCount":524,"publisher":{"@id":"https:\/\/www.meydan.tv\/az\/#organization"},"image":{"@id":"https:\/\/www.meydan.tv\/az\/article\/vekil-istintaqi-saxtakarliqda-gunahlandirdi\/#primaryimage"},"thumbnailUrl":"https:\/\/www.meydan.tv\/wp-content\/uploads\/8357.jpg","articleSection":["X\u0259b\u0259rl\u0259r"],"inLanguage":"az"},{"@type":"WebPage","@id":"https:\/\/www.meydan.tv\/az\/article\/vekil-istintaqi-saxtakarliqda-gunahlandirdi\/","url":"https:\/\/www.meydan.tv\/az\/article\/vekil-istintaqi-saxtakarliqda-gunahlandirdi\/","name":"V\u0259kil istintaq\u0131 saxtakarl\u0131qda g\u00fcnahland\u0131rd\u0131 - MEYDAN.TV","isPartOf":{"@id":"https:\/\/www.meydan.tv\/az\/#website"},"primaryImageOfPage":{"@id":"https:\/\/www.meydan.tv\/az\/article\/vekil-istintaqi-saxtakarliqda-gunahlandirdi\/#primaryimage"},"image":{"@id":"https:\/\/www.meydan.tv\/az\/article\/vekil-istintaqi-saxtakarliqda-gunahlandirdi\/#primaryimage"},"thumbnailUrl":"https:\/\/www.meydan.tv\/wp-content\/uploads\/8357.jpg","datePublished":"2015-04-21T17:06:23+00:00","breadcrumb":{"@id":"https:\/\/www.meydan.tv\/az\/article\/vekil-istintaqi-saxtakarliqda-gunahlandirdi\/#breadcrumb"},"inLanguage":"az","potentialAction":[{"@type":"ReadAction","target":["https:\/\/www.meydan.tv\/az\/article\/vekil-istintaqi-saxtakarliqda-gunahlandirdi\/"]}]},{"@type":"ImageObject","inLanguage":"az","@id":"https:\/\/www.meydan.tv\/az\/article\/vekil-istintaqi-saxtakarliqda-gunahlandirdi\/#primaryimage","url":"https:\/\/www.meydan.tv\/wp-content\/uploads\/8357.jpg","contentUrl":"https:\/\/www.meydan.tv\/wp-content\/uploads\/8357.jpg","width":400,"height":266,"caption":"Source:"},{"@type":"BreadcrumbList","@id":"https:\/\/www.meydan.tv\/az\/article\/vekil-istintaqi-saxtakarliqda-gunahlandirdi\/#breadcrumb","itemListElement":[{"@type":"ListItem","position":1,"name":"Ana s\u0259hif\u0259","item":"https:\/\/www.meydan.tv\/az\/"},{"@type":"ListItem","position":2,"name":"X\u0259b\u0259rl\u0259r","item":"https:\/\/www.meydan.tv\/az\/section\/xeberler\/"},{"@type":"ListItem","position":3,"name":"V\u0259kil istintaq\u0131 saxtakarl\u0131qda g\u00fcnahland\u0131rd\u0131"}]},{"@type":"WebSite","@id":"https:\/\/www.meydan.tv\/az\/#website","url":"https:\/\/www.meydan.tv\/az\/","name":"MEYDAN.TV","description":"Meydan TV Az\u0259rbaycan\u0131n media m\u0259kan\u0131ndak\u0131 alternativ s\u0259sidir","publisher":{"@id":"https:\/\/www.meydan.tv\/az\/#organization"},"potentialAction":[{"@type":"SearchAction","target":{"@type":"EntryPoint","urlTemplate":"https:\/\/www.meydan.tv\/az\/?s={search_term_string}"},"query-input":{"@type":"PropertyValueSpecification","valueRequired":true,"valueName":"search_term_string"}}],"inLanguage":"az"},{"@type":"Organization","@id":"https:\/\/www.meydan.tv\/az\/#organization","name":"Meydan TV","url":"https:\/\/www.meydan.tv\/az\/","logo":{"@type":"ImageObject","inLanguage":"az","@id":"https:\/\/www.meydan.tv\/az\/#\/schema\/logo\/image\/","url":"https:\/\/www.meydan.tv\/wp-content\/uploads\/2021\/07\/meydan-logo.svg","contentUrl":"https:\/\/www.meydan.tv\/wp-content\/uploads\/2021\/07\/meydan-logo.svg","width":195,"height":46,"caption":"Meydan TV"},"image":{"@id":"https:\/\/www.meydan.tv\/az\/#\/schema\/logo\/image\/"}},{"@type":"Person","@id":"https:\/\/www.meydan.tv\/az\/#\/schema\/person\/10d11eccf6da3662cf5fdab9806ea91a","name":"user-manager"}]}},"_links":{"self":[{"href":"https:\/\/www.meydan.tv\/az\/wp-json\/wp\/v2\/posts\/167626","targetHints":{"allow":["GET"]}}],"collection":[{"href":"https:\/\/www.meydan.tv\/az\/wp-json\/wp\/v2\/posts"}],"about":[{"href":"https:\/\/www.meydan.tv\/az\/wp-json\/wp\/v2\/types\/post"}],"author":[{"embeddable":true,"href":"https:\/\/www.meydan.tv\/az\/wp-json\/wp\/v2\/users\/11"}],"replies":[{"embeddable":true,"href":"https:\/\/www.meydan.tv\/az\/wp-json\/wp\/v2\/comments?post=167626"}],"version-history":[{"count":0,"href":"https:\/\/www.meydan.tv\/az\/wp-json\/wp\/v2\/posts\/167626\/revisions"}],"wp:featuredmedia":[{"embeddable":true,"href":"https:\/\/www.meydan.tv\/az\/wp-json\/wp\/v2\/media\/23017"}],"wp:attachment":[{"href":"https:\/\/www.meydan.tv\/az\/wp-json\/wp\/v2\/media?parent=167626"}],"wp:term":[{"taxonomy":"category","embeddable":true,"href":"https:\/\/www.meydan.tv\/az\/wp-json\/wp\/v2\/categories?post=167626"},{"taxonomy":"post_tag","embeddable":true,"href":"https:\/\/www.meydan.tv\/az\/wp-json\/wp\/v2\/tags?post=167626"}],"curies":[{"name":"wp","href":"https:\/\/api.w.org\/{rel}","templated":true}]}}