{"id":167625,"date":"2015-04-21T16:32:03","date_gmt":"2015-04-21T16:32:03","guid":{"rendered":"https:\/\/www.meydan.tv\/article\/elmar-memmedyarov-azerbaycan-strateji-terefdasliq-ruhunda-avropa-ittifaqi-azerbaycan-emekdasliginda-maraqlidir\/"},"modified":"2015-04-21T16:32:03","modified_gmt":"2015-04-21T16:32:03","slug":"elmar-memmedyarov-azerbaycan-strateji-terefdasliq-ruhunda-avropa-ittifaqi-azerbaycan-emekdasliginda-maraqlidir","status":"publish","type":"post","link":"https:\/\/www.meydan.tv\/az\/article\/elmar-memmedyarov-azerbaycan-strateji-terefdasliq-ruhunda-avropa-ittifaqi-azerbaycan-emekdasliginda-maraqlidir\/","title":{"rendered":"Elmar M\u0259mm\u0259dyarov: &#8220;Az\u0259rbaycan strateji t\u0259r\u0259fda\u015fl\u0131q ruhunda Avropa \u0130ttifaq\u0131-Az\u0259rbaycan \u0259m\u0259kda\u015fl\u0131\u011f\u0131nda maraql\u0131d\u0131r&#8221;"},"content":{"rendered":"<figure class=\"wp-block-image size-large\">\n  <img decoding=\"async\" src=\"https:\/\/www.meydan.tv\/az\/23014\/\" alt=\"\" class=\"wp-image-23014\"\/><figcaption><\/figcaption><\/figure>\n<figure class=\"wp-block-image size-large\">\n  <img decoding=\"async\" src=\"https:\/\/www.meydan.tv\/az\/23014\/\" alt=\"\" class=\"wp-image-23014\"\/><figcaption><\/figcaption><\/figure>\n<p><div>\n    <i><br \/>\n      Erkin Q\u0259dirli: &#8220;Avropa Birliyi \u00f6z funksionall\u0131\u011f\u0131n\u0131 qoruyub saxlamaq \u00e7abas\u0131ndad\u0131r&#8221;<br \/>\n    <\/i>\n  <\/div>\n<\/p>\n<p>\n  Az\u0259rbaycan \u201c\u015e\u0259rq t\u0259r\u0259fda\u015fl\u0131\u011f\u0131\u201d proqram\u0131n\u0131n realla\u015fmas\u0131nda f\u0259rql\u0259ndirm\u0259 siyas\u0259tin\u0259 t\u0259r\u0259fdard\u0131r v\u0259 Avropa Qon\u015fuluq Siyas\u0259tin\u0259 yenid\u0259n bax\u0131lmas\u0131n\u0131 m\u00fcsb\u0259t qiym\u0259tl\u0259ndirir. Bu bar\u0259d\u0259 xarici i\u015fl\u0259r naziri Elmar M\u0259mm\u0259dyarov aprelin 20-d\u0259 Luksemburqda \u201c\u015e\u0259rq t\u0259r\u0259fda\u015fl\u0131\u011f\u0131\u201dnda i\u015ftirak ed\u0259n \u00f6lk\u0259l\u0259rin xarici i\u015fl\u0259r nazirl\u0259rinin\u00a0 6-c\u0131 g\u00f6r\u00fc\u015f\u00fcnd\u0259 bildirib.\n<\/p>\n<p>\n  E.M\u0259mm\u0259dyarov Avropa Qon\u015fuluq Siyas\u0259tinin 4 b\u0259ndin\u0259\u2013 f\u0259rql\u0259ndirm\u0259, sahiblik, istiqam\u0259t v\u0259 \u00e7eviklik m\u00fcnasib\u0259tini bildirib.<br \/>\n  <br \/>\n  Az\u0259rbaycan hesab edir ki, \u201c\u015e\u0259rq t\u0259r\u0259fda\u015fl\u0131\u011f\u0131\u201d proqram\u0131 ikit\u0259r\u0259fli s\u0259viyy\u0259d\u0259 f\u0259rql\u0259ndirilm\u0259li v\u0259 prioritetl\u0259r\u0259 \u0259saslanmal\u0131d\u0131r. Bu prioritetl\u0259r Az\u0259rbaycan\u0131n geoiqtisadi \u0259h\u0259miyy\u0259ti v\u0259 geosiyasi m\u00f6vqeyi, el\u0259c\u0259 d\u0259 onun xarici siyas\u0259tinin \u0259sas prinsipl\u0259ri n\u0259z\u0259r\u0259 al\u0131naraq i\u015fl\u0259nib haz\u0131rlanmal\u0131d\u0131r.\n<\/p>\n<p>\n  Az\u0259rbaycan hesab edir ki, b\u0259rab\u0259r t\u0259r\u0259fda\u015fl\u0131q v\u0259 t\u0259r\u0259fl\u0259rin beyn\u0259lxalq h\u00fcququn \u0259sas prinsipl\u0259rin\u0259 qar\u015f\u0131l\u0131ql\u0131 sadiqliyi onlar aras\u0131nda etibarl\u0131 m\u00fcnasib\u0259tl\u0259rin qurulmas\u0131n\u0131n \u00f6z\u00fcl\u00fcn\u00fc t\u0259\u015fkil edir. Bu, olduqca m\u00fch\u00fcm amildir.\n<\/p>\n<p>\n  Az\u0259rbaycan konkret \u0259m\u0259kda\u015fl\u0131q sah\u0259l\u0259rind\u0259 \u0259laq\u0259l\u0259rin inki\u015faf\u0131 il\u0259 ba\u011fl\u0131 A\u0130-nin sadiqliyini d\u0259st\u0259kl\u0259yir. \u018fsas\u0259n Bak\u0131 iqtisadi inki\u015faf, energetika, rabit\u0259 (n\u0259qliyyat, \u0130KT, \u00fcmumi aviasiya m\u0259kan\u0131), miqrasiya sah\u0259l\u0259rind\u0259 \u0259m\u0259kda\u015fl\u0131qda maraql\u0131d\u0131r.\n<\/p>\n<p>\n  Az\u0259rbaycan hesab edir ki, Avropa Qon\u015fuluq Siyas\u0259tinin realla\u015fmas\u0131ndak\u0131 \u00e7\u0259tinlik b\u00fct\u00fcn i\u015ftirak\u00e7\u0131lara eyni yana\u015fma prinsipi, \u00f6lk\u0259nin spesifik t\u0259l\u0259bat\u0131n\u0131n n\u0259z\u0259r\u0259 al\u0131nmamas\u0131, d\u0259y\u0259rl\u0259r v\u0259 maraqlar aras\u0131nda ifrat qar\u015f\u0131l\u0131ql\u0131 as\u0131l\u0131l\u0131\u011f\u0131n olmas\u0131ndan qaynaqlan\u0131r.\n<\/p>\n<p>\n  B\u00fct\u00fcn bunlar\u0131 n\u0259z\u0259r\u0259 alaraq, Az\u0259rbaycan strateji t\u0259r\u0259fda\u015fl\u0131q ruhunda A\u0130-Az\u0259rbaycan \u0259m\u0259kda\u015fl\u0131\u011f\u0131nda maraql\u0131 oldu\u011funu bir daha b\u0259yan edir.\n<\/p>\n<p>\n  X\u0130N ba\u015f\u00e7\u0131s\u0131n\u0131n s\u00f6yl\u0259dikl\u0259rini Meydan TV-y\u0259 \u015f\u0259rh ed\u0259n REAL \u0130dar\u0259 Hey\u0259tinin \u00fczv\u00fc Erkin Q\u0259dirli 1990 v\u0259 2000-c\u0131 ill\u0259rd\u0259 Az\u0259rbaycan\u0131n Avropa Birliyi il\u0259 m\u00fcnasib\u0259tl\u0259rinin \u00e7ox dinamik oldu\u011funu \u00f6n\u0259 \u00e7\u0259k\u0259r\u0259k bildirdi ki, h\u0259tta Milli T\u0259hl\u00fck\u0259sizlik Konvensiyas\u0131 s\u0259n\u0259dind\u0259 Avroatlantik m\u0259kana inteqtrasiya prinsipi t\u0259sbit olunmu\u015fdu: &#8220;Ancaq 2008-ci ild\u0259, \u0259sas\u0259n Rusiyan\u0131n G\u00fcrc\u00fcstana h\u0259rbi m\u00fcdaxil\u0259sind\u0259n sonra bu m\u0259s\u0259l\u0259ni qapatd\u0131lar v\u0259 maliyy\u0259 b\u00f6hran\u0131n\u0131n da t\u0259siri oldu. Bu g\u00fcn Avropa Birliyinin iqtisadi g\u00f6st\u0259ricil\u0259ri he\u00e7 d\u0259 \u00fcr\u0259ka\u00e7an deyil, i\u015fsizlik v\u0259 s. Y\u0259ni Avropa Birliyi \u00f6z\u00fc birlik kimi funksionall\u0131\u011f\u0131n\u0131 qoruyub saxlamaq \u00e7abas\u0131ndad\u0131r. Almaniya bilmir borclu \u00f6lk\u0259l\u0259rl\u0259 ba\u011fl\u0131 hans\u0131 add\u0131mlar\u0131 ats\u0131n. Ayr\u0131-ayr\u0131 \u00f6lk\u0259l\u0259rd\u0259 mill\u0259t\u00e7il\u0259r v\u0259 m\u00fchafiz\u0259karlar se\u00e7kil\u0259rd\u0259 qalib g\u0259lir. Ona g\u00f6r\u0259 Avropa Birliyi il\u0259 dan\u0131\u015fmaq m\u00f6vzusu obyektiv olaraq d\u00fc\u015f\u00fcn\u00fclm\u00fcr, bu is\u0259 birliyin \u00f6z\u00fcnd\u0259n qaynaqlanan probleml\u0259rl\u0259 ba\u011fl\u0131d\u0131r. H\u0259m d\u0259 Az\u0259rbaycan\u0131n co\u011frafi m\u00f6vqeyi, demoqrafik durumu, m\u0259d\u0259niyy\u0259ti n\u0259z\u0259r\u0259 al\u0131n\u0131rsa, Avropan\u0131n biz\u0259 bax\u0131\u015f\u0131 ist\u0259diyimiz kimi deyil. Ucqarlarda yerl\u0259\u015firik, t\u0259hl\u00fck\u0259sizliyimizi t\u0259min etm\u0259y\u0259 h\u0259v\u0259skar deyill\u0259r, \u0259sas\u0259n Rusiyaya qar\u015f\u0131. H\u0259tta b\u0259zi n\u00fcmay\u0259nd\u0259l\u0259ri a\u00e7\u0131q, yaxud qapal\u0131 \u015f\u0259kild\u0259 &#8220;Rusiyan\u0131 \u00e7ox da q\u0131c\u0131qland\u0131rmay\u0131n&#8221; da deyirl\u0259r&#8221;.\n<\/p>\n<figure class=\"wp-block-image size-large\">\n  <img decoding=\"async\" src=\"https:\/\/www.meydan.tv\/az\/23011\/\" alt=\"\" class=\"wp-image-23011\"\/><figcaption><\/figcaption><\/figure>\n<p>\n  E.Q\u0259dirli hesab edir ki, Az\u0259rbaycan\u0131n Avropa Birliyind\u0259n umaca\u011f\u0131 \u0259sas m\u0259s\u0259l\u0259 Qaraba\u011fd\u0131r, ancaq Avropa Birliyi bu m\u0259s\u0259l\u0259d\u0259 f\u0259all\u0131q g\u00f6st\u0259rm\u0259di: &#8220;Fransa h\u0259ms\u0259dr olsa da, faktiki \u0259sas rolu Rusiya oynay\u0131r v\u0259 Erm\u0259nistan\u0131 n\u0259zar\u0259td\u0259 saxlay\u0131r. Bel\u0259 olanda, Az\u0259rbaycan \u0259m\u0259kda\u015fl\u0131\u011f\u0131n s\u0259viyy\u0259sini endirm\u0259y\u0259 m\u0259cbur oldu v\u0259 &#8220;biz ikit\u0259r\u0259fli m\u00fcnasib\u0259tl\u0259r\u0259 \u00fcst\u00fcnl\u00fck veririk&#8221; s\u00f6hb\u0259ti d\u0259 o zaman yarand\u0131. M\u00f6vcud ger\u00e7\u0259kliy\u0259 uy\u011fun hekay\u0259dir, ba\u015fqa h\u00f6kum\u0259t olsayd\u0131, n\u0259 ed\u0259c\u0259kdil\u0259r ki? Avropa Birliyinin d\u0259 \u00f6z qay\u011f\u0131lar\u0131 var. 2008-ci il G\u00fcrc\u00fcstan hadis\u0259l\u0259rind\u0259 bu m\u00fcnasib\u0259t \u00f6z\u00fcn\u00fc daha qabar\u0131q g\u00f6st\u0259rdi, a\u00e7\u0131q dedil\u0259r ki, Rusiyaya tam qar\u015f\u0131 \u00e7\u0131xa bilm\u0259zl\u0259r, co\u011frafi m\u0259hdudiyy\u0259tl\u0259ri var. Ukraynadak\u0131 v\u0259ziyy\u0259ti d\u0259 g\u00f6r\u00fcrs\u00fcn\u00fcz. B\u00fct\u00fcn bunlar\u0131n fonunda Elmar M\u0259mm\u0259dyarovun a\u00e7\u0131qlamas\u0131 tam normald\u0131r&#8221;.<\/p>\n","protected":false},"excerpt":{"rendered":"<p>Erkin Q\u0259dirli: &#8220;Avropa Birliyi \u00f6z funksionall\u0131\u011f\u0131n\u0131 qoruyub saxlamaq \u00e7abas\u0131ndad\u0131r&#8221;<\/p>\n","protected":false},"author":11,"featured_media":23014,"comment_status":"closed","ping_status":"open","sticky":false,"template":"","format":"standard","meta":{"_acf_changed":false,"_sitemap_exclude":false,"_sitemap_priority":"","_sitemap_frequency":"","footnotes":""},"categories":[56],"tags":[],"class_list":["post-167625","post","type-post","status-publish","format-standard","has-post-thumbnail","hentry","category-xeberler","infinite-scroll-item","generate-columns","tablet-grid-50","mobile-grid-100","grid-parent","grid-33","no-featured-image-padding"],"acf":[],"yoast_head":"<!-- This site is optimized with the Yoast SEO plugin v28.4 - https:\/\/yoast.com\/product\/yoast-seo-wordpress\/ -->\n<title>Elmar M\u0259mm\u0259dyarov: &quot;Az\u0259rbaycan strateji t\u0259r\u0259fda\u015fl\u0131q ruhunda Avropa \u0130ttifaq\u0131-Az\u0259rbaycan \u0259m\u0259kda\u015fl\u0131\u011f\u0131nda maraql\u0131d\u0131r&quot; - MEYDAN.TV<\/title>\n<meta name=\"robots\" content=\"index, follow, max-snippet:-1, max-image-preview:large, max-video-preview:-1\" \/>\n<link rel=\"canonical\" href=\"https:\/\/www.meydan.tv\/az\/article\/elmar-memmedyarov-azerbaycan-strateji-terefdasliq-ruhunda-avropa-ittifaqi-azerbaycan-emekdasliginda-maraqlidir\/\" \/>\n<meta property=\"og:locale\" content=\"az_AZ\" \/>\n<meta property=\"og:type\" content=\"article\" \/>\n<meta property=\"og:title\" content=\"Elmar M\u0259mm\u0259dyarov: &quot;Az\u0259rbaycan strateji t\u0259r\u0259fda\u015fl\u0131q ruhunda Avropa \u0130ttifaq\u0131-Az\u0259rbaycan \u0259m\u0259kda\u015fl\u0131\u011f\u0131nda maraql\u0131d\u0131r&quot; - MEYDAN.TV\" \/>\n<meta property=\"og:description\" content=\"Erkin Q\u0259dirli: &quot;Avropa Birliyi \u00f6z funksionall\u0131\u011f\u0131n\u0131 qoruyub saxlamaq \u00e7abas\u0131ndad\u0131r&quot;\" \/>\n<meta property=\"og:url\" content=\"https:\/\/www.meydan.tv\/az\/article\/elmar-memmedyarov-azerbaycan-strateji-terefdasliq-ruhunda-avropa-ittifaqi-azerbaycan-emekdasliginda-maraqlidir\/\" \/>\n<meta property=\"og:site_name\" content=\"MEYDAN.TV\" \/>\n<meta property=\"article:published_time\" content=\"2015-04-21T16:32:03+00:00\" \/>\n<meta property=\"og:image\" content=\"https:\/\/www.meydan.tv\/wp-content\/uploads\/8355.jpg\" \/>\n\t<meta property=\"og:image:width\" content=\"467\" \/>\n\t<meta property=\"og:image:height\" content=\"350\" \/>\n\t<meta property=\"og:image:type\" content=\"image\/jpeg\" \/>\n<meta name=\"twitter:card\" content=\"summary_large_image\" \/>\n<!-- \/ Yoast SEO plugin. -->","yoast_head_json":{"title":"Elmar M\u0259mm\u0259dyarov: \"Az\u0259rbaycan strateji t\u0259r\u0259fda\u015fl\u0131q ruhunda Avropa \u0130ttifaq\u0131-Az\u0259rbaycan \u0259m\u0259kda\u015fl\u0131\u011f\u0131nda maraql\u0131d\u0131r\" - MEYDAN.TV","robots":{"index":"index","follow":"follow","max-snippet":"max-snippet:-1","max-image-preview":"max-image-preview:large","max-video-preview":"max-video-preview:-1"},"canonical":"https:\/\/www.meydan.tv\/az\/article\/elmar-memmedyarov-azerbaycan-strateji-terefdasliq-ruhunda-avropa-ittifaqi-azerbaycan-emekdasliginda-maraqlidir\/","og_locale":"az_AZ","og_type":"article","og_title":"Elmar M\u0259mm\u0259dyarov: \"Az\u0259rbaycan strateji t\u0259r\u0259fda\u015fl\u0131q ruhunda Avropa \u0130ttifaq\u0131-Az\u0259rbaycan \u0259m\u0259kda\u015fl\u0131\u011f\u0131nda maraql\u0131d\u0131r\" - MEYDAN.TV","og_description":"Erkin Q\u0259dirli: \"Avropa Birliyi \u00f6z funksionall\u0131\u011f\u0131n\u0131 qoruyub saxlamaq \u00e7abas\u0131ndad\u0131r\"","og_url":"https:\/\/www.meydan.tv\/az\/article\/elmar-memmedyarov-azerbaycan-strateji-terefdasliq-ruhunda-avropa-ittifaqi-azerbaycan-emekdasliginda-maraqlidir\/","og_site_name":"MEYDAN.TV","article_published_time":"2015-04-21T16:32:03+00:00","og_image":[{"width":467,"height":350,"url":"https:\/\/www.meydan.tv\/wp-content\/uploads\/8355.jpg","type":"image\/jpeg"}],"twitter_card":"summary_large_image","schema":{"@context":"https:\/\/schema.org","@graph":[{"@type":"Article","@id":"https:\/\/www.meydan.tv\/az\/article\/elmar-memmedyarov-azerbaycan-strateji-terefdasliq-ruhunda-avropa-ittifaqi-azerbaycan-emekdasliginda-maraqlidir\/#article","isPartOf":{"@id":"https:\/\/www.meydan.tv\/az\/article\/elmar-memmedyarov-azerbaycan-strateji-terefdasliq-ruhunda-avropa-ittifaqi-azerbaycan-emekdasliginda-maraqlidir\/"},"author":{"name":"user-manager","@id":"https:\/\/www.meydan.tv\/az\/#\/schema\/person\/10d11eccf6da3662cf5fdab9806ea91a"},"headline":"Elmar M\u0259mm\u0259dyarov: &#8220;Az\u0259rbaycan strateji t\u0259r\u0259fda\u015fl\u0131q ruhunda Avropa \u0130ttifaq\u0131-Az\u0259rbaycan \u0259m\u0259kda\u015fl\u0131\u011f\u0131nda maraql\u0131d\u0131r&#8221;","datePublished":"2015-04-21T16:32:03+00:00","mainEntityOfPage":{"@id":"https:\/\/www.meydan.tv\/az\/article\/elmar-memmedyarov-azerbaycan-strateji-terefdasliq-ruhunda-avropa-ittifaqi-azerbaycan-emekdasliginda-maraqlidir\/"},"wordCount":846,"publisher":{"@id":"https:\/\/www.meydan.tv\/az\/#organization"},"image":{"@id":"https:\/\/www.meydan.tv\/az\/article\/elmar-memmedyarov-azerbaycan-strateji-terefdasliq-ruhunda-avropa-ittifaqi-azerbaycan-emekdasliginda-maraqlidir\/#primaryimage"},"thumbnailUrl":"https:\/\/www.meydan.tv\/wp-content\/uploads\/8355.jpg","articleSection":["X\u0259b\u0259rl\u0259r"],"inLanguage":"az"},{"@type":"WebPage","@id":"https:\/\/www.meydan.tv\/az\/article\/elmar-memmedyarov-azerbaycan-strateji-terefdasliq-ruhunda-avropa-ittifaqi-azerbaycan-emekdasliginda-maraqlidir\/","url":"https:\/\/www.meydan.tv\/az\/article\/elmar-memmedyarov-azerbaycan-strateji-terefdasliq-ruhunda-avropa-ittifaqi-azerbaycan-emekdasliginda-maraqlidir\/","name":"Elmar M\u0259mm\u0259dyarov: \"Az\u0259rbaycan strateji t\u0259r\u0259fda\u015fl\u0131q ruhunda Avropa \u0130ttifaq\u0131-Az\u0259rbaycan \u0259m\u0259kda\u015fl\u0131\u011f\u0131nda maraql\u0131d\u0131r\" - MEYDAN.TV","isPartOf":{"@id":"https:\/\/www.meydan.tv\/az\/#website"},"primaryImageOfPage":{"@id":"https:\/\/www.meydan.tv\/az\/article\/elmar-memmedyarov-azerbaycan-strateji-terefdasliq-ruhunda-avropa-ittifaqi-azerbaycan-emekdasliginda-maraqlidir\/#primaryimage"},"image":{"@id":"https:\/\/www.meydan.tv\/az\/article\/elmar-memmedyarov-azerbaycan-strateji-terefdasliq-ruhunda-avropa-ittifaqi-azerbaycan-emekdasliginda-maraqlidir\/#primaryimage"},"thumbnailUrl":"https:\/\/www.meydan.tv\/wp-content\/uploads\/8355.jpg","datePublished":"2015-04-21T16:32:03+00:00","breadcrumb":{"@id":"https:\/\/www.meydan.tv\/az\/article\/elmar-memmedyarov-azerbaycan-strateji-terefdasliq-ruhunda-avropa-ittifaqi-azerbaycan-emekdasliginda-maraqlidir\/#breadcrumb"},"inLanguage":"az","potentialAction":[{"@type":"ReadAction","target":["https:\/\/www.meydan.tv\/az\/article\/elmar-memmedyarov-azerbaycan-strateji-terefdasliq-ruhunda-avropa-ittifaqi-azerbaycan-emekdasliginda-maraqlidir\/"]}]},{"@type":"ImageObject","inLanguage":"az","@id":"https:\/\/www.meydan.tv\/az\/article\/elmar-memmedyarov-azerbaycan-strateji-terefdasliq-ruhunda-avropa-ittifaqi-azerbaycan-emekdasliginda-maraqlidir\/#primaryimage","url":"https:\/\/www.meydan.tv\/wp-content\/uploads\/8355.jpg","contentUrl":"https:\/\/www.meydan.tv\/wp-content\/uploads\/8355.jpg","width":467,"height":350,"caption":"Source:"},{"@type":"BreadcrumbList","@id":"https:\/\/www.meydan.tv\/az\/article\/elmar-memmedyarov-azerbaycan-strateji-terefdasliq-ruhunda-avropa-ittifaqi-azerbaycan-emekdasliginda-maraqlidir\/#breadcrumb","itemListElement":[{"@type":"ListItem","position":1,"name":"Ana s\u0259hif\u0259","item":"https:\/\/www.meydan.tv\/az\/"},{"@type":"ListItem","position":2,"name":"X\u0259b\u0259rl\u0259r","item":"https:\/\/www.meydan.tv\/az\/section\/xeberler\/"},{"@type":"ListItem","position":3,"name":"Elmar M\u0259mm\u0259dyarov: &#8220;Az\u0259rbaycan strateji t\u0259r\u0259fda\u015fl\u0131q ruhunda Avropa \u0130ttifaq\u0131-Az\u0259rbaycan \u0259m\u0259kda\u015fl\u0131\u011f\u0131nda maraql\u0131d\u0131r&#8221;"}]},{"@type":"WebSite","@id":"https:\/\/www.meydan.tv\/az\/#website","url":"https:\/\/www.meydan.tv\/az\/","name":"MEYDAN.TV","description":"Meydan TV Az\u0259rbaycan\u0131n media m\u0259kan\u0131ndak\u0131 alternativ s\u0259sidir","publisher":{"@id":"https:\/\/www.meydan.tv\/az\/#organization"},"potentialAction":[{"@type":"SearchAction","target":{"@type":"EntryPoint","urlTemplate":"https:\/\/www.meydan.tv\/az\/?s={search_term_string}"},"query-input":{"@type":"PropertyValueSpecification","valueRequired":true,"valueName":"search_term_string"}}],"inLanguage":"az"},{"@type":"Organization","@id":"https:\/\/www.meydan.tv\/az\/#organization","name":"Meydan TV","url":"https:\/\/www.meydan.tv\/az\/","logo":{"@type":"ImageObject","inLanguage":"az","@id":"https:\/\/www.meydan.tv\/az\/#\/schema\/logo\/image\/","url":"https:\/\/www.meydan.tv\/wp-content\/uploads\/2021\/07\/meydan-logo.svg","contentUrl":"https:\/\/www.meydan.tv\/wp-content\/uploads\/2021\/07\/meydan-logo.svg","width":195,"height":46,"caption":"Meydan TV"},"image":{"@id":"https:\/\/www.meydan.tv\/az\/#\/schema\/logo\/image\/"}},{"@type":"Person","@id":"https:\/\/www.meydan.tv\/az\/#\/schema\/person\/10d11eccf6da3662cf5fdab9806ea91a","name":"user-manager"}]}},"_links":{"self":[{"href":"https:\/\/www.meydan.tv\/az\/wp-json\/wp\/v2\/posts\/167625","targetHints":{"allow":["GET"]}}],"collection":[{"href":"https:\/\/www.meydan.tv\/az\/wp-json\/wp\/v2\/posts"}],"about":[{"href":"https:\/\/www.meydan.tv\/az\/wp-json\/wp\/v2\/types\/post"}],"author":[{"embeddable":true,"href":"https:\/\/www.meydan.tv\/az\/wp-json\/wp\/v2\/users\/11"}],"replies":[{"embeddable":true,"href":"https:\/\/www.meydan.tv\/az\/wp-json\/wp\/v2\/comments?post=167625"}],"version-history":[{"count":0,"href":"https:\/\/www.meydan.tv\/az\/wp-json\/wp\/v2\/posts\/167625\/revisions"}],"wp:featuredmedia":[{"embeddable":true,"href":"https:\/\/www.meydan.tv\/az\/wp-json\/wp\/v2\/media\/23014"}],"wp:attachment":[{"href":"https:\/\/www.meydan.tv\/az\/wp-json\/wp\/v2\/media?parent=167625"}],"wp:term":[{"taxonomy":"category","embeddable":true,"href":"https:\/\/www.meydan.tv\/az\/wp-json\/wp\/v2\/categories?post=167625"},{"taxonomy":"post_tag","embeddable":true,"href":"https:\/\/www.meydan.tv\/az\/wp-json\/wp\/v2\/tags?post=167625"}],"curies":[{"name":"wp","href":"https:\/\/api.w.org\/{rel}","templated":true}]}}