{"id":167623,"date":"2015-04-21T04:06:14","date_gmt":"2015-04-21T04:06:14","guid":{"rendered":"https:\/\/www.meydan.tv\/article\/konulluler\/"},"modified":"2015-04-21T04:06:14","modified_gmt":"2015-04-21T04:06:14","slug":"konulluler","status":"publish","type":"post","link":"https:\/\/www.meydan.tv\/az\/article\/konulluler\/","title":{"rendered":"K\u00f6n\u00fcll\u00fcl\u0259r"},"content":{"rendered":"<figure class=\"wp-block-image size-large\">\n  <img decoding=\"async\" src=\"https:\/\/www.meydan.tv\/az\/22957\/\" alt=\"\" class=\"wp-image-22957\"\/><figcaption><\/figcaption><\/figure>\n<figure class=\"wp-block-image size-large\">\n  <img decoding=\"async\" src=\"https:\/\/www.meydan.tv\/az\/22966\/\" alt=\"\" class=\"wp-image-22966\"\/><figcaption><\/figcaption><\/figure>\n<p>\n  Avropa oyunlar\u0131 haqda e\u015fitm\u0259y\u0259n yoxdur. K\u00f6n\u00fcll\u00fcl\u00fck bar\u0259sind\u0259 d\u0259. M\u0259nim d\u0259rdim d\u0259 el\u0259 bu m\u00f6vzudad\u0131r. Bilirsiniz ki, bu oyunlarda m\u00fcxt\u0259lif i\u015fl\u0259rd\u0259 k\u00f6n\u00fcll\u00fc olmaq \u00fc\u00e7\u00fcn \u00fc\u00e7 min\u0259 yax\u0131n adam m\u00fcraci\u0259t edib. Onlar\u0131n \u0259ks\u0259riyy\u0259ti d\u0259, h\u0259tta dem\u0259k olar, ham\u0131s\u0131 t\u0259l\u0259b\u0259l\u0259rdir. Onsuz da bu oyunlar\u0131n u\u011fursuz, h\u0259tta \u00f6lk\u0259 \u00fc\u00e7\u00fcn fiasko oldu\u011funu h\u0259r k\u0259s bilir. S\u0259kkiz milyard pulun havaya sovrulmas\u0131, g\u0259l\u0259c\u0259k i\u015ftirak\u00e7\u0131lar\u0131n x\u0259rcl\u0259rin\u0259 otuz be\u015f milyon avronun x\u0259rcl\u0259nm\u0259si \u0259m\u0259lli-ba\u015fl\u0131 f\u0259lak\u0259tdir.\n<\/p>\n<p>\n  Daha b\u00f6y\u00fck \u0259yl\u0259nc\u0259 is\u0259 Erm\u0259nistandan g\u0259l\u0259c\u0259k idman\u00e7\u0131lar\u0131n x\u0259rcl\u0259rini d\u0259 \u00f6dm\u0259y\u0259 boyun olma\u011f\u0131m\u0131z idi ki, erm\u0259nil\u0259r bu m\u0259s\u0259l\u0259d\u0259 bizim b\u00fct\u00fcn g\u00fcn\u00fc Da\u011fl\u0131q Qaraba\u011f kart\u0131ndan istifad\u0259 ed\u0259n hakimiyy\u0259td\u0259n daha orijinal \u00e7\u0131xd\u0131lar, t\u00fcp\u00fcrd\u00fcl\u0259r \u00fc\u00e7-be\u015f medala, pulsuz g\u0259zintiy\u0259 v\u0259 g\u0259lm\u0259kd\u0259n imtina etdil\u0259r. Bel\u0259c\u0259, bizim hakimiyy\u0259ti h\u0259m d\u0259 xalq\u0131n q\u0259z\u0259bind\u0259n qurtar\u0131b, bir n\u00f6v onlara yax\u015f\u0131l\u0131q etmi\u015f oldular. \u00c7\u00fcnki Cin \u015earp\u0131n &#8220;Diktaturadan demokratiyaya&#8221; kitab\u0131nda (\u00dcmumiyy\u0259tl\u0259, yaz\u0131mda bu kitabdan bir xeyli sitat g\u0259tir\u0259c\u0259y\u0259m. Kitab diktatorlar\u0131n arzulanmayan kitablar\u0131n\u0131n siyah\u0131s\u0131ndad\u0131r. H\u0259tta Ramiz Mehdiyevin altm\u0131\u015fca s\u0259hif\u0259lik m\u0259qal\u0259sind\u0259 d\u0259 bu kitaba nifr\u0259ti, kini v\u0259 qorxunu a\u00e7\u0131q-a\u015fkar g\u00f6rm\u0259k m\u00fcmk\u00fcn\u00fcyd\u00fc) deyildiyi kimi diktaturan\u0131n z\u00fclm\u00fc n\u0259 q\u0259d\u0259r \u00e7ox insan\u0131 \u0259hat\u0259 ets\u0259, rejimin laxlama\u011f\u0131 v\u0259 da\u011f\u0131lma\u011f\u0131 bir o q\u0259d\u0259r s\u00fcr\u0259tli ba\u015f ver\u0259c\u0259k. Bizim erm\u0259ni m\u0259s\u0259l\u0259sin\u0259 h\u0259ssas mill\u0259timizin d\u0259 bel\u0259 bir \u015feyi normal qar\u015f\u0131layaca\u011f\u0131n\u0131 d\u00fc\u015f\u00fcnm\u00fcr\u0259m.\n<\/p>\n<p>\n  \u0130tl\u0259rin \u00f6ld\u00fcr\u00fclm\u0259si m\u0259s\u0259l\u0259si d\u0259 bir h\u0259ngam\u0259y\u0259 \u00e7evrildi. Bunu da qoyuruq bir k\u0259nara. N\u0259hay\u0259t ki, ke\u00e7irik k\u00f6n\u00fcll\u00fc m\u0259s\u0259l\u0259sin\u0259.\n<\/p>\n<p>\n  K\u00f6n\u00fcll\u00fc olmaq \u00f6lk\u0259nin tan\u0131t\u0131m\u0131 \u00fc\u00e7\u00fcn t\u0259qdir\u0259layiq i\u015fdir, h\u0259m d\u0259 d\u00f6vl\u0259ti art\u0131q x\u0259rd\u0259n qurtarmaqd\u0131r. Ancaq k\u00f6n\u00fcll\u00fc olmaq m\u0259s\u0259l\u0259sin\u0259 haql\u0131 olaraq etiraz ed\u0259nl\u0259r d\u0259 var. Facebookda e\u015fitm\u0259mi\u015f olmazs\u0131n\u0131z, h\u0259tta k\u00f6n\u00fcll\u00fckd\u0259n imtinan\u0131 t\u0259bli\u011f ed\u0259n s\u0259hif\u0259 d\u0259 a\u00e7\u0131l\u0131b. M\u0259hz bu prosesl\u0259rd\u0259n sonra bir xeyli t\u0259l\u0259b\u0259 (\u0259ks\u0259riyy\u0259ti az\u0259rbaycan dilli) k\u00f6n\u00fcll\u00fc olmaqdan imtina etdi. H\u0259tta b\u0259zil\u0259ri Az\u0259rbaycan varinat\u0131n\u0131 i\u015fl\u0259tdil\u0259r, adlar\u0131n\u0131 yazd\u0131rd\u0131lar, onlara veril\u0259n \u00e7antan\u0131, telefon n\u00f6mr\u0259sini ald\u0131qdan sonra imtina etdil\u0259r.\n<\/p>\n<p>\n  Bir xeyli k\u00f6n\u00fcll\u00fcyl\u0259 s\u00f6hb\u0259t etmi\u015f\u0259m v\u0259 onlara &#8220;niy\u0259 k\u00f6n\u00fcll\u00fc olursan?&#8221; sual\u0131n\u0131 vermi\u015f\u0259m. Cavablar\u0131, ger\u00e7\u0259k s\u0259b\u0259bl\u0259ri v\u0259 f\u0259sadlar\u0131n\u0131 is\u0259 izninizl\u0259 a\u015fa\u011f\u0131da yazaca\u011fam.\n<\/p>\n<p>\n  1) K\u00f6n\u00fcll\u00fc olmaq \u0259yl\u0259nc\u0259li i\u015fdir. Avropa bura g\u0259lir. Maraql\u0131 insanlar, tan\u0131\u015fl\u0131qlar, idmanla m\u0259\u015f\u011ful olmaq, partil\u0259r g\u0259ncl\u0259r\u0259, x\u00fcsus\u0259n, isti yay g\u00fcnl\u0259rind\u0259 hava-su kimi laz\u0131md\u0131r.\n<\/p>\n<p>\n  2) Cv-d\u0259 bunun \u00fcst\u00fcnl\u00fck kimi yaz\u0131lmas\u0131. Avroviziyada i\u015ftirak ed\u0259n k\u00f6n\u00fcll\u0259rin bir qismi i\u015fl\u0259 t\u0259min olunub ki, bu da daha bir s\u0259b\u0259bdir.\n<\/p>\n<p>\n  3) Az bir qisim is\u0259 bunu v\u0259t\u0259np\u0259rv\u0259rlik duy\u011fusuna g\u00f6r\u0259 edir.\n<\/p>\n<p>\n  B\u0259han\u0259l\u0259r is\u0259 m\u00fcxt\u0259lifdir. M\u0259s\u0259l\u0259n, siz\u0259 bir rusdilli tan\u0131\u015f\u0131m\u0131n ham\u0131 \u00fc\u00e7\u00fcn ke\u00e7\u0259rli olan fikirl\u0259rini \u00e7atd\u0131raca\u011fam: &#8220;M\u0259n avropal\u0131yam, n\u0259inki az\u0259rbaycanl\u0131. Onlarla i\u015fl\u0259m\u0259k \u00e7ox rahatd\u0131r v\u0259 adam\u0131 xo\u015fb\u0259xt edir. M\u0259n bizimkil\u0259ri sevmir\u0259m. Bilir\u0259m ki, k\u00f6n\u00fcll\u00fc olmaq diktaturan\u0131n \u00e7arx\u0131n\u0131 f\u0131rlatmaq dem\u0259kdir. Ancaq b\u00fct\u00fcn bunlar m\u0259ni az maraqland\u0131r\u0131r. Mill\u0259td\u0259n dan\u0131\u015fma m\u0259n\u0259. M\u0259n Avropada g\u00f6r\u0259c\u0259yimi g\u00f6r\u00fcm\u00fc\u015f\u0259m. Onlar ham\u0131s\u0131 bir-birinin aya\u011f\u0131ndan \u00e7\u0259km\u0259y\u0259 haz\u0131rd\u0131r ki, t\u0259ki \u00f6z h\u0259mv\u0259t\u0259ni qaba\u011fa \u00e7\u0131xmas\u0131n. Bu d\u00f6vl\u0259t d\u0259 m\u0259n\u0259 imkan yaradas\u0131 deyil, ona g\u00f6r\u0259 d\u0259 \u0259lim\u0259 d\u00fc\u015f\u0259n f\u00fcrs\u0259td\u0259n istifad\u0259 etm\u0259liy\u0259m, CV \u00fc\u00e7\u00fcn u\u011fur qazanmal\u0131yam. Onsuz da burda \u00e7ox qalas\u0131 deyil\u0259m, ona g\u00f6r\u0259 s\u0259nin \u00f6lk\u0259nin, s\u0259nin mill\u0259tinin g\u0259l\u0259c\u0259k taleyi m\u0259ni az maraqland\u0131r\u0131r.\n<\/p>\n<p>\n  \u018fla, \u00e7ox g\u00f6z\u0259l. Mill\u0259t d\u00fcz\u0259l\u0259n deyil, buna g\u00f6r\u0259 d\u0259 onun haqq\u0131 var ki, diktaturan\u0131n \u00fcz\u00fca\u011f \u00e7\u0131xma\u011f\u0131nda i\u015ftirak etsin. Ancaq b\u0259han\u0259dir. Sudan ucuz b\u0259han\u0259. Xalqa qar\u015f\u0131 q\u0259z\u0259bli olmaq s\u0259b\u0259b deyil, s\u0259b\u0259bl\u0259r yuxar\u0131da sadalad\u0131qlar\u0131md\u0131r. Ancaq niy\u0259 k\u00f6n\u00fcll\u00fc olmamal\u0131y\u0131q? H\u0259m d\u0259 \u0259h\u0259miyy\u0259tli v\u0259 vacib s\u0259b\u0259bl\u0259rimiz vark\u0259n. Niy\u0259 bu, diktaturaya yard\u0131md\u0131r? Bunu etm\u0259kl\u0259 diktaturaya n\u0259 q\u0259d\u0259r yard\u0131m etmi\u015f oluruq?\n<\/p>\n<p>\n  G\u0259lin, \u0259vv\u0259lc\u0259 ondan ba\u015flayaq ki, bizim d\u00f6vl\u0259timiz tam diktatura rejimidir, ya da Vatslav Havelin yazd\u0131\u011f\u0131 kimi, posttolalitarizm qurulu\u015fudur ki, bu da \u00f6z\u00fcnd\u0259n qeyrisini d\u00fc\u015f\u00fcnm\u0259y\u0259n, talan ed\u0259n, h\u0259bsl\u0259rd\u0259n, \u00f6l\u00fcmd\u0259n \u00e7\u0259kinm\u0259y\u0259n, azad s\u00f6z\u00fc bo\u011fan hakimiyy\u0259t v\u0259 bir tik\u0259 \u00e7\u00f6r\u0259yi g\u00fccl\u0259 tapan xalq dem\u0259kdir. V\u0259 hakimiyy\u0259tininin uzunm\u00fcdd\u0259tli davam etm\u0259sini ist\u0259y\u0259n diktator qeyri-adi s\u0259hvl\u0259r edir. Onun t\u0259k ist\u0259yi hakimiyy\u0259td\u0259 qalmaq, daha \u00e7ox talan etm\u0259kdir. Bunun \u00fc\u00e7\u00fcn d\u0259 m\u00fc\u0259yy\u0259n pullar x\u0259rcl\u0259m\u0259lidir.\n<\/p>\n<p>\n  Xaric d\u0259 \u00e7\u00f6r\u0259yi qula\u011f\u0131n\u0131n dibin\u0259 yemir, t\u00fckl\u00fc qaz\u0131 g\u00f6r\u00fcr. Buna g\u00f6r\u0259 d\u0259, \u0259m\u0259kda\u015fl\u0131q edir v\u0259 qar\u015f\u0131l\u0131\u011f\u0131nda hakimiyy\u0259tin boynuna qeyri-adi i\u015fl\u0259r, proyektl\u0259r y\u00fckl\u0259yir, r\u00fc\u015fv\u0259tl\u0259r al\u0131r, y\u0259ni onu yolur. X\u0259rcl\u0259n\u0259n pullar is\u0259 yaz\u0131l\u0131r xalq\u0131n belin\u0259. K\u00f6n\u00fcll\u00fcl\u0259r h\u0259m az pul, \u00e7ox i\u015f dem\u0259kdir, h\u0259m d\u0259 Avropan\u0131n g\u00f6z\u00fcnd\u0259 y\u00fcks\u0259lm\u0259kdir, \u00e7\u00fcnki g\u0259ncl\u0259r hakimiyy\u0259t\u0259 d\u0259st\u0259k verirl\u0259r. \u018fg\u0259r bel\u0259 olmasayd\u0131, bu q\u0259d\u0259r k\u00f6n\u00fcll\u00fc d\u0259 olmazd\u0131. Binalar da r\u0259ngb\u0259r\u0259ng, marketl\u0259rd\u0259 turistl\u0259r\u0259 g\u00fcz\u0259\u015ftl\u0259r, x\u00fcsusi avtobuslar, taksil\u0259r&#8230;\n<\/p>\n<p>\n  Ham\u0131s\u0131 Avropan\u0131n yalanlara inanmas\u0131 \u00fc\u00e7\u00fcn s\u0259b\u0259bl\u0259rdir. V\u0259 biz g\u0259ncl\u0259r k\u00f6n\u00fcll\u00fc olmaqla bu \u00e7irkin prosesd\u0259 i\u015ftirak edirik. Xalqa qar\u015f\u0131 q\u0259z\u0259bli olmaq bizim vicdan anlay\u0131\u015f\u0131m\u0131z\u0131 susdurmamal\u0131d\u0131r, \u00e7\u00fcnki h\u0259r bir insan\u0131n milli heysiyy\u0259t v\u0259 ondan da vacibi \u015f\u0259xsi l\u0259yaq\u0259t anlay\u0131\u015f\u0131 var. H\u0259m milli heysiyy\u0259timiz\u0259 t\u00fcp\u00fcr\u00fcr\u00fck, h\u0259m d\u0259 bizd\u0259n a\u00e7\u0131q-a\u015fkar istifad\u0259 ed\u0259n B\u00f6y\u00fck Qarda\u015fa ita\u0259t edirik, k\u00f6m\u0259k edirik. K\u00f6m\u0259k edirik ki, onun \u00f6mr\u00fc daha da uzans\u0131n. Cin \u015earp yaz\u0131r ki, xalq\u0131n diktaturaya boyun \u0259ym\u0259si &#8220;Qoca v\u0259 meymunlar&#8221; na\u011f\u0131l\u0131n\u0131 xat\u0131rlad\u0131r.\n<\/p>\n<p>\n  Deyl\u0259n\u0259 g\u00f6r\u0259, bir k\u0259ndd\u0259 z\u0259hmli bir qoca ya\u015fay\u0131rm\u0131\u015f v\u0259 onun ya\u015fam\u0131 meymunlardan as\u0131l\u0131ym\u0131\u015f. Bel\u0259 ki, onun saxlad\u0131\u011f\u0131 meymunlar h\u0259r g\u00fcn da\u011flara gedirmi\u015f v\u0259 oradan qoca \u00fc\u00e7\u00fcn mer-meyv\u0259 y\u0131\u011f\u0131b g\u0259tirirl\u0259rmi\u015f. Qoca h\u0259r ax\u015fam meyv\u0259l\u0259ri say\u0131r v\u0259 az meyv\u0259 g\u0259tir\u0259n meymunu \u00f6l\u0259n\u0259d\u0259k qam\u00e7\u0131layr\u0131m\u0131\u015f. Bir g\u00fcn meymunlardan biri d\u0259rk edir ki, \u0259slind\u0259 ya\u015famaq \u00fc\u00e7\u00fcn onlar\u0131n qocaya yox, qocan\u0131n onlara ehtiyac\u0131 var. \u00c7\u00fcnki qoca olmasa, onlar meyv\u0259l\u0259rin ham\u0131s\u0131n\u0131 \u00f6zl\u0259rin\u0259 g\u00f6t\u00fcr\u0259r, \u00fcst\u0259lik d\u0259 bu q\u0259d\u0259r k\u00f6t\u0259k yem\u0259zl\u0259r. B\u00fct\u00fcn meymunlar s\u00f6z\u00fc bir yer\u0259 qoyur v\u0259 gec\u0259yl\u0259 damdan \u00e7\u0131x\u0131b qocan\u0131n tikdiyi hasar\u0131 s\u00f6k\u00fcrl\u0259r, meyv\u0259l\u0259rin ham\u0131s\u0131 da g\u00f6t\u00fcr\u00fcb gizlic\u0259 me\u015f\u0259y\u0259 qa\u00e7\u0131rlar. S\u0259h\u0259r qoca oyananda \u00e7\u0259p\u0259ri da\u011f\u0131lm\u0131\u015f, meyv\u0259l\u0259ri apar\u0131lm\u0131\u015f g\u00f6r\u00fcr. V\u0259 qoca ac\u0131ndan \u00f6l\u00fcr.\n<\/p>\n<p>\n  Bu misal\u0131 Cin \u015earp siyasi ita\u0259tsizlik (siyasi ita\u0259tsizlik dey\u0259nd\u0259 dinc m\u00fcbariz\u0259, xidm\u0259t etm\u0259kd\u0259n dinc boyunqa\u00e7\u0131rma n\u0259z\u0259rd\u0259 tutulur) b\u00f6l\u00fcm\u00fcnd\u0259 yaz\u0131b. Anlad\u0131\u011f\u0131m\u0131z q\u0259d\u0259riyl\u0259, sad\u0259c\u0259, k\u00f6n\u00fcll\u00fc olmaqdan imtina etm\u0259k kimi x\u0131rda bir i\u015fl\u0259 biz \u0259slind\u0259 \u00e7ox b\u00f6y\u00fck i\u015f g\u00f6r\u00fcr\u00fck, kampaniya strategiyas\u0131n\u0131 t\u0259\u015fkil edirik. V\u0259 k\u0259nardan \u00e7ox m\u00f6hk\u0259m g\u00f6r\u00fcn\u0259n diktaturan\u0131n (ordu, silahlar, polisl\u0259r, gizli polisl\u0259r, agentl\u0259r, it\u0259atkar c\u0259miyy\u0259t) laxlad\u0131\u011f\u0131n\u0131n da m\u0259hz bu zaman \u015fahidi ola bil\u0259rik. K\u00f6n\u00fcll\u00fc olmaqla siz g\u0259ncl\u0259r h\u0259m d\u0259 rejim\u0259 qar\u015f\u0131 ill\u0259rdir m\u00fcbariz\u0259 aparan, son q\u0259piyini d\u0259 kitab \u00e7ap\u0131, maarifl\u0259ndirm\u0259 kimi i\u015fl\u0259r\u0259 s\u0259rf ed\u0259n, h\u0259bsxanalarda \u00e7\u00fcr\u00fcy\u0259n insanlar\u0131n \u0259ziyy\u0259tin\u0259, \u0259m\u0259yin\u0259 t\u00fcp\u00fcr\u00fcrs\u00fcn\u00fcz. \u0130nan\u0131n ki, pafos deyil. Adbaad saya bil\u0259r\u0259m bel\u0259 insanlar\u0131.\n<\/p>\n<p>\n  Ba\u015fa d\u00fc\u015f\u00fcn, bu, vicdan m\u0259s\u0259l\u0259sidir. \u00d6z \u015f\u0259xsi ambisiyalar\u0131n\u0131z\u0131 \u00fcst\u00fcn tutmaqla, (k\u00f6n\u00fcll\u00fc olmaq el\u0259 d\u0259 b\u00f6y\u00fck u\u011fur deyil, \u00e7\u00fcnki diktaturan\u0131n siz\u0259 ehtiyac\u0131 var v\u0259 siz d\u0259 bu f\u00fcrs\u0259td\u0259n istifad\u0259 edirsiniz) \u00fcmumi m\u0259s\u0259l\u0259l\u0259rd\u0259n imtina etm\u0259kl\u0259, vicdan\u0131n\u0131z\u0131 b\u0259han\u0259l\u0259rl\u0259 susdurmaqla sizin mill\u0259tin taleyiyl\u0259 oynad\u0131\u011f\u0131n\u0131z\u0131 tarix g\u00f6st\u0259r\u0259c\u0259k. S\u0259hv edirsiniz. T\u00fcp\u00fcr\u00fcn bir ay\u0131 m\u00fcf pul \u00fc\u00e7\u00fcn g\u0259l\u0259n ikinci d\u0259r\u0259c\u0259li avropal\u0131 idman\u00e7\u0131lara, Avropa havas\u0131na, \u015f\u0259nliy\u0259, CV-d\u0259 yaz\u0131lacaq x\u0131rda bir \u00fcst\u00fcnl\u00fcy\u0259. Sizin x\u0131rda bir imtinan\u0131z b\u00f6y\u00fck kampaniya strategiyas\u0131, birlik v\u0259 milli u\u011fur dem\u0259k olacaq. Qaraba\u011f m\u0259s\u0259l\u0259sin\u0259 d\u0259 aldanmay\u0131n. Pullar Qaraba\u011f\u0131 qaytarmaq \u00fc\u00e7\u00fcn x\u0259rcl\u0259nilmir. Neft ucuzla\u015f\u0131r, 2019-da \u00fcmid olunan neftin bahala\u015fmas\u0131yla antib\u00f6hran siyas\u0259ti d\u0259 bir i\u015f\u0259 yaramayacaq. B\u00fcdc\u0259d\u0259 k\u0259srl\u0259r a\u00e7\u0131q-a\u015fkard\u0131r. Doqquz y\u00fcz min b\u00fcdc\u0259 i\u015f\u00e7isi var. Az m\u00fcdd\u0259t sonra art\u0131q d\u00f6vl\u0259tin pul ver\u0259r\u0259k hakimiyy\u0259tini q\u0259bul etdirdiyi bu insanlar da i\u015fsiz qalacaqlar. B\u00fcdc\u0259ni doldurmaq \u00fc\u00e7\u00fcn d\u0259 yen\u0259 xalq\u0131n cibin\u0259 giril\u0259c\u0259k. V\u0259 Avropa Oyunlar\u0131na biletl\u0259r d\u0259 m\u0259hz b\u00fcdc\u0259 t\u0259\u015fkilatlar\u0131nda i\u015fl\u0259y\u0259nl\u0259r\u0259 sat\u0131lacaq.\n<\/p>\n<p>\n  Sizi vicdan\u0131n\u0131zla ba\u015f-ba\u015fa burax\u0131ram. Qar\u0131\u015f\u0131q da olsa, yazd\u0131\u011f\u0131m fikirl\u0259ri beyninizd\u0259 sisteml\u0259\u015fdirib, onlardan birind\u0259 \u00f6z\u00fcn\u00fcz\u00fc tapaca\u011f\u0131n\u0131zdan \u0259min\u0259m. H\u0259r \u015fey qal\u0131b sizin \u00fcmidiniz\u0259. \u018fg\u0259r zorla sizi bu i\u015fl\u0259r\u0259 c\u0259lb ets\u0259l\u0259r bel\u0259, vicdan\u0131n\u0131z\u0131 unutmay\u0131n. Bu \u00f6lk\u0259 sizindir. Onun pullar\u0131n\u0131 diktaturan\u0131n s\u0259pm\u0259sin\u0259 imkan verm\u0259yin. K\u00f6n\u00fcll\u00fc olmamaqla siz ac insanlar\u0131n bo\u011faz\u0131ndan k\u0259sil\u0259n pullarla \u00f6z\u00fcn\u00fc s\u0259xav\u0259tli g\u00f6st\u0259r\u0259n hakimiyy\u0259ti biab\u0131r ed\u0259 bil\u0259rsiniz, onlar\u0131n maskas\u0131n\u0131 y\u0131rta bil\u0259rsiniz v\u0259 diktaturan\u0131 \u0259m\u0259lli-ba\u015fl\u0131 qorxuda bil\u0259rsiniz (qoca v\u0259 meymunlar m\u0259s\u0259l\u0259si). V\u0259 \u0259n \u0259sas\u0131 da Avropaya qaz olmad\u0131\u011f\u0131m\u0131z\u0131 g\u00f6st\u0259r\u0259 bil\u0259rik. Say\u011f\u0131lar\u0131n\u0131zla. Oxudu\u011funuza g\u00f6r\u0259 minn\u0259tdaram.<\/p>\n","protected":false},"excerpt":{"rendered":"<p>Avropal\u0131lardan g\u0259l\u0259c\u0259k umanlar<\/p>\n","protected":false},"author":11,"featured_media":22957,"comment_status":"closed","ping_status":"open","sticky":false,"template":"","format":"standard","meta":{"_acf_changed":false,"_sitemap_exclude":false,"_sitemap_priority":"","_sitemap_frequency":"","footnotes":""},"categories":[57],"tags":[],"class_list":["post-167623","post","type-post","status-publish","format-standard","has-post-thumbnail","hentry","category-menim-fikrimce","infinite-scroll-item","generate-columns","tablet-grid-50","mobile-grid-100","grid-parent","grid-33","no-featured-image-padding"],"acf":[],"yoast_head":"<!-- This site is optimized with the Yoast SEO plugin v27.5 - https:\/\/yoast.com\/product\/yoast-seo-wordpress\/ -->\n<title>K\u00f6n\u00fcll\u00fcl\u0259r - MEYDAN.TV<\/title>\n<meta name=\"robots\" content=\"index, follow, max-snippet:-1, max-image-preview:large, max-video-preview:-1\" \/>\n<link rel=\"canonical\" href=\"https:\/\/www.meydan.tv\/az\/article\/konulluler\/\" \/>\n<meta property=\"og:locale\" content=\"az_AZ\" \/>\n<meta property=\"og:type\" content=\"article\" \/>\n<meta property=\"og:title\" content=\"K\u00f6n\u00fcll\u00fcl\u0259r - MEYDAN.TV\" \/>\n<meta property=\"og:description\" content=\"Avropal\u0131lardan g\u0259l\u0259c\u0259k umanlar\" \/>\n<meta property=\"og:url\" content=\"https:\/\/www.meydan.tv\/az\/article\/konulluler\/\" \/>\n<meta property=\"og:site_name\" content=\"MEYDAN.TV\" \/>\n<meta property=\"article:published_time\" content=\"2015-04-21T04:06:14+00:00\" \/>\n<meta property=\"og:image\" content=\"https:\/\/www.meydan.tv\/wp-content\/uploads\/8351.jpg\" \/>\n\t<meta property=\"og:image:width\" content=\"400\" \/>\n\t<meta property=\"og:image:height\" content=\"400\" \/>\n\t<meta property=\"og:image:type\" content=\"image\/jpeg\" \/>\n<meta name=\"author\" content=\"user-manager\" \/>\n<meta name=\"twitter:card\" content=\"summary_large_image\" \/>\n<script type=\"application\/ld+json\" class=\"yoast-schema-graph\">{\"@context\":\"https:\\\/\\\/schema.org\",\"@graph\":[{\"@type\":\"Article\",\"@id\":\"https:\\\/\\\/www.meydan.tv\\\/az\\\/article\\\/konulluler\\\/#article\",\"isPartOf\":{\"@id\":\"https:\\\/\\\/www.meydan.tv\\\/az\\\/article\\\/konulluler\\\/\"},\"author\":{\"name\":\"user-manager\",\"@id\":\"https:\\\/\\\/www.meydan.tv\\\/az\\\/#\\\/schema\\\/person\\\/10d11eccf6da3662cf5fdab9806ea91a\"},\"headline\":\"K\u00f6n\u00fcll\u00fcl\u0259r\",\"datePublished\":\"2015-04-21T04:06:14+00:00\",\"mainEntityOfPage\":{\"@id\":\"https:\\\/\\\/www.meydan.tv\\\/az\\\/article\\\/konulluler\\\/\"},\"wordCount\":2014,\"publisher\":{\"@id\":\"https:\\\/\\\/www.meydan.tv\\\/az\\\/#organization\"},\"image\":{\"@id\":\"https:\\\/\\\/www.meydan.tv\\\/az\\\/article\\\/konulluler\\\/#primaryimage\"},\"thumbnailUrl\":\"https:\\\/\\\/www.meydan.tv\\\/wp-content\\\/uploads\\\/8351.jpg\",\"articleSection\":[\"M\u0259nim Fikrimc\u0259\"],\"inLanguage\":\"az\"},{\"@type\":\"WebPage\",\"@id\":\"https:\\\/\\\/www.meydan.tv\\\/az\\\/article\\\/konulluler\\\/\",\"url\":\"https:\\\/\\\/www.meydan.tv\\\/az\\\/article\\\/konulluler\\\/\",\"name\":\"K\u00f6n\u00fcll\u00fcl\u0259r - MEYDAN.TV\",\"isPartOf\":{\"@id\":\"https:\\\/\\\/www.meydan.tv\\\/az\\\/#website\"},\"primaryImageOfPage\":{\"@id\":\"https:\\\/\\\/www.meydan.tv\\\/az\\\/article\\\/konulluler\\\/#primaryimage\"},\"image\":{\"@id\":\"https:\\\/\\\/www.meydan.tv\\\/az\\\/article\\\/konulluler\\\/#primaryimage\"},\"thumbnailUrl\":\"https:\\\/\\\/www.meydan.tv\\\/wp-content\\\/uploads\\\/8351.jpg\",\"datePublished\":\"2015-04-21T04:06:14+00:00\",\"breadcrumb\":{\"@id\":\"https:\\\/\\\/www.meydan.tv\\\/az\\\/article\\\/konulluler\\\/#breadcrumb\"},\"inLanguage\":\"az\",\"potentialAction\":[{\"@type\":\"ReadAction\",\"target\":[\"https:\\\/\\\/www.meydan.tv\\\/az\\\/article\\\/konulluler\\\/\"]}]},{\"@type\":\"ImageObject\",\"inLanguage\":\"az\",\"@id\":\"https:\\\/\\\/www.meydan.tv\\\/az\\\/article\\\/konulluler\\\/#primaryimage\",\"url\":\"https:\\\/\\\/www.meydan.tv\\\/wp-content\\\/uploads\\\/8351.jpg\",\"contentUrl\":\"https:\\\/\\\/www.meydan.tv\\\/wp-content\\\/uploads\\\/8351.jpg\",\"width\":400,\"height\":400,\"caption\":\"Source:\"},{\"@type\":\"BreadcrumbList\",\"@id\":\"https:\\\/\\\/www.meydan.tv\\\/az\\\/article\\\/konulluler\\\/#breadcrumb\",\"itemListElement\":[{\"@type\":\"ListItem\",\"position\":1,\"name\":\"Ana s\u0259hif\u0259\",\"item\":\"https:\\\/\\\/www.meydan.tv\\\/az\\\/\"},{\"@type\":\"ListItem\",\"position\":2,\"name\":\"M\u0259nim Fikrimc\u0259\",\"item\":\"https:\\\/\\\/www.meydan.tv\\\/az\\\/section\\\/menim-fikrimce\\\/\"},{\"@type\":\"ListItem\",\"position\":3,\"name\":\"K\u00f6n\u00fcll\u00fcl\u0259r\"}]},{\"@type\":\"WebSite\",\"@id\":\"https:\\\/\\\/www.meydan.tv\\\/az\\\/#website\",\"url\":\"https:\\\/\\\/www.meydan.tv\\\/az\\\/\",\"name\":\"MEYDAN.TV\",\"description\":\"Meydan TV Az\u0259rbaycan\u0131n media m\u0259kan\u0131ndak\u0131 alternativ s\u0259sidir\",\"publisher\":{\"@id\":\"https:\\\/\\\/www.meydan.tv\\\/az\\\/#organization\"},\"potentialAction\":[{\"@type\":\"SearchAction\",\"target\":{\"@type\":\"EntryPoint\",\"urlTemplate\":\"https:\\\/\\\/www.meydan.tv\\\/az\\\/?s={search_term_string}\"},\"query-input\":{\"@type\":\"PropertyValueSpecification\",\"valueRequired\":true,\"valueName\":\"search_term_string\"}}],\"inLanguage\":\"az\"},{\"@type\":\"Organization\",\"@id\":\"https:\\\/\\\/www.meydan.tv\\\/az\\\/#organization\",\"name\":\"Meydan TV\",\"url\":\"https:\\\/\\\/www.meydan.tv\\\/az\\\/\",\"logo\":{\"@type\":\"ImageObject\",\"inLanguage\":\"az\",\"@id\":\"https:\\\/\\\/www.meydan.tv\\\/az\\\/#\\\/schema\\\/logo\\\/image\\\/\",\"url\":\"https:\\\/\\\/www.meydan.tv\\\/wp-content\\\/uploads\\\/2021\\\/07\\\/meydan-logo.svg\",\"contentUrl\":\"https:\\\/\\\/www.meydan.tv\\\/wp-content\\\/uploads\\\/2021\\\/07\\\/meydan-logo.svg\",\"width\":195,\"height\":46,\"caption\":\"Meydan TV\"},\"image\":{\"@id\":\"https:\\\/\\\/www.meydan.tv\\\/az\\\/#\\\/schema\\\/logo\\\/image\\\/\"}},{\"@type\":\"Person\",\"@id\":\"https:\\\/\\\/www.meydan.tv\\\/az\\\/#\\\/schema\\\/person\\\/10d11eccf6da3662cf5fdab9806ea91a\",\"name\":\"user-manager\"}]}<\/script>\n<!-- \/ Yoast SEO plugin. -->","yoast_head_json":{"title":"K\u00f6n\u00fcll\u00fcl\u0259r - MEYDAN.TV","robots":{"index":"index","follow":"follow","max-snippet":"max-snippet:-1","max-image-preview":"max-image-preview:large","max-video-preview":"max-video-preview:-1"},"canonical":"https:\/\/www.meydan.tv\/az\/article\/konulluler\/","og_locale":"az_AZ","og_type":"article","og_title":"K\u00f6n\u00fcll\u00fcl\u0259r - MEYDAN.TV","og_description":"Avropal\u0131lardan g\u0259l\u0259c\u0259k umanlar","og_url":"https:\/\/www.meydan.tv\/az\/article\/konulluler\/","og_site_name":"MEYDAN.TV","article_published_time":"2015-04-21T04:06:14+00:00","og_image":[{"width":400,"height":400,"url":"https:\/\/www.meydan.tv\/wp-content\/uploads\/8351.jpg","type":"image\/jpeg"}],"author":"user-manager","twitter_card":"summary_large_image","schema":{"@context":"https:\/\/schema.org","@graph":[{"@type":"Article","@id":"https:\/\/www.meydan.tv\/az\/article\/konulluler\/#article","isPartOf":{"@id":"https:\/\/www.meydan.tv\/az\/article\/konulluler\/"},"author":{"name":"user-manager","@id":"https:\/\/www.meydan.tv\/az\/#\/schema\/person\/10d11eccf6da3662cf5fdab9806ea91a"},"headline":"K\u00f6n\u00fcll\u00fcl\u0259r","datePublished":"2015-04-21T04:06:14+00:00","mainEntityOfPage":{"@id":"https:\/\/www.meydan.tv\/az\/article\/konulluler\/"},"wordCount":2014,"publisher":{"@id":"https:\/\/www.meydan.tv\/az\/#organization"},"image":{"@id":"https:\/\/www.meydan.tv\/az\/article\/konulluler\/#primaryimage"},"thumbnailUrl":"https:\/\/www.meydan.tv\/wp-content\/uploads\/8351.jpg","articleSection":["M\u0259nim Fikrimc\u0259"],"inLanguage":"az"},{"@type":"WebPage","@id":"https:\/\/www.meydan.tv\/az\/article\/konulluler\/","url":"https:\/\/www.meydan.tv\/az\/article\/konulluler\/","name":"K\u00f6n\u00fcll\u00fcl\u0259r - MEYDAN.TV","isPartOf":{"@id":"https:\/\/www.meydan.tv\/az\/#website"},"primaryImageOfPage":{"@id":"https:\/\/www.meydan.tv\/az\/article\/konulluler\/#primaryimage"},"image":{"@id":"https:\/\/www.meydan.tv\/az\/article\/konulluler\/#primaryimage"},"thumbnailUrl":"https:\/\/www.meydan.tv\/wp-content\/uploads\/8351.jpg","datePublished":"2015-04-21T04:06:14+00:00","breadcrumb":{"@id":"https:\/\/www.meydan.tv\/az\/article\/konulluler\/#breadcrumb"},"inLanguage":"az","potentialAction":[{"@type":"ReadAction","target":["https:\/\/www.meydan.tv\/az\/article\/konulluler\/"]}]},{"@type":"ImageObject","inLanguage":"az","@id":"https:\/\/www.meydan.tv\/az\/article\/konulluler\/#primaryimage","url":"https:\/\/www.meydan.tv\/wp-content\/uploads\/8351.jpg","contentUrl":"https:\/\/www.meydan.tv\/wp-content\/uploads\/8351.jpg","width":400,"height":400,"caption":"Source:"},{"@type":"BreadcrumbList","@id":"https:\/\/www.meydan.tv\/az\/article\/konulluler\/#breadcrumb","itemListElement":[{"@type":"ListItem","position":1,"name":"Ana s\u0259hif\u0259","item":"https:\/\/www.meydan.tv\/az\/"},{"@type":"ListItem","position":2,"name":"M\u0259nim Fikrimc\u0259","item":"https:\/\/www.meydan.tv\/az\/section\/menim-fikrimce\/"},{"@type":"ListItem","position":3,"name":"K\u00f6n\u00fcll\u00fcl\u0259r"}]},{"@type":"WebSite","@id":"https:\/\/www.meydan.tv\/az\/#website","url":"https:\/\/www.meydan.tv\/az\/","name":"MEYDAN.TV","description":"Meydan TV Az\u0259rbaycan\u0131n media m\u0259kan\u0131ndak\u0131 alternativ s\u0259sidir","publisher":{"@id":"https:\/\/www.meydan.tv\/az\/#organization"},"potentialAction":[{"@type":"SearchAction","target":{"@type":"EntryPoint","urlTemplate":"https:\/\/www.meydan.tv\/az\/?s={search_term_string}"},"query-input":{"@type":"PropertyValueSpecification","valueRequired":true,"valueName":"search_term_string"}}],"inLanguage":"az"},{"@type":"Organization","@id":"https:\/\/www.meydan.tv\/az\/#organization","name":"Meydan TV","url":"https:\/\/www.meydan.tv\/az\/","logo":{"@type":"ImageObject","inLanguage":"az","@id":"https:\/\/www.meydan.tv\/az\/#\/schema\/logo\/image\/","url":"https:\/\/www.meydan.tv\/wp-content\/uploads\/2021\/07\/meydan-logo.svg","contentUrl":"https:\/\/www.meydan.tv\/wp-content\/uploads\/2021\/07\/meydan-logo.svg","width":195,"height":46,"caption":"Meydan TV"},"image":{"@id":"https:\/\/www.meydan.tv\/az\/#\/schema\/logo\/image\/"}},{"@type":"Person","@id":"https:\/\/www.meydan.tv\/az\/#\/schema\/person\/10d11eccf6da3662cf5fdab9806ea91a","name":"user-manager"}]}},"_links":{"self":[{"href":"https:\/\/www.meydan.tv\/az\/wp-json\/wp\/v2\/posts\/167623","targetHints":{"allow":["GET"]}}],"collection":[{"href":"https:\/\/www.meydan.tv\/az\/wp-json\/wp\/v2\/posts"}],"about":[{"href":"https:\/\/www.meydan.tv\/az\/wp-json\/wp\/v2\/types\/post"}],"author":[{"embeddable":true,"href":"https:\/\/www.meydan.tv\/az\/wp-json\/wp\/v2\/users\/11"}],"replies":[{"embeddable":true,"href":"https:\/\/www.meydan.tv\/az\/wp-json\/wp\/v2\/comments?post=167623"}],"version-history":[{"count":0,"href":"https:\/\/www.meydan.tv\/az\/wp-json\/wp\/v2\/posts\/167623\/revisions"}],"wp:featuredmedia":[{"embeddable":true,"href":"https:\/\/www.meydan.tv\/az\/wp-json\/wp\/v2\/media\/22957"}],"wp:attachment":[{"href":"https:\/\/www.meydan.tv\/az\/wp-json\/wp\/v2\/media?parent=167623"}],"wp:term":[{"taxonomy":"category","embeddable":true,"href":"https:\/\/www.meydan.tv\/az\/wp-json\/wp\/v2\/categories?post=167623"},{"taxonomy":"post_tag","embeddable":true,"href":"https:\/\/www.meydan.tv\/az\/wp-json\/wp\/v2\/tags?post=167623"}],"curies":[{"name":"wp","href":"https:\/\/api.w.org\/{rel}","templated":true}]}}