{"id":167622,"date":"2015-04-20T23:06:09","date_gmt":"2015-04-20T23:06:09","guid":{"rendered":"https:\/\/www.meydan.tv\/article\/1915-osmanli-dosyesi-kitabinin-teqdimat-merasimi-olub\/"},"modified":"2015-04-20T23:06:09","modified_gmt":"2015-04-20T23:06:09","slug":"1915-osmanli-dosyesi-kitabinin-teqdimat-merasimi-olub","status":"publish","type":"post","link":"https:\/\/www.meydan.tv\/az\/article\/1915-osmanli-dosyesi-kitabinin-teqdimat-merasimi-olub\/","title":{"rendered":"\u201c1915- Osmanl\u0131 dosyesi\u201d kitab\u0131n\u0131n t\u0259qdimat m\u0259rasimi olub"},"content":{"rendered":"<figure class=\"wp-block-image size-large\">\n  <img decoding=\"async\" src=\"https:\/\/www.meydan.tv\/az\/22993\/\" alt=\"\" class=\"wp-image-22993\"\/><figcaption><\/figcaption><\/figure>\n<figure class=\"wp-block-image size-large\">\n  <img decoding=\"async\" src=\"https:\/\/www.meydan.tv\/az\/22993\/\" alt=\"\" class=\"wp-image-22993\"\/><figcaption><\/figcaption><\/figure>\n<p>\n  <i><br \/>\n    M\u00fc\u0259llif Az\u0259rbaycan tarix\u00e7il\u0259rini Avropa m\u0259nb\u0259l\u0259rind\u0259n istifad\u0259 etm\u0259m\u0259kd\u0259 ittiham edib<br \/>\n  <\/i>\n<\/p>\n<p>\n  \u018fli Hac\u0131zad\u0259 bazar ert\u0259si \u201cPark.\u0130NN\u201d otelind\u0259 m\u00fc\u0259llifi oldu\u011fu \u201c1915-Osmanl\u0131 dosyesi\u201d kitab\u0131n\u0131n t\u0259qdimat m\u0259rasimini ke\u00e7irib.\n<\/p>\n<p>\n  Kitab 1915-ci ild\u0259 Osmanl\u0131 \u0130mperiyas\u0131nda \u201cerm\u0259ni m\u0259s\u0259l\u0259sin\u0259\u201d h\u0259sr edilib. T\u0259qdimat m\u0259rasimind\u0259 \u00e7\u0131x\u0131\u015f ed\u0259n m\u00fc\u0259llif\u00a0 \u0259s\u0259rin yarad\u0131lmas\u0131 haqda m\u0259lumat verib. O qeyd edib ki, tarix\u00e7il\u0259r \u00e7ox zaman a\u00e7\u0131q m\u0259nb\u0259l\u0259rl\u0259 i\u015fl\u0259yib, daha \u00e7ox t\u00fcrk v\u0259 rus a\u00e7\u0131q m\u0259nb\u0259l\u0259rin\u0259 istinad edibl\u0259r. O, indiki kitab\u0131n Q\u0259rb universitetl\u0259rinin, Rusiya arxivl\u0259rinin qapal\u0131 m\u0259nb\u0259l\u0259rin\u0259 istinad\u0259n haz\u0131rland\u0131\u011f\u0131n\u0131 n\u0259z\u0259r\u0259 \u00e7atd\u0131r\u0131b. \u018f.Hac\u0131zad\u0259 bu m\u0259s\u0259l\u0259 il\u0259 ba\u011fl\u0131 Az\u0259rbaycan tarix\u00e7il\u0259rini Avropa m\u0259nb\u0259l\u0259rind\u0259n istifad\u0259 etm\u0259m\u0259kd\u0259 ittiham edib.\n<\/p>\n<p>\n  M\u00fc\u0259llif kitab\u0131n rus dilind\u0259 n\u0259\u015fr edilm\u0259si haqda da a\u00e7\u0131qlama verib. Onun s\u00f6zl\u0259rin\u0259 g\u00f6r\u0259, az\u0259rbaycandilli auditoriyan\u0131n ancaq 2-3 faizi bu m\u0259s\u0259l\u0259 il\u0259 maraqlan\u0131r v\u0259 ona g\u00f6r\u0259 d\u0259 kitab\u0131n rus dilind\u0259 haz\u0131rlanmas\u0131 daha \u00e7ox oxucusu olmas\u0131 m\u0259qs\u0259di da\u015f\u0131y\u0131r. \u201c\u018fg\u0259r \u00a0kims\u0259 1915-ci il hadis\u0259l\u0259ri haqda m\u0259lumata malik deyils\u0259, bu kitab\u0131 oxumaqla h\u0259min m\u0259lumatlardan x\u0259b\u0259rdar ola bil\u0259r\u201d, &#8211; dey\u0259 o, kitab\u0131n \u0259h\u0259miyy\u0259tini n\u0259z\u0259r\u0259 \u00e7atd\u0131r\u0131b.\n<\/p>\n<p>\n  1915-ci il \u201cerm\u0259ni soyq\u0131r\u0131m\u0131n\u0131n\u201d s\u0259b\u0259bl\u0259rin\u0259 toxunan m\u00fc\u0259llif\u0259 g\u00f6r\u0259, bu m\u0259s\u0259l\u0259d\u0259 m\u00fcxt\u0259lif missioner q\u00fcvv\u0259l\u0259r t\u0259hrik\u00e7i rolda \u00e7\u0131x\u0131\u015f edibl\u0259r. Bundan \u0259lav\u0259, m\u00fc\u0259llif \u00e7ar Rusiyas\u0131 h\u00f6kum\u0259tinin m\u0259xfi daxili yaz\u0131\u015fma arxivl\u0259rin\u0259 \u0259sas\u0259n \u00e7ar h\u00f6kum\u0259tinin erm\u0259nil\u0259ri Osmanl\u0131 \u0130mperiyas\u0131na qar\u015f\u0131 \u00fcsyana t\u0259hrik etdiyini deyib. Eyni zamanda, Avropadak\u0131 q\u00fcvv\u0259l\u0259r d\u0259 erm\u0259nil\u0259ri Osmanl\u0131 il\u0259 toqqu\u015fma\u011fa \u201ch\u0259v\u0259sl\u0259ndiribl\u0259r\u201d.\n<\/p>\n<p>\n  M\u0259nb\u0259l\u0259rd\u0259 \u00f6nc\u0259 900 min erm\u0259ninin \u201csoyq\u0131r\u0131ma\u201d m\u0259ruz qalmas\u0131, ill\u0259r \u00f6td\u00fckc\u0259 bu r\u0259q\u0259min armas\u0131na da diqq\u0259t \u00e7\u0259kilib. Bel\u0259 yana\u015fmaya \u0259sas\u0259n m\u00fc\u0259llif soyq\u0131r\u0131m iddias\u0131n\u0131n \u0259sass\u0131z oldu\u011funu deyib. 1915-ci il hadis\u0259sil\u0259 paralel aparan m\u00fc\u0259llif II D\u00fcnya m\u00fcharib\u0259sind\u0259n sonra \u00c7exoslovakiyadan 10 milyon n\u0259f\u0259r alman\u0131n qovuldu\u011funu, bunun 15 min n\u0259f\u0259rinin q\u0259tl edildiyini vur\u011fulay\u0131b. \u0130tkil\u0259rin b\u00f6y\u00fckl\u00fcy\u00fcn\u0259 baxmayaraq, bu hadis\u0259nin \u201csoyq\u0131r\u0131m\u201d adlanmamas\u0131na diqq\u0259t \u00e7\u0259kib.\n<\/p>\n<p>\n  \u018f.Hac\u0131zad\u0259 \u201cerm\u0259ni soyq\u0131r\u0131m\u0131na\u201d \u0259sas kimi erm\u0259ni m\u0259nb\u0259l\u0259rinin o zamanki daxili i\u015fl\u0259r naziri Tal\u0259t pa\u015fan\u0131n \u201cerm\u0259nil\u0259ri \u00f6ld\u00fcr\u00fcn\u201d c\u00fcml\u0259sini \u0259sas g\u0259tirdikl\u0259rini deyib, amma ciddi Q\u0259rb tarix\u00e7il\u0259ri bu iddian\u0131 \u0259sass\u0131z sayaraq, he\u00e7 biri ona isnad etm\u0259yib. M\u00fc\u0259llif bir \u00e7ox y\u0259hudi m\u0259nb\u0259l\u0259rinin \u201cerm\u0259ni soyq\u0131m\u0131\u201d olmas\u0131n\u0131 q\u0259bul etm\u0259dikl\u0259rini d\u0259 x\u00fcsusi vur\u011fulay\u0131b.\n<\/p>\n<p>\n  M\u00fc\u0259llif\u0259 g\u00f6r\u0259, 1915-ci il hadis\u0259l\u0259rini erm\u0259nil\u0259r\u0259 qar\u015f\u0131 soyq\u0131r\u0131m adland\u0131rmaq olmaz. \u00c7\u00fcnki bu, birt\u0259r\u0259fli q\u0131r\u011f\u0131n deyil. Burada q\u0131r\u011f\u0131nlar varsa, bu, \u00fc\u00e7t\u0259r\u0259flidir, bel\u0259 ki, bu q\u0131r\u011f\u0131nlarda t\u00fcrkl\u0259r d\u0259, k\u00fcrdl\u0259r d\u0259, erm\u0259nil\u0259r d\u0259 itki veribl\u0259r. Odur ki, buna konkret soyq\u0131r\u0131m kimi yox, \u00fc\u00e7t\u0259r\u0259fli q\u0131r\u011f\u0131n kimi baxmaq olar. \u201cBu q\u0131r\u011f\u0131nlar niy\u0259 ba\u015f verib, s\u0259b\u0259bi n\u0259dir, bu, ayr\u0131 m\u0259s\u0259l\u0259dir v\u0259 he\u00e7 kim he\u00e7 k\u0259si oturdu\u011fu yerd\u0259 g\u0259lib q\u0259tl etm\u0259z, dem\u0259li, bir s\u0259b\u0259bi var\u201d, dey\u0259 \u018f.Hac\u0131zad\u0259 qeyd edib.\n<\/p>\n<p>\n  Kitab 13 f\u0259sild\u0259n, 148 s\u0259hif\u0259d\u0259n ibar\u0259tdir, 2015-ci ild\u0259 \u201cQanun\u201d n\u0259\u015friyyat\u0131nda 500 n\u00fcsx\u0259d\u0259 d\u0259rc edilib. M\u00fc\u0259llif kitab\u0131 1915-ci ild\u0259 Osmanl\u0131 imperiyas\u0131nda ba\u015f ver\u0259n hadis\u0259l\u0259r\u0259, el\u0259c\u0259 d\u0259 h\u0259min qar\u0131\u015f\u0131q d\u00f6vrd\u0259 h\u0259lak olan b\u00fct\u00fcn insanlar\u0131n xatir\u0259sin\u0259 h\u0259sr etdiyini n\u0259z\u0259r\u0259 \u00e7atd\u0131r\u0131r.\n<\/p>\n<p>\n  \u018fli Nizami o\u011flu Hac\u0131zad\u0259 &#8211; K\u0130V v\u0259 PR texnologiyalar\u0131 sah\u0259sind\u0259 m\u00fct\u0259x\u0259ssis, \u201cHajizade Group\u201d \u015firk\u0259tinin ba\u015f direktoru,Vikipediyan\u0131n Az\u0259rbaycan, rus v\u0259 frans\u0131z dilli b\u00f6lm\u0259l\u0259rinin redaktorudur.\n<\/p>\n<p>\n  26 fevral 1984-c\u00fc ild\u0259 Bak\u0131 \u015f\u0259h\u0259rind\u0259 anadan olub, 2000-ci ild\u0259 Bak\u0131 \u015f\u0259h\u0259rind\u0259 8 sayl\u0131 orta m\u0259kt\u0259bi, 2005-ci ild\u0259 Az\u0259rbaycan D\u00f6vl\u0259t R\u0259ssaml\u0131q Akademiyas\u0131n\u0131n s\u0259n\u0259t\u015f\u00fcnasl\u0131q fakult\u0259sini bitirib. 2005-2006-c\u0131 ill\u0259rd\u0259 h\u0259rbi xidm\u0259td\u0259 olub.\n<\/p>\n<p>\n  \u018f.Hac\u0131zad\u0259 Rusiyan\u0131n REX informasiya agentliyinin ekspertl\u0259r \u015furas\u0131n\u0131n \u00fczv\u00fc, \u201cRusiyan\u0131n s\u0259si\u201d radiosunun eksperti, \u201cwww.gulustan.info\u201d analitik-informasiya sayt\u0131n\u0131n, \u201cwww.sbm.az on-layn jurnal\u0131\u201dn\u0131n, \u201cwww.xocali.org\u201d v\u0259 s. internet layih\u0259l\u0259rinin yarad\u0131c\u0131s\u0131 v\u0259 sahibidir.\n<\/p>\n<p>\n  2013-c\u00fc ilin may\u0131nda \u201cHajizade Group\u201d, Az\u0259rbaycanda \u201cTwitter\u201din Az\u0259rbaycan seqmentind\u0259, statistikan\u0131, populyar trendl\u0259ri v\u0259 aktiv istifad\u0259\u00e7il\u0259ri t\u0259yin ed\u0259n \u201cwww.aztwi.com\u201d sayt\u0131n\u0131n \u018fli Hac\u0131zad\u0259nin r\u0259hb\u0259rlik etdiyi \u201cHajizade Group\u201d \u015firk\u0259tinin bir hiss\u0259si oldu\u011funu a\u00e7\u0131qlay\u0131b.\n<\/p><\/p>\n","protected":false},"excerpt":{"rendered":"<p>M\u00fc\u0259llif Az\u0259rbaycan tarix\u00e7il\u0259rini Avropa m\u0259nb\u0259l\u0259rind\u0259n istifad\u0259 etm\u0259m\u0259kd\u0259 ittiham edib<\/p>\n","protected":false},"author":11,"featured_media":22993,"comment_status":"closed","ping_status":"open","sticky":false,"template":"","format":"standard","meta":{"_acf_changed":false,"_sitemap_exclude":false,"_sitemap_priority":"","_sitemap_frequency":"","footnotes":""},"categories":[56],"tags":[],"class_list":["post-167622","post","type-post","status-publish","format-standard","has-post-thumbnail","hentry","category-xeberler","infinite-scroll-item","generate-columns","tablet-grid-50","mobile-grid-100","grid-parent","grid-33","no-featured-image-padding"],"acf":[],"yoast_head":"<!-- This site is optimized with the Yoast SEO plugin v28.4 - https:\/\/yoast.com\/product\/yoast-seo-wordpress\/ -->\n<title>\u201c1915- Osmanl\u0131 dosyesi\u201d kitab\u0131n\u0131n t\u0259qdimat m\u0259rasimi olub - MEYDAN.TV<\/title>\n<meta name=\"robots\" content=\"index, follow, max-snippet:-1, max-image-preview:large, max-video-preview:-1\" \/>\n<link rel=\"canonical\" href=\"https:\/\/www.meydan.tv\/az\/article\/1915-osmanli-dosyesi-kitabinin-teqdimat-merasimi-olub\/\" \/>\n<meta property=\"og:locale\" content=\"az_AZ\" \/>\n<meta property=\"og:type\" content=\"article\" \/>\n<meta property=\"og:title\" content=\"\u201c1915- Osmanl\u0131 dosyesi\u201d kitab\u0131n\u0131n t\u0259qdimat m\u0259rasimi olub - MEYDAN.TV\" \/>\n<meta property=\"og:description\" content=\"M\u00fc\u0259llif Az\u0259rbaycan tarix\u00e7il\u0259rini Avropa m\u0259nb\u0259l\u0259rind\u0259n istifad\u0259 etm\u0259m\u0259kd\u0259 ittiham edib\" \/>\n<meta property=\"og:url\" content=\"https:\/\/www.meydan.tv\/az\/article\/1915-osmanli-dosyesi-kitabinin-teqdimat-merasimi-olub\/\" \/>\n<meta property=\"og:site_name\" content=\"MEYDAN.TV\" \/>\n<meta property=\"article:published_time\" content=\"2015-04-20T23:06:09+00:00\" \/>\n<meta property=\"og:image\" content=\"https:\/\/www.meydan.tv\/wp-content\/uploads\/8350.jpg\" \/>\n\t<meta property=\"og:image:width\" content=\"400\" \/>\n\t<meta property=\"og:image:height\" content=\"267\" \/>\n\t<meta property=\"og:image:type\" content=\"image\/jpeg\" \/>\n<meta name=\"twitter:card\" content=\"summary_large_image\" \/>\n<!-- \/ Yoast SEO plugin. -->","yoast_head_json":{"title":"\u201c1915- Osmanl\u0131 dosyesi\u201d kitab\u0131n\u0131n t\u0259qdimat m\u0259rasimi olub - MEYDAN.TV","robots":{"index":"index","follow":"follow","max-snippet":"max-snippet:-1","max-image-preview":"max-image-preview:large","max-video-preview":"max-video-preview:-1"},"canonical":"https:\/\/www.meydan.tv\/az\/article\/1915-osmanli-dosyesi-kitabinin-teqdimat-merasimi-olub\/","og_locale":"az_AZ","og_type":"article","og_title":"\u201c1915- Osmanl\u0131 dosyesi\u201d kitab\u0131n\u0131n t\u0259qdimat m\u0259rasimi olub - MEYDAN.TV","og_description":"M\u00fc\u0259llif Az\u0259rbaycan tarix\u00e7il\u0259rini Avropa m\u0259nb\u0259l\u0259rind\u0259n istifad\u0259 etm\u0259m\u0259kd\u0259 ittiham edib","og_url":"https:\/\/www.meydan.tv\/az\/article\/1915-osmanli-dosyesi-kitabinin-teqdimat-merasimi-olub\/","og_site_name":"MEYDAN.TV","article_published_time":"2015-04-20T23:06:09+00:00","og_image":[{"width":400,"height":267,"url":"https:\/\/www.meydan.tv\/wp-content\/uploads\/8350.jpg","type":"image\/jpeg"}],"twitter_card":"summary_large_image","schema":{"@context":"https:\/\/schema.org","@graph":[{"@type":"Article","@id":"https:\/\/www.meydan.tv\/az\/article\/1915-osmanli-dosyesi-kitabinin-teqdimat-merasimi-olub\/#article","isPartOf":{"@id":"https:\/\/www.meydan.tv\/az\/article\/1915-osmanli-dosyesi-kitabinin-teqdimat-merasimi-olub\/"},"author":{"name":"user-manager","@id":"https:\/\/www.meydan.tv\/az\/#\/schema\/person\/10d11eccf6da3662cf5fdab9806ea91a"},"headline":"\u201c1915- Osmanl\u0131 dosyesi\u201d kitab\u0131n\u0131n t\u0259qdimat m\u0259rasimi olub","datePublished":"2015-04-20T23:06:09+00:00","mainEntityOfPage":{"@id":"https:\/\/www.meydan.tv\/az\/article\/1915-osmanli-dosyesi-kitabinin-teqdimat-merasimi-olub\/"},"wordCount":919,"publisher":{"@id":"https:\/\/www.meydan.tv\/az\/#organization"},"image":{"@id":"https:\/\/www.meydan.tv\/az\/article\/1915-osmanli-dosyesi-kitabinin-teqdimat-merasimi-olub\/#primaryimage"},"thumbnailUrl":"https:\/\/www.meydan.tv\/wp-content\/uploads\/8350.jpg","articleSection":["X\u0259b\u0259rl\u0259r"],"inLanguage":"az"},{"@type":"WebPage","@id":"https:\/\/www.meydan.tv\/az\/article\/1915-osmanli-dosyesi-kitabinin-teqdimat-merasimi-olub\/","url":"https:\/\/www.meydan.tv\/az\/article\/1915-osmanli-dosyesi-kitabinin-teqdimat-merasimi-olub\/","name":"\u201c1915- Osmanl\u0131 dosyesi\u201d kitab\u0131n\u0131n t\u0259qdimat m\u0259rasimi olub - MEYDAN.TV","isPartOf":{"@id":"https:\/\/www.meydan.tv\/az\/#website"},"primaryImageOfPage":{"@id":"https:\/\/www.meydan.tv\/az\/article\/1915-osmanli-dosyesi-kitabinin-teqdimat-merasimi-olub\/#primaryimage"},"image":{"@id":"https:\/\/www.meydan.tv\/az\/article\/1915-osmanli-dosyesi-kitabinin-teqdimat-merasimi-olub\/#primaryimage"},"thumbnailUrl":"https:\/\/www.meydan.tv\/wp-content\/uploads\/8350.jpg","datePublished":"2015-04-20T23:06:09+00:00","breadcrumb":{"@id":"https:\/\/www.meydan.tv\/az\/article\/1915-osmanli-dosyesi-kitabinin-teqdimat-merasimi-olub\/#breadcrumb"},"inLanguage":"az","potentialAction":[{"@type":"ReadAction","target":["https:\/\/www.meydan.tv\/az\/article\/1915-osmanli-dosyesi-kitabinin-teqdimat-merasimi-olub\/"]}]},{"@type":"ImageObject","inLanguage":"az","@id":"https:\/\/www.meydan.tv\/az\/article\/1915-osmanli-dosyesi-kitabinin-teqdimat-merasimi-olub\/#primaryimage","url":"https:\/\/www.meydan.tv\/wp-content\/uploads\/8350.jpg","contentUrl":"https:\/\/www.meydan.tv\/wp-content\/uploads\/8350.jpg","width":400,"height":267,"caption":"Source:"},{"@type":"BreadcrumbList","@id":"https:\/\/www.meydan.tv\/az\/article\/1915-osmanli-dosyesi-kitabinin-teqdimat-merasimi-olub\/#breadcrumb","itemListElement":[{"@type":"ListItem","position":1,"name":"Ana s\u0259hif\u0259","item":"https:\/\/www.meydan.tv\/az\/"},{"@type":"ListItem","position":2,"name":"X\u0259b\u0259rl\u0259r","item":"https:\/\/www.meydan.tv\/az\/section\/xeberler\/"},{"@type":"ListItem","position":3,"name":"\u201c1915- Osmanl\u0131 dosyesi\u201d kitab\u0131n\u0131n t\u0259qdimat m\u0259rasimi olub"}]},{"@type":"WebSite","@id":"https:\/\/www.meydan.tv\/az\/#website","url":"https:\/\/www.meydan.tv\/az\/","name":"MEYDAN.TV","description":"Meydan TV Az\u0259rbaycan\u0131n media m\u0259kan\u0131ndak\u0131 alternativ s\u0259sidir","publisher":{"@id":"https:\/\/www.meydan.tv\/az\/#organization"},"potentialAction":[{"@type":"SearchAction","target":{"@type":"EntryPoint","urlTemplate":"https:\/\/www.meydan.tv\/az\/?s={search_term_string}"},"query-input":{"@type":"PropertyValueSpecification","valueRequired":true,"valueName":"search_term_string"}}],"inLanguage":"az"},{"@type":"Organization","@id":"https:\/\/www.meydan.tv\/az\/#organization","name":"Meydan TV","url":"https:\/\/www.meydan.tv\/az\/","logo":{"@type":"ImageObject","inLanguage":"az","@id":"https:\/\/www.meydan.tv\/az\/#\/schema\/logo\/image\/","url":"https:\/\/www.meydan.tv\/wp-content\/uploads\/2021\/07\/meydan-logo.svg","contentUrl":"https:\/\/www.meydan.tv\/wp-content\/uploads\/2021\/07\/meydan-logo.svg","width":195,"height":46,"caption":"Meydan TV"},"image":{"@id":"https:\/\/www.meydan.tv\/az\/#\/schema\/logo\/image\/"}},{"@type":"Person","@id":"https:\/\/www.meydan.tv\/az\/#\/schema\/person\/10d11eccf6da3662cf5fdab9806ea91a","name":"user-manager"}]}},"_links":{"self":[{"href":"https:\/\/www.meydan.tv\/az\/wp-json\/wp\/v2\/posts\/167622","targetHints":{"allow":["GET"]}}],"collection":[{"href":"https:\/\/www.meydan.tv\/az\/wp-json\/wp\/v2\/posts"}],"about":[{"href":"https:\/\/www.meydan.tv\/az\/wp-json\/wp\/v2\/types\/post"}],"author":[{"embeddable":true,"href":"https:\/\/www.meydan.tv\/az\/wp-json\/wp\/v2\/users\/11"}],"replies":[{"embeddable":true,"href":"https:\/\/www.meydan.tv\/az\/wp-json\/wp\/v2\/comments?post=167622"}],"version-history":[{"count":0,"href":"https:\/\/www.meydan.tv\/az\/wp-json\/wp\/v2\/posts\/167622\/revisions"}],"wp:featuredmedia":[{"embeddable":true,"href":"https:\/\/www.meydan.tv\/az\/wp-json\/wp\/v2\/media\/22993"}],"wp:attachment":[{"href":"https:\/\/www.meydan.tv\/az\/wp-json\/wp\/v2\/media?parent=167622"}],"wp:term":[{"taxonomy":"category","embeddable":true,"href":"https:\/\/www.meydan.tv\/az\/wp-json\/wp\/v2\/categories?post=167622"},{"taxonomy":"post_tag","embeddable":true,"href":"https:\/\/www.meydan.tv\/az\/wp-json\/wp\/v2\/tags?post=167622"}],"curies":[{"name":"wp","href":"https:\/\/api.w.org\/{rel}","templated":true}]}}