{"id":167621,"date":"2015-04-20T19:16:16","date_gmt":"2015-04-20T19:16:16","guid":{"rendered":"https:\/\/www.meydan.tv\/article\/maliyye-naziri-2015-ci-il-dovlet-budcesine-deyisikliklere-luzum-gormur\/"},"modified":"2015-04-20T19:16:16","modified_gmt":"2015-04-20T19:16:16","slug":"maliyye-naziri-2015-ci-il-dovlet-budcesine-deyisikliklere-luzum-gormur","status":"publish","type":"post","link":"https:\/\/www.meydan.tv\/az\/article\/maliyye-naziri-2015-ci-il-dovlet-budcesine-deyisikliklere-luzum-gormur\/","title":{"rendered":"Maliyy\u0259 naziri 2015-ci il d\u00f6vl\u0259t b\u00fcdc\u0259sin\u0259 d\u0259yi\u015fiklikl\u0259r\u0259 l\u00fczum g\u00f6rm\u00fcr"},"content":{"rendered":"<figure class=\"wp-block-image size-large\">\n  <img decoding=\"async\" src=\"https:\/\/www.meydan.tv\/az\/23001\/\" alt=\"\" class=\"wp-image-23001\"\/><figcaption><\/figcaption><\/figure>\n<figure class=\"wp-block-image size-large\">\n  <img decoding=\"async\" src=\"https:\/\/www.meydan.tv\/az\/23001\/\" alt=\"\" class=\"wp-image-23001\"\/><figcaption><\/figcaption><\/figure>\n<p>\n  <i><br \/>\n    &#8220;\u018fg\u0259r b\u00fcdc\u0259 g\u0259lirl\u0259rinin icras\u0131nda k\u0259sir r\u00fcbl\u0259r \u00fczr\u0259 20 faizlik, yar\u0131millik is\u0259 \u00fczr\u0259 30 faizlik limit ke\u00e7mirs\u0259, h\u00f6kum\u0259t parlamentin i\u015ftirak\u0131 olmadan b\u00fcdc\u0259 g\u00f6st\u0259ricil\u0259rini d\u0259yi\u015fm\u0259k \u00fc\u00e7\u00fcn s\u0259lahiyy\u0259tl\u0259r\u0259 malikdir.<br \/>\n  <\/i>\n<\/p>\n<p>\n  Az\u0259rbaycan 2015-ci il d\u00f6vl\u0259t b\u00fcdc\u0259sinin proqnozlar\u0131na d\u0259yi\u015fiklikl\u0259r edilm\u0259si \u00fc\u00e7\u00fcn h\u0259l\u0259 s\u0259b\u0259b g\u00f6rm\u00fcr. Trend-in m\u0259lumat\u0131na g\u00f6r\u0259, bunu maliyy\u0259 naziri Samir \u015e\u0259rifov brifinqd\u0259 deyib.\n<\/p>\n<p>\n  Onun s\u00f6zl\u0259rin\u0259 g\u00f6r\u0259, qanunvericilikd\u0259 m\u00fc\u0259yy\u0259n meyarlar var ki, onlardan sonra d\u0259yi\u015fiklikl\u0259r edilm\u0259si laz\u0131md\u0131r: \u201cLakin biz h\u0259l\u0259 buna ehtiyac g\u00f6rm\u00fcr\u00fck. 2015-ci il d\u00f6vl\u0259t b\u00fcdc\u0259si proqnozla\u015fd\u0131r\u0131lark\u0259n neftin qiym\u0259ti 90 dollardan g\u00f6t\u00fcr\u00fclm\u00fc\u015fd\u00fc, lakin neftin qiym\u0259ti a\u015fa\u011f\u0131 d\u00fc\u015fd\u00fckd\u0259n sonra ayd\u0131nd\u0131r ki, bu r\u0259q\u0259m bir q\u0259d\u0259r y\u00fcks\u0259kdir. \u015e\u00fcbh\u0259siz ki, bu, d\u00f6vl\u0259t b\u00fcdc\u0259sinin g\u0259lirl\u0259r hiss\u0259sin\u0259 t\u0259sir edir. Lakin d\u00f6vl\u0259t b\u00fcdc\u0259sin\u0259 birba\u015fa z\u0259r\u0259r o q\u0259d\u0259r d\u0259 b\u00f6y\u00fck deyil. \u018flb\u0259tt\u0259, neftin qiym\u0259tinin azalmas\u0131 \u00f6lk\u0259nin t\u0259diy\u0259 balans\u0131na m\u0259nfi t\u0259sir edir\u201d.\n<\/p>\n<p>\n  S.\u015e\u0259rifov qeyd edib ki, \u00f6lk\u0259 h\u00f6kum\u0259ti bu istiqam\u0259td\u0259 m\u00fc\u0259yy\u0259n add\u0131mlar at\u0131r: \u201cBiz b\u00fcdc\u0259d\u0259n daha s\u0259m\u0259r\u0259li istifad\u0259 etm\u0259k ist\u0259yirik. Bununla bel\u0259, investisiya layih\u0259l\u0259rinin realla\u015fd\u0131r\u0131lmas\u0131n\u0131 l\u0259ngitm\u0259yi planla\u015fd\u0131r\u0131r\u0131q, y\u0259ni b\u0259zi h\u0259min layih\u0259l\u0259ri g\u0259l\u0259n il\u0259 ke\u00e7irm\u0259yi n\u0259z\u0259rd\u0259 tuturuq\u201d.\n<\/p>\n<p>\n  Nazir Samir \u015e\u0259rifovun fikirl\u0259rini Meydan TV-y\u0259 \u015f\u0259rh ed\u0259n iqtisad\u00e7\u0131 R\u00f6v\u015f\u0259n A\u011fayev\u00a0&#8220;B\u00fcdc\u0259 sistemi haqq\u0131nda&#8221; Qanunun 15.5-ci madd\u0259sini \u0259sas g\u0259tir\u0259r\u0259k bildirdi ki, cari ilin d\u00f6vl\u0259t b\u00fcdc\u0259si haqq\u0131nda Qanuna \u0259lav\u0259 v\u0259 d\u0259yi\u015fiklikl\u0259r edilm\u0259si il\u0259 ba\u011fl\u0131 qanunvericilik t\u0259\u015f\u0259bb\u00fcs\u00fc qaydas\u0131nda\u00a0Milli M\u0259clis\u00a0qar\u015f\u0131s\u0131nda m\u0259s\u0259l\u0259 qald\u0131r\u0131la bil\u0259r. Qanunun 23.5-ci madd\u0259sind\u0259 m\u00fc\u0259yy\u0259n olundu\u011fu kimi, d\u00f6vl\u0259t b\u00fcdc\u0259sinin icras\u0131 zaman\u0131 ilin h\u0259r hans\u0131 r\u00fcb\u00fcnd\u0259n birinin yekununa g\u00f6r\u0259, \u00a0faktiki daxilolmalar r\u0259smi t\u0259sdiql\u0259nmi\u015f\u00a0r\u00fcbl\u00fck proqnozdan 20 faizd\u0259n \u00e7ox k\u0259narla\u015fma olarsa, b\u00fcdc\u0259 icras\u0131 Milli M\u0259clisin m\u00fcvafiq komit\u0259l\u0259rind\u0259 m\u00fczakir\u0259 edilir. D\u00fczd\u00fcr, qanunda m\u00fctl\u0259q qaydada g\u00f6st\u0259rilmir, amma \u0259g\u0259r birg\u0259 m\u00fczakir\u0259l\u0259r \u0259sas\u0131nda b\u00fcdc\u0259nin d\u0259yi\u015film\u0259si z\u0259ruri hesab edil\u0259rs\u0259, 23.3-c\u00fc madd\u0259y\u0259 g\u00f6r\u0259,\u00a015\u00a0may\u00a0&#8211;\u00a015 oktyabr\u00a0aral\u0131\u011f\u0131nda\u00a0d\u0259yi\u015fiklikl\u0259 ba\u011fl\u0131 qanun layih\u0259si parlament\u0259 t\u0259qdim edil\u0259 bil\u0259r.\n<\/p>\n<figure class=\"wp-block-image size-large\">\n  <img decoding=\"async\" src=\"https:\/\/www.meydan.tv\/az\/23005\/\" alt=\"\" class=\"wp-image-23005\"\/><figcaption><\/figcaption><\/figure>\n<p>\n  &#8220;\u018fg\u0259r b\u00fcdc\u0259 g\u0259lirl\u0259rinin icrac\u0131nda k\u0259sir r\u00fcbl\u0259r \u00fczr\u0259 20 faizlik, yar\u0131millik is\u0259 \u00fczr\u0259 30 faizlik limit ke\u00e7mirs\u0259, h\u00f6kum\u0259t parlamentin i\u015ftirak\u0131 olmadan b\u00fcdc\u0259 g\u00f6st\u0259ricil\u0259rini d\u0259yi\u015fm\u0259k \u00fc\u00e7\u00fcn s\u0259lahiyy\u0259tl\u0259r\u0259 malikdir. 1-ci r\u00fcb\u00fcn n\u0259tic\u0259sin\u0259 g\u00f6r\u0259, icrada n\u0259inki k\u0259sir yaran\u0131b, \u0259ksin\u0259 1 faiz proqnozdan art\u0131q icra olub. Bunun da s\u0259b\u0259bi odur ki, b\u00fcdc\u0259nin 53.5 faizini formala\u015fd\u0131ran Neft Fondu h\u0259l\u0259 ki, b\u00fcdc\u0259 qar\u015f\u0131s\u0131nda \u00f6hd\u0259likl\u0259rini tam yerin\u0259 yetirib. H\u00f6kum\u0259t b\u00fcdc\u0259ni bir halda d\u0259yi\u015f\u0259c\u0259k &#8211; \u0259g\u0259r Neft Fondunun b\u00fcdc\u0259y\u0259 transferl\u0259rini \u0259n az\u0131 3.5-4 milyard manat k\u0259ssin&#8221;,-dey\u0259 A\u011fayev fikrini tamamlay\u0131b.<\/p>\n","protected":false},"excerpt":{"rendered":"<p>&#8220;\u018fg\u0259r b\u00fcdc\u0259 g\u0259lirl\u0259rinin icras\u0131nda k\u0259sir r\u00fcbl\u0259r \u00fczr\u0259 20 faizlik, yar\u0131millik is\u0259 \u00fczr\u0259 30 faizlik limit ke\u00e7mirs\u0259, h\u00f6kum\u0259t parlamentin i\u015ftirak\u0131 olmadan b\u00fcdc\u0259 g\u00f6st\u0259ricil\u0259rini d\u0259yi\u015fm\u0259k \u00fc\u00e7\u00fcn s\u0259lahiyy\u0259tl\u0259r\u0259 malikdir.<\/p>\n","protected":false},"author":11,"featured_media":23001,"comment_status":"closed","ping_status":"open","sticky":false,"template":"","format":"standard","meta":{"_acf_changed":false,"_sitemap_exclude":false,"_sitemap_priority":"","_sitemap_frequency":"","footnotes":""},"categories":[56],"tags":[],"class_list":["post-167621","post","type-post","status-publish","format-standard","has-post-thumbnail","hentry","category-xeberler","infinite-scroll-item","generate-columns","tablet-grid-50","mobile-grid-100","grid-parent","grid-33","no-featured-image-padding"],"acf":[],"yoast_head":"<!-- This site is optimized with the Yoast SEO plugin v28.4 - https:\/\/yoast.com\/product\/yoast-seo-wordpress\/ -->\n<title>Maliyy\u0259 naziri 2015-ci il d\u00f6vl\u0259t b\u00fcdc\u0259sin\u0259 d\u0259yi\u015fiklikl\u0259r\u0259 l\u00fczum g\u00f6rm\u00fcr - MEYDAN.TV<\/title>\n<meta name=\"robots\" content=\"index, follow, max-snippet:-1, max-image-preview:large, max-video-preview:-1\" \/>\n<link rel=\"canonical\" href=\"https:\/\/www.meydan.tv\/az\/article\/maliyye-naziri-2015-ci-il-dovlet-budcesine-deyisikliklere-luzum-gormur\/\" \/>\n<meta property=\"og:locale\" content=\"az_AZ\" \/>\n<meta property=\"og:type\" content=\"article\" \/>\n<meta property=\"og:title\" content=\"Maliyy\u0259 naziri 2015-ci il d\u00f6vl\u0259t b\u00fcdc\u0259sin\u0259 d\u0259yi\u015fiklikl\u0259r\u0259 l\u00fczum g\u00f6rm\u00fcr - MEYDAN.TV\" \/>\n<meta property=\"og:description\" content=\"&quot;\u018fg\u0259r b\u00fcdc\u0259 g\u0259lirl\u0259rinin icras\u0131nda k\u0259sir r\u00fcbl\u0259r \u00fczr\u0259 20 faizlik, yar\u0131millik is\u0259 \u00fczr\u0259 30 faizlik limit ke\u00e7mirs\u0259, h\u00f6kum\u0259t parlamentin i\u015ftirak\u0131 olmadan b\u00fcdc\u0259 g\u00f6st\u0259ricil\u0259rini d\u0259yi\u015fm\u0259k \u00fc\u00e7\u00fcn s\u0259lahiyy\u0259tl\u0259r\u0259 malikdir.\" \/>\n<meta property=\"og:url\" content=\"https:\/\/www.meydan.tv\/az\/article\/maliyye-naziri-2015-ci-il-dovlet-budcesine-deyisikliklere-luzum-gormur\/\" \/>\n<meta property=\"og:site_name\" content=\"MEYDAN.TV\" \/>\n<meta property=\"article:published_time\" content=\"2015-04-20T19:16:16+00:00\" \/>\n<meta property=\"og:image\" content=\"https:\/\/www.meydan.tv\/wp-content\/uploads\/8348.jpg\" \/>\n\t<meta property=\"og:image:width\" content=\"410\" \/>\n\t<meta property=\"og:image:height\" content=\"307\" \/>\n\t<meta property=\"og:image:type\" content=\"image\/jpeg\" \/>\n<meta name=\"twitter:card\" content=\"summary_large_image\" \/>\n<!-- \/ Yoast SEO plugin. -->","yoast_head_json":{"title":"Maliyy\u0259 naziri 2015-ci il d\u00f6vl\u0259t b\u00fcdc\u0259sin\u0259 d\u0259yi\u015fiklikl\u0259r\u0259 l\u00fczum g\u00f6rm\u00fcr - MEYDAN.TV","robots":{"index":"index","follow":"follow","max-snippet":"max-snippet:-1","max-image-preview":"max-image-preview:large","max-video-preview":"max-video-preview:-1"},"canonical":"https:\/\/www.meydan.tv\/az\/article\/maliyye-naziri-2015-ci-il-dovlet-budcesine-deyisikliklere-luzum-gormur\/","og_locale":"az_AZ","og_type":"article","og_title":"Maliyy\u0259 naziri 2015-ci il d\u00f6vl\u0259t b\u00fcdc\u0259sin\u0259 d\u0259yi\u015fiklikl\u0259r\u0259 l\u00fczum g\u00f6rm\u00fcr - MEYDAN.TV","og_description":"\"\u018fg\u0259r b\u00fcdc\u0259 g\u0259lirl\u0259rinin icras\u0131nda k\u0259sir r\u00fcbl\u0259r \u00fczr\u0259 20 faizlik, yar\u0131millik is\u0259 \u00fczr\u0259 30 faizlik limit ke\u00e7mirs\u0259, h\u00f6kum\u0259t parlamentin i\u015ftirak\u0131 olmadan b\u00fcdc\u0259 g\u00f6st\u0259ricil\u0259rini d\u0259yi\u015fm\u0259k \u00fc\u00e7\u00fcn s\u0259lahiyy\u0259tl\u0259r\u0259 malikdir.","og_url":"https:\/\/www.meydan.tv\/az\/article\/maliyye-naziri-2015-ci-il-dovlet-budcesine-deyisikliklere-luzum-gormur\/","og_site_name":"MEYDAN.TV","article_published_time":"2015-04-20T19:16:16+00:00","og_image":[{"width":410,"height":307,"url":"https:\/\/www.meydan.tv\/wp-content\/uploads\/8348.jpg","type":"image\/jpeg"}],"twitter_card":"summary_large_image","schema":{"@context":"https:\/\/schema.org","@graph":[{"@type":"Article","@id":"https:\/\/www.meydan.tv\/az\/article\/maliyye-naziri-2015-ci-il-dovlet-budcesine-deyisikliklere-luzum-gormur\/#article","isPartOf":{"@id":"https:\/\/www.meydan.tv\/az\/article\/maliyye-naziri-2015-ci-il-dovlet-budcesine-deyisikliklere-luzum-gormur\/"},"author":{"name":"user-manager","@id":"https:\/\/www.meydan.tv\/az\/#\/schema\/person\/10d11eccf6da3662cf5fdab9806ea91a"},"headline":"Maliyy\u0259 naziri 2015-ci il d\u00f6vl\u0259t b\u00fcdc\u0259sin\u0259 d\u0259yi\u015fiklikl\u0259r\u0259 l\u00fczum g\u00f6rm\u00fcr","datePublished":"2015-04-20T19:16:16+00:00","mainEntityOfPage":{"@id":"https:\/\/www.meydan.tv\/az\/article\/maliyye-naziri-2015-ci-il-dovlet-budcesine-deyisikliklere-luzum-gormur\/"},"wordCount":645,"publisher":{"@id":"https:\/\/www.meydan.tv\/az\/#organization"},"image":{"@id":"https:\/\/www.meydan.tv\/az\/article\/maliyye-naziri-2015-ci-il-dovlet-budcesine-deyisikliklere-luzum-gormur\/#primaryimage"},"thumbnailUrl":"https:\/\/www.meydan.tv\/wp-content\/uploads\/8348.jpg","articleSection":["X\u0259b\u0259rl\u0259r"],"inLanguage":"az"},{"@type":"WebPage","@id":"https:\/\/www.meydan.tv\/az\/article\/maliyye-naziri-2015-ci-il-dovlet-budcesine-deyisikliklere-luzum-gormur\/","url":"https:\/\/www.meydan.tv\/az\/article\/maliyye-naziri-2015-ci-il-dovlet-budcesine-deyisikliklere-luzum-gormur\/","name":"Maliyy\u0259 naziri 2015-ci il d\u00f6vl\u0259t b\u00fcdc\u0259sin\u0259 d\u0259yi\u015fiklikl\u0259r\u0259 l\u00fczum g\u00f6rm\u00fcr - MEYDAN.TV","isPartOf":{"@id":"https:\/\/www.meydan.tv\/az\/#website"},"primaryImageOfPage":{"@id":"https:\/\/www.meydan.tv\/az\/article\/maliyye-naziri-2015-ci-il-dovlet-budcesine-deyisikliklere-luzum-gormur\/#primaryimage"},"image":{"@id":"https:\/\/www.meydan.tv\/az\/article\/maliyye-naziri-2015-ci-il-dovlet-budcesine-deyisikliklere-luzum-gormur\/#primaryimage"},"thumbnailUrl":"https:\/\/www.meydan.tv\/wp-content\/uploads\/8348.jpg","datePublished":"2015-04-20T19:16:16+00:00","breadcrumb":{"@id":"https:\/\/www.meydan.tv\/az\/article\/maliyye-naziri-2015-ci-il-dovlet-budcesine-deyisikliklere-luzum-gormur\/#breadcrumb"},"inLanguage":"az","potentialAction":[{"@type":"ReadAction","target":["https:\/\/www.meydan.tv\/az\/article\/maliyye-naziri-2015-ci-il-dovlet-budcesine-deyisikliklere-luzum-gormur\/"]}]},{"@type":"ImageObject","inLanguage":"az","@id":"https:\/\/www.meydan.tv\/az\/article\/maliyye-naziri-2015-ci-il-dovlet-budcesine-deyisikliklere-luzum-gormur\/#primaryimage","url":"https:\/\/www.meydan.tv\/wp-content\/uploads\/8348.jpg","contentUrl":"https:\/\/www.meydan.tv\/wp-content\/uploads\/8348.jpg","width":410,"height":307,"caption":"Source:"},{"@type":"BreadcrumbList","@id":"https:\/\/www.meydan.tv\/az\/article\/maliyye-naziri-2015-ci-il-dovlet-budcesine-deyisikliklere-luzum-gormur\/#breadcrumb","itemListElement":[{"@type":"ListItem","position":1,"name":"Ana s\u0259hif\u0259","item":"https:\/\/www.meydan.tv\/az\/"},{"@type":"ListItem","position":2,"name":"X\u0259b\u0259rl\u0259r","item":"https:\/\/www.meydan.tv\/az\/section\/xeberler\/"},{"@type":"ListItem","position":3,"name":"Maliyy\u0259 naziri 2015-ci il d\u00f6vl\u0259t b\u00fcdc\u0259sin\u0259 d\u0259yi\u015fiklikl\u0259r\u0259 l\u00fczum g\u00f6rm\u00fcr"}]},{"@type":"WebSite","@id":"https:\/\/www.meydan.tv\/az\/#website","url":"https:\/\/www.meydan.tv\/az\/","name":"MEYDAN.TV","description":"Meydan TV Az\u0259rbaycan\u0131n media m\u0259kan\u0131ndak\u0131 alternativ s\u0259sidir","publisher":{"@id":"https:\/\/www.meydan.tv\/az\/#organization"},"potentialAction":[{"@type":"SearchAction","target":{"@type":"EntryPoint","urlTemplate":"https:\/\/www.meydan.tv\/az\/?s={search_term_string}"},"query-input":{"@type":"PropertyValueSpecification","valueRequired":true,"valueName":"search_term_string"}}],"inLanguage":"az"},{"@type":"Organization","@id":"https:\/\/www.meydan.tv\/az\/#organization","name":"Meydan TV","url":"https:\/\/www.meydan.tv\/az\/","logo":{"@type":"ImageObject","inLanguage":"az","@id":"https:\/\/www.meydan.tv\/az\/#\/schema\/logo\/image\/","url":"https:\/\/www.meydan.tv\/wp-content\/uploads\/2021\/07\/meydan-logo.svg","contentUrl":"https:\/\/www.meydan.tv\/wp-content\/uploads\/2021\/07\/meydan-logo.svg","width":195,"height":46,"caption":"Meydan TV"},"image":{"@id":"https:\/\/www.meydan.tv\/az\/#\/schema\/logo\/image\/"}},{"@type":"Person","@id":"https:\/\/www.meydan.tv\/az\/#\/schema\/person\/10d11eccf6da3662cf5fdab9806ea91a","name":"user-manager"}]}},"_links":{"self":[{"href":"https:\/\/www.meydan.tv\/az\/wp-json\/wp\/v2\/posts\/167621","targetHints":{"allow":["GET"]}}],"collection":[{"href":"https:\/\/www.meydan.tv\/az\/wp-json\/wp\/v2\/posts"}],"about":[{"href":"https:\/\/www.meydan.tv\/az\/wp-json\/wp\/v2\/types\/post"}],"author":[{"embeddable":true,"href":"https:\/\/www.meydan.tv\/az\/wp-json\/wp\/v2\/users\/11"}],"replies":[{"embeddable":true,"href":"https:\/\/www.meydan.tv\/az\/wp-json\/wp\/v2\/comments?post=167621"}],"version-history":[{"count":0,"href":"https:\/\/www.meydan.tv\/az\/wp-json\/wp\/v2\/posts\/167621\/revisions"}],"wp:featuredmedia":[{"embeddable":true,"href":"https:\/\/www.meydan.tv\/az\/wp-json\/wp\/v2\/media\/23001"}],"wp:attachment":[{"href":"https:\/\/www.meydan.tv\/az\/wp-json\/wp\/v2\/media?parent=167621"}],"wp:term":[{"taxonomy":"category","embeddable":true,"href":"https:\/\/www.meydan.tv\/az\/wp-json\/wp\/v2\/categories?post=167621"},{"taxonomy":"post_tag","embeddable":true,"href":"https:\/\/www.meydan.tv\/az\/wp-json\/wp\/v2\/tags?post=167621"}],"curies":[{"name":"wp","href":"https:\/\/api.w.org\/{rel}","templated":true}]}}