{"id":167618,"date":"2015-04-20T17:17:53","date_gmt":"2015-04-20T17:17:53","guid":{"rendered":"https:\/\/www.meydan.tv\/article\/avropa-komissari-yunuslarin-isi-ile-bagli-avropa-mehkemesine-muraciet-edib\/"},"modified":"2015-04-20T17:17:53","modified_gmt":"2015-04-20T17:17:53","slug":"avropa-komissari-yunuslarin-isi-ile-bagli-avropa-mehkemesine-muraciet-edib","status":"publish","type":"post","link":"https:\/\/www.meydan.tv\/az\/article\/avropa-komissari-yunuslarin-isi-ile-bagli-avropa-mehkemesine-muraciet-edib\/","title":{"rendered":"Avropa komissar\u0131 Yunuslar\u0131n i\u015fi il\u0259 ba\u011fl\u0131 Avropa M\u0259hk\u0259m\u0259sin\u0259 m\u00fcraci\u0259t edib"},"content":{"rendered":"<figure class=\"wp-block-image size-large\">\n  <img decoding=\"async\" src=\"https:\/\/www.meydan.tv\/az\/22987\/\" alt=\"\" class=\"wp-image-22987\"\/><figcaption><\/figcaption><\/figure>\n<figure class=\"wp-block-image size-large\">\n  <img decoding=\"async\" src=\"https:\/\/www.meydan.tv\/az\/22987\/\" alt=\"\" class=\"wp-image-22987\"\/><figcaption><\/figcaption><\/figure>\n<p>\n  <i><br \/>\n    &#8220;H\u00fcquq m\u00fcdafi\u0259\u00e7il\u0259ri qanunverici m\u0259hdudiyy\u0259tl\u0259r, cinay\u0259t t\u0259qibl\u0259ri vasit\u0259sil\u0259 repressiyalara m\u0259ruz qal\u0131rlar&#8221;<br \/>\n  <\/i>\n<\/p>\n<p>\n  Aprelin 20-d\u0259 Avropa insan h\u00fcquqlar\u0131 komissar\u0131 Nils Mujnieks Leyla v\u0259 Arif Yunuslar\u0131n i\u015fil\u0259 ba\u011fl\u0131 Avropa \u0130nsan H\u00fcquqlar\u0131 M\u0259hk\u0259m\u0259sin\u0259 m\u00fcraci\u0259tinin m\u0259tnini a\u00e7\u0131qlay\u0131b.\n<\/p>\n<p>\n  Avropa komissar\u0131n\u0131n m\u0259lumat\u0131nda deyilir ki, bu m\u00fcraci\u0259t 2005-ci ilin fevral\u0131nda Az\u0259rbaycanda t\u0259nqidi s\u0259sl\u0259r\u0259 qar\u015f\u0131 repressiv t\u0259dbirl\u0259r d\u0259 daxil olmaqla ifad\u0259 v\u0259 topla\u015fma azadl\u0131\u011f\u0131 sah\u0259sind\u0259 sistematik\u00a0 \u00e7at\u0131\u015fmazl\u0131qla \u00a0ba\u011fl\u0131 \u00a0be\u015finci v\u0259 sonuncu m\u00fcraci\u0259tdir.\n<\/p>\n<p>\n  \u201cLeyla v\u0259 Arif Yunuslar\u0131n i\u015fl\u0259ri son ill\u0259r Az\u0259rbaycan\u0131 \u0259hat\u0259 ed\u0259n repressiya m\u0259nz\u0259r\u0259sini n\u00fcmayi\u015f etdirir. H\u00fcquq m\u00fcdafi\u0259\u00e7il\u0259ri qanunverici m\u0259hdudiyy\u0259tl\u0259r, cinay\u0259t t\u0259qibl\u0259ri vasit\u0259sil\u0259 repressiyalara m\u0259ruz qal\u0131rlar\u201d, &#8211; m\u00fcraci\u0259td\u0259 deyilir.\n<\/p>\n<p>\n  <i><br \/>\n    Bu c\u00fcr h\u0259r\u0259k\u0259tl\u0259r insan h\u00fcquqlar\u0131n\u0131 m\u00fcdafi\u0259 etm\u0259k \u00fc\u00e7\u00fcn Avropa komissar\u0131n\u0131n s\u0259r\u0259ncam\u0131nda olan \u0259lav\u0259 al\u0259tdir. Bunlar Avropa \u0130nsan H\u00fcquqlar\u0131 M\u0259hk\u0259m\u0259sin\u0259 obyektiv v\u0259 q\u0259r\u0259zsiz informasiya t\u0259qdim etm\u0259k \u00fc\u00e7\u00fcn Avropa \u0130nsan Konvensiyas\u0131nda n\u0259z\u0259rd\u0259 tutulub.<br \/>\n  <\/i>\n<\/p>\n<p>\n  <i><br \/>\n    Leyla v\u0259 Arif Yunuslar 2014-c\u00fc ilin yay\u0131nda Erm\u0259nistan\u0131n xeyrin\u0259 casusluqda ittiham olunaraq h\u0259bs edilibl\u0259r. Beyn\u0259lxalq\u00a0 ictimaiyy\u0259t onlar\u0131 siyasi m\u0259hbus hesab edir.<br \/>\n  <\/i>\n<\/p>\n<p>\n  <i><br \/>\n    H\u0259bsin \u0259sl s\u0259b\u0259bi kimi Leyla Yunusun 100-\u0259 yax\u0131n siyasi m\u0259hbusu azad etm\u0259k t\u0259l\u0259bi v\u0259 bu m\u0259s\u0259l\u0259 il\u0259 ba\u011fl\u0131 beyn\u0259lxalq qurumlara m\u00fcraci\u0259t etm\u0259si g\u00f6st\u0259rilir.<br \/>\n  <\/i><\/p>\n","protected":false},"excerpt":{"rendered":"<p>&#8220;H\u00fcquq m\u00fcdafi\u0259\u00e7il\u0259ri qanunverici m\u0259hdudiyy\u0259tl\u0259r, cinay\u0259t t\u0259qibl\u0259ri vasit\u0259sil\u0259 repressiyalara m\u0259ruz qal\u0131rlar&#8221;<\/p>\n","protected":false},"author":11,"featured_media":22987,"comment_status":"closed","ping_status":"open","sticky":false,"template":"","format":"standard","meta":{"_acf_changed":false,"_sitemap_exclude":false,"_sitemap_priority":"","_sitemap_frequency":"","footnotes":""},"categories":[56],"tags":[],"class_list":["post-167618","post","type-post","status-publish","format-standard","has-post-thumbnail","hentry","category-xeberler","infinite-scroll-item","generate-columns","tablet-grid-50","mobile-grid-100","grid-parent","grid-33","no-featured-image-padding"],"acf":[],"yoast_head":"<!-- This site is optimized with the Yoast SEO plugin v28.4 - https:\/\/yoast.com\/product\/yoast-seo-wordpress\/ -->\n<title>Avropa komissar\u0131 Yunuslar\u0131n i\u015fi il\u0259 ba\u011fl\u0131 Avropa M\u0259hk\u0259m\u0259sin\u0259 m\u00fcraci\u0259t edib - MEYDAN.TV<\/title>\n<meta name=\"robots\" content=\"index, follow, max-snippet:-1, max-image-preview:large, max-video-preview:-1\" \/>\n<link rel=\"canonical\" href=\"https:\/\/www.meydan.tv\/az\/article\/avropa-komissari-yunuslarin-isi-ile-bagli-avropa-mehkemesine-muraciet-edib\/\" \/>\n<meta property=\"og:locale\" content=\"az_AZ\" \/>\n<meta property=\"og:type\" content=\"article\" \/>\n<meta property=\"og:title\" content=\"Avropa komissar\u0131 Yunuslar\u0131n i\u015fi il\u0259 ba\u011fl\u0131 Avropa M\u0259hk\u0259m\u0259sin\u0259 m\u00fcraci\u0259t edib - MEYDAN.TV\" \/>\n<meta property=\"og:description\" content=\"&quot;H\u00fcquq m\u00fcdafi\u0259\u00e7il\u0259ri qanunverici m\u0259hdudiyy\u0259tl\u0259r, cinay\u0259t t\u0259qibl\u0259ri vasit\u0259sil\u0259 repressiyalara m\u0259ruz qal\u0131rlar&quot;\" \/>\n<meta property=\"og:url\" content=\"https:\/\/www.meydan.tv\/az\/article\/avropa-komissari-yunuslarin-isi-ile-bagli-avropa-mehkemesine-muraciet-edib\/\" \/>\n<meta property=\"og:site_name\" content=\"MEYDAN.TV\" \/>\n<meta property=\"article:published_time\" content=\"2015-04-20T17:17:53+00:00\" \/>\n<meta property=\"og:image\" content=\"https:\/\/www.meydan.tv\/wp-content\/uploads\/8345.jpg\" \/>\n\t<meta property=\"og:image:width\" content=\"353\" \/>\n\t<meta property=\"og:image:height\" content=\"250\" \/>\n\t<meta property=\"og:image:type\" content=\"image\/jpeg\" \/>\n<meta name=\"twitter:card\" content=\"summary_large_image\" \/>\n<!-- \/ Yoast SEO plugin. -->","yoast_head_json":{"title":"Avropa komissar\u0131 Yunuslar\u0131n i\u015fi il\u0259 ba\u011fl\u0131 Avropa M\u0259hk\u0259m\u0259sin\u0259 m\u00fcraci\u0259t edib - MEYDAN.TV","robots":{"index":"index","follow":"follow","max-snippet":"max-snippet:-1","max-image-preview":"max-image-preview:large","max-video-preview":"max-video-preview:-1"},"canonical":"https:\/\/www.meydan.tv\/az\/article\/avropa-komissari-yunuslarin-isi-ile-bagli-avropa-mehkemesine-muraciet-edib\/","og_locale":"az_AZ","og_type":"article","og_title":"Avropa komissar\u0131 Yunuslar\u0131n i\u015fi il\u0259 ba\u011fl\u0131 Avropa M\u0259hk\u0259m\u0259sin\u0259 m\u00fcraci\u0259t edib - MEYDAN.TV","og_description":"\"H\u00fcquq m\u00fcdafi\u0259\u00e7il\u0259ri qanunverici m\u0259hdudiyy\u0259tl\u0259r, cinay\u0259t t\u0259qibl\u0259ri vasit\u0259sil\u0259 repressiyalara m\u0259ruz qal\u0131rlar\"","og_url":"https:\/\/www.meydan.tv\/az\/article\/avropa-komissari-yunuslarin-isi-ile-bagli-avropa-mehkemesine-muraciet-edib\/","og_site_name":"MEYDAN.TV","article_published_time":"2015-04-20T17:17:53+00:00","og_image":[{"width":353,"height":250,"url":"https:\/\/www.meydan.tv\/wp-content\/uploads\/8345.jpg","type":"image\/jpeg"}],"twitter_card":"summary_large_image","schema":{"@context":"https:\/\/schema.org","@graph":[{"@type":"Article","@id":"https:\/\/www.meydan.tv\/az\/article\/avropa-komissari-yunuslarin-isi-ile-bagli-avropa-mehkemesine-muraciet-edib\/#article","isPartOf":{"@id":"https:\/\/www.meydan.tv\/az\/article\/avropa-komissari-yunuslarin-isi-ile-bagli-avropa-mehkemesine-muraciet-edib\/"},"author":{"name":"user-manager","@id":"https:\/\/www.meydan.tv\/az\/#\/schema\/person\/10d11eccf6da3662cf5fdab9806ea91a"},"headline":"Avropa komissar\u0131 Yunuslar\u0131n i\u015fi il\u0259 ba\u011fl\u0131 Avropa M\u0259hk\u0259m\u0259sin\u0259 m\u00fcraci\u0259t edib","datePublished":"2015-04-20T17:17:53+00:00","mainEntityOfPage":{"@id":"https:\/\/www.meydan.tv\/az\/article\/avropa-komissari-yunuslarin-isi-ile-bagli-avropa-mehkemesine-muraciet-edib\/"},"wordCount":305,"publisher":{"@id":"https:\/\/www.meydan.tv\/az\/#organization"},"image":{"@id":"https:\/\/www.meydan.tv\/az\/article\/avropa-komissari-yunuslarin-isi-ile-bagli-avropa-mehkemesine-muraciet-edib\/#primaryimage"},"thumbnailUrl":"https:\/\/www.meydan.tv\/wp-content\/uploads\/8345.jpg","articleSection":["X\u0259b\u0259rl\u0259r"],"inLanguage":"az"},{"@type":"WebPage","@id":"https:\/\/www.meydan.tv\/az\/article\/avropa-komissari-yunuslarin-isi-ile-bagli-avropa-mehkemesine-muraciet-edib\/","url":"https:\/\/www.meydan.tv\/az\/article\/avropa-komissari-yunuslarin-isi-ile-bagli-avropa-mehkemesine-muraciet-edib\/","name":"Avropa komissar\u0131 Yunuslar\u0131n i\u015fi il\u0259 ba\u011fl\u0131 Avropa M\u0259hk\u0259m\u0259sin\u0259 m\u00fcraci\u0259t edib - MEYDAN.TV","isPartOf":{"@id":"https:\/\/www.meydan.tv\/az\/#website"},"primaryImageOfPage":{"@id":"https:\/\/www.meydan.tv\/az\/article\/avropa-komissari-yunuslarin-isi-ile-bagli-avropa-mehkemesine-muraciet-edib\/#primaryimage"},"image":{"@id":"https:\/\/www.meydan.tv\/az\/article\/avropa-komissari-yunuslarin-isi-ile-bagli-avropa-mehkemesine-muraciet-edib\/#primaryimage"},"thumbnailUrl":"https:\/\/www.meydan.tv\/wp-content\/uploads\/8345.jpg","datePublished":"2015-04-20T17:17:53+00:00","breadcrumb":{"@id":"https:\/\/www.meydan.tv\/az\/article\/avropa-komissari-yunuslarin-isi-ile-bagli-avropa-mehkemesine-muraciet-edib\/#breadcrumb"},"inLanguage":"az","potentialAction":[{"@type":"ReadAction","target":["https:\/\/www.meydan.tv\/az\/article\/avropa-komissari-yunuslarin-isi-ile-bagli-avropa-mehkemesine-muraciet-edib\/"]}]},{"@type":"ImageObject","inLanguage":"az","@id":"https:\/\/www.meydan.tv\/az\/article\/avropa-komissari-yunuslarin-isi-ile-bagli-avropa-mehkemesine-muraciet-edib\/#primaryimage","url":"https:\/\/www.meydan.tv\/wp-content\/uploads\/8345.jpg","contentUrl":"https:\/\/www.meydan.tv\/wp-content\/uploads\/8345.jpg","width":353,"height":250,"caption":"Source:"},{"@type":"BreadcrumbList","@id":"https:\/\/www.meydan.tv\/az\/article\/avropa-komissari-yunuslarin-isi-ile-bagli-avropa-mehkemesine-muraciet-edib\/#breadcrumb","itemListElement":[{"@type":"ListItem","position":1,"name":"Ana s\u0259hif\u0259","item":"https:\/\/www.meydan.tv\/az\/"},{"@type":"ListItem","position":2,"name":"X\u0259b\u0259rl\u0259r","item":"https:\/\/www.meydan.tv\/az\/section\/xeberler\/"},{"@type":"ListItem","position":3,"name":"Avropa komissar\u0131 Yunuslar\u0131n i\u015fi il\u0259 ba\u011fl\u0131 Avropa M\u0259hk\u0259m\u0259sin\u0259 m\u00fcraci\u0259t edib"}]},{"@type":"WebSite","@id":"https:\/\/www.meydan.tv\/az\/#website","url":"https:\/\/www.meydan.tv\/az\/","name":"MEYDAN.TV","description":"Meydan TV Az\u0259rbaycan\u0131n media m\u0259kan\u0131ndak\u0131 alternativ s\u0259sidir","publisher":{"@id":"https:\/\/www.meydan.tv\/az\/#organization"},"potentialAction":[{"@type":"SearchAction","target":{"@type":"EntryPoint","urlTemplate":"https:\/\/www.meydan.tv\/az\/?s={search_term_string}"},"query-input":{"@type":"PropertyValueSpecification","valueRequired":true,"valueName":"search_term_string"}}],"inLanguage":"az"},{"@type":"Organization","@id":"https:\/\/www.meydan.tv\/az\/#organization","name":"Meydan TV","url":"https:\/\/www.meydan.tv\/az\/","logo":{"@type":"ImageObject","inLanguage":"az","@id":"https:\/\/www.meydan.tv\/az\/#\/schema\/logo\/image\/","url":"https:\/\/www.meydan.tv\/wp-content\/uploads\/2021\/07\/meydan-logo.svg","contentUrl":"https:\/\/www.meydan.tv\/wp-content\/uploads\/2021\/07\/meydan-logo.svg","width":195,"height":46,"caption":"Meydan TV"},"image":{"@id":"https:\/\/www.meydan.tv\/az\/#\/schema\/logo\/image\/"}},{"@type":"Person","@id":"https:\/\/www.meydan.tv\/az\/#\/schema\/person\/10d11eccf6da3662cf5fdab9806ea91a","name":"user-manager"}]}},"_links":{"self":[{"href":"https:\/\/www.meydan.tv\/az\/wp-json\/wp\/v2\/posts\/167618","targetHints":{"allow":["GET"]}}],"collection":[{"href":"https:\/\/www.meydan.tv\/az\/wp-json\/wp\/v2\/posts"}],"about":[{"href":"https:\/\/www.meydan.tv\/az\/wp-json\/wp\/v2\/types\/post"}],"author":[{"embeddable":true,"href":"https:\/\/www.meydan.tv\/az\/wp-json\/wp\/v2\/users\/11"}],"replies":[{"embeddable":true,"href":"https:\/\/www.meydan.tv\/az\/wp-json\/wp\/v2\/comments?post=167618"}],"version-history":[{"count":0,"href":"https:\/\/www.meydan.tv\/az\/wp-json\/wp\/v2\/posts\/167618\/revisions"}],"wp:featuredmedia":[{"embeddable":true,"href":"https:\/\/www.meydan.tv\/az\/wp-json\/wp\/v2\/media\/22987"}],"wp:attachment":[{"href":"https:\/\/www.meydan.tv\/az\/wp-json\/wp\/v2\/media?parent=167618"}],"wp:term":[{"taxonomy":"category","embeddable":true,"href":"https:\/\/www.meydan.tv\/az\/wp-json\/wp\/v2\/categories?post=167618"},{"taxonomy":"post_tag","embeddable":true,"href":"https:\/\/www.meydan.tv\/az\/wp-json\/wp\/v2\/tags?post=167618"}],"curies":[{"name":"wp","href":"https:\/\/api.w.org\/{rel}","templated":true}]}}