{"id":167613,"date":"2015-04-20T13:54:18","date_gmt":"2015-04-20T13:54:18","guid":{"rendered":"https:\/\/www.meydan.tv\/article\/polis-emekdasinin-oldurulmesi-ile-bagli-resmi-melumat-yayildi\/"},"modified":"2015-04-20T13:54:18","modified_gmt":"2015-04-20T13:54:18","slug":"polis-emekdasinin-oldurulmesi-ile-bagli-resmi-melumat-yayildi","status":"publish","type":"post","link":"https:\/\/www.meydan.tv\/az\/article\/polis-emekdasinin-oldurulmesi-ile-bagli-resmi-melumat-yayildi\/","title":{"rendered":"Polis \u0259m\u0259kda\u015f\u0131n\u0131n \u00f6ld\u00fcr\u00fclm\u0259si il\u0259 ba\u011fl\u0131 r\u0259smi m\u0259lumat yay\u0131ld\u0131"},"content":{"rendered":"<figure class=\"wp-block-image size-large\">\n  <img decoding=\"async\" src=\"https:\/\/www.meydan.tv\/az\/22969\/\" alt=\"\" class=\"wp-image-22969\"\/><figcaption><\/figcaption><\/figure>\n<figure class=\"wp-block-image size-large\">\n  <img decoding=\"async\" src=\"https:\/\/www.meydan.tv\/az\/22969\/\" alt=\"\" class=\"wp-image-22969\"\/><figcaption><\/figcaption><\/figure>\n<p><div><\/div>\n<\/p>\n<p><div>\n    \u0130mi\u015fli Rayon Polis \u015e\u00f6b\u0259si \u0259m\u0259kda\u015f\u0131n\u0131n s\u00fcr\u00fcc\u00fc t\u0259r\u0259find\u0259n q\u0259tl\u0259 yetirildiyi m\u00fc\u0259yy\u0259nl\u0259\u015fib\n  <\/div>\n<\/p>\n<p><div><\/div>\n<\/p>\n<p><div>\n    Daxili \u0130\u015fl\u0259r Nazirliyi v\u0259 Ba\u015f Prokurorluq Bak\u0131da polis \u0259m\u0259kda\u015f\u0131n\u0131n \u00f6ld\u00fcr\u00fcl\u0259r\u0259k yand\u0131r\u0131lmas\u0131 fakt\u0131 il\u0259 ba\u011fl\u0131 birg\u0259 m\u0259lumat yay\u0131b.\n  <\/div>\n<\/p>\n<p>\n  Ba\u015f Prokurorlu\u011fun m\u0259tbuat xidm\u0259tind\u0259n<br \/>\n  <a href=\"https:\/\/apa.az\/\"><br \/>\n    APA<br \/>\n  <\/a><br \/>\n  -ya daxil olan m\u0259lumatda qeyd olunur ki, aprelin 18-d\u0259 X\u0259z\u0259r rayonunun T\u00fcrkan q\u0259s\u0259b\u0259si \u0259razisind\u0259 \u00fcz\u0259rind\u0259 zorak\u0131l\u0131q \u0259lam\u0259tl\u0259ri olan yanm\u0131\u015f nam\u0259lum ki\u015fi meyitinin a\u015fkar edilm\u0259si fakt\u0131na g\u00f6r\u0259 X\u0259z\u0259r Rayon Prokurorlu\u011funda Cinay\u0259t M\u0259c\u0259ll\u0259sinin 120.1-ci (q\u0259sd\u0259n adam \u00f6ld\u00fcrm\u0259) madd\u0259si il\u0259 ba\u015flanm\u0131\u015f cinay\u0259t i\u015fi \u00fczr\u0259 apar\u0131lan intensiv ara\u015fd\u0131rmalarla meyitin \u0130mi\u015fli Rayon Polis \u015e\u00f6b\u0259sinin (RP\u015e) polis n\u0259f\u0259ri Kaz\u0131mzad\u0259 Muxtar Qadir o\u011flu olmas\u0131 m\u00fc\u0259yy\u0259n edilib.\n<\/p>\n<p>\n  Ara\u015fd\u0131rmalarla o da m\u00fc\u0259yy\u0259n edilib ki, M.Kaz\u0131mzad\u0259 X\u0259tai rayonunda ya\u015fad\u0131\u011f\u0131 m\u0259nzild\u0259 \u0130mi\u015fli RP\u015e-d\u0259 s\u00fcr\u00fcc\u00fc i\u015fl\u0259y\u0259n \u0130bayev Ravil Nuru\u015f o\u011flu t\u0259r\u0259find\u0259n tamah niyy\u0259ti il\u0259 q\u0259tl\u0259 yetirilib, sonuncu cinay\u0259tin izini itirm\u0259k m\u0259qs\u0259di il\u0259 M. Kaz\u0131mzad\u0259nin meyitini X\u0259z\u0259r rayonu \u0259razisin\u0259 apararaq yand\u0131r\u0131b.\n<\/p>\n<p>\n  R.\u0130bayev aprelin 18-d\u0259 \u015f\u00fcbh\u0259li \u015f\u0259xs qismind\u0259 tutulub v\u0259 dindiril\u0259rk\u0259n t\u00f6r\u0259tdiyi cinay\u0259ti tam etiraf edib.\n<\/p>\n<p>\n  Cinay\u0259tin t\u00f6r\u0259dilm\u0259sind\u0259 dig\u0259r \u015f\u0259xsl\u0259rin i\u015ftirak\u0131n\u0131n olub-olmamas\u0131n\u0131n m\u00fc\u0259yy\u0259n edilm\u0259si istiqam\u0259tind\u0259 Bak\u0131 \u015e\u0259h\u0259r Prokurorlu\u011funun \u0130stintaq idar\u0259sind\u0259 cinay\u0259t i\u015fi \u00fczr\u0259 z\u0259ruri istintaq-\u0259m\u0259liyyat t\u0259dbirl\u0259ri davam etdirilir.<\/p>\n","protected":false},"excerpt":{"rendered":"<p>\u0130mi\u015fli Rayon Polis \u015e\u00f6b\u0259si \u0259m\u0259kda\u015f\u0131n\u0131n s\u00fcr\u00fcc\u00fc t\u0259r\u0259find\u0259n q\u0259tl\u0259 yetirildiyi m\u00fc\u0259yy\u0259nl\u0259\u015fib<\/p>\n","protected":false},"author":11,"featured_media":22969,"comment_status":"closed","ping_status":"open","sticky":false,"template":"","format":"standard","meta":{"_acf_changed":false,"_sitemap_exclude":false,"_sitemap_priority":"","_sitemap_frequency":"","footnotes":""},"categories":[56],"tags":[],"class_list":["post-167613","post","type-post","status-publish","format-standard","has-post-thumbnail","hentry","category-xeberler","infinite-scroll-item","generate-columns","tablet-grid-50","mobile-grid-100","grid-parent","grid-33","no-featured-image-padding"],"acf":[],"yoast_head":"<!-- This site is optimized with the Yoast SEO plugin v28.4 - https:\/\/yoast.com\/product\/yoast-seo-wordpress\/ -->\n<title>Polis \u0259m\u0259kda\u015f\u0131n\u0131n \u00f6ld\u00fcr\u00fclm\u0259si il\u0259 ba\u011fl\u0131 r\u0259smi m\u0259lumat yay\u0131ld\u0131 - MEYDAN.TV<\/title>\n<meta name=\"robots\" content=\"index, follow, max-snippet:-1, max-image-preview:large, max-video-preview:-1\" \/>\n<link rel=\"canonical\" href=\"https:\/\/www.meydan.tv\/az\/article\/polis-emekdasinin-oldurulmesi-ile-bagli-resmi-melumat-yayildi\/\" \/>\n<meta property=\"og:locale\" content=\"az_AZ\" \/>\n<meta property=\"og:type\" content=\"article\" \/>\n<meta property=\"og:title\" content=\"Polis \u0259m\u0259kda\u015f\u0131n\u0131n \u00f6ld\u00fcr\u00fclm\u0259si il\u0259 ba\u011fl\u0131 r\u0259smi m\u0259lumat yay\u0131ld\u0131 - MEYDAN.TV\" \/>\n<meta property=\"og:description\" content=\"\u0130mi\u015fli Rayon Polis \u015e\u00f6b\u0259si \u0259m\u0259kda\u015f\u0131n\u0131n s\u00fcr\u00fcc\u00fc t\u0259r\u0259find\u0259n q\u0259tl\u0259 yetirildiyi m\u00fc\u0259yy\u0259nl\u0259\u015fib\" \/>\n<meta property=\"og:url\" content=\"https:\/\/www.meydan.tv\/az\/article\/polis-emekdasinin-oldurulmesi-ile-bagli-resmi-melumat-yayildi\/\" \/>\n<meta property=\"og:site_name\" content=\"MEYDAN.TV\" \/>\n<meta property=\"article:published_time\" content=\"2015-04-20T13:54:18+00:00\" \/>\n<meta property=\"og:image\" content=\"https:\/\/www.meydan.tv\/wp-content\/uploads\/8337.jpg\" \/>\n\t<meta property=\"og:image:width\" content=\"410\" \/>\n\t<meta property=\"og:image:height\" content=\"307\" \/>\n\t<meta property=\"og:image:type\" content=\"image\/jpeg\" \/>\n<meta name=\"twitter:card\" content=\"summary_large_image\" \/>\n<!-- \/ Yoast SEO plugin. -->","yoast_head_json":{"title":"Polis \u0259m\u0259kda\u015f\u0131n\u0131n \u00f6ld\u00fcr\u00fclm\u0259si il\u0259 ba\u011fl\u0131 r\u0259smi m\u0259lumat yay\u0131ld\u0131 - MEYDAN.TV","robots":{"index":"index","follow":"follow","max-snippet":"max-snippet:-1","max-image-preview":"max-image-preview:large","max-video-preview":"max-video-preview:-1"},"canonical":"https:\/\/www.meydan.tv\/az\/article\/polis-emekdasinin-oldurulmesi-ile-bagli-resmi-melumat-yayildi\/","og_locale":"az_AZ","og_type":"article","og_title":"Polis \u0259m\u0259kda\u015f\u0131n\u0131n \u00f6ld\u00fcr\u00fclm\u0259si il\u0259 ba\u011fl\u0131 r\u0259smi m\u0259lumat yay\u0131ld\u0131 - MEYDAN.TV","og_description":"\u0130mi\u015fli Rayon Polis \u015e\u00f6b\u0259si \u0259m\u0259kda\u015f\u0131n\u0131n s\u00fcr\u00fcc\u00fc t\u0259r\u0259find\u0259n q\u0259tl\u0259 yetirildiyi m\u00fc\u0259yy\u0259nl\u0259\u015fib","og_url":"https:\/\/www.meydan.tv\/az\/article\/polis-emekdasinin-oldurulmesi-ile-bagli-resmi-melumat-yayildi\/","og_site_name":"MEYDAN.TV","article_published_time":"2015-04-20T13:54:18+00:00","og_image":[{"width":410,"height":307,"url":"https:\/\/www.meydan.tv\/wp-content\/uploads\/8337.jpg","type":"image\/jpeg"}],"twitter_card":"summary_large_image","schema":{"@context":"https:\/\/schema.org","@graph":[{"@type":"Article","@id":"https:\/\/www.meydan.tv\/az\/article\/polis-emekdasinin-oldurulmesi-ile-bagli-resmi-melumat-yayildi\/#article","isPartOf":{"@id":"https:\/\/www.meydan.tv\/az\/article\/polis-emekdasinin-oldurulmesi-ile-bagli-resmi-melumat-yayildi\/"},"author":{"name":"user-manager","@id":"https:\/\/www.meydan.tv\/az\/#\/schema\/person\/10d11eccf6da3662cf5fdab9806ea91a"},"headline":"Polis \u0259m\u0259kda\u015f\u0131n\u0131n \u00f6ld\u00fcr\u00fclm\u0259si il\u0259 ba\u011fl\u0131 r\u0259smi m\u0259lumat yay\u0131ld\u0131","datePublished":"2015-04-20T13:54:18+00:00","mainEntityOfPage":{"@id":"https:\/\/www.meydan.tv\/az\/article\/polis-emekdasinin-oldurulmesi-ile-bagli-resmi-melumat-yayildi\/"},"wordCount":323,"publisher":{"@id":"https:\/\/www.meydan.tv\/az\/#organization"},"image":{"@id":"https:\/\/www.meydan.tv\/az\/article\/polis-emekdasinin-oldurulmesi-ile-bagli-resmi-melumat-yayildi\/#primaryimage"},"thumbnailUrl":"https:\/\/www.meydan.tv\/wp-content\/uploads\/8337.jpg","articleSection":["X\u0259b\u0259rl\u0259r"],"inLanguage":"az"},{"@type":"WebPage","@id":"https:\/\/www.meydan.tv\/az\/article\/polis-emekdasinin-oldurulmesi-ile-bagli-resmi-melumat-yayildi\/","url":"https:\/\/www.meydan.tv\/az\/article\/polis-emekdasinin-oldurulmesi-ile-bagli-resmi-melumat-yayildi\/","name":"Polis \u0259m\u0259kda\u015f\u0131n\u0131n \u00f6ld\u00fcr\u00fclm\u0259si il\u0259 ba\u011fl\u0131 r\u0259smi m\u0259lumat yay\u0131ld\u0131 - MEYDAN.TV","isPartOf":{"@id":"https:\/\/www.meydan.tv\/az\/#website"},"primaryImageOfPage":{"@id":"https:\/\/www.meydan.tv\/az\/article\/polis-emekdasinin-oldurulmesi-ile-bagli-resmi-melumat-yayildi\/#primaryimage"},"image":{"@id":"https:\/\/www.meydan.tv\/az\/article\/polis-emekdasinin-oldurulmesi-ile-bagli-resmi-melumat-yayildi\/#primaryimage"},"thumbnailUrl":"https:\/\/www.meydan.tv\/wp-content\/uploads\/8337.jpg","datePublished":"2015-04-20T13:54:18+00:00","breadcrumb":{"@id":"https:\/\/www.meydan.tv\/az\/article\/polis-emekdasinin-oldurulmesi-ile-bagli-resmi-melumat-yayildi\/#breadcrumb"},"inLanguage":"az","potentialAction":[{"@type":"ReadAction","target":["https:\/\/www.meydan.tv\/az\/article\/polis-emekdasinin-oldurulmesi-ile-bagli-resmi-melumat-yayildi\/"]}]},{"@type":"ImageObject","inLanguage":"az","@id":"https:\/\/www.meydan.tv\/az\/article\/polis-emekdasinin-oldurulmesi-ile-bagli-resmi-melumat-yayildi\/#primaryimage","url":"https:\/\/www.meydan.tv\/wp-content\/uploads\/8337.jpg","contentUrl":"https:\/\/www.meydan.tv\/wp-content\/uploads\/8337.jpg","width":410,"height":307,"caption":"Source:"},{"@type":"BreadcrumbList","@id":"https:\/\/www.meydan.tv\/az\/article\/polis-emekdasinin-oldurulmesi-ile-bagli-resmi-melumat-yayildi\/#breadcrumb","itemListElement":[{"@type":"ListItem","position":1,"name":"Ana s\u0259hif\u0259","item":"https:\/\/www.meydan.tv\/az\/"},{"@type":"ListItem","position":2,"name":"X\u0259b\u0259rl\u0259r","item":"https:\/\/www.meydan.tv\/az\/section\/xeberler\/"},{"@type":"ListItem","position":3,"name":"Polis \u0259m\u0259kda\u015f\u0131n\u0131n \u00f6ld\u00fcr\u00fclm\u0259si il\u0259 ba\u011fl\u0131 r\u0259smi m\u0259lumat yay\u0131ld\u0131"}]},{"@type":"WebSite","@id":"https:\/\/www.meydan.tv\/az\/#website","url":"https:\/\/www.meydan.tv\/az\/","name":"MEYDAN.TV","description":"Meydan TV Az\u0259rbaycan\u0131n media m\u0259kan\u0131ndak\u0131 alternativ s\u0259sidir","publisher":{"@id":"https:\/\/www.meydan.tv\/az\/#organization"},"potentialAction":[{"@type":"SearchAction","target":{"@type":"EntryPoint","urlTemplate":"https:\/\/www.meydan.tv\/az\/?s={search_term_string}"},"query-input":{"@type":"PropertyValueSpecification","valueRequired":true,"valueName":"search_term_string"}}],"inLanguage":"az"},{"@type":"Organization","@id":"https:\/\/www.meydan.tv\/az\/#organization","name":"Meydan TV","url":"https:\/\/www.meydan.tv\/az\/","logo":{"@type":"ImageObject","inLanguage":"az","@id":"https:\/\/www.meydan.tv\/az\/#\/schema\/logo\/image\/","url":"https:\/\/www.meydan.tv\/wp-content\/uploads\/2021\/07\/meydan-logo.svg","contentUrl":"https:\/\/www.meydan.tv\/wp-content\/uploads\/2021\/07\/meydan-logo.svg","width":195,"height":46,"caption":"Meydan TV"},"image":{"@id":"https:\/\/www.meydan.tv\/az\/#\/schema\/logo\/image\/"}},{"@type":"Person","@id":"https:\/\/www.meydan.tv\/az\/#\/schema\/person\/10d11eccf6da3662cf5fdab9806ea91a","name":"user-manager"}]}},"_links":{"self":[{"href":"https:\/\/www.meydan.tv\/az\/wp-json\/wp\/v2\/posts\/167613","targetHints":{"allow":["GET"]}}],"collection":[{"href":"https:\/\/www.meydan.tv\/az\/wp-json\/wp\/v2\/posts"}],"about":[{"href":"https:\/\/www.meydan.tv\/az\/wp-json\/wp\/v2\/types\/post"}],"author":[{"embeddable":true,"href":"https:\/\/www.meydan.tv\/az\/wp-json\/wp\/v2\/users\/11"}],"replies":[{"embeddable":true,"href":"https:\/\/www.meydan.tv\/az\/wp-json\/wp\/v2\/comments?post=167613"}],"version-history":[{"count":0,"href":"https:\/\/www.meydan.tv\/az\/wp-json\/wp\/v2\/posts\/167613\/revisions"}],"wp:featuredmedia":[{"embeddable":true,"href":"https:\/\/www.meydan.tv\/az\/wp-json\/wp\/v2\/media\/22969"}],"wp:attachment":[{"href":"https:\/\/www.meydan.tv\/az\/wp-json\/wp\/v2\/media?parent=167613"}],"wp:term":[{"taxonomy":"category","embeddable":true,"href":"https:\/\/www.meydan.tv\/az\/wp-json\/wp\/v2\/categories?post=167613"},{"taxonomy":"post_tag","embeddable":true,"href":"https:\/\/www.meydan.tv\/az\/wp-json\/wp\/v2\/tags?post=167613"}],"curies":[{"name":"wp","href":"https:\/\/api.w.org\/{rel}","templated":true}]}}