{"id":167612,"date":"2015-04-20T14:03:23","date_gmt":"2015-04-20T14:03:23","guid":{"rendered":"https:\/\/www.meydan.tv\/article\/vetendaslarin-muracieti-haqqinda-qanun-layihesi-milli-meclisin-plenar-iclasina-cixarilacaq\/"},"modified":"2015-04-20T14:03:23","modified_gmt":"2015-04-20T14:03:23","slug":"vetendaslarin-muracieti-haqqinda-qanun-layihesi-milli-meclisin-plenar-iclasina-cixarilacaq","status":"publish","type":"post","link":"https:\/\/www.meydan.tv\/az\/article\/vetendaslarin-muracieti-haqqinda-qanun-layihesi-milli-meclisin-plenar-iclasina-cixarilacaq\/","title":{"rendered":"&#8220;V\u0259t\u0259nda\u015flar\u0131n m\u00fcraci\u0259ti haqq\u0131nda&#8221; qanun layih\u0259si Milli M\u0259clisin plenar iclas\u0131na \u00e7\u0131xar\u0131lacaq"},"content":{"rendered":"<figure class=\"wp-block-image size-large\">\n  <img decoding=\"async\" src=\"https:\/\/www.meydan.tv\/az\/22975\/\" alt=\"\" class=\"wp-image-22975\"\/><figcaption><\/figcaption><\/figure>\n<p>\n  \u00a017 madd\u0259d\u0259n ibar\u0259t yeni qanun layih\u0259si 1997-ci ild\u0259 q\u0259bul olunmu\u015f qanunun tamamil\u0259 yenid\u0259n i\u015fl\u0259nib v\u0259 t\u0259kmill\u0259\u015fdirilmi\u015f formas\u0131d\u0131r\n<\/p>\n<p>\n  Milli M\u0259clisin \u0130nsan h\u00fcquqlar\u0131 komit\u0259sinin iclas\u0131nda \u201cV\u0259t\u0259nda\u015flar\u0131n m\u00fcraci\u0259ti haqq\u0131nda\u201d yeni qanun layih\u0259si ikinci oxunu\u015fda m\u00fczakir\u0259y\u0259 \u00e7\u0131xar\u0131l\u0131b.\n<\/p>\n<p>\n  <a href=\"https:\/\/apa.az\/\"><br \/>\n    APA<br \/>\n  <\/a><br \/>\n  -n\u0131n m\u0259lumat\u0131na g\u00f6r\u0259, ikinci oxunu\u015fda layih\u0259y\u0259 20-d\u0259n \u00e7ox redakt\u0259 xarakterli d\u00fcz\u0259li\u015fl\u0259r edilib. Qeyd olunub ki, 17 madd\u0259d\u0259n ibar\u0259t yeni qanun layih\u0259si 1997-ci ild\u0259 q\u0259bul olunmu\u015f \u201cV\u0259t\u0259nda\u015flar\u0131n m\u00fcraci\u0259t qaydalar\u0131 haqq\u0131nda\u201d qanunun tamamil\u0259 yenid\u0259n i\u015fl\u0259nib v\u0259 t\u0259kmill\u0259\u015fdirilmi\u015f formas\u0131d\u0131r. H\u0259min qanuna g\u00f6r\u0259 v\u0259t\u0259nda\u015flar\u0131n ara\u015fd\u0131r\u0131lmas\u0131 r\u0259smi t\u0259l\u0259b olunan 3 r\u0259smi m\u00fcraci\u0259t &#8211; t\u0259klif, \u0259riz\u0259 v\u0259 \u015fikay\u0259t formas\u0131 var idis\u0259, yeni qanun layih\u0259sind\u0259 bu art\u0131r\u0131laraq 10 m\u00fcraci\u0259t formas\u0131na \u00e7atd\u0131r\u0131l\u0131r. Buraya haz\u0131rda q\u00fcvv\u0259d\u0259 olan 3 m\u00fcraci\u0259t formas\u0131ndan ba\u015fqa elektron, \u015fifahi, telefon, anonim, kollektiv m\u00fcraci\u0259tl\u0259rl\u0259 yana\u015f\u0131, teleradio vasit\u0259sil\u0259 edil\u0259n m\u00fcraci\u0259tl\u0259r d\u0259 daxildir. \u018flav\u0259 olunmu\u015f yeni m\u00fcdd\u0259alar v\u0259t\u0259nda\u015flar\u0131n m\u00fcxt\u0259lif \u00fcsullarla v\u0259zif\u0259li \u015f\u0259xsl\u0259r\u0259, aidiyy\u0259ti qurumlara m\u00fcraci\u0259tini t\u0259min ed\u0259c\u0259k, qanun pozuntular\u0131n\u0131n qar\u015f\u0131s\u0131n\u0131 alacaq.\n<\/p>\n<p>\n  Qanun layih\u0259si ikinci oxunu\u015fda\u00a0Milli M\u0259clisin plenar iclas\u0131na t\u00f6vsiy\u0259 olunub.\n<\/p>\n<p><div><\/div><\/p>\n","protected":false},"excerpt":{"rendered":"<p>17 madd\u0259d\u0259n ibar\u0259t yeni qanun layih\u0259si 1997-ci ild\u0259 q\u0259bul olunmu\u015f qanunun tamamil\u0259 yenid\u0259n i\u015fl\u0259nib v\u0259 t\u0259kmill\u0259\u015fdirilmi\u015f formas\u0131d\u0131r<\/p>\n","protected":false},"author":11,"featured_media":22975,"comment_status":"closed","ping_status":"open","sticky":false,"template":"","format":"standard","meta":{"_acf_changed":false,"_sitemap_exclude":false,"_sitemap_priority":"","_sitemap_frequency":"","footnotes":""},"categories":[56],"tags":[],"class_list":["post-167612","post","type-post","status-publish","format-standard","has-post-thumbnail","hentry","category-xeberler","infinite-scroll-item","generate-columns","tablet-grid-50","mobile-grid-100","grid-parent","grid-33","no-featured-image-padding"],"acf":[],"yoast_head":"<!-- This site is optimized with the Yoast SEO plugin v28.4 - https:\/\/yoast.com\/product\/yoast-seo-wordpress\/ -->\n<title>&quot;V\u0259t\u0259nda\u015flar\u0131n m\u00fcraci\u0259ti haqq\u0131nda&quot; qanun layih\u0259si Milli M\u0259clisin plenar iclas\u0131na \u00e7\u0131xar\u0131lacaq - MEYDAN.TV<\/title>\n<meta name=\"robots\" content=\"index, follow, max-snippet:-1, max-image-preview:large, max-video-preview:-1\" \/>\n<link rel=\"canonical\" href=\"https:\/\/www.meydan.tv\/az\/article\/vetendaslarin-muracieti-haqqinda-qanun-layihesi-milli-meclisin-plenar-iclasina-cixarilacaq\/\" \/>\n<meta property=\"og:locale\" content=\"az_AZ\" \/>\n<meta property=\"og:type\" content=\"article\" \/>\n<meta property=\"og:title\" content=\"&quot;V\u0259t\u0259nda\u015flar\u0131n m\u00fcraci\u0259ti haqq\u0131nda&quot; qanun layih\u0259si Milli M\u0259clisin plenar iclas\u0131na \u00e7\u0131xar\u0131lacaq - MEYDAN.TV\" \/>\n<meta property=\"og:description\" content=\"17 madd\u0259d\u0259n ibar\u0259t yeni qanun layih\u0259si 1997-ci ild\u0259 q\u0259bul olunmu\u015f qanunun tamamil\u0259 yenid\u0259n i\u015fl\u0259nib v\u0259 t\u0259kmill\u0259\u015fdirilmi\u015f formas\u0131d\u0131r\" \/>\n<meta property=\"og:url\" content=\"https:\/\/www.meydan.tv\/az\/article\/vetendaslarin-muracieti-haqqinda-qanun-layihesi-milli-meclisin-plenar-iclasina-cixarilacaq\/\" \/>\n<meta property=\"og:site_name\" content=\"MEYDAN.TV\" \/>\n<meta property=\"article:published_time\" content=\"2015-04-20T14:03:23+00:00\" \/>\n<meta property=\"og:image\" content=\"https:\/\/www.meydan.tv\/wp-content\/uploads\/8339.jpg\" \/>\n\t<meta property=\"og:image:width\" content=\"800\" \/>\n\t<meta property=\"og:image:height\" content=\"600\" \/>\n\t<meta property=\"og:image:type\" content=\"image\/jpeg\" \/>\n<meta name=\"twitter:card\" content=\"summary_large_image\" \/>\n<!-- \/ Yoast SEO plugin. -->","yoast_head_json":{"title":"\"V\u0259t\u0259nda\u015flar\u0131n m\u00fcraci\u0259ti haqq\u0131nda\" qanun layih\u0259si Milli M\u0259clisin plenar iclas\u0131na \u00e7\u0131xar\u0131lacaq - MEYDAN.TV","robots":{"index":"index","follow":"follow","max-snippet":"max-snippet:-1","max-image-preview":"max-image-preview:large","max-video-preview":"max-video-preview:-1"},"canonical":"https:\/\/www.meydan.tv\/az\/article\/vetendaslarin-muracieti-haqqinda-qanun-layihesi-milli-meclisin-plenar-iclasina-cixarilacaq\/","og_locale":"az_AZ","og_type":"article","og_title":"\"V\u0259t\u0259nda\u015flar\u0131n m\u00fcraci\u0259ti haqq\u0131nda\" qanun layih\u0259si Milli M\u0259clisin plenar iclas\u0131na \u00e7\u0131xar\u0131lacaq - MEYDAN.TV","og_description":"17 madd\u0259d\u0259n ibar\u0259t yeni qanun layih\u0259si 1997-ci ild\u0259 q\u0259bul olunmu\u015f qanunun tamamil\u0259 yenid\u0259n i\u015fl\u0259nib v\u0259 t\u0259kmill\u0259\u015fdirilmi\u015f formas\u0131d\u0131r","og_url":"https:\/\/www.meydan.tv\/az\/article\/vetendaslarin-muracieti-haqqinda-qanun-layihesi-milli-meclisin-plenar-iclasina-cixarilacaq\/","og_site_name":"MEYDAN.TV","article_published_time":"2015-04-20T14:03:23+00:00","og_image":[{"width":800,"height":600,"url":"https:\/\/www.meydan.tv\/wp-content\/uploads\/8339.jpg","type":"image\/jpeg"}],"twitter_card":"summary_large_image","schema":{"@context":"https:\/\/schema.org","@graph":[{"@type":"Article","@id":"https:\/\/www.meydan.tv\/az\/article\/vetendaslarin-muracieti-haqqinda-qanun-layihesi-milli-meclisin-plenar-iclasina-cixarilacaq\/#article","isPartOf":{"@id":"https:\/\/www.meydan.tv\/az\/article\/vetendaslarin-muracieti-haqqinda-qanun-layihesi-milli-meclisin-plenar-iclasina-cixarilacaq\/"},"author":{"name":"user-manager","@id":"https:\/\/www.meydan.tv\/az\/#\/schema\/person\/10d11eccf6da3662cf5fdab9806ea91a"},"headline":"&#8220;V\u0259t\u0259nda\u015flar\u0131n m\u00fcraci\u0259ti haqq\u0131nda&#8221; qanun layih\u0259si Milli M\u0259clisin plenar iclas\u0131na \u00e7\u0131xar\u0131lacaq","datePublished":"2015-04-20T14:03:23+00:00","mainEntityOfPage":{"@id":"https:\/\/www.meydan.tv\/az\/article\/vetendaslarin-muracieti-haqqinda-qanun-layihesi-milli-meclisin-plenar-iclasina-cixarilacaq\/"},"wordCount":289,"publisher":{"@id":"https:\/\/www.meydan.tv\/az\/#organization"},"image":{"@id":"https:\/\/www.meydan.tv\/az\/article\/vetendaslarin-muracieti-haqqinda-qanun-layihesi-milli-meclisin-plenar-iclasina-cixarilacaq\/#primaryimage"},"thumbnailUrl":"https:\/\/www.meydan.tv\/wp-content\/uploads\/8339.jpg","articleSection":["X\u0259b\u0259rl\u0259r"],"inLanguage":"az"},{"@type":"WebPage","@id":"https:\/\/www.meydan.tv\/az\/article\/vetendaslarin-muracieti-haqqinda-qanun-layihesi-milli-meclisin-plenar-iclasina-cixarilacaq\/","url":"https:\/\/www.meydan.tv\/az\/article\/vetendaslarin-muracieti-haqqinda-qanun-layihesi-milli-meclisin-plenar-iclasina-cixarilacaq\/","name":"\"V\u0259t\u0259nda\u015flar\u0131n m\u00fcraci\u0259ti haqq\u0131nda\" qanun layih\u0259si Milli M\u0259clisin plenar iclas\u0131na \u00e7\u0131xar\u0131lacaq - MEYDAN.TV","isPartOf":{"@id":"https:\/\/www.meydan.tv\/az\/#website"},"primaryImageOfPage":{"@id":"https:\/\/www.meydan.tv\/az\/article\/vetendaslarin-muracieti-haqqinda-qanun-layihesi-milli-meclisin-plenar-iclasina-cixarilacaq\/#primaryimage"},"image":{"@id":"https:\/\/www.meydan.tv\/az\/article\/vetendaslarin-muracieti-haqqinda-qanun-layihesi-milli-meclisin-plenar-iclasina-cixarilacaq\/#primaryimage"},"thumbnailUrl":"https:\/\/www.meydan.tv\/wp-content\/uploads\/8339.jpg","datePublished":"2015-04-20T14:03:23+00:00","breadcrumb":{"@id":"https:\/\/www.meydan.tv\/az\/article\/vetendaslarin-muracieti-haqqinda-qanun-layihesi-milli-meclisin-plenar-iclasina-cixarilacaq\/#breadcrumb"},"inLanguage":"az","potentialAction":[{"@type":"ReadAction","target":["https:\/\/www.meydan.tv\/az\/article\/vetendaslarin-muracieti-haqqinda-qanun-layihesi-milli-meclisin-plenar-iclasina-cixarilacaq\/"]}]},{"@type":"ImageObject","inLanguage":"az","@id":"https:\/\/www.meydan.tv\/az\/article\/vetendaslarin-muracieti-haqqinda-qanun-layihesi-milli-meclisin-plenar-iclasina-cixarilacaq\/#primaryimage","url":"https:\/\/www.meydan.tv\/wp-content\/uploads\/8339.jpg","contentUrl":"https:\/\/www.meydan.tv\/wp-content\/uploads\/8339.jpg","width":800,"height":600,"caption":"Source:"},{"@type":"BreadcrumbList","@id":"https:\/\/www.meydan.tv\/az\/article\/vetendaslarin-muracieti-haqqinda-qanun-layihesi-milli-meclisin-plenar-iclasina-cixarilacaq\/#breadcrumb","itemListElement":[{"@type":"ListItem","position":1,"name":"Ana s\u0259hif\u0259","item":"https:\/\/www.meydan.tv\/az\/"},{"@type":"ListItem","position":2,"name":"X\u0259b\u0259rl\u0259r","item":"https:\/\/www.meydan.tv\/az\/section\/xeberler\/"},{"@type":"ListItem","position":3,"name":"&#8220;V\u0259t\u0259nda\u015flar\u0131n m\u00fcraci\u0259ti haqq\u0131nda&#8221; qanun layih\u0259si Milli M\u0259clisin plenar iclas\u0131na \u00e7\u0131xar\u0131lacaq"}]},{"@type":"WebSite","@id":"https:\/\/www.meydan.tv\/az\/#website","url":"https:\/\/www.meydan.tv\/az\/","name":"MEYDAN.TV","description":"Meydan TV Az\u0259rbaycan\u0131n media m\u0259kan\u0131ndak\u0131 alternativ s\u0259sidir","publisher":{"@id":"https:\/\/www.meydan.tv\/az\/#organization"},"potentialAction":[{"@type":"SearchAction","target":{"@type":"EntryPoint","urlTemplate":"https:\/\/www.meydan.tv\/az\/?s={search_term_string}"},"query-input":{"@type":"PropertyValueSpecification","valueRequired":true,"valueName":"search_term_string"}}],"inLanguage":"az"},{"@type":"Organization","@id":"https:\/\/www.meydan.tv\/az\/#organization","name":"Meydan TV","url":"https:\/\/www.meydan.tv\/az\/","logo":{"@type":"ImageObject","inLanguage":"az","@id":"https:\/\/www.meydan.tv\/az\/#\/schema\/logo\/image\/","url":"https:\/\/www.meydan.tv\/wp-content\/uploads\/2021\/07\/meydan-logo.svg","contentUrl":"https:\/\/www.meydan.tv\/wp-content\/uploads\/2021\/07\/meydan-logo.svg","width":195,"height":46,"caption":"Meydan TV"},"image":{"@id":"https:\/\/www.meydan.tv\/az\/#\/schema\/logo\/image\/"}},{"@type":"Person","@id":"https:\/\/www.meydan.tv\/az\/#\/schema\/person\/10d11eccf6da3662cf5fdab9806ea91a","name":"user-manager"}]}},"_links":{"self":[{"href":"https:\/\/www.meydan.tv\/az\/wp-json\/wp\/v2\/posts\/167612","targetHints":{"allow":["GET"]}}],"collection":[{"href":"https:\/\/www.meydan.tv\/az\/wp-json\/wp\/v2\/posts"}],"about":[{"href":"https:\/\/www.meydan.tv\/az\/wp-json\/wp\/v2\/types\/post"}],"author":[{"embeddable":true,"href":"https:\/\/www.meydan.tv\/az\/wp-json\/wp\/v2\/users\/11"}],"replies":[{"embeddable":true,"href":"https:\/\/www.meydan.tv\/az\/wp-json\/wp\/v2\/comments?post=167612"}],"version-history":[{"count":0,"href":"https:\/\/www.meydan.tv\/az\/wp-json\/wp\/v2\/posts\/167612\/revisions"}],"wp:featuredmedia":[{"embeddable":true,"href":"https:\/\/www.meydan.tv\/az\/wp-json\/wp\/v2\/media\/22975"}],"wp:attachment":[{"href":"https:\/\/www.meydan.tv\/az\/wp-json\/wp\/v2\/media?parent=167612"}],"wp:term":[{"taxonomy":"category","embeddable":true,"href":"https:\/\/www.meydan.tv\/az\/wp-json\/wp\/v2\/categories?post=167612"},{"taxonomy":"post_tag","embeddable":true,"href":"https:\/\/www.meydan.tv\/az\/wp-json\/wp\/v2\/tags?post=167612"}],"curies":[{"name":"wp","href":"https:\/\/api.w.org\/{rel}","templated":true}]}}