{"id":167611,"date":"2015-04-20T03:56:09","date_gmt":"2015-04-20T03:56:09","guid":{"rendered":"https:\/\/www.meydan.tv\/article\/5-ci-kolon\/"},"modified":"2015-04-20T03:56:09","modified_gmt":"2015-04-20T03:56:09","slug":"5-ci-kolon","status":"publish","type":"post","link":"https:\/\/www.meydan.tv\/az\/article\/5-ci-kolon\/","title":{"rendered":"&#8220;5-ci kolon&#8221;"},"content":{"rendered":"<figure class=\"wp-block-image size-large\">\n  <img decoding=\"async\" src=\"https:\/\/www.meydan.tv\/az\/20176\/\" alt=\"\" class=\"wp-image-20176\"\/><figcaption><\/figcaption><\/figure>\n<figure class=\"wp-block-image size-large\">\n  <img decoding=\"async\" src=\"https:\/\/www.meydan.tv\/az\/20170\/\" alt=\"\" class=\"wp-image-20170\"\/><figcaption><\/figcaption><\/figure>\n<p>\n  Son ill\u0259rd\u0259 Az\u0259rbaycan hakimiyy\u0259tinin n\u00fcmay\u0259nd\u0259l\u0259rinin dilind\u0259n \u201c5-ci kolon\u201d ifad\u0259si d\u00fc\u015fm\u00fcr, \u00f6lk\u0259d\u0259 Avropa v\u0259 AB\u015e sivil toplum qurulu\u015flar\u0131, \u201cbeyin m\u0259rk\u0259zl\u0259ri\u201d, donorlar\u0131 il\u0259 \u0259laq\u0259l\u0259ri, m\u00fc\u0259yy\u0259n layih\u0259l\u0259ri olan b\u00fct\u00fcn insanlara bu dam\u011fan\u0131 \u2013 \u201c5-ci kolon\u201d dam\u011fas\u0131n\u0131 vururlar. \u018fslind\u0259, ilk bax\u0131\u015fdan c\u0259miyy\u0259ti \u00e7a\u015fd\u0131rmaq, m\u00fc\u0259yy\u0259n fikir yaratmaq \u00fc\u00e7\u00fcn bu terminin i\u015fl\u0259dilm\u0259si, sivil toplum n\u00fcmay\u0259nd\u0259l\u0259rinin bel\u0259 dam\u011falanmas\u0131 c\u0259miyy\u0259td\u0259 d\u0259 fikir \u00e7a\u015fq\u0131nl\u0131\u011f\u0131n\u0131n yaranmas\u0131na s\u0259b\u0259b olur, b\u0259z\u0259n insanlar h\u00f6kum\u0259tin atd\u0131\u011f\u0131 repressiv add\u0131mlara m\u0259hz \u201c5-ci kolon\u201d hekay\u0259sin\u0259 g\u00f6r\u0259 haqq qazand\u0131r\u0131rlar.<\/p>\n<p>  \u201c5-ci kolon\u201d ifad\u0259sinin yaranma tarixi \u00e7ox maraql\u0131d\u0131r. 20-ci \u0259srin 30-cu ill\u0259rind\u0259 \u0130spaniyada v\u0259t\u0259nda\u015f m\u00fcharib\u0259si gedirdi, general Frankonun ordular\u0131 il\u0259 SSR\u0130-nin d\u0259 d\u0259st\u0259kl\u0259diyi sol-kommunist qruplar, anarxistl\u0259r, bir d\u0259 respublika\u00e7\u0131lar \u0130span\u0131yada d\u00f6y\u00fc\u015f\u00fcrd\u00fcl\u0259r. 1936-ci ilin oktyabr ay\u0131nda Diktator Frankonun general\u0131 Emilio Mola Madridi m\u00fchasiriy\u0259 al\u0131r v\u0259 \u015f\u0259h\u0259r\u0259 h\u00fcc\u00fcm planla\u015fd\u0131r\u0131l\u0131r. General Mola radio il\u0259 Madrid \u0259halisin\u0259 m\u00fcraci\u0259t edir, m\u00fcqavim\u0259tin a\u011f\u0131ls\u0131zl\u0131q olaca\u011f\u0131n\u0131, \u00e7oxlu sayda insan itgisinin qa\u00e7\u0131n\u0131lmaz oldu\u011funu s\u00f6yl\u0259yir. \u00c7\u0131x\u0131\u015f\u0131 zaman\u0131 deyir ki, onun komandanl\u0131\u011f\u0131 alt\u0131nda olan 4 ordu birl\u0259\u015fm\u0259sind\u0259n, kolonundan ba\u015fqa, Madridin i\u00e7ind\u0259 d\u0259 onlar\u0131n \u00f6z adamlar\u0131 \u2013 \u201c5-ci kolonlar\u0131\u201d var (ispanca &#8211; quinta columna). Madrid \u0259halisin\u0259 \u00e7\u0131x\u0131\u015f\u0131 zaman\u0131 x\u0259b\u0259rdarl\u0131q edir ki, \u015f\u0259h\u0259r\u0259 4 ordu kolonu il\u0259 h\u00fccuma ke\u00e7\u0259nd\u0259, i\u00e7\u0259rid\u0259 olan Franko t\u0259r\u0259fdarlar\u0131 \u2013 \u201c5-ci kolon\u201d h\u0259m\u0259n h\u0259r\u0259k\u0259t\u0259 ke\u00e7\u0259c\u0259k, \u015f\u0259h\u0259r\u0259 ordunun girm\u0259si \u00fc\u00e7\u00fcn \u015f\u0259rait yaradacaq, bu da Madridd\u0259 m\u00fcqavim\u0259k g\u00f6st\u0259r\u0259n \u201cxalq ordusunun\u201d m\u0259\u011flubiyy\u0259tini qa\u00e7\u0131n\u0131lmaz ed\u0259c\u0259k, ciddi itgil\u0259rl\u0259 \u00fczl\u0259\u015f\u0259c\u0259kl\u0259r.<\/p>\n<p>  Madrid \u0259halisi d\u0259 bilirdi ki, \u015f\u0259h\u0259rd\u0259 ke\u00e7mi\u015f polis, m\u0259mur, zad\u0259gan n\u00fcmay\u0259nd\u0259l\u0259ri olan \u00e7oxlu Franko t\u0259r\u0259fdarlar\u0131 var v\u0259 h\u0259ll\u0259dici anda onlar i\u00e7\u0259rid\u0259n Frankoya \u015f\u0259h\u0259ri t\u0259slim etm\u0259k \u00fc\u00e7\u00fcn \u0259ll\u0259rind\u0259n g\u0259l\u0259n h\u0259r \u015feyi ed\u0259c\u0259kl\u0259r.<\/p>\n<p>  Bu ifad\u0259 populyarl\u0131\u011f\u0131n\u0131 is\u0259 h\u0259min hadis\u0259l\u0259ri t\u0259svir ed\u0259n 1938-ci ild\u0259 m\u0259\u015fhur Ernesto Heminqueyin t\u0259r\u0259find\u0259n yaz\u0131lm\u0131\u015f \u201c5-ci kolon\u201d \u0259s\u0259rind\u0259n sonra qazand\u0131.<\/p>\n<p>  \u0130fad\u0259nin yaranma tarixind\u0259n d\u0259 g\u00f6r\u00fcnd\u00fcy\u00fc kimi, m\u0259\u011fzi d\u00fc\u015fm\u0259n, i\u015f\u011fala haz\u0131rla\u015fan q\u00fcvv\u0259l\u0259r\u0259 daxild\u0259n k\u00f6m\u0259k etm\u0259k m\u0259s\u0259l\u0259sidir. G\u0259lin, Az\u0259rbaycanda bu ifad\u0259nin hans\u0131 kontekstd\u0259 i\u015fl\u0259dilm\u0259sinin yerin\u0259 d\u00fc\u015f\u0259 bil\u0259c\u0259yi haqq\u0131nda d\u00fc\u015f\u00fcn\u0259k.<\/p>\n<p>  \u00d6lk\u0259mizin idar\u0259etm\u0259 sistemind\u0259 a\u00e7ar postlar\u0131 tutmu\u015f insanlar\u0131n avtobioqrafiyas\u0131na n\u0259z\u0259r salsaq g\u00f6r\u0259rik ki, b\u00f6y\u00fck \u0259ks\u0259riyy\u0259tinin t\u0259hsili, formala\u015fmas\u0131, karyeralar\u0131n\u0131n ba\u015flanmas\u0131 m\u0259hz SSR\u0130-sovet d\u00f6vr\u00fcn\u0259 d\u00fc\u015f\u00fcb. Nazirl\u0259r Kabinetind\u0259 t\u0259msil olunanlar\u0131n 90%-d\u0259n \u00e7oxu m\u0259hz \u201csovet\u201d m\u0259hsuludur. Prezident aparat\u0131nda da v\u0259ziyy\u0259t f\u0259rqli deyil, bu insanlar\u0131n d\u0259y\u0259rl\u0259rinin formala\u015fmas\u0131 m\u0259hz SSR\u0130 il\u0259, sovet d\u00fc\u015f\u00fcnc\u0259si, Kreml yana\u015fmas\u0131 il\u0259 ba\u011fl\u0131d\u0131r. Onlar, m\u0259hz el\u0259 o Madridd\u0259 olan Franko t\u0259r\u0259fdarlar\u0131 kimi, i\u00e7\u0259rid\u0259 h\u0259l\u0259 d\u0259 SSR\u0130-nin xiff\u0259tini \u00e7\u0259kirl\u0259r, Moskva il\u0259, Kreml il\u0259 s\u0131x ba\u015flant\u0131lar\u0131 olub v\u0259 var, \u015f\u0259rait yeti\u015f\u0259nd\u0259 m\u0259hz onlar Kreml \u00fc\u00e7\u00fcn, xarici m\u00fcdaxil\u0259 zaman\u0131 \u201c5-ci kolon\u201d rolunu oynaya bil\u0259rl\u0259r. \u00c7\u00fcnki, co\u011frafiyam\u0131za, \u015eimal qon\u015fumuzun son ill\u0259rd\u0259 artan imperiya ambisiyalar\u0131n\u0131, i\u015f\u011fal\u00e7\u0131l\u0131q i\u015ftah\u0131n\u0131 g\u00f6rd\u00fckd\u0259, m\u0259hz Rusiyan\u0131n bizim d\u00f6vl\u0259t m\u00fcst\u0259qiliyimiz\u0259 ciddi t\u0259hdid ola bil\u0259c\u0259yini a\u00e7\u0131q-a\u015fkar g\u00f6rm\u0259k m\u00fcmk\u00fcnd\u00fcr. 2008-ci ild\u0259 G\u00fcrc\u00fcstanda, son il is\u0259 Ukraynada ba\u015f ver\u0259nl\u0259r h\u0259min \u00f6lk\u0259d\u0259 Rusiyan\u0131n \u201c5-ci kolonunun\u201d ciddi d\u0259st\u0259yi il\u0259 m\u00fcmk\u00fcn oldu. Ukrayna ordusunda y\u00fcks\u0259k v\u0259zif\u0259li, ya\u015fl\u0131 zabitl\u0259rin \u0259ks\u0259riyy\u0259ti Kremlin agenturas\u0131nda olmas\u0131, onlarla s\u0131x i\u015f birliyind\u0259 h\u0259r\u0259k\u0259t etm\u0259si \u00fcz\u0259 \u00e7\u0131xd\u0131. Rusiyan\u0131n Ukraynada Kr\u0131m\u0131 i\u015f\u011fal etm\u0259si, \u015e\u0259rqi Ukraynada separatist b\u00f6lg\u0259l\u0259rin yarad\u0131lmas\u0131na nail olmas\u0131, h\u0259m d\u0259 ill\u0259rdir Ukraynada formala\u015fd\u0131rd\u0131\u011f\u0131 \u201c5-ci kolonun\u201d k\u00f6m\u0259yi v\u0259 d\u0259st\u0259yi olmadan, m\u0259nc\u0259, m\u00fcmk\u00fcn olmazd\u0131.<br \/>\n  <br \/>\n  H\u00f6kum\u0259tin sivil topluma v\u0259 m\u00fcxalif q\u00fcvv\u0259l\u0259r\u0259 y\u00f6n\u0259lik \u201cQ\u0259rbin 5-ci kolonu\u201d ifad\u0259si, bu anlamda absurd s\u0259sl\u0259nir. N\u0259 AB\u015e, n\u0259 d\u0259 Avropa \u00f6lk\u0259l\u0259rind\u0259n h\u0259r hans\u0131 birisi Az\u0259rbaycan\u0131 i\u015f\u011fal etm\u0259kl\u0259 ba\u011fl\u0131 planlar\u0131 yoxdur, ola da bilm\u0259z, \u0259n az\u0131ndan, co\u011frafiya var, m\u0259ntiq var, bu m\u00fcmk\u00fcns\u00fczd\u00fcr. AB\u015e \u018ffqan\u0131stana, \u0130raqa gir\u0259nd\u0259, b\u0259y\u0259m, onlar\u0131n orada \u201c5-ci kolonu\u201d, v\u0259 ya sivil toplumda adamlar\u0131 var idi? Bu \u00f6lk\u0259l\u0259rd\u0259, \u00fcmumiyy\u0259tl\u0259, sivil toplum yox s\u0259viyy\u0259sind\u0259 idi. Y\u0259ni, AB\u015e harasa girm\u0259k ist\u0259y\u0259nd\u0259, gedir v\u0259 girir edir, orada sivil toplumda, m\u00fcxalif\u0259td\u0259 adamlar\u0131n\u0131n olmas\u0131n\u0131n he\u00e7 bir \u0259h\u0259miyy\u0259ti yoxdur. Az\u0259rbaycanla da ba\u011fl\u0131 bel\u0259 bir qorxu yoxdur, Q\u0259rb d\u00f6vl\u0259tl\u0259rinin bizim \u0259razi b\u00fct\u00f6vl\u00fcy\u00fcm\u00fcz\u0259, m\u00fcst\u0259qilliyimiz\u0259, d\u00f6vl\u0259t\u00e7iliyimiz\u0259 t\u0259hdidi yoxdur, \u0259ksin\u0259, m\u0259hz onlar\u0131n, Q\u0259rb institutlar\u0131n\u0131n d\u0259st\u0259yi il\u0259 biz m\u00fcst\u0259qilliyimizi qoruya, Kremlin i\u015f\u011fal\u00e7\u0131 planlar\u0131ndan s\u0131\u011fortalana bil\u0259rik.<\/p>\n<p>  \u0130ndi \u00f6z\u00fcn\u00fcz deyil, g\u00fcnahs\u0131z yer\u0259, qanunsuz olaraq zindanlara doldurulmu\u015f, h\u00f6kum\u0259t t\u0259r\u0259find\u0259n \u201cQ\u0259rbin 5-ci kolonu\u201d adland\u0131rd\u0131\u011f\u0131 insanlar\u0131n m\u00fcst\u0259qilliyimiz\u0259, d\u00f6vl\u0259t\u00e7iliyimiz\u0259 yaratd\u0131\u011f\u0131 t\u0259hdidl\u0259, hakimiyy\u0259tin i\u00e7ind\u0259 olub da, Kremll\u0259 can ba\u011fl\u0131l\u0131\u011f\u0131 olanlarla eynidirmi? Sabah Kremlin Az\u0259rbaycanla ba\u011fl\u0131 m\u0259krli planlar\u0131 olsa, i\u00e7\u0259rid\u0259 olan \u00f6z \u201c5-ci kolonu\u201d il\u0259 ist\u0259diyi t\u0259xribatlar\u0131 t\u00f6r\u0259d\u0259 bil\u0259r, \u00e7\u00fcnki onlar\u0131n adamlar\u0131n\u0131n \u0259lind\u0259 g\u00fcc, silah, pul var. C\u0259miyy\u0259timiz m\u0259hz bu haqda d\u00fc\u015f\u00fcnm\u0259li, \u201c5-ci kolon\u201d anlay\u0131\u015f\u0131n\u0131n kim\u0259 yara\u015fmas\u0131na \u00f6z\u00fc q\u0259rar verm\u0259lidir.<\/p>\n<p>  P.S. M\u00fcsahib\u0259l\u0259rinin birind\u0259 Saaka\u015fvilid\u0259n soru\u015fmu\u015fdular ki, siz niy\u0259 h\u00f6kum\u0259t\u0259 a\u00e7ar v\u0259zif\u0259l\u0259r\u0259 27-35 ya\u015f aras\u0131 adamlar\u0131 g\u0259tirirsiniz? Cavab vermi\u015fdi ki, SSR\u0130 d\u00f6vr\u00fcnd\u0259 onlar ya bax\u00e7aya, ya da m\u0259kt\u0259b\u0259 gedirdil\u0259r, inanm\u0131ram ki, o ya\u015fda Kreml \u201cKQB\u201d-si onlar\u0131 \u00f6z agentin\u0259 \u00e7evir\u0259 bil\u0259rdi&#8230;<\/p>\n","protected":false},"excerpt":{"rendered":"<p>Kremlin i\u015f\u011fal\u00e7\u0131 planlar\u0131ndan s\u0131\u011fortalanma<\/p>\n","protected":false},"author":11,"featured_media":20176,"comment_status":"closed","ping_status":"open","sticky":false,"template":"","format":"standard","meta":{"_acf_changed":false,"_sitemap_exclude":false,"_sitemap_priority":"","_sitemap_frequency":"","footnotes":""},"categories":[57],"tags":[],"class_list":["post-167611","post","type-post","status-publish","format-standard","has-post-thumbnail","hentry","category-menim-fikrimce","infinite-scroll-item","generate-columns","tablet-grid-50","mobile-grid-100","grid-parent","grid-33","no-featured-image-padding"],"acf":[],"yoast_head":"<!-- This site is optimized with the Yoast SEO plugin v27.5 - https:\/\/yoast.com\/product\/yoast-seo-wordpress\/ -->\n<title>&quot;5-ci kolon&quot; - MEYDAN.TV<\/title>\n<meta name=\"robots\" content=\"index, follow, max-snippet:-1, max-image-preview:large, max-video-preview:-1\" \/>\n<link rel=\"canonical\" href=\"https:\/\/www.meydan.tv\/az\/article\/5-ci-kolon\/\" \/>\n<meta property=\"og:locale\" content=\"az_AZ\" \/>\n<meta property=\"og:type\" content=\"article\" \/>\n<meta property=\"og:title\" content=\"&quot;5-ci kolon&quot; - MEYDAN.TV\" \/>\n<meta property=\"og:description\" content=\"Kremlin i\u015f\u011fal\u00e7\u0131 planlar\u0131ndan s\u0131\u011fortalanma\" \/>\n<meta property=\"og:url\" content=\"https:\/\/www.meydan.tv\/az\/article\/5-ci-kolon\/\" \/>\n<meta property=\"og:site_name\" content=\"MEYDAN.TV\" \/>\n<meta property=\"article:published_time\" content=\"2015-04-20T03:56:09+00:00\" \/>\n<meta property=\"og:image\" content=\"https:\/\/www.meydan.tv\/wp-content\/uploads\/7229.jpg\" \/>\n\t<meta property=\"og:image:width\" content=\"500\" \/>\n\t<meta property=\"og:image:height\" content=\"500\" \/>\n\t<meta property=\"og:image:type\" content=\"image\/jpeg\" \/>\n<meta name=\"author\" content=\"user-manager\" \/>\n<meta name=\"twitter:card\" content=\"summary_large_image\" \/>\n<script type=\"application\/ld+json\" class=\"yoast-schema-graph\">{\"@context\":\"https:\\\/\\\/schema.org\",\"@graph\":[{\"@type\":\"Article\",\"@id\":\"https:\\\/\\\/www.meydan.tv\\\/az\\\/article\\\/5-ci-kolon\\\/#article\",\"isPartOf\":{\"@id\":\"https:\\\/\\\/www.meydan.tv\\\/az\\\/article\\\/5-ci-kolon\\\/\"},\"author\":{\"name\":\"user-manager\",\"@id\":\"https:\\\/\\\/www.meydan.tv\\\/az\\\/#\\\/schema\\\/person\\\/10d11eccf6da3662cf5fdab9806ea91a\"},\"headline\":\"&#8220;5-ci kolon&#8221;\",\"datePublished\":\"2015-04-20T03:56:09+00:00\",\"mainEntityOfPage\":{\"@id\":\"https:\\\/\\\/www.meydan.tv\\\/az\\\/article\\\/5-ci-kolon\\\/\"},\"wordCount\":1175,\"publisher\":{\"@id\":\"https:\\\/\\\/www.meydan.tv\\\/az\\\/#organization\"},\"image\":{\"@id\":\"https:\\\/\\\/www.meydan.tv\\\/az\\\/article\\\/5-ci-kolon\\\/#primaryimage\"},\"thumbnailUrl\":\"https:\\\/\\\/www.meydan.tv\\\/wp-content\\\/uploads\\\/7229.jpg\",\"articleSection\":[\"M\u0259nim Fikrimc\u0259\"],\"inLanguage\":\"az\"},{\"@type\":\"WebPage\",\"@id\":\"https:\\\/\\\/www.meydan.tv\\\/az\\\/article\\\/5-ci-kolon\\\/\",\"url\":\"https:\\\/\\\/www.meydan.tv\\\/az\\\/article\\\/5-ci-kolon\\\/\",\"name\":\"\\\"5-ci kolon\\\" - MEYDAN.TV\",\"isPartOf\":{\"@id\":\"https:\\\/\\\/www.meydan.tv\\\/az\\\/#website\"},\"primaryImageOfPage\":{\"@id\":\"https:\\\/\\\/www.meydan.tv\\\/az\\\/article\\\/5-ci-kolon\\\/#primaryimage\"},\"image\":{\"@id\":\"https:\\\/\\\/www.meydan.tv\\\/az\\\/article\\\/5-ci-kolon\\\/#primaryimage\"},\"thumbnailUrl\":\"https:\\\/\\\/www.meydan.tv\\\/wp-content\\\/uploads\\\/7229.jpg\",\"datePublished\":\"2015-04-20T03:56:09+00:00\",\"breadcrumb\":{\"@id\":\"https:\\\/\\\/www.meydan.tv\\\/az\\\/article\\\/5-ci-kolon\\\/#breadcrumb\"},\"inLanguage\":\"az\",\"potentialAction\":[{\"@type\":\"ReadAction\",\"target\":[\"https:\\\/\\\/www.meydan.tv\\\/az\\\/article\\\/5-ci-kolon\\\/\"]}]},{\"@type\":\"ImageObject\",\"inLanguage\":\"az\",\"@id\":\"https:\\\/\\\/www.meydan.tv\\\/az\\\/article\\\/5-ci-kolon\\\/#primaryimage\",\"url\":\"https:\\\/\\\/www.meydan.tv\\\/wp-content\\\/uploads\\\/7229.jpg\",\"contentUrl\":\"https:\\\/\\\/www.meydan.tv\\\/wp-content\\\/uploads\\\/7229.jpg\",\"width\":500,\"height\":500,\"caption\":\"Source:\"},{\"@type\":\"BreadcrumbList\",\"@id\":\"https:\\\/\\\/www.meydan.tv\\\/az\\\/article\\\/5-ci-kolon\\\/#breadcrumb\",\"itemListElement\":[{\"@type\":\"ListItem\",\"position\":1,\"name\":\"Ana s\u0259hif\u0259\",\"item\":\"https:\\\/\\\/www.meydan.tv\\\/az\\\/\"},{\"@type\":\"ListItem\",\"position\":2,\"name\":\"M\u0259nim Fikrimc\u0259\",\"item\":\"https:\\\/\\\/www.meydan.tv\\\/az\\\/section\\\/menim-fikrimce\\\/\"},{\"@type\":\"ListItem\",\"position\":3,\"name\":\"&#8220;5-ci kolon&#8221;\"}]},{\"@type\":\"WebSite\",\"@id\":\"https:\\\/\\\/www.meydan.tv\\\/az\\\/#website\",\"url\":\"https:\\\/\\\/www.meydan.tv\\\/az\\\/\",\"name\":\"MEYDAN.TV\",\"description\":\"Meydan TV Az\u0259rbaycan\u0131n media m\u0259kan\u0131ndak\u0131 alternativ s\u0259sidir\",\"publisher\":{\"@id\":\"https:\\\/\\\/www.meydan.tv\\\/az\\\/#organization\"},\"potentialAction\":[{\"@type\":\"SearchAction\",\"target\":{\"@type\":\"EntryPoint\",\"urlTemplate\":\"https:\\\/\\\/www.meydan.tv\\\/az\\\/?s={search_term_string}\"},\"query-input\":{\"@type\":\"PropertyValueSpecification\",\"valueRequired\":true,\"valueName\":\"search_term_string\"}}],\"inLanguage\":\"az\"},{\"@type\":\"Organization\",\"@id\":\"https:\\\/\\\/www.meydan.tv\\\/az\\\/#organization\",\"name\":\"Meydan TV\",\"url\":\"https:\\\/\\\/www.meydan.tv\\\/az\\\/\",\"logo\":{\"@type\":\"ImageObject\",\"inLanguage\":\"az\",\"@id\":\"https:\\\/\\\/www.meydan.tv\\\/az\\\/#\\\/schema\\\/logo\\\/image\\\/\",\"url\":\"https:\\\/\\\/www.meydan.tv\\\/wp-content\\\/uploads\\\/2021\\\/07\\\/meydan-logo.svg\",\"contentUrl\":\"https:\\\/\\\/www.meydan.tv\\\/wp-content\\\/uploads\\\/2021\\\/07\\\/meydan-logo.svg\",\"width\":195,\"height\":46,\"caption\":\"Meydan TV\"},\"image\":{\"@id\":\"https:\\\/\\\/www.meydan.tv\\\/az\\\/#\\\/schema\\\/logo\\\/image\\\/\"}},{\"@type\":\"Person\",\"@id\":\"https:\\\/\\\/www.meydan.tv\\\/az\\\/#\\\/schema\\\/person\\\/10d11eccf6da3662cf5fdab9806ea91a\",\"name\":\"user-manager\"}]}<\/script>\n<!-- \/ Yoast SEO plugin. -->","yoast_head_json":{"title":"\"5-ci kolon\" - MEYDAN.TV","robots":{"index":"index","follow":"follow","max-snippet":"max-snippet:-1","max-image-preview":"max-image-preview:large","max-video-preview":"max-video-preview:-1"},"canonical":"https:\/\/www.meydan.tv\/az\/article\/5-ci-kolon\/","og_locale":"az_AZ","og_type":"article","og_title":"\"5-ci kolon\" - MEYDAN.TV","og_description":"Kremlin i\u015f\u011fal\u00e7\u0131 planlar\u0131ndan s\u0131\u011fortalanma","og_url":"https:\/\/www.meydan.tv\/az\/article\/5-ci-kolon\/","og_site_name":"MEYDAN.TV","article_published_time":"2015-04-20T03:56:09+00:00","og_image":[{"width":500,"height":500,"url":"https:\/\/www.meydan.tv\/wp-content\/uploads\/7229.jpg","type":"image\/jpeg"}],"author":"user-manager","twitter_card":"summary_large_image","schema":{"@context":"https:\/\/schema.org","@graph":[{"@type":"Article","@id":"https:\/\/www.meydan.tv\/az\/article\/5-ci-kolon\/#article","isPartOf":{"@id":"https:\/\/www.meydan.tv\/az\/article\/5-ci-kolon\/"},"author":{"name":"user-manager","@id":"https:\/\/www.meydan.tv\/az\/#\/schema\/person\/10d11eccf6da3662cf5fdab9806ea91a"},"headline":"&#8220;5-ci kolon&#8221;","datePublished":"2015-04-20T03:56:09+00:00","mainEntityOfPage":{"@id":"https:\/\/www.meydan.tv\/az\/article\/5-ci-kolon\/"},"wordCount":1175,"publisher":{"@id":"https:\/\/www.meydan.tv\/az\/#organization"},"image":{"@id":"https:\/\/www.meydan.tv\/az\/article\/5-ci-kolon\/#primaryimage"},"thumbnailUrl":"https:\/\/www.meydan.tv\/wp-content\/uploads\/7229.jpg","articleSection":["M\u0259nim Fikrimc\u0259"],"inLanguage":"az"},{"@type":"WebPage","@id":"https:\/\/www.meydan.tv\/az\/article\/5-ci-kolon\/","url":"https:\/\/www.meydan.tv\/az\/article\/5-ci-kolon\/","name":"\"5-ci kolon\" - MEYDAN.TV","isPartOf":{"@id":"https:\/\/www.meydan.tv\/az\/#website"},"primaryImageOfPage":{"@id":"https:\/\/www.meydan.tv\/az\/article\/5-ci-kolon\/#primaryimage"},"image":{"@id":"https:\/\/www.meydan.tv\/az\/article\/5-ci-kolon\/#primaryimage"},"thumbnailUrl":"https:\/\/www.meydan.tv\/wp-content\/uploads\/7229.jpg","datePublished":"2015-04-20T03:56:09+00:00","breadcrumb":{"@id":"https:\/\/www.meydan.tv\/az\/article\/5-ci-kolon\/#breadcrumb"},"inLanguage":"az","potentialAction":[{"@type":"ReadAction","target":["https:\/\/www.meydan.tv\/az\/article\/5-ci-kolon\/"]}]},{"@type":"ImageObject","inLanguage":"az","@id":"https:\/\/www.meydan.tv\/az\/article\/5-ci-kolon\/#primaryimage","url":"https:\/\/www.meydan.tv\/wp-content\/uploads\/7229.jpg","contentUrl":"https:\/\/www.meydan.tv\/wp-content\/uploads\/7229.jpg","width":500,"height":500,"caption":"Source:"},{"@type":"BreadcrumbList","@id":"https:\/\/www.meydan.tv\/az\/article\/5-ci-kolon\/#breadcrumb","itemListElement":[{"@type":"ListItem","position":1,"name":"Ana s\u0259hif\u0259","item":"https:\/\/www.meydan.tv\/az\/"},{"@type":"ListItem","position":2,"name":"M\u0259nim Fikrimc\u0259","item":"https:\/\/www.meydan.tv\/az\/section\/menim-fikrimce\/"},{"@type":"ListItem","position":3,"name":"&#8220;5-ci kolon&#8221;"}]},{"@type":"WebSite","@id":"https:\/\/www.meydan.tv\/az\/#website","url":"https:\/\/www.meydan.tv\/az\/","name":"MEYDAN.TV","description":"Meydan TV Az\u0259rbaycan\u0131n media m\u0259kan\u0131ndak\u0131 alternativ s\u0259sidir","publisher":{"@id":"https:\/\/www.meydan.tv\/az\/#organization"},"potentialAction":[{"@type":"SearchAction","target":{"@type":"EntryPoint","urlTemplate":"https:\/\/www.meydan.tv\/az\/?s={search_term_string}"},"query-input":{"@type":"PropertyValueSpecification","valueRequired":true,"valueName":"search_term_string"}}],"inLanguage":"az"},{"@type":"Organization","@id":"https:\/\/www.meydan.tv\/az\/#organization","name":"Meydan TV","url":"https:\/\/www.meydan.tv\/az\/","logo":{"@type":"ImageObject","inLanguage":"az","@id":"https:\/\/www.meydan.tv\/az\/#\/schema\/logo\/image\/","url":"https:\/\/www.meydan.tv\/wp-content\/uploads\/2021\/07\/meydan-logo.svg","contentUrl":"https:\/\/www.meydan.tv\/wp-content\/uploads\/2021\/07\/meydan-logo.svg","width":195,"height":46,"caption":"Meydan TV"},"image":{"@id":"https:\/\/www.meydan.tv\/az\/#\/schema\/logo\/image\/"}},{"@type":"Person","@id":"https:\/\/www.meydan.tv\/az\/#\/schema\/person\/10d11eccf6da3662cf5fdab9806ea91a","name":"user-manager"}]}},"_links":{"self":[{"href":"https:\/\/www.meydan.tv\/az\/wp-json\/wp\/v2\/posts\/167611","targetHints":{"allow":["GET"]}}],"collection":[{"href":"https:\/\/www.meydan.tv\/az\/wp-json\/wp\/v2\/posts"}],"about":[{"href":"https:\/\/www.meydan.tv\/az\/wp-json\/wp\/v2\/types\/post"}],"author":[{"embeddable":true,"href":"https:\/\/www.meydan.tv\/az\/wp-json\/wp\/v2\/users\/11"}],"replies":[{"embeddable":true,"href":"https:\/\/www.meydan.tv\/az\/wp-json\/wp\/v2\/comments?post=167611"}],"version-history":[{"count":0,"href":"https:\/\/www.meydan.tv\/az\/wp-json\/wp\/v2\/posts\/167611\/revisions"}],"wp:featuredmedia":[{"embeddable":true,"href":"https:\/\/www.meydan.tv\/az\/wp-json\/wp\/v2\/media\/20176"}],"wp:attachment":[{"href":"https:\/\/www.meydan.tv\/az\/wp-json\/wp\/v2\/media?parent=167611"}],"wp:term":[{"taxonomy":"category","embeddable":true,"href":"https:\/\/www.meydan.tv\/az\/wp-json\/wp\/v2\/categories?post=167611"},{"taxonomy":"post_tag","embeddable":true,"href":"https:\/\/www.meydan.tv\/az\/wp-json\/wp\/v2\/tags?post=167611"}],"curies":[{"name":"wp","href":"https:\/\/api.w.org\/{rel}","templated":true}]}}