{"id":167608,"date":"2015-04-18T22:04:34","date_gmt":"2015-04-18T22:04:34","guid":{"rendered":"https:\/\/www.meydan.tv\/article\/qerb-muxalifetden-niye-uz-cevirdi-tehlil\/"},"modified":"2015-04-18T22:04:34","modified_gmt":"2015-04-18T22:04:34","slug":"qerb-muxalifetden-niye-uz-cevirdi-tehlil","status":"publish","type":"post","link":"https:\/\/www.meydan.tv\/az\/article\/qerb-muxalifetden-niye-uz-cevirdi-tehlil\/","title":{"rendered":"Q\u0259rb m\u00fcxalif\u0259td\u0259n niy\u0259 \u00fcz \u00e7evirdi? (T\u0259hlil)"},"content":{"rendered":"<figure class=\"wp-block-image size-large\">\n  <img decoding=\"async\" src=\"https:\/\/www.meydan.tv\/az\/22951\/\" alt=\"\" class=\"wp-image-22951\"\/><figcaption><\/figcaption><\/figure>\n<figure class=\"wp-block-image size-large\">\n  <img decoding=\"async\" src=\"https:\/\/www.meydan.tv\/az\/22951\/\" alt=\"\" class=\"wp-image-22951\"\/><figcaption><\/figcaption><\/figure>\n<p>\n  <i><br \/>\n    Az\u0259rbaycan m\u00fcxalif\u0259tin\u0259 Q\u0259rbin d\u0259st\u0259yinin yet\u0259rinc\u0259 olmamas\u0131 yaln\u0131z\u00a0 geosiyasi amill\u0259rl\u0259 v\u0259 yaxud neft maraqlar\u0131 il\u0259 ba\u011fl\u0131 deyil<br \/>\n  <\/i>\n<\/p>\n<p>\n  Az\u0259rbaycan avtoritar idar\u0259\u00e7ilikd\u0259n totalitarizm\u0259 ke\u00e7m\u0259y\u0259 ba\u015flay\u0131b. \u00d6lk\u0259d\u0259 f\u0259rqli d\u00fc\u015f\u00fcnc\u0259nin \u00f6z\u00fc yasaqlan\u0131b. M\u00fcxalif\u0259t, m\u0259tbuat, v\u0259t\u0259nda\u015f c\u0259amiyy\u0259ti dem\u0259k olar ki, tamamil\u0259 s\u0131radan \u00e7\u0131xar\u0131l\u0131b. B\u00fct\u00fcn bunlar Q\u0259rbin susqunlu\u011fu fonunda h\u0259yata ke\u00e7irilir. Ara-s\u0131ra veril\u0259n \u201cnarahat\u0131q\u201d b\u0259yanatlar\u0131 il\u0259 m\u00fcsb\u0259t d\u0259yi\u015fiklikl\u0259r\u0259 nail olmaq imkans\u0131z g\u00f6r\u00fcn\u00fcr.\n<\/p>\n<p>\n  Maraql\u0131d\u0131r, Q\u0259rb dig\u0259r post-sovet m\u0259kan\u0131 \u00f6lk\u0259l\u0259rind\u0259ki prosesl\u0259r\u0259 daha diqq\u0259tl\u0259 yana\u015f\u0131r. M\u0259s\u0259l\u0259n, Ukraynadak\u0131 son prosesl\u0259r m\u00fcxalif\u0259t \u00fc\u00e7\u00fcn u\u011furla n\u0259tic\u0259l\u0259ndi. Bunun ba\u015fl\u0131ca s\u0259b\u0259bl\u0259rind\u0259n biri d\u0259 xarici d\u0259st\u0259yin m\u00fcxalif\u0259tin yan\u0131nda olmas\u0131 il\u0259 ba\u011fl\u0131 oldu. Prosesl\u0259r ba\u015flayan g\u00fcnd\u0259n n\u00fcfuzlu beyn\u0259lxalq t\u0259\u015fkilatlar, AB\u015e v\u0259 Avropa \u00f6lk\u0259l\u0259ri demokratik h\u0259r\u0259kat\u0131n yan\u0131nda oldular. Q\u0259rb diplomatlar\u0131 h\u0259tta Kiyevd\u0259ki mitinql\u0259rd\u0259 \u00e7\u0131x\u0131\u015flar da etdil\u0259r, Ukrayna m\u00fcxalif\u0259tin\u0259 maliyy\u0259 v\u0259 siyasi d\u0259st\u0259k verdil\u0259r.\u00a0AB\u015e d\u00f6vl\u0259t katibi Con\u00a0 Kerri a\u00e7\u0131q b\u0259yan etdi ki, Ukrayna m\u00fcxalif\u0259ti \u00f6z s\u0259yl\u0259rin\u0259 v\u0259 c\u0259sar\u0259tin\u0259 g\u00f6r\u0259 AB\u015e prezidenti Barak Obaman\u0131n v\u0259 Amerika xalq\u0131n\u0131n tam d\u0259st\u0259yin\u0259 \u00fcmid ed\u0259 bil\u0259r. AB\u015e d\u00f6vl\u0259t katibi Ukrayna hakimiyy\u0259tinin raz\u0131l\u0131q verdiyi g\u00fcz\u0259\u015ftl\u0259rin \u201cb\u00f6hran\u0131 a\u015fmaq \u00fc\u00e7\u00fcn kifay\u0259t etm\u0259diyini\u201d d\u0259 vur\u011fulad\u0131. C.Kerri Almaniyada Ukrayna m\u00fcxalif\u0259tinin liderl\u0259ri &#8211; \u201cBatk\u0131v\u015fina\u201dn\u0131n r\u0259hb\u0259ri Arseni Yatsenyuk, \u201cUDAR\u201d partiyas\u0131n\u0131n s\u0259dri Vitali Kli\u00e7ko, m\u00fcxalif\u0259ti d\u0259st\u0259kl\u0259y\u0259n biznesmen Pyotr Poro\u015fenko v\u0259 \u201cEurovision\u201d mahn\u0131 m\u00fcsabiq\u0259sinin qalibi Ruslana L\u0131ji\u00e7ko il\u0259 g\u00f6r\u00fc\u015fl\u0259r ke\u00e7irdi, onlara tam d\u0259st\u0259k verdi.\n<\/p>\n<p>\n  Az\u0259rbaycanda is\u0259 b\u00fct\u00fcn bu ill\u0259r \u0259rzind\u0259 m\u00fcxalif\u0259t Q\u0259rbin h\u0259tta m\u0259n\u0259vi d\u0259st\u0259yini \u0259ld\u0259 ed\u0259 bilm\u0259yib. \u018fg\u0259r, Ukraynadak\u0131 prosesl\u0259r\u0259 Q\u0259rb m\u00fcdaxil\u0259 etm\u0259s\u0259ydi, m\u00fcxalif\u0259t repressiyalara m\u0259ruz qala bil\u0259rdi.\u00a0 Lakin Kiyevd\u0259 demokratiya qalib g\u0259ldi.\u00a0 D\u00fczd\u00fcr, y\u00fczl\u0259rl\u0259 insan\u0131n qan\u0131 t\u00f6k\u00fcld\u00fc. Ukrayna xalq\u0131 azadl\u0131\u011f\u0131n\u0131 qan\u0131 hesab\u0131na \u0259ld\u0259 etdi.\u00a0 Q\u0259rbin prosesl\u0259r\u0259 f\u0259al m\u00fcdaxil\u0259si, m\u00fcxalif\u0259tin ard\u0131c\u0131l, savadl\u0131 m\u00fcbariz\u0259si say\u0259sind\u0259 Ukraynada hakimiyy\u0259t d\u0259yi\u015fikliyi il\u0259 sonucland\u0131.\n<\/p>\n<p>\n  Az\u0259rbaycanda is\u0259 bu ill\u0259r \u0259rzind\u0259 Q\u0259rbin d\u0259st\u0259yi olmay\u0131b. M\u00fcxalif\u0259t is\u0259 prosesl\u0259ri d\u0259yi\u015fm\u0259k iqtidar\u0131nda deyil.\n<\/p>\n<p>\n  Q\u0259rbin Az\u0259rbaycan m\u00fcxalif\u0259tin\u0259 bu d\u0259r\u0259c\u0259d\u0259 say\u011f\u0131s\u0131z yana\u015fmas\u0131n\u0131n \u00e7oxsayl\u0131 s\u0259b\u0259bl\u0259ri d\u0259 m\u00f6vcuddur. \u018flb\u0259tt\u0259 ki, n\u00f6vb\u0259ti d\u0259f\u0259 neft maraqlar\u0131ndan, din amilind\u0259n, geosiyasi maraqlardan dan\u0131\u015fmaq m\u00fcmk\u00fcnd\u00fcr. Az\u0259rbaycan\u0131n Avropan\u0131n bir hiss\u0259si olaraq q\u0259bul edilm\u0259diyi bar\u0259d\u0259 ehtimallar da ir\u0259li s\u00fcrm\u0259k olar. Lakin bu t\u0259qdird\u0259 yuxar\u0131da veril\u0259n suala birm\u0259nal\u0131 cavab tapmaq m\u00fcmk\u00fcn olmayacaq. Dem\u0259li, Q\u0259rbin Az\u0259rbaycan m\u00fcxalif\u0259tind\u0259n \u00fcz \u00e7evirm\u0259sinin ba\u015fqa s\u0259b\u0259bl\u0259ri d\u0259 m\u00f6vcuddur.\n<\/p>\n<p>\n  Az\u0259rbaycanda hakimiyy\u0259t d\u0259yi\u015fikliyi ba\u015f ver\u0259rs\u0259 bel\u0259, Bak\u0131 xarici siyas\u0259tind\u0259 ciddi d\u0259yi\u015fiklik etm\u0259y\u0259c\u0259k. Y\u0259ni, AB\u015e-\u0131n enerji maraqlar\u0131na, \u018ffqan\u0131stan v\u0259 s. m\u0259s\u0259l\u0259l\u0259rd\u0259 \u0259m\u0259kda\u015fl\u0131\u011f\u0131na yeni g\u0259l\u0259n iqtidar \u00a0son qoymayacaq.\n<\/p>\n<p>\n  G\u00f6r\u00fcn\u0259n budur ki, ist\u0259nil\u0259n hakimiyy\u0259t m\u00f6vcud xarici siyasi kursu davam etdirm\u0259li olacaq. Milli demokratik q\u00fcvv\u0259l\u0259r is\u0259 Q\u0259rbl\u0259 \u0259m\u0259kda\u015fl\u0131qda daha c\u0259lbedici g\u00f6r\u00fcn\u00fcrl\u0259r. Bir s\u00f6zl\u0259, \u0259n pis halda oyun\u00e7ular yerl\u0259rini d\u0259yi\u015f\u0259c\u0259k, rokirovkalar ba\u015f tutacaq, Q\u0259rb\u0259 y\u00f6n\u0259lik siyasi kurs is\u0259 m\u00f6vcud oldu\u011fu kimi d\u0259yi\u015fm\u0259z qalacaq.\n<\/p>\n<p>\n  G\u00f6r\u00fcnd\u00fcy\u00fc kimi, Az\u0259rbaycan m\u00fcxalif\u0259tin\u0259 Q\u0259rbin d\u0259st\u0259yinin yet\u0259rinc\u0259 olmamas\u0131 yaln\u0131z\u00a0 geosiyasi amill\u0259rl\u0259 v\u0259 yaxud neft maraqlar\u0131 il\u0259 ba\u011fl\u0131 deyil.\n<\/p>\n<p>\n  K\u0259nardan g\u00f6r\u00fcn\u0259n budur ki, \u00a0Az\u0259rbaycan m\u00fcxalif\u0259ti Q\u0259rbin etimad\u0131n\u0131 itirm\u0259y\u0259 ba\u015flay\u0131b. Diplomatik m\u0259nb\u0259l\u0259rl\u0259 s\u0131x ba\u011fl\u0131l\u0131\u011f\u0131 olan ekspertl\u0259r vur\u011fulay\u0131rlar ki,\u00a0 Az\u0259rbaycan m\u00fcxalif\u0259tinin tan\u0131nm\u0131\u015f v\u0259 \u0259sas simalar\u0131ndan kiml\u0259rins\u0259 son anda hakimiyy\u0259tl\u0259 raz\u0131l\u0131\u011fa getm\u0259y\u0259c\u0259yi il\u0259 ba\u011fl\u0131 Q\u0259rbd\u0259 \u0259minlik yoxdur. Bir s\u00f6zl\u0259 des\u0259k, Q\u0259rb Az\u0259rbaycan m\u00fcxalif\u0259tinin sona q\u0259d\u0259r q\u0259tiyy\u0259tli v\u0259 ard\u0131c\u0131l\u00a0 m\u00fcbariz\u0259 aparaca\u011f\u0131na o q\u0259d\u0259r d\u0259 inanm\u0131r. Son 20 ild\u0259 m\u00fcxalif\u0259t ard\u0131c\u0131l m\u00fcbariz\u0259 aparmay\u0131b. Se\u00e7ki \u00f6nc\u0259si yaranan birlikl\u0259r se\u00e7kid\u0259n d\u0259rhal sonra da\u011fl\u0131b v\u0259 m\u00fcxalif\u0259t se\u00e7ki saxtakarl\u0131\u011f\u0131n\u0131n ba\u015f q\u0259hr\u0259man\u0131 olan iqtidara qar\u015f\u0131 deyil, bir-birin\u0259 qar\u015f\u0131 nifr\u0259t p\u00fcsk\u00fcr\u00fcb. Analoji v\u0259ziyy\u0259td\u0259 Ukrayna m\u00fcxalif\u0259ti \u00f6z t\u0259r\u0259fdarlar\u0131n\u0131 hakimiyy\u0259t\u0259 qar\u015f\u0131 qanl\u0131 sava\u015fa s\u0259sl\u0259yirdi.\n<\/p>\n<p>\n  Burada inc\u0259 bir m\u0259qam m\u00f6vcuddur. Az\u0259rbaycan m\u00fcxalif\u0259ti yenil\u0259nmir v\u0259 sanki inhisara g\u00f6t\u00fcr\u00fcl\u00fcb. N\u0259z\u0259r\u0259 almaq la\u0131zmd\u0131r ki, n\u0259 \u015e\u0259rqi Avropada, n\u0259 d\u0259 ki post-sovet m\u0259kan\u0131nda 20 il \u0259rzind\u0259 m\u00fcxalif\u0259td\u0259 olan siyasi q\u00fcvv\u0259 qalmay\u0131b. N\u0259sil d\u0259yi\u015fikliyi ba\u015f verib v\u0259 siyasi m\u00fcst\u0259vini tamamil\u0259 yeni simalar doldurublar. Milli-azadl\u0131q v\u0259 demokratiya sava\u015f\u0131n\u0131n i\u015ftirak\u00e7\u0131s\u0131 olan siyasi q\u00fcvv\u0259l\u0259r art\u0131q \u015e\u0259rqi Avropada v\u0259 ke\u00e7mi\u015f SSR\u0130 m\u0259kan\u0131nda siyas\u0259tl\u0259 m\u0259\u015f\u011ful olmurlar. Onlar \u00f6z missiyalar\u0131n\u0131 h\u0259yata ke\u00e7ir\u0259r\u0259k, yerl\u0259rini yeni m\u00fcxalif\u0259t\u00e7il\u0259r n\u0259slin\u0259 ver\u0259r\u0259k, \u00f6zl\u0259ri yoxa \u00e7\u0131x\u0131blar. Ukrayna, G\u00fcrc\u00fcstan v\u0259 dig\u0259r m\u0259xm\u0259ri inqilablar ba\u015f vermi\u015f \u00f6lk\u0259l\u0259rd\u0259 Q\u0259rbin d\u0259st\u0259yi m\u0259hz yeni m\u00fcxalif\u0259t\u0259 olub, milli-azadl\u0131q d\u00f6vr\u00fcn\u00fcn q\u0259hr\u0259manlar\u0131na is\u0259 yaln\u0131z f\u0259xri yerl\u0259r ayr\u0131l\u0131b.\n<\/p>\n<p>\n  Daha bir m\u0259qam m\u00f6vcuddur. Q\u0259rb siyasi dair\u0259l\u0259rind\u0259 bel\u0259 fikir formala\u015f\u0131b ki, Az\u0259rbaycan siyasi m\u00fcst\u0259visi h\u0259l\u0259 d\u0259 Moskva il\u0259 ba\u011fl\u0131d\u0131r. Q\u0259rb siyasi dair\u0259l\u0259ri ondan ehtiyat edirl\u0259r ki, Rusiya asanl\u0131qla v\u0259 ist\u0259diyi zaman Az\u0259rbaycandak\u0131 siyasi prosesl\u0259r\u0259 m\u00fcdaxil\u0259 ed\u0259 bil\u0259r. Moskva h\u0259r iki d\u00fc\u015f\u0259rg\u0259d\u0259ki n\u00fcfuz agenturas\u0131 v\u0259 m\u00f6hk\u0259m m\u00f6vqel\u0259ri vasit\u0259sil\u0259 siyasi prosesl\u0259ri \u00f6z\u00a0 n\u0259zar\u0259tin\u0259 ala bil\u0259r. Bel\u0259 bir t\u0259hl\u00fck\u0259 m\u00f6vcud oldu\u011fu zamanda Q\u0259rbin a\u00e7\u0131q d\u0259st\u0259yind\u0259n dan\u0131\u015fmaq da yersiz g\u00f6r\u00fcn\u00fcr.\n<\/p>\n<p>\n  Bir z\u0259ruri xat\u0131rlatmaya da ehtiyac var. 2003-c\u00fc ild\u0259 \u201cLondon anla\u015fmas\u0131\u201dna nail ola bilm\u0259y\u0259n m\u00fcxalif\u0259t, 2013-c\u00fc ild\u0259 strategiyas\u0131nda ciddi s\u0259hv\u0259 yol verdi. Bel\u0259 ki, 2013-c\u00fc il\u0259 q\u0259d\u0259r milli demokratik d\u00fc\u015f\u0259rg\u0259d\u0259 Rusiyan\u0131n adam\u0131 v\u0259 komandas\u0131 a\u00e7\u0131q f\u0259aliyy\u0259t g\u00f6st\u0259r\u0259 bilmirdi. Marginal qruplar istisna olmaqla, m\u00fcxalif\u0259t anti-Rusiya b\u0259yanatlar\u0131 il\u0259 diqq\u0259ti \u00e7\u0259kirdi. Son se\u00e7kil\u0259r zaman\u0131 is\u0259 m\u00fcxalif\u0259tin Avrointeqrasiya m\u0259s\u0259l\u0259sin\u0259 yet\u0259rinc\u0259 fikir verm\u0259m\u0259si, \u201cRusiya layih\u0259si\u201d\u00a0 imicini da\u011f\u0131tmamas\u0131, prinsipsizlik n\u00fcmayi\u015fi Q\u0259rbi daha ehtiyatl\u0131 m\u00f6vqe n\u00fcmayi\u015f etdirm\u0259y\u0259 vadar etdi.\n<\/p>\n<p>\n  \u018fn ac\u0131nacaql\u0131s\u0131 is\u0259 odur ki,\u00a0 Q\u0259rb siyasi dair\u0259l\u0259rind\u0259 Az\u0259rbaycan m\u00fcxalif\u0259tinin m\u00fc\u0259yy\u0259n hiss\u0259sinin marginal, korrupsiyaya u\u011fram\u0131\u015f v\u0259 sistemsiz olmas\u0131 bar\u0259d\u0259 r\u0259y formala\u015f\u0131b. Bel\u0259 imic n\u0259 q\u0259d\u0259r ki, m\u00f6vcuddur, Ukraynada m\u00fcxalif\u0259t\u0259 edil\u0259n d\u0259st\u0259kd\u0259n dan\u0131\u015fmaq da m\u0259nas\u0131zd\u0131r.\n<\/p>\n<p>\n  Daha bir \u00f6n\u0259mli amil ondan ibar\u0259tdir ki, Q\u0259rb Az\u0259rbaycan m\u00fcxalif\u0259tin\u0259 demokratik c\u0259miyy\u0259t quruculu\u011fu \u00fc\u00e7\u00fcn ayr\u0131lm\u0131\u015f d\u0259st\u0259yin s\u0259m\u0259r\u0259siz v\u0259 t\u0259yinata uy\u011fun olmayan istiqam\u0259tl\u0259rd\u0259 s\u0259rf olundu\u011funu \u00f6z t\u0259cr\u00fcb\u0259sind\u0259n bilir. 1993-c\u00fc ild\u0259n ba\u015flayaraq m\u00fcxalif\u0259t\u0259 yax\u0131n QHT-\u0259 ayr\u0131lan qrantlardan art\u0131q \u0259s\u0259r \u0259lam\u0259tin bel\u0259 olmamas\u0131 buna bir s\u00fcbutdur.\n<\/p>\n<p>\n  Bu g\u00fcn hakimiyy\u0259t QHT sektorunu tamamil\u0259 darmada\u011f\u0131n edib, h\u00fcquq m\u00fcdafi\u0259\u00e7il\u0259ri repressiyalara m\u0259ruz qal\u0131b, lakin uzun ill\u0259r boyunca milli-demokratik d\u00fc\u015f\u0259rg\u0259y\u0259 yax\u0131n QHT-\u0259 he\u00e7 d\u0259 az olmayan m\u0259bl\u0259\u011f ayr\u0131l\u0131b. Bu pullar bir s\u0131ra hallarda demokratiyan\u0131n inki\u015faf\u0131na deyil, s\u0259drl\u0259rin rifah hal\u0131n\u0131n yax\u015f\u0131la\u015fd\u0131r\u0131lma\u0131sna y\u00f6n\u0259lib. Qon\u015fu G\u00fcrc\u00fcstanda m\u00fcxalif\u0259t liderl\u0259ri al\u0131nan qrantlar\u0131 demokratiyan\u0131 \u00f6yr\u0259nm\u0259y\u0259 s\u0259rf ed\u0259nd\u0259, Az\u0259rbaycanda pullar\u0131n m\u0259nims\u0259nilm\u0259si hallar\u0131 m\u00f6vcud olub.\n<\/p>\n<p>\n  Daha bir amil ondan ibar\u0259tdir ki, Q\u0259rb Az\u0259rbaycan m\u00fcxalif\u0259tinin \u00f6lk\u0259nin inki\u015faf\u0131 proqram\u0131n\u0131n olmas\u0131na inanm\u0131r. M\u00fcxalif\u0259t son ill\u0259r \u0259rzind\u0259 bu sah\u0259d\u0259 olduqca passiv g\u00f6r\u00fcn\u00fcr. N\u0259 sosial-iqtisadi, n\u0259 d\u0259 siyasi islahatlarla ba\u011fl\u0131 t\u0259klifl\u0259r z\u0259rfini m\u00fczakir\u0259l\u0259r\u0259 \u00e7\u0131xartm\u0131r. M\u00fcxalif\u0259t son se\u00e7kid\u0259 m\u0259nas\u0131z vaxt itkisi il\u0259 yana\u015f\u0131, probleml\u0259r\u0259 fundamental yana\u015fd\u0131\u011f\u0131n\u0131 n\u00fcmayi\u015f etdir\u0259 bilm\u0259di. Bunun is\u0259 f\u0259sadlar\u0131 olmal\u0131 idi. Nec\u0259 ki, oldu.\n<\/p>\n<p>\n  Daha m\u00fch\u00fcm bir amil ondan ibar\u0259tdir ki, Q\u0259rb Az\u0259rbaycan m\u00fcxalif\u0259tinin birl\u0259\u015f\u0259 bilm\u0259y\u0259c\u0259yini v\u0259 birl\u0259\u015fs\u0259 d\u0259, h\u0259lledici m\u0259qamda par\u00e7alanaca\u011f\u0131 t\u0259hl\u00fck\u0259sini n\u0259z\u0259r\u0259 al\u0131r. H\u0259r se\u00e7kid\u0259n sonra par\u00e7alanan v\u0259 bir-birin\u0259 qar\u015f\u0131 m\u00fcbariz\u0259 aparan m\u00fcxalif\u0259t bunun n\u0259 il\u0259 ba\u015fa \u00e7ata bil\u0259c\u0259yini \u00f6nc\u0259d\u0259n d\u00fc\u015f\u00fcnm\u0259li idi. \u015e\u00fcurlu, ya \u015f\u00fcursuz \u015f\u0259kild\u0259 m\u00fcxalif\u0259t \u00f6z\u00fcn\u00fc Q\u0259rbin d\u0259st\u0259yind\u0259n m\u0259hrum etdi.\n<\/p>\n<p>\n  Q\u0259rbin Az\u0259rbaycan m\u00fcxalif\u0259tin\u0259 d\u0259st\u0259yi ilk n\u00f6vb\u0259d\u0259 v\u0259t\u0259nda\u015f c\u0259miyy\u0259tinin reanimasiyas\u0131 il\u0259 ba\u015flaya bil\u0259r. Bu istiqam\u0259td\u0259 is\u0259 h\u0259l\u0259 he\u00e7 bir add\u0131m at\u0131lmay\u0131b.\n<\/p>\n<p>\n  Q\u0259rb avtoritar Az\u0259rbaycan iqtidar\u0131ndan m\u0259mnundur.\u00a0 \u00d6z xalq\u0131na qar\u015f\u0131 q\u0259ddar olan Az\u0259rbaycan hakimiyy\u0259ti xarici g\u00fccl\u0259r qar\u015f\u0131s\u0131nda acizlik n\u00fcmayi\u015f etdirir. S\u0259rt b\u0259yanatlara baxmayaraq, iqtidar Q\u0259rbin strateji arzular\u0131na qar\u015f\u0131 birc\u0259 add\u0131m bel\u0259 ata bilmir. Bu s\u0259b\u0259bd\u0259n d\u0259 Q\u0259rbi demokratiya maraqland\u0131rm\u0131r. Korrupsiyaya u\u011fram\u0131\u015f Az\u0259rbaycan hakimiyy\u0259ti xarici t\u0259zyiql\u0259ri d\u0259f ed\u0259 bilm\u0259kd\u0259n \u00f6tr\u00fc, b\u00f6y\u00fck miqdarda r\u00fc\u015fv\u0259t paylay\u0131r. Az\u0259rbayacan hakimiyy\u0259ti beyn\u0259lxalq t\u0259\u015fkilatlar\u0131 da \u201ck\u00fcr\u00fc diplomatiyas\u0131\u201dna dadand\u0131ra bilib. Lakin Q\u0259rb paytaxtlar\u0131 Az\u0259rbaycanda v\u0259ziyy\u0259ti d\u0259yi\u015fm\u0259y\u0259 q\u0259rar vers\u0259l\u0259r, bu amil ciddi rol oynamaya bil\u0259r.\n<\/p>\n<p>\n  Dig\u0259r amil is\u0259 \u0130ranla ba\u011fl\u0131d\u0131r. Q\u0259rb texnoloqlar\u0131nda bel\u0259 bir fikir var ki, \u018fliyev rejimi gets\u0259, \u0130ran amili siyas\u0259td\u0259 g\u00fccl\u0259n\u0259c\u0259k. R\u0259smi Bak\u0131 bel\u0259 bir fikrin yarad\u0131lmas\u0131na nail ola bilib &#8211; \u0130ran\u0131n \u0130slam ekspansiyas\u0131ndan Az\u0259rbaycan\u0131 v\u0259 regionu qoruyan yegan\u0259 g\u00fcc bu iqtidard\u0131r. \u018fn \u0259sas\u0131 is\u0259 Az\u0259rbaycan iqtidar\u0131 \u0130srail y\u0259hudil\u0259ri il\u0259 i\u00e7-i\u00e7\u0259dir. Bu, onlara b\u00f6y\u00fck d\u0259st\u0259k t\u0259min edir.\n<\/p>\n<p>\n  Q\u0259rbi \u00fc\u00e7\u00fcn Az\u0259rbaycanda yeni \u0259mlak b\u00f6lg\u00fcs\u00fc t\u0259hl\u00fck\u0259si d\u0259 narahatedicidir. M\u0259murlar\u0131n \u0259lind\u0259 olan milyardlar\u0131n m\u00fcsadir\u0259si \u00fc\u00e7\u00fcn mexanizm yoxdur. M\u00fcxalif\u0259t is\u0259 inqilab edib, o\u011furlanan pullar\u0131 geri qaytarma\u011f\u0131 d\u00fc\u015f\u00fcn\u00fcr. Q\u0259rb is\u0259\u00a0 inqilab ist\u0259mir. Q\u0259rbi maraqland\u0131rmaq, hakimiyy\u0259t d\u0259yi\u015fikliyinin vacibliyin\u0259 inand\u0131rmaq is\u0259 f\u0259za a\u011fl\u0131 t\u0259l\u0259b edir. \u018fn\u0259n\u0259vi taktika il\u0259 buna nail olmaq m\u00fcmk\u00fcn deyil. Lakin imkans\u0131z da deyil. \u018fsas odur ki, ist\u0259k v\u0259 s\u0259mimiyy\u0259t olsun&#8230;\n<\/p>\n<p>\n  <b><br \/>\n    Az\u0259r R\u018f\u015e\u0130DO\u011eLU<br \/>\n  <\/b><\/p>\n","protected":false},"excerpt":{"rendered":"<p>Az\u0259rbaycan m\u00fcxalif\u0259tin\u0259 Q\u0259rbin d\u0259st\u0259yinin yet\u0259rinc\u0259 olmamas\u0131 yaln\u0131z  geosiyasi amill\u0259rl\u0259 v\u0259 yaxud neft maraqlar\u0131 il\u0259 ba\u011fl\u0131 deyil<\/p>\n","protected":false},"author":11,"featured_media":22951,"comment_status":"closed","ping_status":"open","sticky":false,"template":"","format":"standard","meta":{"_acf_changed":false,"_sitemap_exclude":false,"_sitemap_priority":"","_sitemap_frequency":"","footnotes":""},"categories":[56],"tags":[],"class_list":["post-167608","post","type-post","status-publish","format-standard","has-post-thumbnail","hentry","category-xeberler","infinite-scroll-item","generate-columns","tablet-grid-50","mobile-grid-100","grid-parent","grid-33","no-featured-image-padding"],"acf":[],"yoast_head":"<!-- This site is optimized with the Yoast SEO plugin v28.4 - https:\/\/yoast.com\/product\/yoast-seo-wordpress\/ -->\n<title>Q\u0259rb m\u00fcxalif\u0259td\u0259n niy\u0259 \u00fcz \u00e7evirdi? (T\u0259hlil) - MEYDAN.TV<\/title>\n<meta name=\"robots\" content=\"index, follow, max-snippet:-1, max-image-preview:large, max-video-preview:-1\" \/>\n<link rel=\"canonical\" href=\"https:\/\/www.meydan.tv\/az\/article\/qerb-muxalifetden-niye-uz-cevirdi-tehlil\/\" \/>\n<meta property=\"og:locale\" content=\"az_AZ\" \/>\n<meta property=\"og:type\" content=\"article\" \/>\n<meta property=\"og:title\" content=\"Q\u0259rb m\u00fcxalif\u0259td\u0259n niy\u0259 \u00fcz \u00e7evirdi? (T\u0259hlil) - MEYDAN.TV\" \/>\n<meta property=\"og:description\" content=\"Az\u0259rbaycan m\u00fcxalif\u0259tin\u0259 Q\u0259rbin d\u0259st\u0259yinin yet\u0259rinc\u0259 olmamas\u0131 yaln\u0131z geosiyasi amill\u0259rl\u0259 v\u0259 yaxud neft maraqlar\u0131 il\u0259 ba\u011fl\u0131 deyil\" \/>\n<meta property=\"og:url\" content=\"https:\/\/www.meydan.tv\/az\/article\/qerb-muxalifetden-niye-uz-cevirdi-tehlil\/\" \/>\n<meta property=\"og:site_name\" content=\"MEYDAN.TV\" \/>\n<meta property=\"article:published_time\" content=\"2015-04-18T22:04:34+00:00\" \/>\n<meta property=\"og:image\" content=\"https:\/\/www.meydan.tv\/wp-content\/uploads\/8333.jpg\" \/>\n\t<meta property=\"og:image:width\" content=\"440\" \/>\n\t<meta property=\"og:image:height\" content=\"330\" \/>\n\t<meta property=\"og:image:type\" content=\"image\/jpeg\" \/>\n<meta name=\"twitter:card\" content=\"summary_large_image\" \/>\n<!-- \/ Yoast SEO plugin. -->","yoast_head_json":{"title":"Q\u0259rb m\u00fcxalif\u0259td\u0259n niy\u0259 \u00fcz \u00e7evirdi? (T\u0259hlil) - MEYDAN.TV","robots":{"index":"index","follow":"follow","max-snippet":"max-snippet:-1","max-image-preview":"max-image-preview:large","max-video-preview":"max-video-preview:-1"},"canonical":"https:\/\/www.meydan.tv\/az\/article\/qerb-muxalifetden-niye-uz-cevirdi-tehlil\/","og_locale":"az_AZ","og_type":"article","og_title":"Q\u0259rb m\u00fcxalif\u0259td\u0259n niy\u0259 \u00fcz \u00e7evirdi? (T\u0259hlil) - MEYDAN.TV","og_description":"Az\u0259rbaycan m\u00fcxalif\u0259tin\u0259 Q\u0259rbin d\u0259st\u0259yinin yet\u0259rinc\u0259 olmamas\u0131 yaln\u0131z geosiyasi amill\u0259rl\u0259 v\u0259 yaxud neft maraqlar\u0131 il\u0259 ba\u011fl\u0131 deyil","og_url":"https:\/\/www.meydan.tv\/az\/article\/qerb-muxalifetden-niye-uz-cevirdi-tehlil\/","og_site_name":"MEYDAN.TV","article_published_time":"2015-04-18T22:04:34+00:00","og_image":[{"width":440,"height":330,"url":"https:\/\/www.meydan.tv\/wp-content\/uploads\/8333.jpg","type":"image\/jpeg"}],"twitter_card":"summary_large_image","schema":{"@context":"https:\/\/schema.org","@graph":[{"@type":"Article","@id":"https:\/\/www.meydan.tv\/az\/article\/qerb-muxalifetden-niye-uz-cevirdi-tehlil\/#article","isPartOf":{"@id":"https:\/\/www.meydan.tv\/az\/article\/qerb-muxalifetden-niye-uz-cevirdi-tehlil\/"},"author":{"name":"user-manager","@id":"https:\/\/www.meydan.tv\/az\/#\/schema\/person\/10d11eccf6da3662cf5fdab9806ea91a"},"headline":"Q\u0259rb m\u00fcxalif\u0259td\u0259n niy\u0259 \u00fcz \u00e7evirdi? (T\u0259hlil)","datePublished":"2015-04-18T22:04:34+00:00","mainEntityOfPage":{"@id":"https:\/\/www.meydan.tv\/az\/article\/qerb-muxalifetden-niye-uz-cevirdi-tehlil\/"},"wordCount":2139,"publisher":{"@id":"https:\/\/www.meydan.tv\/az\/#organization"},"image":{"@id":"https:\/\/www.meydan.tv\/az\/article\/qerb-muxalifetden-niye-uz-cevirdi-tehlil\/#primaryimage"},"thumbnailUrl":"https:\/\/www.meydan.tv\/wp-content\/uploads\/8333.jpg","articleSection":["X\u0259b\u0259rl\u0259r"],"inLanguage":"az"},{"@type":"WebPage","@id":"https:\/\/www.meydan.tv\/az\/article\/qerb-muxalifetden-niye-uz-cevirdi-tehlil\/","url":"https:\/\/www.meydan.tv\/az\/article\/qerb-muxalifetden-niye-uz-cevirdi-tehlil\/","name":"Q\u0259rb m\u00fcxalif\u0259td\u0259n niy\u0259 \u00fcz \u00e7evirdi? (T\u0259hlil) - MEYDAN.TV","isPartOf":{"@id":"https:\/\/www.meydan.tv\/az\/#website"},"primaryImageOfPage":{"@id":"https:\/\/www.meydan.tv\/az\/article\/qerb-muxalifetden-niye-uz-cevirdi-tehlil\/#primaryimage"},"image":{"@id":"https:\/\/www.meydan.tv\/az\/article\/qerb-muxalifetden-niye-uz-cevirdi-tehlil\/#primaryimage"},"thumbnailUrl":"https:\/\/www.meydan.tv\/wp-content\/uploads\/8333.jpg","datePublished":"2015-04-18T22:04:34+00:00","breadcrumb":{"@id":"https:\/\/www.meydan.tv\/az\/article\/qerb-muxalifetden-niye-uz-cevirdi-tehlil\/#breadcrumb"},"inLanguage":"az","potentialAction":[{"@type":"ReadAction","target":["https:\/\/www.meydan.tv\/az\/article\/qerb-muxalifetden-niye-uz-cevirdi-tehlil\/"]}]},{"@type":"ImageObject","inLanguage":"az","@id":"https:\/\/www.meydan.tv\/az\/article\/qerb-muxalifetden-niye-uz-cevirdi-tehlil\/#primaryimage","url":"https:\/\/www.meydan.tv\/wp-content\/uploads\/8333.jpg","contentUrl":"https:\/\/www.meydan.tv\/wp-content\/uploads\/8333.jpg","width":440,"height":330,"caption":"Source:"},{"@type":"BreadcrumbList","@id":"https:\/\/www.meydan.tv\/az\/article\/qerb-muxalifetden-niye-uz-cevirdi-tehlil\/#breadcrumb","itemListElement":[{"@type":"ListItem","position":1,"name":"Ana s\u0259hif\u0259","item":"https:\/\/www.meydan.tv\/az\/"},{"@type":"ListItem","position":2,"name":"X\u0259b\u0259rl\u0259r","item":"https:\/\/www.meydan.tv\/az\/section\/xeberler\/"},{"@type":"ListItem","position":3,"name":"Q\u0259rb m\u00fcxalif\u0259td\u0259n niy\u0259 \u00fcz \u00e7evirdi? (T\u0259hlil)"}]},{"@type":"WebSite","@id":"https:\/\/www.meydan.tv\/az\/#website","url":"https:\/\/www.meydan.tv\/az\/","name":"MEYDAN.TV","description":"Meydan TV Az\u0259rbaycan\u0131n media m\u0259kan\u0131ndak\u0131 alternativ s\u0259sidir","publisher":{"@id":"https:\/\/www.meydan.tv\/az\/#organization"},"potentialAction":[{"@type":"SearchAction","target":{"@type":"EntryPoint","urlTemplate":"https:\/\/www.meydan.tv\/az\/?s={search_term_string}"},"query-input":{"@type":"PropertyValueSpecification","valueRequired":true,"valueName":"search_term_string"}}],"inLanguage":"az"},{"@type":"Organization","@id":"https:\/\/www.meydan.tv\/az\/#organization","name":"Meydan TV","url":"https:\/\/www.meydan.tv\/az\/","logo":{"@type":"ImageObject","inLanguage":"az","@id":"https:\/\/www.meydan.tv\/az\/#\/schema\/logo\/image\/","url":"https:\/\/www.meydan.tv\/wp-content\/uploads\/2021\/07\/meydan-logo.svg","contentUrl":"https:\/\/www.meydan.tv\/wp-content\/uploads\/2021\/07\/meydan-logo.svg","width":195,"height":46,"caption":"Meydan TV"},"image":{"@id":"https:\/\/www.meydan.tv\/az\/#\/schema\/logo\/image\/"}},{"@type":"Person","@id":"https:\/\/www.meydan.tv\/az\/#\/schema\/person\/10d11eccf6da3662cf5fdab9806ea91a","name":"user-manager"}]}},"_links":{"self":[{"href":"https:\/\/www.meydan.tv\/az\/wp-json\/wp\/v2\/posts\/167608","targetHints":{"allow":["GET"]}}],"collection":[{"href":"https:\/\/www.meydan.tv\/az\/wp-json\/wp\/v2\/posts"}],"about":[{"href":"https:\/\/www.meydan.tv\/az\/wp-json\/wp\/v2\/types\/post"}],"author":[{"embeddable":true,"href":"https:\/\/www.meydan.tv\/az\/wp-json\/wp\/v2\/users\/11"}],"replies":[{"embeddable":true,"href":"https:\/\/www.meydan.tv\/az\/wp-json\/wp\/v2\/comments?post=167608"}],"version-history":[{"count":0,"href":"https:\/\/www.meydan.tv\/az\/wp-json\/wp\/v2\/posts\/167608\/revisions"}],"wp:featuredmedia":[{"embeddable":true,"href":"https:\/\/www.meydan.tv\/az\/wp-json\/wp\/v2\/media\/22951"}],"wp:attachment":[{"href":"https:\/\/www.meydan.tv\/az\/wp-json\/wp\/v2\/media?parent=167608"}],"wp:term":[{"taxonomy":"category","embeddable":true,"href":"https:\/\/www.meydan.tv\/az\/wp-json\/wp\/v2\/categories?post=167608"},{"taxonomy":"post_tag","embeddable":true,"href":"https:\/\/www.meydan.tv\/az\/wp-json\/wp\/v2\/tags?post=167608"}],"curies":[{"name":"wp","href":"https:\/\/api.w.org\/{rel}","templated":true}]}}