{"id":167607,"date":"2015-04-18T20:42:19","date_gmt":"2015-04-18T20:42:19","guid":{"rendered":"https:\/\/www.meydan.tv\/article\/resmi-baki-diqqeti-insan-huquqlari-ile-bagli-veziyyetden-yayindirir\/"},"modified":"2015-04-18T20:42:19","modified_gmt":"2015-04-18T20:42:19","slug":"resmi-baki-diqqeti-insan-huquqlari-ile-bagli-veziyyetden-yayindirir","status":"publish","type":"post","link":"https:\/\/www.meydan.tv\/az\/article\/resmi-baki-diqqeti-insan-huquqlari-ile-bagli-veziyyetden-yayindirir\/","title":{"rendered":"&#8220;R\u0259smi Bak\u0131 diqq\u0259ti insan h\u00fcquqlar\u0131 il\u0259 ba\u011fl\u0131 v\u0259ziyy\u0259td\u0259n yay\u0131nd\u0131r\u0131r&#8221;"},"content":{"rendered":"<figure class=\"wp-block-image size-large\">\n  <img decoding=\"async\" src=\"https:\/\/www.meydan.tv\/az\/22945\/\" alt=\"\" class=\"wp-image-22945\"\/><figcaption><\/figcaption><\/figure>\n<figure class=\"wp-block-image size-large\">\n  <img decoding=\"async\" src=\"https:\/\/www.meydan.tv\/az\/22945\/\" alt=\"\" class=\"wp-image-22945\"\/><figcaption><\/figcaption><\/figure>\n<p>\n  <i><br \/>\n    Mari Xarf r\u0259smi hakimiyy\u0259tin ittihamlar\u0131na cavab verib<br \/>\n  <\/i>\n<\/p>\n<p>\n  AB\u015e D\u00f6vl\u0259t Departamentinin m\u0259tbuat katibi Mari Xarf D\u00f6vl\u0259t Departamentinin Az\u0259rbaycan\u0131n daxili i\u015fl\u0259rin\u0259 qar\u0131\u015fmas\u0131 bar\u0259d\u0259 r\u0259smi Bak\u0131n\u0131n d\u00fcn\u0259nki ittiham\u0131na cavab verib.\n<\/p>\n<p>\n  Aprelin 17-d\u0259 ke\u00e7iril\u0259n brifinqd\u0259 \u201cR\u0259sul C\u0259f\u0259rova qar\u015f\u0131 h\u00f6km fonunda Az\u0259rbaycanda v\u0259t\u0259nda\u015f c\u0259miyy\u0259tinin tam m\u0259hv edilm\u0259sin\u0259 yol verilm\u0259m\u0259si \u00fc\u00e7\u00fcn Va\u015finqton hans\u0131 add\u0131mlar\u0131 atacaq\u201d sual\u0131n\u0131n cavab\u0131nda Xarf qeyd edib ki, AB\u015e \u00f6z m\u0259yuslu\u011funu a\u00e7\u0131q \u015f\u0259kild\u0259 bildirib: \u201cBiz bunu d\u0259f\u0259l\u0259rl\u0259 etmi\u015fik v\u0259 \u00f6z m\u00f6vqeyimizi yenid\u0259n \u00e7ox ayd\u0131n\u00a0 b\u0259yan etmi\u015fik\u201d.\n<\/p>\n<p>\n  \u201cAz\u0259rbaycan h\u00f6kum\u0259ti sizin b\u0259yanat\u0131 \u201cdaxili i\u015fl\u0259r\u0259 m\u00fcdaxil\u0259\u201d adland\u0131r\u0131b, r\u0259smi \u201cAz\u0259rbaycan\u201d q\u0259zeti\u00a0 is\u0259 prezident Obama v\u0259 d\u00f6vl\u0259t katibi Kerrini erm\u0259nip\u0259r\u0259st m\u00f6vqed\u0259 v\u0259 Az\u0259rbaycanda sabitliyi pozmaq c\u0259hdl\u0259rind\u0259 ittiham ed\u0259r\u0259k onlar\u0131n\u00a0\u00a0 \u00fcnvan\u0131na t\u0259nqid dolu redaksiya m\u0259qal\u0259si d\u0259rc edib. Bu bar\u0259d\u0259 n\u0259 dey\u0259 bil\u0259rsiniz?\u201d, &#8211; jurnalist soru\u015fub.\n<\/p>\n<p>\n  \u201cM\u0259n bu material\u0131 g\u00f6rm\u0259mi\u015f\u0259m, lakin biz \u00f6z narahatl\u0131\u011f\u0131m\u0131z\u0131 yet\u0259rinc\u0259 ayd\u0131n b\u0259yan etmi\u015fik. Odur ki, AB\u015e-\u0131n \u00fcnvan\u0131na bu c\u00fcr ittihamlar sad\u0259c\u0259 olaraq Az\u0259rbaycanda insan h\u00fcquqlar\u0131 il\u0259 ba\u011fl\u0131 v\u0259ziyy\u0259td\u0259n diqq\u0259ti yay\u0131nd\u0131rmaq c\u0259hdidir. Biz insan h\u00fcquqlar\u0131na dair b\u0259yanat\u0131m\u0131zda buna kifay\u0259t q\u0259d\u0259r a\u00e7\u0131q i\u015far\u0259 etmi\u015fik\u201d, &#8211; o vur\u011fulay\u0131b.<\/p>\n","protected":false},"excerpt":{"rendered":"<p>Mari Xarf r\u0259smi hakimiyy\u0259tin ittihamlar\u0131na cavab verib<\/p>\n","protected":false},"author":11,"featured_media":22945,"comment_status":"closed","ping_status":"open","sticky":false,"template":"","format":"standard","meta":{"_acf_changed":false,"_sitemap_exclude":false,"_sitemap_priority":"","_sitemap_frequency":"","footnotes":""},"categories":[56],"tags":[],"class_list":["post-167607","post","type-post","status-publish","format-standard","has-post-thumbnail","hentry","category-xeberler","infinite-scroll-item","generate-columns","tablet-grid-50","mobile-grid-100","grid-parent","grid-33","no-featured-image-padding"],"acf":[],"yoast_head":"<!-- This site is optimized with the Yoast SEO plugin v28.4 - https:\/\/yoast.com\/product\/yoast-seo-wordpress\/ -->\n<title>&quot;R\u0259smi Bak\u0131 diqq\u0259ti insan h\u00fcquqlar\u0131 il\u0259 ba\u011fl\u0131 v\u0259ziyy\u0259td\u0259n yay\u0131nd\u0131r\u0131r&quot; - MEYDAN.TV<\/title>\n<meta name=\"robots\" content=\"index, follow, max-snippet:-1, max-image-preview:large, max-video-preview:-1\" \/>\n<link rel=\"canonical\" href=\"https:\/\/www.meydan.tv\/az\/article\/resmi-baki-diqqeti-insan-huquqlari-ile-bagli-veziyyetden-yayindirir\/\" \/>\n<meta property=\"og:locale\" content=\"az_AZ\" \/>\n<meta property=\"og:type\" content=\"article\" \/>\n<meta property=\"og:title\" content=\"&quot;R\u0259smi Bak\u0131 diqq\u0259ti insan h\u00fcquqlar\u0131 il\u0259 ba\u011fl\u0131 v\u0259ziyy\u0259td\u0259n yay\u0131nd\u0131r\u0131r&quot; - MEYDAN.TV\" \/>\n<meta property=\"og:description\" content=\"Mari Xarf r\u0259smi hakimiyy\u0259tin ittihamlar\u0131na cavab verib\" \/>\n<meta property=\"og:url\" content=\"https:\/\/www.meydan.tv\/az\/article\/resmi-baki-diqqeti-insan-huquqlari-ile-bagli-veziyyetden-yayindirir\/\" \/>\n<meta property=\"og:site_name\" content=\"MEYDAN.TV\" \/>\n<meta property=\"article:published_time\" content=\"2015-04-18T20:42:19+00:00\" \/>\n<meta property=\"og:image\" content=\"https:\/\/www.meydan.tv\/wp-content\/uploads\/8331.jpg\" \/>\n\t<meta property=\"og:image:width\" content=\"400\" \/>\n\t<meta property=\"og:image:height\" content=\"300\" \/>\n\t<meta property=\"og:image:type\" content=\"image\/jpeg\" \/>\n<meta name=\"twitter:card\" content=\"summary_large_image\" \/>\n<!-- \/ Yoast SEO plugin. -->","yoast_head_json":{"title":"\"R\u0259smi Bak\u0131 diqq\u0259ti insan h\u00fcquqlar\u0131 il\u0259 ba\u011fl\u0131 v\u0259ziyy\u0259td\u0259n yay\u0131nd\u0131r\u0131r\" - MEYDAN.TV","robots":{"index":"index","follow":"follow","max-snippet":"max-snippet:-1","max-image-preview":"max-image-preview:large","max-video-preview":"max-video-preview:-1"},"canonical":"https:\/\/www.meydan.tv\/az\/article\/resmi-baki-diqqeti-insan-huquqlari-ile-bagli-veziyyetden-yayindirir\/","og_locale":"az_AZ","og_type":"article","og_title":"\"R\u0259smi Bak\u0131 diqq\u0259ti insan h\u00fcquqlar\u0131 il\u0259 ba\u011fl\u0131 v\u0259ziyy\u0259td\u0259n yay\u0131nd\u0131r\u0131r\" - MEYDAN.TV","og_description":"Mari Xarf r\u0259smi hakimiyy\u0259tin ittihamlar\u0131na cavab verib","og_url":"https:\/\/www.meydan.tv\/az\/article\/resmi-baki-diqqeti-insan-huquqlari-ile-bagli-veziyyetden-yayindirir\/","og_site_name":"MEYDAN.TV","article_published_time":"2015-04-18T20:42:19+00:00","og_image":[{"width":400,"height":300,"url":"https:\/\/www.meydan.tv\/wp-content\/uploads\/8331.jpg","type":"image\/jpeg"}],"twitter_card":"summary_large_image","schema":{"@context":"https:\/\/schema.org","@graph":[{"@type":"Article","@id":"https:\/\/www.meydan.tv\/az\/article\/resmi-baki-diqqeti-insan-huquqlari-ile-bagli-veziyyetden-yayindirir\/#article","isPartOf":{"@id":"https:\/\/www.meydan.tv\/az\/article\/resmi-baki-diqqeti-insan-huquqlari-ile-bagli-veziyyetden-yayindirir\/"},"author":{"name":"user-manager","@id":"https:\/\/www.meydan.tv\/az\/#\/schema\/person\/10d11eccf6da3662cf5fdab9806ea91a"},"headline":"&#8220;R\u0259smi Bak\u0131 diqq\u0259ti insan h\u00fcquqlar\u0131 il\u0259 ba\u011fl\u0131 v\u0259ziyy\u0259td\u0259n yay\u0131nd\u0131r\u0131r&#8221;","datePublished":"2015-04-18T20:42:19+00:00","mainEntityOfPage":{"@id":"https:\/\/www.meydan.tv\/az\/article\/resmi-baki-diqqeti-insan-huquqlari-ile-bagli-veziyyetden-yayindirir\/"},"wordCount":301,"publisher":{"@id":"https:\/\/www.meydan.tv\/az\/#organization"},"image":{"@id":"https:\/\/www.meydan.tv\/az\/article\/resmi-baki-diqqeti-insan-huquqlari-ile-bagli-veziyyetden-yayindirir\/#primaryimage"},"thumbnailUrl":"https:\/\/www.meydan.tv\/wp-content\/uploads\/8331.jpg","articleSection":["X\u0259b\u0259rl\u0259r"],"inLanguage":"az"},{"@type":"WebPage","@id":"https:\/\/www.meydan.tv\/az\/article\/resmi-baki-diqqeti-insan-huquqlari-ile-bagli-veziyyetden-yayindirir\/","url":"https:\/\/www.meydan.tv\/az\/article\/resmi-baki-diqqeti-insan-huquqlari-ile-bagli-veziyyetden-yayindirir\/","name":"\"R\u0259smi Bak\u0131 diqq\u0259ti insan h\u00fcquqlar\u0131 il\u0259 ba\u011fl\u0131 v\u0259ziyy\u0259td\u0259n yay\u0131nd\u0131r\u0131r\" - MEYDAN.TV","isPartOf":{"@id":"https:\/\/www.meydan.tv\/az\/#website"},"primaryImageOfPage":{"@id":"https:\/\/www.meydan.tv\/az\/article\/resmi-baki-diqqeti-insan-huquqlari-ile-bagli-veziyyetden-yayindirir\/#primaryimage"},"image":{"@id":"https:\/\/www.meydan.tv\/az\/article\/resmi-baki-diqqeti-insan-huquqlari-ile-bagli-veziyyetden-yayindirir\/#primaryimage"},"thumbnailUrl":"https:\/\/www.meydan.tv\/wp-content\/uploads\/8331.jpg","datePublished":"2015-04-18T20:42:19+00:00","breadcrumb":{"@id":"https:\/\/www.meydan.tv\/az\/article\/resmi-baki-diqqeti-insan-huquqlari-ile-bagli-veziyyetden-yayindirir\/#breadcrumb"},"inLanguage":"az","potentialAction":[{"@type":"ReadAction","target":["https:\/\/www.meydan.tv\/az\/article\/resmi-baki-diqqeti-insan-huquqlari-ile-bagli-veziyyetden-yayindirir\/"]}]},{"@type":"ImageObject","inLanguage":"az","@id":"https:\/\/www.meydan.tv\/az\/article\/resmi-baki-diqqeti-insan-huquqlari-ile-bagli-veziyyetden-yayindirir\/#primaryimage","url":"https:\/\/www.meydan.tv\/wp-content\/uploads\/8331.jpg","contentUrl":"https:\/\/www.meydan.tv\/wp-content\/uploads\/8331.jpg","width":400,"height":300,"caption":"Source:"},{"@type":"BreadcrumbList","@id":"https:\/\/www.meydan.tv\/az\/article\/resmi-baki-diqqeti-insan-huquqlari-ile-bagli-veziyyetden-yayindirir\/#breadcrumb","itemListElement":[{"@type":"ListItem","position":1,"name":"Ana s\u0259hif\u0259","item":"https:\/\/www.meydan.tv\/az\/"},{"@type":"ListItem","position":2,"name":"X\u0259b\u0259rl\u0259r","item":"https:\/\/www.meydan.tv\/az\/section\/xeberler\/"},{"@type":"ListItem","position":3,"name":"&#8220;R\u0259smi Bak\u0131 diqq\u0259ti insan h\u00fcquqlar\u0131 il\u0259 ba\u011fl\u0131 v\u0259ziyy\u0259td\u0259n yay\u0131nd\u0131r\u0131r&#8221;"}]},{"@type":"WebSite","@id":"https:\/\/www.meydan.tv\/az\/#website","url":"https:\/\/www.meydan.tv\/az\/","name":"MEYDAN.TV","description":"Meydan TV Az\u0259rbaycan\u0131n media m\u0259kan\u0131ndak\u0131 alternativ s\u0259sidir","publisher":{"@id":"https:\/\/www.meydan.tv\/az\/#organization"},"potentialAction":[{"@type":"SearchAction","target":{"@type":"EntryPoint","urlTemplate":"https:\/\/www.meydan.tv\/az\/?s={search_term_string}"},"query-input":{"@type":"PropertyValueSpecification","valueRequired":true,"valueName":"search_term_string"}}],"inLanguage":"az"},{"@type":"Organization","@id":"https:\/\/www.meydan.tv\/az\/#organization","name":"Meydan TV","url":"https:\/\/www.meydan.tv\/az\/","logo":{"@type":"ImageObject","inLanguage":"az","@id":"https:\/\/www.meydan.tv\/az\/#\/schema\/logo\/image\/","url":"https:\/\/www.meydan.tv\/wp-content\/uploads\/2021\/07\/meydan-logo.svg","contentUrl":"https:\/\/www.meydan.tv\/wp-content\/uploads\/2021\/07\/meydan-logo.svg","width":195,"height":46,"caption":"Meydan TV"},"image":{"@id":"https:\/\/www.meydan.tv\/az\/#\/schema\/logo\/image\/"}},{"@type":"Person","@id":"https:\/\/www.meydan.tv\/az\/#\/schema\/person\/10d11eccf6da3662cf5fdab9806ea91a","name":"user-manager"}]}},"_links":{"self":[{"href":"https:\/\/www.meydan.tv\/az\/wp-json\/wp\/v2\/posts\/167607","targetHints":{"allow":["GET"]}}],"collection":[{"href":"https:\/\/www.meydan.tv\/az\/wp-json\/wp\/v2\/posts"}],"about":[{"href":"https:\/\/www.meydan.tv\/az\/wp-json\/wp\/v2\/types\/post"}],"author":[{"embeddable":true,"href":"https:\/\/www.meydan.tv\/az\/wp-json\/wp\/v2\/users\/11"}],"replies":[{"embeddable":true,"href":"https:\/\/www.meydan.tv\/az\/wp-json\/wp\/v2\/comments?post=167607"}],"version-history":[{"count":0,"href":"https:\/\/www.meydan.tv\/az\/wp-json\/wp\/v2\/posts\/167607\/revisions"}],"wp:featuredmedia":[{"embeddable":true,"href":"https:\/\/www.meydan.tv\/az\/wp-json\/wp\/v2\/media\/22945"}],"wp:attachment":[{"href":"https:\/\/www.meydan.tv\/az\/wp-json\/wp\/v2\/media?parent=167607"}],"wp:term":[{"taxonomy":"category","embeddable":true,"href":"https:\/\/www.meydan.tv\/az\/wp-json\/wp\/v2\/categories?post=167607"},{"taxonomy":"post_tag","embeddable":true,"href":"https:\/\/www.meydan.tv\/az\/wp-json\/wp\/v2\/tags?post=167607"}],"curies":[{"name":"wp","href":"https:\/\/api.w.org\/{rel}","templated":true}]}}