{"id":167605,"date":"2015-04-18T20:34:09","date_gmt":"2015-04-18T20:34:09","guid":{"rendered":"https:\/\/www.meydan.tv\/article\/hetta-pedro-aqramunt-resul-ceferovun-mudafiesine-qalxib\/"},"modified":"2015-04-18T20:34:09","modified_gmt":"2015-04-18T20:34:09","slug":"hetta-pedro-aqramunt-resul-ceferovun-mudafiesine-qalxib","status":"publish","type":"post","link":"https:\/\/www.meydan.tv\/az\/article\/hetta-pedro-aqramunt-resul-ceferovun-mudafiesine-qalxib\/","title":{"rendered":"H\u0259tta Pedro Aqramunt R\u0259sul C\u0259f\u0259rovun m\u00fcdafi\u0259sin\u0259 qalx\u0131b"},"content":{"rendered":"<figure class=\"wp-block-image size-large\">\n  <img decoding=\"async\" src=\"https:\/\/www.meydan.tv\/az\/22942\/\" alt=\"\" class=\"wp-image-22942\"\/><figcaption><\/figcaption><\/figure>\n<figure class=\"wp-block-image size-large\">\n  <img decoding=\"async\" src=\"https:\/\/www.meydan.tv\/az\/22942\/\" alt=\"\" class=\"wp-image-22942\"\/><figcaption><\/figcaption><\/figure>\n<p>\n  <i><br \/>\n    &#8220;H\u00fcquq m\u00fcdafi\u0259\u00e7isinin bu q\u0259d\u0259r uzun m\u00fcdd\u0259t\u0259 m\u0259hkum edilm\u0259si r\u0259hb\u0259rlik etdiyi QHT-nin x\u0259rcl\u0259ri il\u0259 ba\u011fl\u0131 ir\u0259li s\u00fcr\u00fcl\u0259n ittihamlara adekvat deyil\u201d<br \/>\n  <\/i>\n<\/p>\n<p>\n  Avropa \u015euras\u0131 Parlament Assambleyas\u0131 Monitorinq Komit\u0259sinin Az\u0259rbaycan \u00fczr\u0259 h\u0259mm\u0259ruz\u0259\u00e7il\u0259ri Pedro Aqramunt v\u0259 Tadeu\u015f \u0130vinski h\u00fcquq m\u00fcdafi\u0259\u00e7isi R\u0259sul C\u0259f\u0259rovun bar\u0259sind\u0259 h\u00f6kmd\u0259n narahatl\u0131qlar\u0131n\u0131 bildiribl\u0259r.\n<\/p>\n<p>\n  \u201cBiz mart ay\u0131nda v\u0259ziyy\u0259tin monitorinqi \u00e7\u0259r\u00e7iv\u0259sind\u0259 Az\u0259rbaycana s\u0259f\u0259rimiz zaman\u0131 R\u0259sul C\u0259f\u0259rovla g\u00f6r\u00fc\u015fd\u00fck. O, m\u0259hk\u0259m\u0259y\u0259 q\u0259d\u0259r h\u0259bs alt\u0131nda idi. R.C\u0259f\u0259rov ona qar\u015f\u0131 ittihamlar\u0131n siyasi motivli oldu\u011funu bildirdi. H\u00fcquq m\u00fcdafi\u0259\u00e7isinin bu q\u0259d\u0259r uzun m\u00fcdd\u0259t\u0259 m\u0259hkum edilm\u0259si r\u0259hb\u0259rlik etdiyi QHT-nin x\u0259rcl\u0259ri il\u0259 ba\u011fl\u0131 ir\u0259li s\u00fcr\u00fcl\u0259n ittihamlara adekvat deyil\u201d, &#8211; A\u015ePA-n\u0131n sayt\u0131nda yay\u0131lan m\u0259lumatda deyilir.\n<\/p>\n<p>\n  H\u0259mm\u0259ruz\u0259\u00e7il\u0259r \u00fcmidvar olduqlar\u0131n\u0131 bildiribl\u0259r ki, hakimiyy\u0259t R.C\u0259f\u0259rovun apellyasiya \u015fikay\u0259tin\u0259 bax\u0131lmas\u0131 zaman\u0131 Avropa \u0130nsan H\u00fcquqlar\u0131 Konvensiyas\u0131n\u0131n 6-c\u0131 madd\u0259sin\u0259 uy\u011fun olaraq\u00a0 \u0259dal\u0259tin, t\u0259r\u0259fl\u0259rin b\u0259rab\u0259rliyinin, t\u0259qsirsizlik prezumpsiyas\u0131na h\u00f6rm\u0259tin t\u0259minat\u0131 \u00fc\u00e7\u00fcn add\u0131mlar atacaq.\n<\/p>\n<p>\n  H\u0259m\u00e7inin m\u0259lumatda qeyd olunur ki, R.C\u0259f\u0259rovun m\u0259hk\u0259m\u0259y\u0259 q\u0259d\u0259rki\u00a0 h\u0259bs\u0259 dair \u015fikay\u0259tin\u0259 Avropa \u0130nsan H\u00fcquqlar\u0131 M\u0259hk\u0259m\u0259sind\u0259 bax\u0131l\u0131r v\u0259 Avropa \u015euras\u0131 insan h\u00fcquqlar\u0131 komissar\u0131 \u00fc\u00e7\u00fcnc\u00fc t\u0259r\u0259f kimi bu proses\u0259 m\u00fcdaxil\u0259 etm\u0259k h\u00fcququndan istifad\u0259 edib.\n<\/p>\n<p>\n  Qeyd ed\u0259k ki, bu, \u00f6t\u0259n ilin yay\u0131nda v\u0259 pay\u0131z\u0131nda tan\u0131nm\u0131\u015f h\u00fcquq m\u00fcdafi\u0259\u00e7il\u0259ri v\u0259 jurnalistl\u0259rin h\u0259bsind\u0259n sonra A\u015ePA h\u0259ms\u0259drl\u0259rinin Az\u0259rbaycan v\u0259t\u0259nda\u015f c\u0259miyy\u0259ti f\u0259allar\u0131n\u0131n t\u0259qib olunmas\u0131n\u0131 v\u0259 h\u0259bsini a\u00e7\u0131q \u015f\u0259kild\u0259 pisl\u0259m\u0259si il\u0259 ba\u011fl\u0131 ilk hald\u0131r.\n<\/p>\n<p>\n  P.Aqramunt Az\u0259rbaycanda siyasi m\u0259hbuslar m\u0259s\u0259l\u0259si d\u0259 daxil olmaqla, insan h\u00fcquqlar\u0131 m\u0259s\u0259l\u0259si \u00fczr\u0259 m\u0259ruz\u0259\u00e7i olsa da, bu missiya \u00e7\u0259r\u00e7iv\u0259sind\u0259 bir d\u0259f\u0259 d\u0259 olsun Az\u0259rbaycana g\u0259lm\u0259yib (Turan \u0130A).\n<\/p><\/p>\n","protected":false},"excerpt":{"rendered":"<p>&#8220;H\u00fcquq m\u00fcdafi\u0259\u00e7isinin bu q\u0259d\u0259r uzun m\u00fcdd\u0259t\u0259 m\u0259hkum edilm\u0259si r\u0259hb\u0259rlik etdiyi QHT-nin x\u0259rcl\u0259ri il\u0259 ba\u011fl\u0131 ir\u0259li s\u00fcr\u00fcl\u0259n ittihamlara adekvat deyil\u201d<\/p>\n","protected":false},"author":11,"featured_media":22942,"comment_status":"closed","ping_status":"open","sticky":false,"template":"","format":"standard","meta":{"_acf_changed":false,"_sitemap_exclude":false,"_sitemap_priority":"","_sitemap_frequency":"","footnotes":""},"categories":[56],"tags":[],"class_list":["post-167605","post","type-post","status-publish","format-standard","has-post-thumbnail","hentry","category-xeberler","infinite-scroll-item","generate-columns","tablet-grid-50","mobile-grid-100","grid-parent","grid-33","no-featured-image-padding"],"acf":[],"yoast_head":"<!-- This site is optimized with the Yoast SEO plugin v28.4 - https:\/\/yoast.com\/product\/yoast-seo-wordpress\/ -->\n<title>H\u0259tta Pedro Aqramunt R\u0259sul C\u0259f\u0259rovun m\u00fcdafi\u0259sin\u0259 qalx\u0131b - MEYDAN.TV<\/title>\n<meta name=\"robots\" content=\"index, follow, max-snippet:-1, max-image-preview:large, max-video-preview:-1\" \/>\n<link rel=\"canonical\" href=\"https:\/\/www.meydan.tv\/az\/article\/hetta-pedro-aqramunt-resul-ceferovun-mudafiesine-qalxib\/\" \/>\n<meta property=\"og:locale\" content=\"az_AZ\" \/>\n<meta property=\"og:type\" content=\"article\" \/>\n<meta property=\"og:title\" content=\"H\u0259tta Pedro Aqramunt R\u0259sul C\u0259f\u0259rovun m\u00fcdafi\u0259sin\u0259 qalx\u0131b - MEYDAN.TV\" \/>\n<meta property=\"og:description\" content=\"&quot;H\u00fcquq m\u00fcdafi\u0259\u00e7isinin bu q\u0259d\u0259r uzun m\u00fcdd\u0259t\u0259 m\u0259hkum edilm\u0259si r\u0259hb\u0259rlik etdiyi QHT-nin x\u0259rcl\u0259ri il\u0259 ba\u011fl\u0131 ir\u0259li s\u00fcr\u00fcl\u0259n ittihamlara adekvat deyil\u201d\" \/>\n<meta property=\"og:url\" content=\"https:\/\/www.meydan.tv\/az\/article\/hetta-pedro-aqramunt-resul-ceferovun-mudafiesine-qalxib\/\" \/>\n<meta property=\"og:site_name\" content=\"MEYDAN.TV\" \/>\n<meta property=\"article:published_time\" content=\"2015-04-18T20:34:09+00:00\" \/>\n<meta property=\"og:image\" content=\"https:\/\/www.meydan.tv\/wp-content\/uploads\/8330.jpg\" \/>\n\t<meta property=\"og:image:width\" content=\"533\" \/>\n\t<meta property=\"og:image:height\" content=\"400\" \/>\n\t<meta property=\"og:image:type\" content=\"image\/jpeg\" \/>\n<meta name=\"twitter:card\" content=\"summary_large_image\" \/>\n<!-- \/ Yoast SEO plugin. -->","yoast_head_json":{"title":"H\u0259tta Pedro Aqramunt R\u0259sul C\u0259f\u0259rovun m\u00fcdafi\u0259sin\u0259 qalx\u0131b - MEYDAN.TV","robots":{"index":"index","follow":"follow","max-snippet":"max-snippet:-1","max-image-preview":"max-image-preview:large","max-video-preview":"max-video-preview:-1"},"canonical":"https:\/\/www.meydan.tv\/az\/article\/hetta-pedro-aqramunt-resul-ceferovun-mudafiesine-qalxib\/","og_locale":"az_AZ","og_type":"article","og_title":"H\u0259tta Pedro Aqramunt R\u0259sul C\u0259f\u0259rovun m\u00fcdafi\u0259sin\u0259 qalx\u0131b - MEYDAN.TV","og_description":"\"H\u00fcquq m\u00fcdafi\u0259\u00e7isinin bu q\u0259d\u0259r uzun m\u00fcdd\u0259t\u0259 m\u0259hkum edilm\u0259si r\u0259hb\u0259rlik etdiyi QHT-nin x\u0259rcl\u0259ri il\u0259 ba\u011fl\u0131 ir\u0259li s\u00fcr\u00fcl\u0259n ittihamlara adekvat deyil\u201d","og_url":"https:\/\/www.meydan.tv\/az\/article\/hetta-pedro-aqramunt-resul-ceferovun-mudafiesine-qalxib\/","og_site_name":"MEYDAN.TV","article_published_time":"2015-04-18T20:34:09+00:00","og_image":[{"width":533,"height":400,"url":"https:\/\/www.meydan.tv\/wp-content\/uploads\/8330.jpg","type":"image\/jpeg"}],"twitter_card":"summary_large_image","schema":{"@context":"https:\/\/schema.org","@graph":[{"@type":"Article","@id":"https:\/\/www.meydan.tv\/az\/article\/hetta-pedro-aqramunt-resul-ceferovun-mudafiesine-qalxib\/#article","isPartOf":{"@id":"https:\/\/www.meydan.tv\/az\/article\/hetta-pedro-aqramunt-resul-ceferovun-mudafiesine-qalxib\/"},"author":{"name":"user-manager","@id":"https:\/\/www.meydan.tv\/az\/#\/schema\/person\/10d11eccf6da3662cf5fdab9806ea91a"},"headline":"H\u0259tta Pedro Aqramunt R\u0259sul C\u0259f\u0259rovun m\u00fcdafi\u0259sin\u0259 qalx\u0131b","datePublished":"2015-04-18T20:34:09+00:00","mainEntityOfPage":{"@id":"https:\/\/www.meydan.tv\/az\/article\/hetta-pedro-aqramunt-resul-ceferovun-mudafiesine-qalxib\/"},"wordCount":416,"publisher":{"@id":"https:\/\/www.meydan.tv\/az\/#organization"},"image":{"@id":"https:\/\/www.meydan.tv\/az\/article\/hetta-pedro-aqramunt-resul-ceferovun-mudafiesine-qalxib\/#primaryimage"},"thumbnailUrl":"https:\/\/www.meydan.tv\/wp-content\/uploads\/8330.jpg","articleSection":["X\u0259b\u0259rl\u0259r"],"inLanguage":"az"},{"@type":"WebPage","@id":"https:\/\/www.meydan.tv\/az\/article\/hetta-pedro-aqramunt-resul-ceferovun-mudafiesine-qalxib\/","url":"https:\/\/www.meydan.tv\/az\/article\/hetta-pedro-aqramunt-resul-ceferovun-mudafiesine-qalxib\/","name":"H\u0259tta Pedro Aqramunt R\u0259sul C\u0259f\u0259rovun m\u00fcdafi\u0259sin\u0259 qalx\u0131b - MEYDAN.TV","isPartOf":{"@id":"https:\/\/www.meydan.tv\/az\/#website"},"primaryImageOfPage":{"@id":"https:\/\/www.meydan.tv\/az\/article\/hetta-pedro-aqramunt-resul-ceferovun-mudafiesine-qalxib\/#primaryimage"},"image":{"@id":"https:\/\/www.meydan.tv\/az\/article\/hetta-pedro-aqramunt-resul-ceferovun-mudafiesine-qalxib\/#primaryimage"},"thumbnailUrl":"https:\/\/www.meydan.tv\/wp-content\/uploads\/8330.jpg","datePublished":"2015-04-18T20:34:09+00:00","breadcrumb":{"@id":"https:\/\/www.meydan.tv\/az\/article\/hetta-pedro-aqramunt-resul-ceferovun-mudafiesine-qalxib\/#breadcrumb"},"inLanguage":"az","potentialAction":[{"@type":"ReadAction","target":["https:\/\/www.meydan.tv\/az\/article\/hetta-pedro-aqramunt-resul-ceferovun-mudafiesine-qalxib\/"]}]},{"@type":"ImageObject","inLanguage":"az","@id":"https:\/\/www.meydan.tv\/az\/article\/hetta-pedro-aqramunt-resul-ceferovun-mudafiesine-qalxib\/#primaryimage","url":"https:\/\/www.meydan.tv\/wp-content\/uploads\/8330.jpg","contentUrl":"https:\/\/www.meydan.tv\/wp-content\/uploads\/8330.jpg","width":533,"height":400,"caption":"Source:"},{"@type":"BreadcrumbList","@id":"https:\/\/www.meydan.tv\/az\/article\/hetta-pedro-aqramunt-resul-ceferovun-mudafiesine-qalxib\/#breadcrumb","itemListElement":[{"@type":"ListItem","position":1,"name":"Ana s\u0259hif\u0259","item":"https:\/\/www.meydan.tv\/az\/"},{"@type":"ListItem","position":2,"name":"X\u0259b\u0259rl\u0259r","item":"https:\/\/www.meydan.tv\/az\/section\/xeberler\/"},{"@type":"ListItem","position":3,"name":"H\u0259tta Pedro Aqramunt R\u0259sul C\u0259f\u0259rovun m\u00fcdafi\u0259sin\u0259 qalx\u0131b"}]},{"@type":"WebSite","@id":"https:\/\/www.meydan.tv\/az\/#website","url":"https:\/\/www.meydan.tv\/az\/","name":"MEYDAN.TV","description":"Meydan TV Az\u0259rbaycan\u0131n media m\u0259kan\u0131ndak\u0131 alternativ s\u0259sidir","publisher":{"@id":"https:\/\/www.meydan.tv\/az\/#organization"},"potentialAction":[{"@type":"SearchAction","target":{"@type":"EntryPoint","urlTemplate":"https:\/\/www.meydan.tv\/az\/?s={search_term_string}"},"query-input":{"@type":"PropertyValueSpecification","valueRequired":true,"valueName":"search_term_string"}}],"inLanguage":"az"},{"@type":"Organization","@id":"https:\/\/www.meydan.tv\/az\/#organization","name":"Meydan TV","url":"https:\/\/www.meydan.tv\/az\/","logo":{"@type":"ImageObject","inLanguage":"az","@id":"https:\/\/www.meydan.tv\/az\/#\/schema\/logo\/image\/","url":"https:\/\/www.meydan.tv\/wp-content\/uploads\/2021\/07\/meydan-logo.svg","contentUrl":"https:\/\/www.meydan.tv\/wp-content\/uploads\/2021\/07\/meydan-logo.svg","width":195,"height":46,"caption":"Meydan TV"},"image":{"@id":"https:\/\/www.meydan.tv\/az\/#\/schema\/logo\/image\/"}},{"@type":"Person","@id":"https:\/\/www.meydan.tv\/az\/#\/schema\/person\/10d11eccf6da3662cf5fdab9806ea91a","name":"user-manager"}]}},"_links":{"self":[{"href":"https:\/\/www.meydan.tv\/az\/wp-json\/wp\/v2\/posts\/167605","targetHints":{"allow":["GET"]}}],"collection":[{"href":"https:\/\/www.meydan.tv\/az\/wp-json\/wp\/v2\/posts"}],"about":[{"href":"https:\/\/www.meydan.tv\/az\/wp-json\/wp\/v2\/types\/post"}],"author":[{"embeddable":true,"href":"https:\/\/www.meydan.tv\/az\/wp-json\/wp\/v2\/users\/11"}],"replies":[{"embeddable":true,"href":"https:\/\/www.meydan.tv\/az\/wp-json\/wp\/v2\/comments?post=167605"}],"version-history":[{"count":0,"href":"https:\/\/www.meydan.tv\/az\/wp-json\/wp\/v2\/posts\/167605\/revisions"}],"wp:featuredmedia":[{"embeddable":true,"href":"https:\/\/www.meydan.tv\/az\/wp-json\/wp\/v2\/media\/22942"}],"wp:attachment":[{"href":"https:\/\/www.meydan.tv\/az\/wp-json\/wp\/v2\/media?parent=167605"}],"wp:term":[{"taxonomy":"category","embeddable":true,"href":"https:\/\/www.meydan.tv\/az\/wp-json\/wp\/v2\/categories?post=167605"},{"taxonomy":"post_tag","embeddable":true,"href":"https:\/\/www.meydan.tv\/az\/wp-json\/wp\/v2\/tags?post=167605"}],"curies":[{"name":"wp","href":"https:\/\/api.w.org\/{rel}","templated":true}]}}