{"id":167604,"date":"2015-04-17T20:16:40","date_gmt":"2015-04-17T20:16:40","guid":{"rendered":"https:\/\/www.meydan.tv\/article\/yasamal-rayonunun-icra-bascisi-cezalandirildi\/"},"modified":"2015-04-17T20:16:40","modified_gmt":"2015-04-17T20:16:40","slug":"yasamal-rayonunun-icra-bascisi-cezalandirildi","status":"publish","type":"post","link":"https:\/\/www.meydan.tv\/az\/article\/yasamal-rayonunun-icra-bascisi-cezalandirildi\/","title":{"rendered":"Yasamal rayonunun icra ba\u015f\u00e7\u0131s\u0131 c\u0259zaland\u0131r\u0131ld\u0131"},"content":{"rendered":"<figure class=\"wp-block-image size-large\">\n  <img decoding=\"async\" src=\"https:\/\/www.meydan.tv\/az\/22917\/\" alt=\"\" class=\"wp-image-22917\"\/><figcaption><\/figcaption><\/figure>\n<figure class=\"wp-block-image size-large\">\n  <img decoding=\"async\" src=\"https:\/\/www.meydan.tv\/az\/22920\/\" alt=\"\" class=\"wp-image-22920\"\/><figcaption><\/figcaption><\/figure>\n<p>\n  <i><br \/>\n    \u0130brahim Mehdiyev: &#8221; Hac\u0131bala m\u00fc\u0259llim m\u0259nim m\u00fcdirimdir, onun m\u0259n\u0259 t\u00f6hm\u0259t verm\u0259y\u0259 ixtiyar\u0131 var&#8221;<br \/>\n  <\/i>\n<\/p>\n<p>\n  Prezidentin m\u00fcvafiq tap\u015f\u0131r\u0131\u011f\u0131na \u0259sas\u0259n, Bak\u0131 \u015e\u0259h\u0259r \u0130cra Hakimiyy\u0259ti (B\u015e\u0130H) t\u0259r\u0259find\u0259n apar\u0131lan ara\u015fd\u0131rma zaman\u0131 m\u00fc\u0259yy\u0259n edilib ki, \u201cLake Residence\u201d M\u0259hdud M\u0259suliyy\u0259tli C\u0259miyy\u0259ti t\u0259r\u0259find\u0259n tikinti i\u015fl\u0259rinin apar\u0131lmas\u0131 \u00fc\u00e7\u00fcn m\u00fcvafiq icaz\u0259 s\u0259n\u0259di al\u0131nmadan Yasamal rayonu, 593-c\u00fc m\u0259h\u0259ll\u0259, Genaral Akim Abbasov k\u00fc\u00e7\u0259si, 25 sayl\u0131 \u00fcnvanda qanunsuz olaraq tikinti i\u015fl\u0259rinin apar\u0131lmas\u0131na ba\u015flan\u0131l\u0131b v\u0259 h\u0259min \u0259razid\u0259 m\u00f6vcud olan g\u00f6l\u00fcn bir hiss\u0259sinin tikinti q\u0131r\u0131nt\u0131lar\u0131 il\u0259 doldurulmas\u0131 h\u0259yata ke\u00e7irilib.\n<\/p>\n<p>\n  Bak\u0131 \u015e\u0259h\u0259r \u0130cra Hakimiyy\u0259tind\u0259n Trend-\u0259 veril\u0259n m\u0259lumata g\u00f6r\u0259, bununla \u0259laq\u0259dar olaraq, B\u015e\u0130H t\u0259r\u0259find\u0259n g\u00f6st\u0259ril\u0259n \u0259razid\u0259 qanunsuz tikinti i\u015fl\u0259ri aparan \u201cLake Residence\u201d MMC-nin r\u0259hb\u0259rliyin\u0259 x\u0259b\u0259rdarl\u0131q edilib, orada apar\u0131lan qanunsuz tikinti i\u015fl\u0259rinin l\u0259\u011fv edilm\u0259si, g\u00f6l\u00fcn doldurulmu\u015f hiss\u0259sinin t\u0259mizl\u0259nm\u0259si v\u0259 \u0259trafda \u0259halinin istirah\u0259tinin m\u0259nal\u0131 t\u0259\u015fkili \u00fc\u00e7\u00fcn \u0259razid\u0259 y\u00fcks\u0259k s\u0259viyy\u0259d\u0259 abadla\u015fd\u0131rma i\u015fl\u0259rinin \u00f6z v\u0259saiti hesab\u0131na h\u0259yata ke\u00e7irilm\u0259si \u201cLake Residence\u201d M\u0259hdud M\u0259suliyy\u0259tli C\u0259miyy\u0259tin\u0259 tap\u015f\u0131r\u0131l\u0131b.\n<\/p>\n<p>\n  Eyni zamanda, s\u00f6z\u00fcged\u0259n \u0259razid\u0259 tikintiy\u0259 icaz\u0259 s\u0259n\u0259di almadan tikinti i\u015fl\u0259rini h\u0259yata ke\u00e7ir\u0259n v\u0259 g\u00f6l\u00fcn bir hiss\u0259sini qanunsuz olaraq z\u0259bt ed\u0259r\u0259k dolduran \u201cLake Residence\u201d M\u0259hdud M\u0259suliyy\u0259tli C\u0259miyy\u0259tinin r\u0259hb\u0259rliyinin qanunsuz \u0259m\u0259ll\u0259rinin ara\u015fd\u0131r\u0131lmas\u0131 v\u0259 m\u00fcvafiq t\u0259dbirl\u0259r g\u00f6r\u00fclm\u0259si bar\u0259d\u0259 g\u00f6st\u0259ri\u015fl\u0259r verilib.\n<\/p>\n<p>\n  El\u0259c\u0259 d\u0259 r\u0259hb\u0259rlik etdiyi rayonun \u0259razisind\u0259 tikintiy\u0259 m\u00fcvafiq icaz\u0259 s\u0259n\u0259di olmadan apar\u0131lan tikinti i\u015fl\u0259rinin qar\u015f\u0131s\u0131n\u0131n vaxt\u0131nda al\u0131nmamas\u0131 v\u0259 bu istiqam\u0259td\u0259 i\u015fl\u0259rin y\u00fcks\u0259k s\u0259viyy\u0259d\u0259 h\u0259yata ke\u00e7irilm\u0259sind\u0259 n\u00f6qsanlara yol verdiyini n\u0259z\u0259r\u0259 alaraq, Yasamal rayon \u0130cra Hakimiyy\u0259tinin ba\u015f\u00e7\u0131s\u0131 \u0130brahim \u018fsg\u0259r o\u011flu Mehdiyev\u0259 t\u00f6hm\u0259t verilib.\n<\/p>\n<p><div>\n    Ancaq icra ba\u015f\u00e7\u0131s\u0131 \u0130brahim Mehdiyev ona veril\u0259n t\u00f6hm\u0259td\u0259n x\u0259b\u0259rsiz oldu\u011funu deyib: &#8220;Bilmir\u0259m, m\u0259n\u0259 t\u00f6hm\u0259t verilm\u0259sind\u0259n x\u0259b\u0259rim\n  <\/div>\n<\/p>\n<figure class=\"wp-block-image size-large\">\n  <img decoding=\"async\" src=\"https:\/\/www.meydan.tv\/az\/22917\/\" alt=\"\" class=\"wp-image-22917\"\/><figcaption><\/figcaption><\/figure>\n<p><div>\n    yoxdur. Veribs\u0259, d\u00fcz edib. M\u0259n haz\u0131rda h\u0259min g\u00f6l\u0259 t\u00f6k\u00fcl\u0259n torpa\u011f\u0131n y\u0131\u011f\u0131\u015fd\u0131r\u0131lmas\u0131 i\u015fi g\u00f6r\u00fcl\u0259n \u0259razid\u0259y\u0259m. H\u0259min \u015firk\u0259t r\u0259hb\u0259rliyi d\u0259 buradad\u0131r. Ancaq m\u0259n\u0259 t\u00f6hm\u0259t verilm\u0259sind\u0259n x\u0259b\u0259rim yoxdur. Verilibs\u0259 d\u0259, bunu normal q\u0259bul etm\u0259k laz\u0131md\u0131r. Hac\u0131bala m\u00fc\u0259llim m\u0259nim m\u00fcdirimdir, onun m\u0259n\u0259 t\u00f6hm\u0259t verm\u0259y\u0259 ixtiyar\u0131 var. Y\u0259qin t\u0259qsirim var ki, m\u0259n\u0259 t\u00f6hm\u0259t verir. Ba\u015fqa n\u0259 deyim, indi d\u0259 g\u00f6l \u0259razisind\u0259 apar\u0131lan i\u015fin ba\u015f\u0131ndayam\u201d.\n  <\/div>\n<\/p>\n<p><div><\/div>\n<\/p>\n<p><div>\n    \u0130cra ba\u015f\u00e7\u0131s\u0131 \u201cLake Residence\u201d MMC-nin qanunsuz tikinti i\u015fl\u0259ri apard\u0131\u011f\u0131na v\u0259 g\u00f6l\u00fc tikinti materiallar\u0131 q\u0131r\u0131nt\u0131lar\u0131 il\u0259 doldurdu\u011funa g\u00f6r\u0259 c\u0259zaland\u0131r\u0131lmas\u0131 m\u0259s\u0259l\u0259sin\u0259 d\u0259 toxunub: \u201cTikinti i\u015fl\u0259rini saxlatm\u0131\u015f\u0131q, qanun \u00e7\u0259r\u00e7iv\u0259sind\u0259 d\u0259 Bak\u0131 \u015f\u0259h\u0259r \u0130cra Hakimiyy\u0259ti t\u0259r\u0259find\u0259n m\u00fcvafiq t\u0259dbirl\u0259r g\u00f6r\u00fcl\u0259c\u0259k. O \u015firk\u0259t\u0259 g\u00f6r\u0259 d\u0259 m\u0259n\u0259 s\u00f6z g\u0259ldi. M\u0259nim o \u015firk\u0259t r\u0259hb\u0259rliyi il\u0259 he\u00e7 bir tan\u0131\u015fl\u0131\u011f\u0131m yoxdur\u201d (publika.az).\n  <\/div><\/p>\n","protected":false},"excerpt":{"rendered":"<p>\u0130brahim Mehdiyev: &#8221; Hac\u0131bala m\u00fc\u0259llim m\u0259nim m\u00fcdirimdir, onun m\u0259n\u0259 t\u00f6hm\u0259t verm\u0259y\u0259 ixtiyar\u0131 var&#8221;<\/p>\n","protected":false},"author":11,"featured_media":22917,"comment_status":"closed","ping_status":"open","sticky":false,"template":"","format":"standard","meta":{"_acf_changed":false,"_sitemap_exclude":false,"_sitemap_priority":"","_sitemap_frequency":"","footnotes":""},"categories":[56],"tags":[],"class_list":["post-167604","post","type-post","status-publish","format-standard","has-post-thumbnail","hentry","category-xeberler","infinite-scroll-item","generate-columns","tablet-grid-50","mobile-grid-100","grid-parent","grid-33","no-featured-image-padding"],"acf":[],"yoast_head":"<!-- This site is optimized with the Yoast SEO plugin v28.4 - https:\/\/yoast.com\/product\/yoast-seo-wordpress\/ -->\n<title>Yasamal rayonunun icra ba\u015f\u00e7\u0131s\u0131 c\u0259zaland\u0131r\u0131ld\u0131 - MEYDAN.TV<\/title>\n<meta name=\"robots\" content=\"index, follow, max-snippet:-1, max-image-preview:large, max-video-preview:-1\" \/>\n<link rel=\"canonical\" href=\"https:\/\/www.meydan.tv\/az\/article\/yasamal-rayonunun-icra-bascisi-cezalandirildi\/\" \/>\n<meta property=\"og:locale\" content=\"az_AZ\" \/>\n<meta property=\"og:type\" content=\"article\" \/>\n<meta property=\"og:title\" content=\"Yasamal rayonunun icra ba\u015f\u00e7\u0131s\u0131 c\u0259zaland\u0131r\u0131ld\u0131 - MEYDAN.TV\" \/>\n<meta property=\"og:description\" content=\"\u0130brahim Mehdiyev: &quot; Hac\u0131bala m\u00fc\u0259llim m\u0259nim m\u00fcdirimdir, onun m\u0259n\u0259 t\u00f6hm\u0259t verm\u0259y\u0259 ixtiyar\u0131 var&quot;\" \/>\n<meta property=\"og:url\" content=\"https:\/\/www.meydan.tv\/az\/article\/yasamal-rayonunun-icra-bascisi-cezalandirildi\/\" \/>\n<meta property=\"og:site_name\" content=\"MEYDAN.TV\" \/>\n<meta property=\"article:published_time\" content=\"2015-04-17T20:16:40+00:00\" \/>\n<meta property=\"og:image\" content=\"https:\/\/www.meydan.tv\/wp-content\/uploads\/8327.jpg\" \/>\n\t<meta property=\"og:image:width\" content=\"200\" \/>\n\t<meta property=\"og:image:height\" content=\"181\" \/>\n\t<meta property=\"og:image:type\" content=\"image\/jpeg\" \/>\n<meta name=\"twitter:card\" content=\"summary_large_image\" \/>\n<!-- \/ Yoast SEO plugin. -->","yoast_head_json":{"title":"Yasamal rayonunun icra ba\u015f\u00e7\u0131s\u0131 c\u0259zaland\u0131r\u0131ld\u0131 - MEYDAN.TV","robots":{"index":"index","follow":"follow","max-snippet":"max-snippet:-1","max-image-preview":"max-image-preview:large","max-video-preview":"max-video-preview:-1"},"canonical":"https:\/\/www.meydan.tv\/az\/article\/yasamal-rayonunun-icra-bascisi-cezalandirildi\/","og_locale":"az_AZ","og_type":"article","og_title":"Yasamal rayonunun icra ba\u015f\u00e7\u0131s\u0131 c\u0259zaland\u0131r\u0131ld\u0131 - MEYDAN.TV","og_description":"\u0130brahim Mehdiyev: \" Hac\u0131bala m\u00fc\u0259llim m\u0259nim m\u00fcdirimdir, onun m\u0259n\u0259 t\u00f6hm\u0259t verm\u0259y\u0259 ixtiyar\u0131 var\"","og_url":"https:\/\/www.meydan.tv\/az\/article\/yasamal-rayonunun-icra-bascisi-cezalandirildi\/","og_site_name":"MEYDAN.TV","article_published_time":"2015-04-17T20:16:40+00:00","og_image":[{"width":200,"height":181,"url":"https:\/\/www.meydan.tv\/wp-content\/uploads\/8327.jpg","type":"image\/jpeg"}],"twitter_card":"summary_large_image","schema":{"@context":"https:\/\/schema.org","@graph":[{"@type":"Article","@id":"https:\/\/www.meydan.tv\/az\/article\/yasamal-rayonunun-icra-bascisi-cezalandirildi\/#article","isPartOf":{"@id":"https:\/\/www.meydan.tv\/az\/article\/yasamal-rayonunun-icra-bascisi-cezalandirildi\/"},"author":{"name":"user-manager","@id":"https:\/\/www.meydan.tv\/az\/#\/schema\/person\/10d11eccf6da3662cf5fdab9806ea91a"},"headline":"Yasamal rayonunun icra ba\u015f\u00e7\u0131s\u0131 c\u0259zaland\u0131r\u0131ld\u0131","datePublished":"2015-04-17T20:16:40+00:00","mainEntityOfPage":{"@id":"https:\/\/www.meydan.tv\/az\/article\/yasamal-rayonunun-icra-bascisi-cezalandirildi\/"},"wordCount":644,"publisher":{"@id":"https:\/\/www.meydan.tv\/az\/#organization"},"image":{"@id":"https:\/\/www.meydan.tv\/az\/article\/yasamal-rayonunun-icra-bascisi-cezalandirildi\/#primaryimage"},"thumbnailUrl":"https:\/\/www.meydan.tv\/wp-content\/uploads\/8327.jpg","articleSection":["X\u0259b\u0259rl\u0259r"],"inLanguage":"az"},{"@type":"WebPage","@id":"https:\/\/www.meydan.tv\/az\/article\/yasamal-rayonunun-icra-bascisi-cezalandirildi\/","url":"https:\/\/www.meydan.tv\/az\/article\/yasamal-rayonunun-icra-bascisi-cezalandirildi\/","name":"Yasamal rayonunun icra ba\u015f\u00e7\u0131s\u0131 c\u0259zaland\u0131r\u0131ld\u0131 - MEYDAN.TV","isPartOf":{"@id":"https:\/\/www.meydan.tv\/az\/#website"},"primaryImageOfPage":{"@id":"https:\/\/www.meydan.tv\/az\/article\/yasamal-rayonunun-icra-bascisi-cezalandirildi\/#primaryimage"},"image":{"@id":"https:\/\/www.meydan.tv\/az\/article\/yasamal-rayonunun-icra-bascisi-cezalandirildi\/#primaryimage"},"thumbnailUrl":"https:\/\/www.meydan.tv\/wp-content\/uploads\/8327.jpg","datePublished":"2015-04-17T20:16:40+00:00","breadcrumb":{"@id":"https:\/\/www.meydan.tv\/az\/article\/yasamal-rayonunun-icra-bascisi-cezalandirildi\/#breadcrumb"},"inLanguage":"az","potentialAction":[{"@type":"ReadAction","target":["https:\/\/www.meydan.tv\/az\/article\/yasamal-rayonunun-icra-bascisi-cezalandirildi\/"]}]},{"@type":"ImageObject","inLanguage":"az","@id":"https:\/\/www.meydan.tv\/az\/article\/yasamal-rayonunun-icra-bascisi-cezalandirildi\/#primaryimage","url":"https:\/\/www.meydan.tv\/wp-content\/uploads\/8327.jpg","contentUrl":"https:\/\/www.meydan.tv\/wp-content\/uploads\/8327.jpg","width":200,"height":181,"caption":"Source:"},{"@type":"BreadcrumbList","@id":"https:\/\/www.meydan.tv\/az\/article\/yasamal-rayonunun-icra-bascisi-cezalandirildi\/#breadcrumb","itemListElement":[{"@type":"ListItem","position":1,"name":"Ana s\u0259hif\u0259","item":"https:\/\/www.meydan.tv\/az\/"},{"@type":"ListItem","position":2,"name":"X\u0259b\u0259rl\u0259r","item":"https:\/\/www.meydan.tv\/az\/section\/xeberler\/"},{"@type":"ListItem","position":3,"name":"Yasamal rayonunun icra ba\u015f\u00e7\u0131s\u0131 c\u0259zaland\u0131r\u0131ld\u0131"}]},{"@type":"WebSite","@id":"https:\/\/www.meydan.tv\/az\/#website","url":"https:\/\/www.meydan.tv\/az\/","name":"MEYDAN.TV","description":"Meydan TV Az\u0259rbaycan\u0131n media m\u0259kan\u0131ndak\u0131 alternativ s\u0259sidir","publisher":{"@id":"https:\/\/www.meydan.tv\/az\/#organization"},"potentialAction":[{"@type":"SearchAction","target":{"@type":"EntryPoint","urlTemplate":"https:\/\/www.meydan.tv\/az\/?s={search_term_string}"},"query-input":{"@type":"PropertyValueSpecification","valueRequired":true,"valueName":"search_term_string"}}],"inLanguage":"az"},{"@type":"Organization","@id":"https:\/\/www.meydan.tv\/az\/#organization","name":"Meydan TV","url":"https:\/\/www.meydan.tv\/az\/","logo":{"@type":"ImageObject","inLanguage":"az","@id":"https:\/\/www.meydan.tv\/az\/#\/schema\/logo\/image\/","url":"https:\/\/www.meydan.tv\/wp-content\/uploads\/2021\/07\/meydan-logo.svg","contentUrl":"https:\/\/www.meydan.tv\/wp-content\/uploads\/2021\/07\/meydan-logo.svg","width":195,"height":46,"caption":"Meydan TV"},"image":{"@id":"https:\/\/www.meydan.tv\/az\/#\/schema\/logo\/image\/"}},{"@type":"Person","@id":"https:\/\/www.meydan.tv\/az\/#\/schema\/person\/10d11eccf6da3662cf5fdab9806ea91a","name":"user-manager"}]}},"_links":{"self":[{"href":"https:\/\/www.meydan.tv\/az\/wp-json\/wp\/v2\/posts\/167604","targetHints":{"allow":["GET"]}}],"collection":[{"href":"https:\/\/www.meydan.tv\/az\/wp-json\/wp\/v2\/posts"}],"about":[{"href":"https:\/\/www.meydan.tv\/az\/wp-json\/wp\/v2\/types\/post"}],"author":[{"embeddable":true,"href":"https:\/\/www.meydan.tv\/az\/wp-json\/wp\/v2\/users\/11"}],"replies":[{"embeddable":true,"href":"https:\/\/www.meydan.tv\/az\/wp-json\/wp\/v2\/comments?post=167604"}],"version-history":[{"count":0,"href":"https:\/\/www.meydan.tv\/az\/wp-json\/wp\/v2\/posts\/167604\/revisions"}],"wp:featuredmedia":[{"embeddable":true,"href":"https:\/\/www.meydan.tv\/az\/wp-json\/wp\/v2\/media\/22917"}],"wp:attachment":[{"href":"https:\/\/www.meydan.tv\/az\/wp-json\/wp\/v2\/media?parent=167604"}],"wp:term":[{"taxonomy":"category","embeddable":true,"href":"https:\/\/www.meydan.tv\/az\/wp-json\/wp\/v2\/categories?post=167604"},{"taxonomy":"post_tag","embeddable":true,"href":"https:\/\/www.meydan.tv\/az\/wp-json\/wp\/v2\/tags?post=167604"}],"curies":[{"name":"wp","href":"https:\/\/api.w.org\/{rel}","templated":true}]}}