{"id":167603,"date":"2015-04-17T20:33:12","date_gmt":"2015-04-17T20:33:12","guid":{"rendered":"https:\/\/www.meydan.tv\/article\/hakimiyyet-ictimai-feallara-qarsi-teqib-ve-hebsleri-davam-etdirir\/"},"modified":"2015-04-17T20:33:12","modified_gmt":"2015-04-17T20:33:12","slug":"hakimiyyet-ictimai-feallara-qarsi-teqib-ve-hebsleri-davam-etdirir","status":"publish","type":"post","link":"https:\/\/www.meydan.tv\/az\/article\/hakimiyyet-ictimai-feallara-qarsi-teqib-ve-hebsleri-davam-etdirir\/","title":{"rendered":"\u201cHakimiyy\u0259t ictimai f\u0259allara qar\u015f\u0131 t\u0259qib v\u0259 h\u0259bsl\u0259ri davam etdirir\u201d"},"content":{"rendered":"<figure class=\"wp-block-image size-large\">\n  <img decoding=\"async\" src=\"https:\/\/www.meydan.tv\/az\/22939\/\" alt=\"\" class=\"wp-image-22939\"\/><figcaption><\/figcaption><\/figure>\n<figure class=\"wp-block-image size-large\">\n  <img decoding=\"async\" src=\"https:\/\/www.meydan.tv\/az\/22939\/\" alt=\"\" class=\"wp-image-22939\"\/><figcaption><\/figcaption><\/figure>\n<p>\n  <i><br \/>\n    &#8220;Avropa Oyunlar\u0131 \u0259r\u0259f\u0259sind\u0259 r\u0259smi Bak\u0131n\u0131 b\u00fct\u00fcn siyasi m\u0259hbuslar\u0131 qeyd- \u015f\u0259rtsiz azad etm\u0259y\u0259, v\u0259t\u0259nda\u015f c\u0259miyy\u0259ti f\u0259allar\u0131na qar\u015f\u0131 t\u0259qibl\u0259r\u0259 son qoyma\u011fa \u00e7a\u011f\u0131r\u0131r\u0131q&#8221;<br \/>\n  <\/i>\n<\/p>\n<p>\n  &#8220;Siyasi M\u0259hbuslars\u0131z Az\u0259rbaycan&#8221; \u0130ctimai Alyans\u0131 son h\u0259bsl\u0259r v\u0259 m\u0259hk\u0259m\u0259 h\u00f6kml\u0259ri il\u0259 ba\u011fl\u0131 b\u0259yanatla \u00e7\u0131x\u0131\u015f edib.\n<\/p>\n<p>\n  Meydan TV-y\u0259 daxil olan b\u0259yanatda deyilir:<br \/>\n  <b><\/b><br \/>\n  &#8220;Siyasi M\u0259hbuslars\u0131z Az\u0259rbaycan&#8221; \u0130ctimai Alyans\u0131 h\u00fcquq m\u00fcdafi\u0259\u00e7isi, \u0130nsan Haqlar\u0131 Klubunun r\u0259hb\u0259ri v\u0259 REAL H\u0259r\u0259kat\u0131n\u0131n \u0130dar\u0259 Hey\u0259tinin \u00fczv\u00fc R\u0259sul C\u0259f\u0259rov haqq\u0131nda ibtidai istintaq\u0131n siyasi sifari\u015fl\u0259 apar\u0131ld\u0131\u011f\u0131n\u0131, m\u0259hk\u0259m\u0259 h\u00f6km\u00fcnd\u0259 d\u0259 bu sifari\u015fin a\u00e7\u0131q a\u015fkar if\u015fa olundu\u011funu bildirir. Alyans h\u00fcquq m\u00fcdafi\u0259\u00e7isinin m\u0259hk\u0259m\u0259 prosesl\u0259rini yax\u0131ndan izl\u0259mi\u015f v\u0259 onun bar\u0259sind\u0259 ir\u0259li s\u00fcr\u00fclm\u00fc\u015f b\u00fct\u00fcn ittihamlar\u0131n qurama, siyasi sifari\u015f oldu\u011fu q\u0259na\u0259tind\u0259dir. R\u0259sul C\u0259f\u0259rovun v\u0259kill\u0259ri t\u0259r\u0259find\u0259n onun bar\u0259sind\u0259 ir\u0259li s\u00fcr\u00fclm\u00fc\u015f ittihamlar\u0131n saxta olmas\u0131n\u0131 s\u00fcbut etm\u0259sin\u0259 baxmayaraq m\u0259hk\u0259m\u0259 tan\u0131nm\u0131\u015f h\u00fcquq m\u00fcdafi\u0259\u00e7isini 6 il 6 ay a\u011f\u0131r c\u0259zaya m\u0259hkum edilm\u0259si bar\u0259d\u0259 absurd h\u00f6km \u00e7\u0131xar\u0131b. B\u00fct\u00fcn bunlar\u0131 n\u0259z\u0259r\u0259 alaraq Alyans hesab edir ki, m\u0259hk\u0259m\u0259nin h\u00f6km\u00fc hakimiyy\u0259tin siyasi sifari\u015fidir v\u0259 R\u0259sul C\u0259f\u0259rov ictimai f\u0259aliyy\u0259tin\u0259, h\u00fcquq- m\u00fcdafi\u0259 sah\u0259sind\u0259 g\u00f6rd\u00fcy\u00fc i\u015fl\u0259r\u0259 g\u00f6r\u0259 c\u0259zaland\u0131r\u0131l\u0131r.\n<\/p>\n<p>\n  &#8220;Siyasi M\u0259hbuslars\u0131z Az\u0259rbaycan&#8221; \u0130ctimai Alyans\u0131 h\u00fcquq m\u00fcdafi\u0259\u00e7isi, h\u00fcquq ad\u0131na onlarla kitab m\u00fc\u0259llifi, d\u0259st\u0259y\u0259 ehtiyac\u0131 olan insanlar\u0131 t\u0259mannas\u0131z m\u00fcdafi\u0259 etmi\u015f v\u0259 haz\u0131rda h\u0259bsxanada siyasi m\u0259hbus h\u0259yat\u0131 ya\u015fayan \u0130ntiqam \u018fliyev haqq\u0131nda d\u00f6vl\u0259t ittiham\u00e7\u0131s\u0131n\u0131n 10 il h\u0259bs c\u0259zas\u0131 t\u0259l\u0259b etm\u0259sini h\u00fcquqa zidd v\u0259 hakimiyy\u0259tin n\u00f6vb\u0259ti siyasi sifari\u015fi hesab edir.\n<\/p>\n<p>\n  Alyans 12 sayl\u0131 C\u0259za\u00e7\u0259km\u0259 M\u00fc\u0259ssis\u0259sind\u0259 m\u0259hkum El\u015fad Babayevin v\u0259h\u015fic\u0259sin\u0259 q\u0259tl\u0259 yetirilm\u0259sin\u0259 etiraz ed\u0259n m\u0259rhumun m\u0259hbus yolda\u015flar\u0131- siyasi m\u0259hbus, jurnalist Araz Quliyevin v\u0259 dig\u0259rl\u0259rinin qanunsuz olaraq Qobustan Qapal\u0131 h\u0259bsxanas\u0131na g\u00f6nd\u0259rilm\u0259si q\u0259rar\u0131n\u0131 \u015fidd\u0259tl\u0259 q\u0131nay\u0131r v\u0259 q\u0259rar\u0131n l\u0259\u011fv olunmas\u0131n\u0131 t\u0259l\u0259b edir.\n<\/p>\n<p>\n  T\u0259\u0259ss\u00fcfl\u0259 qeyd etm\u0259k laz\u0131md\u0131r ki, hakimiyy\u0259t ictimai- siyasi f\u0259aliyy\u0259tin\u0259 g\u00f6r\u0259 insanlar\u0131n t\u0259qib v\u0259 h\u0259bs olunmas\u0131 prosesini davam etdirir. Demokratik Q\u00fcvv\u0259l\u0259rin Milli \u015euras\u0131n\u0131n 5 aprel mitinqind\u0259n sonra AXCP f\u0259allar\u0131 T\u00fcrkel Az\u0259rt\u00fcrk, Saqif Qurbanov v\u0259 Ruslan N\u0259sirli \u015f\u0259rl\u0259n\u0259r\u0259k h\u0259bs olunmu\u015f, Alyans \u00fczv\u00fc El\u015f\u0259n H\u0259s\u0259novun v\u0259 ke\u00e7mi\u015f siyasi m\u0259hbus B\u0259\u015fir S\u00fcleymanl\u0131n\u0131n \u00f6lk\u0259d\u0259n \u00e7\u0131xmas\u0131na imkan verilm\u0259yib.\n<\/p>\n<p>\n  &#8220;Siyasi M\u0259hbuslars\u0131z Az\u0259rbaycan&#8221; \u0130ctimai Alyans\u0131 d\u00fcnyada s\u00fclh\u00fcn, bar\u0131\u015f\u0131n v\u0259 h\u0259mr\u0259yliyin t\u0259nt\u0259n\u0259si kimi q\u0259bul edil\u0259n Avropa Oyunlar\u0131 \u0259r\u0259f\u0259sind\u0259 r\u0259smi Bak\u0131n\u0131 \u00f6lk\u0259 h\u0259bsxanalar\u0131nda olan b\u00fct\u00fcn siyasi m\u0259hbuslar\u0131 qeyd- \u015f\u0259rtsiz azad etm\u0259y\u0259, v\u0259t\u0259nda\u015f c\u0259miyy\u0259ti f\u0259allar\u0131na qar\u015f\u0131 t\u0259qibl\u0259r\u0259 son qoyma\u011fa \u00e7a\u011f\u0131r\u0131r\u201d.<\/p>\n","protected":false},"excerpt":{"rendered":"<p>&#8220;Avropa Oyunlar\u0131 \u0259r\u0259f\u0259sind\u0259 r\u0259smi Bak\u0131n\u0131 b\u00fct\u00fcn siyasi m\u0259hbuslar\u0131 qeyd- \u015f\u0259rtsiz azad etm\u0259y\u0259, v\u0259t\u0259nda\u015f c\u0259miyy\u0259ti f\u0259allar\u0131na qar\u015f\u0131 t\u0259qibl\u0259r\u0259 son qoyma\u011fa \u00e7a\u011f\u0131r\u0131r\u0131q&#8221;<\/p>\n","protected":false},"author":11,"featured_media":22939,"comment_status":"closed","ping_status":"open","sticky":false,"template":"","format":"standard","meta":{"_acf_changed":false,"_sitemap_exclude":false,"_sitemap_priority":"","_sitemap_frequency":"","footnotes":""},"categories":[56],"tags":[],"class_list":["post-167603","post","type-post","status-publish","format-standard","has-post-thumbnail","hentry","category-xeberler","infinite-scroll-item","generate-columns","tablet-grid-50","mobile-grid-100","grid-parent","grid-33","no-featured-image-padding"],"acf":[],"yoast_head":"<!-- This site is optimized with the Yoast SEO plugin v28.4 - https:\/\/yoast.com\/product\/yoast-seo-wordpress\/ -->\n<title>\u201cHakimiyy\u0259t ictimai f\u0259allara qar\u015f\u0131 t\u0259qib v\u0259 h\u0259bsl\u0259ri davam etdirir\u201d - MEYDAN.TV<\/title>\n<meta name=\"robots\" content=\"index, follow, max-snippet:-1, max-image-preview:large, max-video-preview:-1\" \/>\n<link rel=\"canonical\" href=\"https:\/\/www.meydan.tv\/az\/article\/hakimiyyet-ictimai-feallara-qarsi-teqib-ve-hebsleri-davam-etdirir\/\" \/>\n<meta property=\"og:locale\" content=\"az_AZ\" \/>\n<meta property=\"og:type\" content=\"article\" \/>\n<meta property=\"og:title\" content=\"\u201cHakimiyy\u0259t ictimai f\u0259allara qar\u015f\u0131 t\u0259qib v\u0259 h\u0259bsl\u0259ri davam etdirir\u201d - MEYDAN.TV\" \/>\n<meta property=\"og:description\" content=\"&quot;Avropa Oyunlar\u0131 \u0259r\u0259f\u0259sind\u0259 r\u0259smi Bak\u0131n\u0131 b\u00fct\u00fcn siyasi m\u0259hbuslar\u0131 qeyd- \u015f\u0259rtsiz azad etm\u0259y\u0259, v\u0259t\u0259nda\u015f c\u0259miyy\u0259ti f\u0259allar\u0131na qar\u015f\u0131 t\u0259qibl\u0259r\u0259 son qoyma\u011fa \u00e7a\u011f\u0131r\u0131r\u0131q&quot;\" \/>\n<meta property=\"og:url\" content=\"https:\/\/www.meydan.tv\/az\/article\/hakimiyyet-ictimai-feallara-qarsi-teqib-ve-hebsleri-davam-etdirir\/\" \/>\n<meta property=\"og:site_name\" content=\"MEYDAN.TV\" \/>\n<meta property=\"article:published_time\" content=\"2015-04-17T20:33:12+00:00\" \/>\n<meta property=\"og:image\" content=\"https:\/\/www.meydan.tv\/wp-content\/uploads\/8329.jpg\" \/>\n\t<meta property=\"og:image:width\" content=\"631\" \/>\n\t<meta property=\"og:image:height\" content=\"300\" \/>\n\t<meta property=\"og:image:type\" content=\"image\/jpeg\" \/>\n<meta name=\"twitter:card\" content=\"summary_large_image\" \/>\n<!-- \/ Yoast SEO plugin. -->","yoast_head_json":{"title":"\u201cHakimiyy\u0259t ictimai f\u0259allara qar\u015f\u0131 t\u0259qib v\u0259 h\u0259bsl\u0259ri davam etdirir\u201d - MEYDAN.TV","robots":{"index":"index","follow":"follow","max-snippet":"max-snippet:-1","max-image-preview":"max-image-preview:large","max-video-preview":"max-video-preview:-1"},"canonical":"https:\/\/www.meydan.tv\/az\/article\/hakimiyyet-ictimai-feallara-qarsi-teqib-ve-hebsleri-davam-etdirir\/","og_locale":"az_AZ","og_type":"article","og_title":"\u201cHakimiyy\u0259t ictimai f\u0259allara qar\u015f\u0131 t\u0259qib v\u0259 h\u0259bsl\u0259ri davam etdirir\u201d - MEYDAN.TV","og_description":"\"Avropa Oyunlar\u0131 \u0259r\u0259f\u0259sind\u0259 r\u0259smi Bak\u0131n\u0131 b\u00fct\u00fcn siyasi m\u0259hbuslar\u0131 qeyd- \u015f\u0259rtsiz azad etm\u0259y\u0259, v\u0259t\u0259nda\u015f c\u0259miyy\u0259ti f\u0259allar\u0131na qar\u015f\u0131 t\u0259qibl\u0259r\u0259 son qoyma\u011fa \u00e7a\u011f\u0131r\u0131r\u0131q\"","og_url":"https:\/\/www.meydan.tv\/az\/article\/hakimiyyet-ictimai-feallara-qarsi-teqib-ve-hebsleri-davam-etdirir\/","og_site_name":"MEYDAN.TV","article_published_time":"2015-04-17T20:33:12+00:00","og_image":[{"width":631,"height":300,"url":"https:\/\/www.meydan.tv\/wp-content\/uploads\/8329.jpg","type":"image\/jpeg"}],"twitter_card":"summary_large_image","schema":{"@context":"https:\/\/schema.org","@graph":[{"@type":"Article","@id":"https:\/\/www.meydan.tv\/az\/article\/hakimiyyet-ictimai-feallara-qarsi-teqib-ve-hebsleri-davam-etdirir\/#article","isPartOf":{"@id":"https:\/\/www.meydan.tv\/az\/article\/hakimiyyet-ictimai-feallara-qarsi-teqib-ve-hebsleri-davam-etdirir\/"},"author":{"name":"user-manager","@id":"https:\/\/www.meydan.tv\/az\/#\/schema\/person\/10d11eccf6da3662cf5fdab9806ea91a"},"headline":"\u201cHakimiyy\u0259t ictimai f\u0259allara qar\u015f\u0131 t\u0259qib v\u0259 h\u0259bsl\u0259ri davam etdirir\u201d","datePublished":"2015-04-17T20:33:12+00:00","mainEntityOfPage":{"@id":"https:\/\/www.meydan.tv\/az\/article\/hakimiyyet-ictimai-feallara-qarsi-teqib-ve-hebsleri-davam-etdirir\/"},"wordCount":614,"publisher":{"@id":"https:\/\/www.meydan.tv\/az\/#organization"},"image":{"@id":"https:\/\/www.meydan.tv\/az\/article\/hakimiyyet-ictimai-feallara-qarsi-teqib-ve-hebsleri-davam-etdirir\/#primaryimage"},"thumbnailUrl":"https:\/\/www.meydan.tv\/wp-content\/uploads\/8329.jpg","articleSection":["X\u0259b\u0259rl\u0259r"],"inLanguage":"az"},{"@type":"WebPage","@id":"https:\/\/www.meydan.tv\/az\/article\/hakimiyyet-ictimai-feallara-qarsi-teqib-ve-hebsleri-davam-etdirir\/","url":"https:\/\/www.meydan.tv\/az\/article\/hakimiyyet-ictimai-feallara-qarsi-teqib-ve-hebsleri-davam-etdirir\/","name":"\u201cHakimiyy\u0259t ictimai f\u0259allara qar\u015f\u0131 t\u0259qib v\u0259 h\u0259bsl\u0259ri davam etdirir\u201d - MEYDAN.TV","isPartOf":{"@id":"https:\/\/www.meydan.tv\/az\/#website"},"primaryImageOfPage":{"@id":"https:\/\/www.meydan.tv\/az\/article\/hakimiyyet-ictimai-feallara-qarsi-teqib-ve-hebsleri-davam-etdirir\/#primaryimage"},"image":{"@id":"https:\/\/www.meydan.tv\/az\/article\/hakimiyyet-ictimai-feallara-qarsi-teqib-ve-hebsleri-davam-etdirir\/#primaryimage"},"thumbnailUrl":"https:\/\/www.meydan.tv\/wp-content\/uploads\/8329.jpg","datePublished":"2015-04-17T20:33:12+00:00","breadcrumb":{"@id":"https:\/\/www.meydan.tv\/az\/article\/hakimiyyet-ictimai-feallara-qarsi-teqib-ve-hebsleri-davam-etdirir\/#breadcrumb"},"inLanguage":"az","potentialAction":[{"@type":"ReadAction","target":["https:\/\/www.meydan.tv\/az\/article\/hakimiyyet-ictimai-feallara-qarsi-teqib-ve-hebsleri-davam-etdirir\/"]}]},{"@type":"ImageObject","inLanguage":"az","@id":"https:\/\/www.meydan.tv\/az\/article\/hakimiyyet-ictimai-feallara-qarsi-teqib-ve-hebsleri-davam-etdirir\/#primaryimage","url":"https:\/\/www.meydan.tv\/wp-content\/uploads\/8329.jpg","contentUrl":"https:\/\/www.meydan.tv\/wp-content\/uploads\/8329.jpg","width":631,"height":300,"caption":"Source:"},{"@type":"BreadcrumbList","@id":"https:\/\/www.meydan.tv\/az\/article\/hakimiyyet-ictimai-feallara-qarsi-teqib-ve-hebsleri-davam-etdirir\/#breadcrumb","itemListElement":[{"@type":"ListItem","position":1,"name":"Ana s\u0259hif\u0259","item":"https:\/\/www.meydan.tv\/az\/"},{"@type":"ListItem","position":2,"name":"X\u0259b\u0259rl\u0259r","item":"https:\/\/www.meydan.tv\/az\/section\/xeberler\/"},{"@type":"ListItem","position":3,"name":"\u201cHakimiyy\u0259t ictimai f\u0259allara qar\u015f\u0131 t\u0259qib v\u0259 h\u0259bsl\u0259ri davam etdirir\u201d"}]},{"@type":"WebSite","@id":"https:\/\/www.meydan.tv\/az\/#website","url":"https:\/\/www.meydan.tv\/az\/","name":"MEYDAN.TV","description":"Meydan TV Az\u0259rbaycan\u0131n media m\u0259kan\u0131ndak\u0131 alternativ s\u0259sidir","publisher":{"@id":"https:\/\/www.meydan.tv\/az\/#organization"},"potentialAction":[{"@type":"SearchAction","target":{"@type":"EntryPoint","urlTemplate":"https:\/\/www.meydan.tv\/az\/?s={search_term_string}"},"query-input":{"@type":"PropertyValueSpecification","valueRequired":true,"valueName":"search_term_string"}}],"inLanguage":"az"},{"@type":"Organization","@id":"https:\/\/www.meydan.tv\/az\/#organization","name":"Meydan TV","url":"https:\/\/www.meydan.tv\/az\/","logo":{"@type":"ImageObject","inLanguage":"az","@id":"https:\/\/www.meydan.tv\/az\/#\/schema\/logo\/image\/","url":"https:\/\/www.meydan.tv\/wp-content\/uploads\/2021\/07\/meydan-logo.svg","contentUrl":"https:\/\/www.meydan.tv\/wp-content\/uploads\/2021\/07\/meydan-logo.svg","width":195,"height":46,"caption":"Meydan TV"},"image":{"@id":"https:\/\/www.meydan.tv\/az\/#\/schema\/logo\/image\/"}},{"@type":"Person","@id":"https:\/\/www.meydan.tv\/az\/#\/schema\/person\/10d11eccf6da3662cf5fdab9806ea91a","name":"user-manager"}]}},"_links":{"self":[{"href":"https:\/\/www.meydan.tv\/az\/wp-json\/wp\/v2\/posts\/167603","targetHints":{"allow":["GET"]}}],"collection":[{"href":"https:\/\/www.meydan.tv\/az\/wp-json\/wp\/v2\/posts"}],"about":[{"href":"https:\/\/www.meydan.tv\/az\/wp-json\/wp\/v2\/types\/post"}],"author":[{"embeddable":true,"href":"https:\/\/www.meydan.tv\/az\/wp-json\/wp\/v2\/users\/11"}],"replies":[{"embeddable":true,"href":"https:\/\/www.meydan.tv\/az\/wp-json\/wp\/v2\/comments?post=167603"}],"version-history":[{"count":0,"href":"https:\/\/www.meydan.tv\/az\/wp-json\/wp\/v2\/posts\/167603\/revisions"}],"wp:featuredmedia":[{"embeddable":true,"href":"https:\/\/www.meydan.tv\/az\/wp-json\/wp\/v2\/media\/22939"}],"wp:attachment":[{"href":"https:\/\/www.meydan.tv\/az\/wp-json\/wp\/v2\/media?parent=167603"}],"wp:term":[{"taxonomy":"category","embeddable":true,"href":"https:\/\/www.meydan.tv\/az\/wp-json\/wp\/v2\/categories?post=167603"},{"taxonomy":"post_tag","embeddable":true,"href":"https:\/\/www.meydan.tv\/az\/wp-json\/wp\/v2\/tags?post=167603"}],"curies":[{"name":"wp","href":"https:\/\/api.w.org\/{rel}","templated":true}]}}