{"id":167602,"date":"2015-04-17T20:05:14","date_gmt":"2015-04-17T20:05:14","guid":{"rendered":"https:\/\/www.meydan.tv\/article\/nezaretciler-intiqam-eliyevin-elinden-cixisinin-metnini-almaq-isteyib\/"},"modified":"2015-04-17T20:05:14","modified_gmt":"2015-04-17T20:05:14","slug":"nezaretciler-intiqam-eliyevin-elinden-cixisinin-metnini-almaq-isteyib","status":"publish","type":"post","link":"https:\/\/www.meydan.tv\/az\/article\/nezaretciler-intiqam-eliyevin-elinden-cixisinin-metnini-almaq-isteyib\/","title":{"rendered":"N\u0259zar\u0259t\u00e7il\u0259r \u0130ntiqam \u018fliyevin \u0259lind\u0259n \u00e7\u0131x\u0131\u015f\u0131n\u0131n m\u0259tnini almaq ist\u0259yib"},"content":{"rendered":"<figure class=\"wp-block-image size-large\">\n  <img decoding=\"async\" src=\"https:\/\/www.meydan.tv\/az\/22936\/\" alt=\"\" class=\"wp-image-22936\"\/><figcaption><\/figcaption><\/figure>\n<figure class=\"wp-block-image size-large\">\n  <img decoding=\"async\" src=\"https:\/\/www.meydan.tv\/az\/22936\/\" alt=\"\" class=\"wp-image-22936\"\/><figcaption><\/figcaption><\/figure>\n<p>\n  <i><br \/>\n    V\u0259kil \u0130ntiqam \u018fliyevl\u0259 g\u00f6r\u00fc\u015f\u00fcb<br \/>\n  <\/i>\n<\/p>\n<p>\n  Aprelin 17-d\u0259 v\u0259kil El\u00e7in Sad\u0131qov Bak\u0131 \u0130stintaq T\u0259cridxanas\u0131nda &#8220;H\u00fcquq Maarif\u00e7iliyi C\u0259miyy\u0259ti&#8221;-nin h\u0259bsd\u0259 olan s\u0259dri \u0130ntiqam \u018fliyevl\u0259 g\u00f6r\u00fc\u015f\u00fcb.\n<\/p>\n<p>\n  Bu bar\u0259d\u0259 Meydan TV-y\u0259 a\u00e7\u0131qlama ver\u0259n v\u0259kil Sad\u0131qov bildirdi ki, n\u0259zar\u0259t\u00e7il\u0259r \u0130ntiqam \u018fliyevin \u0259lind\u0259n m\u0259hk\u0259m\u0259d\u0259 dey\u0259c\u0259k son s\u00f6z\u00fcn\u00fcn m\u0259tnini almaq ist\u0259yibl\u0259r: &#8220;Xeyli m\u00fcbahis\u0259d\u0259n sonra bunun qanunsuz oldu\u011funu ba\u015fa d\u00fc\u015f\u00fcb geri \u00e7\u0259kildil\u0259r. Hakim Rasim Sad\u0131xov biz\u0259 bildirmi\u015fdi ki, o, m\u00fcdafi\u0259 h\u00fcququnun pozulmamas\u0131 \u00fc\u00e7\u00fcn t\u0259cridxana r\u0259hb\u0259rliyi il\u0259 dan\u0131\u015facaq. G\u00f6r\u00fcn\u0259n odur ki, bu sah\u0259d\u0259 h\u0259l\u0259 he\u00e7 bir ir\u0259lil\u0259yi\u015f yoxdur&#8221;.\n<\/p>\n<p>\n  El\u00e7in Sad\u0131qov deyib ki, \u0130ntiqam \u018fliyev\u0259 qar\u015f\u0131 ittihamlar tamamil\u0259 \u0259sass\u0131z, qanunsuz v\u0259 saxta oldu\u011fundan m\u0259hk\u0259m\u0259 \u00e7\u0131x\u0131\u015flar\u0131nda dem\u0259y\u0259 s\u00f6zl\u0259ri \u00e7oxdur: &#8220;Lakin biz q\u0131sa konkret \u00e7\u0131x\u0131\u015f etm\u0259yi \u00fcst\u00fcn tutaca\u011f\u0131q. Onsuz da h\u0259r k\u0259s \u0130ntiqam \u018fliyev\u0259 qar\u015f\u0131 ittihamlar\u0131n n\u0259 q\u0259d\u0259r \u0259sass\u0131z, qanunsuz v\u0259 saxta oldu\u011funu bilir&#8221;.<br \/>\n  <i><\/p>\n<p>  <\/i><\/p>\n","protected":false},"excerpt":{"rendered":"<p>V\u0259kil \u0130ntiqam \u018fliyevl\u0259 g\u00f6r\u00fc\u015f\u00fcb<\/p>\n","protected":false},"author":11,"featured_media":22936,"comment_status":"closed","ping_status":"open","sticky":false,"template":"","format":"standard","meta":{"_acf_changed":false,"_sitemap_exclude":false,"_sitemap_priority":"","_sitemap_frequency":"","footnotes":""},"categories":[56],"tags":[],"class_list":["post-167602","post","type-post","status-publish","format-standard","has-post-thumbnail","hentry","category-xeberler","infinite-scroll-item","generate-columns","tablet-grid-50","mobile-grid-100","grid-parent","grid-33","no-featured-image-padding"],"acf":[],"yoast_head":"<!-- This site is optimized with the Yoast SEO plugin v28.4 - https:\/\/yoast.com\/product\/yoast-seo-wordpress\/ -->\n<title>N\u0259zar\u0259t\u00e7il\u0259r \u0130ntiqam \u018fliyevin \u0259lind\u0259n \u00e7\u0131x\u0131\u015f\u0131n\u0131n m\u0259tnini almaq ist\u0259yib - MEYDAN.TV<\/title>\n<meta name=\"robots\" content=\"index, follow, max-snippet:-1, max-image-preview:large, max-video-preview:-1\" \/>\n<link rel=\"canonical\" href=\"https:\/\/www.meydan.tv\/az\/article\/nezaretciler-intiqam-eliyevin-elinden-cixisinin-metnini-almaq-isteyib\/\" \/>\n<meta property=\"og:locale\" content=\"az_AZ\" \/>\n<meta property=\"og:type\" content=\"article\" \/>\n<meta property=\"og:title\" content=\"N\u0259zar\u0259t\u00e7il\u0259r \u0130ntiqam \u018fliyevin \u0259lind\u0259n \u00e7\u0131x\u0131\u015f\u0131n\u0131n m\u0259tnini almaq ist\u0259yib - MEYDAN.TV\" \/>\n<meta property=\"og:description\" content=\"V\u0259kil \u0130ntiqam \u018fliyevl\u0259 g\u00f6r\u00fc\u015f\u00fcb\" \/>\n<meta property=\"og:url\" content=\"https:\/\/www.meydan.tv\/az\/article\/nezaretciler-intiqam-eliyevin-elinden-cixisinin-metnini-almaq-isteyib\/\" \/>\n<meta property=\"og:site_name\" content=\"MEYDAN.TV\" \/>\n<meta property=\"article:published_time\" content=\"2015-04-17T20:05:14+00:00\" \/>\n<meta property=\"og:image\" content=\"https:\/\/www.meydan.tv\/wp-content\/uploads\/8326.jpg\" \/>\n\t<meta property=\"og:image:width\" content=\"350\" \/>\n\t<meta property=\"og:image:height\" content=\"462\" \/>\n\t<meta property=\"og:image:type\" content=\"image\/jpeg\" \/>\n<meta name=\"twitter:card\" content=\"summary_large_image\" \/>\n<!-- \/ Yoast SEO plugin. -->","yoast_head_json":{"title":"N\u0259zar\u0259t\u00e7il\u0259r \u0130ntiqam \u018fliyevin \u0259lind\u0259n \u00e7\u0131x\u0131\u015f\u0131n\u0131n m\u0259tnini almaq ist\u0259yib - MEYDAN.TV","robots":{"index":"index","follow":"follow","max-snippet":"max-snippet:-1","max-image-preview":"max-image-preview:large","max-video-preview":"max-video-preview:-1"},"canonical":"https:\/\/www.meydan.tv\/az\/article\/nezaretciler-intiqam-eliyevin-elinden-cixisinin-metnini-almaq-isteyib\/","og_locale":"az_AZ","og_type":"article","og_title":"N\u0259zar\u0259t\u00e7il\u0259r \u0130ntiqam \u018fliyevin \u0259lind\u0259n \u00e7\u0131x\u0131\u015f\u0131n\u0131n m\u0259tnini almaq ist\u0259yib - MEYDAN.TV","og_description":"V\u0259kil \u0130ntiqam \u018fliyevl\u0259 g\u00f6r\u00fc\u015f\u00fcb","og_url":"https:\/\/www.meydan.tv\/az\/article\/nezaretciler-intiqam-eliyevin-elinden-cixisinin-metnini-almaq-isteyib\/","og_site_name":"MEYDAN.TV","article_published_time":"2015-04-17T20:05:14+00:00","og_image":[{"width":350,"height":462,"url":"https:\/\/www.meydan.tv\/wp-content\/uploads\/8326.jpg","type":"image\/jpeg"}],"twitter_card":"summary_large_image","schema":{"@context":"https:\/\/schema.org","@graph":[{"@type":"Article","@id":"https:\/\/www.meydan.tv\/az\/article\/nezaretciler-intiqam-eliyevin-elinden-cixisinin-metnini-almaq-isteyib\/#article","isPartOf":{"@id":"https:\/\/www.meydan.tv\/az\/article\/nezaretciler-intiqam-eliyevin-elinden-cixisinin-metnini-almaq-isteyib\/"},"author":{"name":"user-manager","@id":"https:\/\/www.meydan.tv\/az\/#\/schema\/person\/10d11eccf6da3662cf5fdab9806ea91a"},"headline":"N\u0259zar\u0259t\u00e7il\u0259r \u0130ntiqam \u018fliyevin \u0259lind\u0259n \u00e7\u0131x\u0131\u015f\u0131n\u0131n m\u0259tnini almaq ist\u0259yib","datePublished":"2015-04-17T20:05:14+00:00","mainEntityOfPage":{"@id":"https:\/\/www.meydan.tv\/az\/article\/nezaretciler-intiqam-eliyevin-elinden-cixisinin-metnini-almaq-isteyib\/"},"wordCount":219,"publisher":{"@id":"https:\/\/www.meydan.tv\/az\/#organization"},"image":{"@id":"https:\/\/www.meydan.tv\/az\/article\/nezaretciler-intiqam-eliyevin-elinden-cixisinin-metnini-almaq-isteyib\/#primaryimage"},"thumbnailUrl":"https:\/\/www.meydan.tv\/wp-content\/uploads\/8326.jpg","articleSection":["X\u0259b\u0259rl\u0259r"],"inLanguage":"az"},{"@type":"WebPage","@id":"https:\/\/www.meydan.tv\/az\/article\/nezaretciler-intiqam-eliyevin-elinden-cixisinin-metnini-almaq-isteyib\/","url":"https:\/\/www.meydan.tv\/az\/article\/nezaretciler-intiqam-eliyevin-elinden-cixisinin-metnini-almaq-isteyib\/","name":"N\u0259zar\u0259t\u00e7il\u0259r \u0130ntiqam \u018fliyevin \u0259lind\u0259n \u00e7\u0131x\u0131\u015f\u0131n\u0131n m\u0259tnini almaq ist\u0259yib - MEYDAN.TV","isPartOf":{"@id":"https:\/\/www.meydan.tv\/az\/#website"},"primaryImageOfPage":{"@id":"https:\/\/www.meydan.tv\/az\/article\/nezaretciler-intiqam-eliyevin-elinden-cixisinin-metnini-almaq-isteyib\/#primaryimage"},"image":{"@id":"https:\/\/www.meydan.tv\/az\/article\/nezaretciler-intiqam-eliyevin-elinden-cixisinin-metnini-almaq-isteyib\/#primaryimage"},"thumbnailUrl":"https:\/\/www.meydan.tv\/wp-content\/uploads\/8326.jpg","datePublished":"2015-04-17T20:05:14+00:00","breadcrumb":{"@id":"https:\/\/www.meydan.tv\/az\/article\/nezaretciler-intiqam-eliyevin-elinden-cixisinin-metnini-almaq-isteyib\/#breadcrumb"},"inLanguage":"az","potentialAction":[{"@type":"ReadAction","target":["https:\/\/www.meydan.tv\/az\/article\/nezaretciler-intiqam-eliyevin-elinden-cixisinin-metnini-almaq-isteyib\/"]}]},{"@type":"ImageObject","inLanguage":"az","@id":"https:\/\/www.meydan.tv\/az\/article\/nezaretciler-intiqam-eliyevin-elinden-cixisinin-metnini-almaq-isteyib\/#primaryimage","url":"https:\/\/www.meydan.tv\/wp-content\/uploads\/8326.jpg","contentUrl":"https:\/\/www.meydan.tv\/wp-content\/uploads\/8326.jpg","width":350,"height":462,"caption":"Source:"},{"@type":"BreadcrumbList","@id":"https:\/\/www.meydan.tv\/az\/article\/nezaretciler-intiqam-eliyevin-elinden-cixisinin-metnini-almaq-isteyib\/#breadcrumb","itemListElement":[{"@type":"ListItem","position":1,"name":"Ana s\u0259hif\u0259","item":"https:\/\/www.meydan.tv\/az\/"},{"@type":"ListItem","position":2,"name":"X\u0259b\u0259rl\u0259r","item":"https:\/\/www.meydan.tv\/az\/section\/xeberler\/"},{"@type":"ListItem","position":3,"name":"N\u0259zar\u0259t\u00e7il\u0259r \u0130ntiqam \u018fliyevin \u0259lind\u0259n \u00e7\u0131x\u0131\u015f\u0131n\u0131n m\u0259tnini almaq ist\u0259yib"}]},{"@type":"WebSite","@id":"https:\/\/www.meydan.tv\/az\/#website","url":"https:\/\/www.meydan.tv\/az\/","name":"MEYDAN.TV","description":"Meydan TV Az\u0259rbaycan\u0131n media m\u0259kan\u0131ndak\u0131 alternativ s\u0259sidir","publisher":{"@id":"https:\/\/www.meydan.tv\/az\/#organization"},"potentialAction":[{"@type":"SearchAction","target":{"@type":"EntryPoint","urlTemplate":"https:\/\/www.meydan.tv\/az\/?s={search_term_string}"},"query-input":{"@type":"PropertyValueSpecification","valueRequired":true,"valueName":"search_term_string"}}],"inLanguage":"az"},{"@type":"Organization","@id":"https:\/\/www.meydan.tv\/az\/#organization","name":"Meydan TV","url":"https:\/\/www.meydan.tv\/az\/","logo":{"@type":"ImageObject","inLanguage":"az","@id":"https:\/\/www.meydan.tv\/az\/#\/schema\/logo\/image\/","url":"https:\/\/www.meydan.tv\/wp-content\/uploads\/2021\/07\/meydan-logo.svg","contentUrl":"https:\/\/www.meydan.tv\/wp-content\/uploads\/2021\/07\/meydan-logo.svg","width":195,"height":46,"caption":"Meydan TV"},"image":{"@id":"https:\/\/www.meydan.tv\/az\/#\/schema\/logo\/image\/"}},{"@type":"Person","@id":"https:\/\/www.meydan.tv\/az\/#\/schema\/person\/10d11eccf6da3662cf5fdab9806ea91a","name":"user-manager"}]}},"_links":{"self":[{"href":"https:\/\/www.meydan.tv\/az\/wp-json\/wp\/v2\/posts\/167602","targetHints":{"allow":["GET"]}}],"collection":[{"href":"https:\/\/www.meydan.tv\/az\/wp-json\/wp\/v2\/posts"}],"about":[{"href":"https:\/\/www.meydan.tv\/az\/wp-json\/wp\/v2\/types\/post"}],"author":[{"embeddable":true,"href":"https:\/\/www.meydan.tv\/az\/wp-json\/wp\/v2\/users\/11"}],"replies":[{"embeddable":true,"href":"https:\/\/www.meydan.tv\/az\/wp-json\/wp\/v2\/comments?post=167602"}],"version-history":[{"count":0,"href":"https:\/\/www.meydan.tv\/az\/wp-json\/wp\/v2\/posts\/167602\/revisions"}],"wp:featuredmedia":[{"embeddable":true,"href":"https:\/\/www.meydan.tv\/az\/wp-json\/wp\/v2\/media\/22936"}],"wp:attachment":[{"href":"https:\/\/www.meydan.tv\/az\/wp-json\/wp\/v2\/media?parent=167602"}],"wp:term":[{"taxonomy":"category","embeddable":true,"href":"https:\/\/www.meydan.tv\/az\/wp-json\/wp\/v2\/categories?post=167602"},{"taxonomy":"post_tag","embeddable":true,"href":"https:\/\/www.meydan.tv\/az\/wp-json\/wp\/v2\/tags?post=167602"}],"curies":[{"name":"wp","href":"https:\/\/api.w.org\/{rel}","templated":true}]}}