{"id":167601,"date":"2015-04-17T18:50:54","date_gmt":"2015-04-17T18:50:54","guid":{"rendered":"https:\/\/www.meydan.tv\/article\/qebirlerle-bagli-yeni-qaydalar-olacaq\/"},"modified":"2015-04-17T18:50:54","modified_gmt":"2015-04-17T18:50:54","slug":"qebirlerle-bagli-yeni-qaydalar-olacaq","status":"publish","type":"post","link":"https:\/\/www.meydan.tv\/az\/article\/qebirlerle-bagli-yeni-qaydalar-olacaq\/","title":{"rendered":"Q\u0259birl\u0259rl\u0259 ba\u011fl\u0131 yeni qaydalar olacaq"},"content":{"rendered":"<figure class=\"wp-block-image size-large\">\n  <img decoding=\"async\" src=\"https:\/\/www.meydan.tv\/az\/22933\/\" alt=\"\" class=\"wp-image-22933\"\/><figcaption><\/figcaption><\/figure>\n<figure class=\"wp-block-image size-large\">\n  <img decoding=\"async\" src=\"https:\/\/www.meydan.tv\/az\/22933\/\" alt=\"\" class=\"wp-image-22933\"\/><figcaption><\/figcaption><\/figure>\n<p>\n  <i><br \/>\n    Layih\u0259d\u0259 pullu m\u0259zarl\u0131qlar m\u0259s\u0259l\u0259si yoxdu<br \/>\n  <\/i>\n<\/p>\n<p>\n  \u201cYas m\u0259rasiml\u0259ri il\u0259 ba\u011fl\u0131 vip-\u00e7ad\u0131rlar m\u0259s\u0259l\u0259sin\u0259 qar\u0131\u015fa bilm\u0259rik, \u00e7\u00fcnki buna ba\u015fqa qurum bax\u0131r. Ancaq m\u0259zarl\u0131qlarla ba\u011fl\u0131 qanun layih\u0259si haz\u0131rlan\u0131b, haz\u0131rda\u00a0Nazirl\u0259r Kabinetind\u0259 bax\u0131l\u0131r\u201d.\n<\/p>\n<p>\n  <a href=\"https:\/\/apa.az\/\" target=\"_blank\" rel=\"noopener\"><br \/>\n    APA<br \/>\n  <\/a><br \/>\n  -n\u0131n m\u0259lumat\u0131na g\u00f6r\u0259, bunu bu g\u00fcn M\u0259tbuat \u015euras\u0131 v\u0259\u00a0Dini Qurumlarla \u0130\u015f \u00fczr\u0259 D\u00f6vl\u0259t Komit\u0259sinin birg\u0259 t\u0259\u015fkil etdiyi \u201cMilli-m\u0259n\u0259vi v\u0259 dini d\u0259y\u0259rl\u0259r: Tarixlik, m\u00fcasirlik\u201d m\u00f6vzusunda K\u0130V r\u0259hb\u0259rl\u0259ri il\u0259 g\u00f6r\u00fc\u015fd\u0259\u00a0Dini Qurumlarla \u0130\u015f \u00fczr\u0259 D\u00f6vl\u0259t Komit\u0259sinin s\u0259dri\u00a0M\u00fcbariz Qurbanl\u0131\u00a0s\u00f6yl\u0259yib.\n<\/p>\n<p>\n  M. Qurbanl\u0131 bildirib ki, qanun layih\u0259sind\u0259 q\u0259birl\u0259rin \u00f6l\u00e7\u00fcs\u00fc, m\u0259zarl\u0131qlarla ba\u011fl\u0131 qaydalar \u0259ksini tap\u0131b: \u201cLayih\u0259d\u0259 t\u0259klif edilir ki, q\u0259birl\u0259r adi da\u015fdan, h\u00fcnd\u00fcrl\u00fcy\u00fc 50 sm, sin\u0259\u00fcst\u00fc da\u015f 60 sm olsun. Q\u0259birl\u0259rin ara m\u0259saf\u0259l\u0259ri d\u0259 m\u00fc\u0259yy\u0259nl\u0259\u015fdirilib. Layih\u0259d\u0259 pullu m\u0259zarl\u0131qlar m\u0259s\u0259l\u0259si yoxdur. Q\u0259birl\u0259r s\u0131ralanacaq, yaln\u0131z \u0259r v\u0259 arvad \u00fc\u00e7\u00fcn istisnalar olacaq, y\u0259ni \u0259rin m\u0259zar\u0131n\u0131n yan\u0131nda arvad\u0131n, arvad\u0131n m\u0259zar\u0131n\u0131n yan\u0131nda \u0259r \u00fc\u00e7\u00fcn yer saxlan\u0131la bil\u0259r\u201d.<\/p>\n","protected":false},"excerpt":{"rendered":"<p>Layih\u0259d\u0259 pullu m\u0259zarl\u0131qlar m\u0259s\u0259l\u0259si yoxdu<\/p>\n","protected":false},"author":11,"featured_media":22933,"comment_status":"closed","ping_status":"open","sticky":false,"template":"","format":"standard","meta":{"_acf_changed":false,"_sitemap_exclude":false,"_sitemap_priority":"","_sitemap_frequency":"","footnotes":""},"categories":[56],"tags":[],"class_list":["post-167601","post","type-post","status-publish","format-standard","has-post-thumbnail","hentry","category-xeberler","infinite-scroll-item","generate-columns","tablet-grid-50","mobile-grid-100","grid-parent","grid-33","no-featured-image-padding"],"acf":[],"yoast_head":"<!-- This site is optimized with the Yoast SEO plugin v28.4 - https:\/\/yoast.com\/product\/yoast-seo-wordpress\/ -->\n<title>Q\u0259birl\u0259rl\u0259 ba\u011fl\u0131 yeni qaydalar olacaq - MEYDAN.TV<\/title>\n<meta name=\"robots\" content=\"index, follow, max-snippet:-1, max-image-preview:large, max-video-preview:-1\" \/>\n<link rel=\"canonical\" href=\"https:\/\/www.meydan.tv\/az\/article\/qebirlerle-bagli-yeni-qaydalar-olacaq\/\" \/>\n<meta property=\"og:locale\" content=\"az_AZ\" \/>\n<meta property=\"og:type\" content=\"article\" \/>\n<meta property=\"og:title\" content=\"Q\u0259birl\u0259rl\u0259 ba\u011fl\u0131 yeni qaydalar olacaq - MEYDAN.TV\" \/>\n<meta property=\"og:description\" content=\"Layih\u0259d\u0259 pullu m\u0259zarl\u0131qlar m\u0259s\u0259l\u0259si yoxdu\" \/>\n<meta property=\"og:url\" content=\"https:\/\/www.meydan.tv\/az\/article\/qebirlerle-bagli-yeni-qaydalar-olacaq\/\" \/>\n<meta property=\"og:site_name\" content=\"MEYDAN.TV\" \/>\n<meta property=\"article:published_time\" content=\"2015-04-17T18:50:54+00:00\" \/>\n<meta property=\"og:image\" content=\"https:\/\/www.meydan.tv\/wp-content\/uploads\/8325.jpg\" \/>\n\t<meta property=\"og:image:width\" content=\"401\" \/>\n\t<meta property=\"og:image:height\" content=\"300\" \/>\n\t<meta property=\"og:image:type\" content=\"image\/jpeg\" \/>\n<meta name=\"twitter:card\" content=\"summary_large_image\" \/>\n<!-- \/ Yoast SEO plugin. -->","yoast_head_json":{"title":"Q\u0259birl\u0259rl\u0259 ba\u011fl\u0131 yeni qaydalar olacaq - MEYDAN.TV","robots":{"index":"index","follow":"follow","max-snippet":"max-snippet:-1","max-image-preview":"max-image-preview:large","max-video-preview":"max-video-preview:-1"},"canonical":"https:\/\/www.meydan.tv\/az\/article\/qebirlerle-bagli-yeni-qaydalar-olacaq\/","og_locale":"az_AZ","og_type":"article","og_title":"Q\u0259birl\u0259rl\u0259 ba\u011fl\u0131 yeni qaydalar olacaq - MEYDAN.TV","og_description":"Layih\u0259d\u0259 pullu m\u0259zarl\u0131qlar m\u0259s\u0259l\u0259si yoxdu","og_url":"https:\/\/www.meydan.tv\/az\/article\/qebirlerle-bagli-yeni-qaydalar-olacaq\/","og_site_name":"MEYDAN.TV","article_published_time":"2015-04-17T18:50:54+00:00","og_image":[{"width":401,"height":300,"url":"https:\/\/www.meydan.tv\/wp-content\/uploads\/8325.jpg","type":"image\/jpeg"}],"twitter_card":"summary_large_image","schema":{"@context":"https:\/\/schema.org","@graph":[{"@type":"Article","@id":"https:\/\/www.meydan.tv\/az\/article\/qebirlerle-bagli-yeni-qaydalar-olacaq\/#article","isPartOf":{"@id":"https:\/\/www.meydan.tv\/az\/article\/qebirlerle-bagli-yeni-qaydalar-olacaq\/"},"author":{"name":"user-manager","@id":"https:\/\/www.meydan.tv\/az\/#\/schema\/person\/10d11eccf6da3662cf5fdab9806ea91a"},"headline":"Q\u0259birl\u0259rl\u0259 ba\u011fl\u0131 yeni qaydalar olacaq","datePublished":"2015-04-17T18:50:54+00:00","mainEntityOfPage":{"@id":"https:\/\/www.meydan.tv\/az\/article\/qebirlerle-bagli-yeni-qaydalar-olacaq\/"},"wordCount":238,"publisher":{"@id":"https:\/\/www.meydan.tv\/az\/#organization"},"image":{"@id":"https:\/\/www.meydan.tv\/az\/article\/qebirlerle-bagli-yeni-qaydalar-olacaq\/#primaryimage"},"thumbnailUrl":"https:\/\/www.meydan.tv\/wp-content\/uploads\/8325.jpg","articleSection":["X\u0259b\u0259rl\u0259r"],"inLanguage":"az"},{"@type":"WebPage","@id":"https:\/\/www.meydan.tv\/az\/article\/qebirlerle-bagli-yeni-qaydalar-olacaq\/","url":"https:\/\/www.meydan.tv\/az\/article\/qebirlerle-bagli-yeni-qaydalar-olacaq\/","name":"Q\u0259birl\u0259rl\u0259 ba\u011fl\u0131 yeni qaydalar olacaq - MEYDAN.TV","isPartOf":{"@id":"https:\/\/www.meydan.tv\/az\/#website"},"primaryImageOfPage":{"@id":"https:\/\/www.meydan.tv\/az\/article\/qebirlerle-bagli-yeni-qaydalar-olacaq\/#primaryimage"},"image":{"@id":"https:\/\/www.meydan.tv\/az\/article\/qebirlerle-bagli-yeni-qaydalar-olacaq\/#primaryimage"},"thumbnailUrl":"https:\/\/www.meydan.tv\/wp-content\/uploads\/8325.jpg","datePublished":"2015-04-17T18:50:54+00:00","breadcrumb":{"@id":"https:\/\/www.meydan.tv\/az\/article\/qebirlerle-bagli-yeni-qaydalar-olacaq\/#breadcrumb"},"inLanguage":"az","potentialAction":[{"@type":"ReadAction","target":["https:\/\/www.meydan.tv\/az\/article\/qebirlerle-bagli-yeni-qaydalar-olacaq\/"]}]},{"@type":"ImageObject","inLanguage":"az","@id":"https:\/\/www.meydan.tv\/az\/article\/qebirlerle-bagli-yeni-qaydalar-olacaq\/#primaryimage","url":"https:\/\/www.meydan.tv\/wp-content\/uploads\/8325.jpg","contentUrl":"https:\/\/www.meydan.tv\/wp-content\/uploads\/8325.jpg","width":401,"height":300,"caption":"Source:"},{"@type":"BreadcrumbList","@id":"https:\/\/www.meydan.tv\/az\/article\/qebirlerle-bagli-yeni-qaydalar-olacaq\/#breadcrumb","itemListElement":[{"@type":"ListItem","position":1,"name":"Ana s\u0259hif\u0259","item":"https:\/\/www.meydan.tv\/az\/"},{"@type":"ListItem","position":2,"name":"X\u0259b\u0259rl\u0259r","item":"https:\/\/www.meydan.tv\/az\/section\/xeberler\/"},{"@type":"ListItem","position":3,"name":"Q\u0259birl\u0259rl\u0259 ba\u011fl\u0131 yeni qaydalar olacaq"}]},{"@type":"WebSite","@id":"https:\/\/www.meydan.tv\/az\/#website","url":"https:\/\/www.meydan.tv\/az\/","name":"MEYDAN.TV","description":"Meydan TV Az\u0259rbaycan\u0131n media m\u0259kan\u0131ndak\u0131 alternativ s\u0259sidir","publisher":{"@id":"https:\/\/www.meydan.tv\/az\/#organization"},"potentialAction":[{"@type":"SearchAction","target":{"@type":"EntryPoint","urlTemplate":"https:\/\/www.meydan.tv\/az\/?s={search_term_string}"},"query-input":{"@type":"PropertyValueSpecification","valueRequired":true,"valueName":"search_term_string"}}],"inLanguage":"az"},{"@type":"Organization","@id":"https:\/\/www.meydan.tv\/az\/#organization","name":"Meydan TV","url":"https:\/\/www.meydan.tv\/az\/","logo":{"@type":"ImageObject","inLanguage":"az","@id":"https:\/\/www.meydan.tv\/az\/#\/schema\/logo\/image\/","url":"https:\/\/www.meydan.tv\/wp-content\/uploads\/2021\/07\/meydan-logo.svg","contentUrl":"https:\/\/www.meydan.tv\/wp-content\/uploads\/2021\/07\/meydan-logo.svg","width":195,"height":46,"caption":"Meydan TV"},"image":{"@id":"https:\/\/www.meydan.tv\/az\/#\/schema\/logo\/image\/"}},{"@type":"Person","@id":"https:\/\/www.meydan.tv\/az\/#\/schema\/person\/10d11eccf6da3662cf5fdab9806ea91a","name":"user-manager"}]}},"_links":{"self":[{"href":"https:\/\/www.meydan.tv\/az\/wp-json\/wp\/v2\/posts\/167601","targetHints":{"allow":["GET"]}}],"collection":[{"href":"https:\/\/www.meydan.tv\/az\/wp-json\/wp\/v2\/posts"}],"about":[{"href":"https:\/\/www.meydan.tv\/az\/wp-json\/wp\/v2\/types\/post"}],"author":[{"embeddable":true,"href":"https:\/\/www.meydan.tv\/az\/wp-json\/wp\/v2\/users\/11"}],"replies":[{"embeddable":true,"href":"https:\/\/www.meydan.tv\/az\/wp-json\/wp\/v2\/comments?post=167601"}],"version-history":[{"count":0,"href":"https:\/\/www.meydan.tv\/az\/wp-json\/wp\/v2\/posts\/167601\/revisions"}],"wp:featuredmedia":[{"embeddable":true,"href":"https:\/\/www.meydan.tv\/az\/wp-json\/wp\/v2\/media\/22933"}],"wp:attachment":[{"href":"https:\/\/www.meydan.tv\/az\/wp-json\/wp\/v2\/media?parent=167601"}],"wp:term":[{"taxonomy":"category","embeddable":true,"href":"https:\/\/www.meydan.tv\/az\/wp-json\/wp\/v2\/categories?post=167601"},{"taxonomy":"post_tag","embeddable":true,"href":"https:\/\/www.meydan.tv\/az\/wp-json\/wp\/v2\/tags?post=167601"}],"curies":[{"name":"wp","href":"https:\/\/api.w.org\/{rel}","templated":true}]}}