{"id":167599,"date":"2015-04-17T17:10:47","date_gmt":"2015-04-17T17:10:47","guid":{"rendered":"https:\/\/www.meydan.tv\/article\/bu-prosesler-olkenin-demokratik-inkisafini-geri-atib\/"},"modified":"2015-04-17T17:10:47","modified_gmt":"2015-04-17T17:10:47","slug":"bu-prosesler-olkenin-demokratik-inkisafini-geri-atib","status":"publish","type":"post","link":"https:\/\/www.meydan.tv\/az\/article\/bu-prosesler-olkenin-demokratik-inkisafini-geri-atib\/","title":{"rendered":"&#8220;Bu prosesl\u0259r \u00f6lk\u0259nin demokratik inki\u015faf\u0131n\u0131 geri at\u0131b&#8221;"},"content":{"rendered":"<figure class=\"wp-block-image size-large\">\n  <img decoding=\"async\" src=\"https:\/\/www.meydan.tv\/az\/22929\/\" alt=\"\" class=\"wp-image-22929\"\/><figcaption><\/figcaption><\/figure>\n<figure class=\"wp-block-image size-large\">\n  <img decoding=\"async\" src=\"https:\/\/www.meydan.tv\/az\/22929\/\" alt=\"\" class=\"wp-image-22929\"\/><figcaption><\/figcaption><\/figure>\n<p>\n  <i><br \/>\n    Beyn\u0259lxalq t\u0259\u015fkilatlar R\u0259sul C\u0259f\u0259rovun h\u0259bsini pisl\u0259yir<br \/>\n  <\/i>\n<\/p>\n<p>\n  \u201cAprelin 16-da Az\u0259rbaycan\u0131n tan\u0131nm\u0131\u015f h\u00fcquq m\u00fcdafi\u0259\u00e7isi R\u0259sul C\u0259f\u0259rovun 6 il yar\u0131m m\u00fcdd\u0259t\u0259 azadl\u0131qdan m\u0259hrum edilm\u0259si bar\u0259d\u0259 h\u00f6km bizi \u00e7ox narahat edir. Ona qar\u015f\u0131 ir\u0259li s\u00fcr\u00fcl\u0259n ittihamlar siyasi motivli olub\u201d, &#8211; AB\u015e D\u00f6vl\u0259t Departamentinin m\u0259tbuat katibi Marti Xarf bildirib.\n<\/p>\n<p>\n  \u201c\u0130nsan H\u00fcquqlar\u0131 Klubunun t\u0259sis\u00e7isi v\u0259 s\u0259dri R\u0259sul C\u0259f\u0259rov \u00f6t\u0259n ilin avqustunda v\u0259t\u0259nda\u015f c\u0259miyy\u0259ti f\u0259allar\u0131na qar\u015f\u0131 b\u00f6y\u00fck repressiya dal\u011fas\u0131 \u00e7\u0259r\u00e7iv\u0259sind\u0259 h\u0259bs olunub. Bu prosesl\u0259r \u00f6lk\u0259nin demokratik inki\u015faf\u0131n\u0131 geri at\u0131b.\n<\/p>\n<p>\n  Biz Az\u0259rbaycan h\u00f6kum\u0259tini \u00f6z beyn\u0259lxalq \u00f6hd\u0259likl\u0259rin\u0259 \u0259m\u0259l etm\u0259y\u0259 v\u0259 v\u0259t\u0259nda\u015flar\u0131n h\u00fcquqlar\u0131na h\u00f6rm\u0259tl\u0259 yana\u015fma\u011fa \u00e7a\u011f\u0131r\u0131r\u0131q.\n<\/p>\n<p>\n  Hakimiyy\u0259t bu yolda ilk add\u0131m olaraq c\u0259nab C\u0259f\u0259rovu v\u0259 \u00f6z\u00fcn\u00fcn \u0259sas h\u00fcquq v\u0259 azadl\u0131qlar\u0131n\u0131 h\u0259yata ke\u00e7irdikl\u0259rin\u0259 g\u00f6r\u0259 h\u0259bs olunan dig\u0259r \u015f\u0259xsl\u0259ri azad etm\u0259lidir. Bu, \u00f6lk\u0259d\u0259 uzunm\u00fcdd\u0259tli sabitliyi v\u0259 bizim ikit\u0259r\u0259fli m\u00fcnasib\u0259tl\u0259rimizi m\u00f6hk\u0259ml\u0259ndir\u0259r\u201d, &#8211; M.Xarf bildirib.\n<\/p>\n<p>\n  Avropa \u015euras\u0131 Parlament Assambleyas\u0131n\u0131n (A\u015ePA) s\u0259dri Ann Brassor \u00a0da h\u00fcquq m\u00fcdafi\u0259\u00e7isi R\u0259sul C\u0259f\u0259rovun 6 il yar\u0131m m\u00fcdd\u0259t\u0259 h\u0259bs c\u0259zas\u0131 almas\u0131n\u0131 pisl\u0259y\u0259n b\u0259yanatla \u00e7\u0131x\u0131\u015f edib.\n<\/p>\n<p>\n  O, Twitterd\u0259ki mikrobloqunda yaz\u0131b: \u201cAz\u0259rbaycanda h\u00fcquq m\u00fcdafi\u0259\u00e7il\u0259rin\u0259 qar\u015f\u0131 represiyalar\u0131n davam etm\u0259si v\u0259ziyy\u0259tin pisl\u0259\u015fdiyini g\u00f6st\u0259rir.\n<\/p>\n<div>\n<div><\/div>\n<\/p><\/div>\n<\/p>\n<p>\n  Az\u0259rbaycan\u0131n insan h\u00fcquqlar\u0131, h\u00fcquq sisteminin m\u00fcst\u0259qilliyi v\u0259 s\u00f6z azadl\u0131\u011f\u0131n\u0131n t\u0259minat\u0131 m\u0259s\u0259l\u0259l\u0259rinin \u00f6hd\u0259sind\u0259n g\u0259l\u0259 bilm\u0259diyini g\u00f6rm\u0259k \u00e7ox a\u011f\u0131rd\u0131r\u201d, &#8211;\u00a0 A\u015ePA s\u0259dri bildirib.<\/p>\n","protected":false},"excerpt":{"rendered":"<p>Beyn\u0259lxalq t\u0259\u015fkilatlar R\u0259sul C\u0259f\u0259rovun h\u0259bsini pisl\u0259yir<\/p>\n","protected":false},"author":11,"featured_media":22929,"comment_status":"closed","ping_status":"open","sticky":false,"template":"","format":"standard","meta":{"_acf_changed":false,"_sitemap_exclude":false,"_sitemap_priority":"","_sitemap_frequency":"","footnotes":""},"categories":[56],"tags":[],"class_list":["post-167599","post","type-post","status-publish","format-standard","has-post-thumbnail","hentry","category-xeberler","infinite-scroll-item","generate-columns","tablet-grid-50","mobile-grid-100","grid-parent","grid-33","no-featured-image-padding"],"acf":[],"yoast_head":"<!-- This site is optimized with the Yoast SEO plugin v28.4 - https:\/\/yoast.com\/product\/yoast-seo-wordpress\/ -->\n<title>&quot;Bu prosesl\u0259r \u00f6lk\u0259nin demokratik inki\u015faf\u0131n\u0131 geri at\u0131b&quot; - MEYDAN.TV<\/title>\n<meta name=\"robots\" content=\"index, follow, max-snippet:-1, max-image-preview:large, max-video-preview:-1\" \/>\n<link rel=\"canonical\" href=\"https:\/\/www.meydan.tv\/az\/article\/bu-prosesler-olkenin-demokratik-inkisafini-geri-atib\/\" \/>\n<meta property=\"og:locale\" content=\"az_AZ\" \/>\n<meta property=\"og:type\" content=\"article\" \/>\n<meta property=\"og:title\" content=\"&quot;Bu prosesl\u0259r \u00f6lk\u0259nin demokratik inki\u015faf\u0131n\u0131 geri at\u0131b&quot; - MEYDAN.TV\" \/>\n<meta property=\"og:description\" content=\"Beyn\u0259lxalq t\u0259\u015fkilatlar R\u0259sul C\u0259f\u0259rovun h\u0259bsini pisl\u0259yir\" \/>\n<meta property=\"og:url\" content=\"https:\/\/www.meydan.tv\/az\/article\/bu-prosesler-olkenin-demokratik-inkisafini-geri-atib\/\" \/>\n<meta property=\"og:site_name\" content=\"MEYDAN.TV\" \/>\n<meta property=\"article:published_time\" content=\"2015-04-17T17:10:47+00:00\" \/>\n<meta property=\"og:image\" content=\"https:\/\/www.meydan.tv\/wp-content\/uploads\/8323.jpg\" \/>\n\t<meta property=\"og:image:width\" content=\"640\" \/>\n\t<meta property=\"og:image:height\" content=\"360\" \/>\n\t<meta property=\"og:image:type\" content=\"image\/jpeg\" \/>\n<meta name=\"twitter:card\" content=\"summary_large_image\" \/>\n<!-- \/ Yoast SEO plugin. -->","yoast_head_json":{"title":"\"Bu prosesl\u0259r \u00f6lk\u0259nin demokratik inki\u015faf\u0131n\u0131 geri at\u0131b\" - MEYDAN.TV","robots":{"index":"index","follow":"follow","max-snippet":"max-snippet:-1","max-image-preview":"max-image-preview:large","max-video-preview":"max-video-preview:-1"},"canonical":"https:\/\/www.meydan.tv\/az\/article\/bu-prosesler-olkenin-demokratik-inkisafini-geri-atib\/","og_locale":"az_AZ","og_type":"article","og_title":"\"Bu prosesl\u0259r \u00f6lk\u0259nin demokratik inki\u015faf\u0131n\u0131 geri at\u0131b\" - MEYDAN.TV","og_description":"Beyn\u0259lxalq t\u0259\u015fkilatlar R\u0259sul C\u0259f\u0259rovun h\u0259bsini pisl\u0259yir","og_url":"https:\/\/www.meydan.tv\/az\/article\/bu-prosesler-olkenin-demokratik-inkisafini-geri-atib\/","og_site_name":"MEYDAN.TV","article_published_time":"2015-04-17T17:10:47+00:00","og_image":[{"width":640,"height":360,"url":"https:\/\/www.meydan.tv\/wp-content\/uploads\/8323.jpg","type":"image\/jpeg"}],"twitter_card":"summary_large_image","schema":{"@context":"https:\/\/schema.org","@graph":[{"@type":"Article","@id":"https:\/\/www.meydan.tv\/az\/article\/bu-prosesler-olkenin-demokratik-inkisafini-geri-atib\/#article","isPartOf":{"@id":"https:\/\/www.meydan.tv\/az\/article\/bu-prosesler-olkenin-demokratik-inkisafini-geri-atib\/"},"author":{"name":"user-manager","@id":"https:\/\/www.meydan.tv\/az\/#\/schema\/person\/10d11eccf6da3662cf5fdab9806ea91a"},"headline":"&#8220;Bu prosesl\u0259r \u00f6lk\u0259nin demokratik inki\u015faf\u0131n\u0131 geri at\u0131b&#8221;","datePublished":"2015-04-17T17:10:47+00:00","mainEntityOfPage":{"@id":"https:\/\/www.meydan.tv\/az\/article\/bu-prosesler-olkenin-demokratik-inkisafini-geri-atib\/"},"wordCount":355,"publisher":{"@id":"https:\/\/www.meydan.tv\/az\/#organization"},"image":{"@id":"https:\/\/www.meydan.tv\/az\/article\/bu-prosesler-olkenin-demokratik-inkisafini-geri-atib\/#primaryimage"},"thumbnailUrl":"https:\/\/www.meydan.tv\/wp-content\/uploads\/8323.jpg","articleSection":["X\u0259b\u0259rl\u0259r"],"inLanguage":"az"},{"@type":"WebPage","@id":"https:\/\/www.meydan.tv\/az\/article\/bu-prosesler-olkenin-demokratik-inkisafini-geri-atib\/","url":"https:\/\/www.meydan.tv\/az\/article\/bu-prosesler-olkenin-demokratik-inkisafini-geri-atib\/","name":"\"Bu prosesl\u0259r \u00f6lk\u0259nin demokratik inki\u015faf\u0131n\u0131 geri at\u0131b\" - MEYDAN.TV","isPartOf":{"@id":"https:\/\/www.meydan.tv\/az\/#website"},"primaryImageOfPage":{"@id":"https:\/\/www.meydan.tv\/az\/article\/bu-prosesler-olkenin-demokratik-inkisafini-geri-atib\/#primaryimage"},"image":{"@id":"https:\/\/www.meydan.tv\/az\/article\/bu-prosesler-olkenin-demokratik-inkisafini-geri-atib\/#primaryimage"},"thumbnailUrl":"https:\/\/www.meydan.tv\/wp-content\/uploads\/8323.jpg","datePublished":"2015-04-17T17:10:47+00:00","breadcrumb":{"@id":"https:\/\/www.meydan.tv\/az\/article\/bu-prosesler-olkenin-demokratik-inkisafini-geri-atib\/#breadcrumb"},"inLanguage":"az","potentialAction":[{"@type":"ReadAction","target":["https:\/\/www.meydan.tv\/az\/article\/bu-prosesler-olkenin-demokratik-inkisafini-geri-atib\/"]}]},{"@type":"ImageObject","inLanguage":"az","@id":"https:\/\/www.meydan.tv\/az\/article\/bu-prosesler-olkenin-demokratik-inkisafini-geri-atib\/#primaryimage","url":"https:\/\/www.meydan.tv\/wp-content\/uploads\/8323.jpg","contentUrl":"https:\/\/www.meydan.tv\/wp-content\/uploads\/8323.jpg","width":640,"height":360,"caption":"Source:"},{"@type":"BreadcrumbList","@id":"https:\/\/www.meydan.tv\/az\/article\/bu-prosesler-olkenin-demokratik-inkisafini-geri-atib\/#breadcrumb","itemListElement":[{"@type":"ListItem","position":1,"name":"Ana s\u0259hif\u0259","item":"https:\/\/www.meydan.tv\/az\/"},{"@type":"ListItem","position":2,"name":"X\u0259b\u0259rl\u0259r","item":"https:\/\/www.meydan.tv\/az\/section\/xeberler\/"},{"@type":"ListItem","position":3,"name":"&#8220;Bu prosesl\u0259r \u00f6lk\u0259nin demokratik inki\u015faf\u0131n\u0131 geri at\u0131b&#8221;"}]},{"@type":"WebSite","@id":"https:\/\/www.meydan.tv\/az\/#website","url":"https:\/\/www.meydan.tv\/az\/","name":"MEYDAN.TV","description":"Meydan TV Az\u0259rbaycan\u0131n media m\u0259kan\u0131ndak\u0131 alternativ s\u0259sidir","publisher":{"@id":"https:\/\/www.meydan.tv\/az\/#organization"},"potentialAction":[{"@type":"SearchAction","target":{"@type":"EntryPoint","urlTemplate":"https:\/\/www.meydan.tv\/az\/?s={search_term_string}"},"query-input":{"@type":"PropertyValueSpecification","valueRequired":true,"valueName":"search_term_string"}}],"inLanguage":"az"},{"@type":"Organization","@id":"https:\/\/www.meydan.tv\/az\/#organization","name":"Meydan TV","url":"https:\/\/www.meydan.tv\/az\/","logo":{"@type":"ImageObject","inLanguage":"az","@id":"https:\/\/www.meydan.tv\/az\/#\/schema\/logo\/image\/","url":"https:\/\/www.meydan.tv\/wp-content\/uploads\/2021\/07\/meydan-logo.svg","contentUrl":"https:\/\/www.meydan.tv\/wp-content\/uploads\/2021\/07\/meydan-logo.svg","width":195,"height":46,"caption":"Meydan TV"},"image":{"@id":"https:\/\/www.meydan.tv\/az\/#\/schema\/logo\/image\/"}},{"@type":"Person","@id":"https:\/\/www.meydan.tv\/az\/#\/schema\/person\/10d11eccf6da3662cf5fdab9806ea91a","name":"user-manager"}]}},"_links":{"self":[{"href":"https:\/\/www.meydan.tv\/az\/wp-json\/wp\/v2\/posts\/167599","targetHints":{"allow":["GET"]}}],"collection":[{"href":"https:\/\/www.meydan.tv\/az\/wp-json\/wp\/v2\/posts"}],"about":[{"href":"https:\/\/www.meydan.tv\/az\/wp-json\/wp\/v2\/types\/post"}],"author":[{"embeddable":true,"href":"https:\/\/www.meydan.tv\/az\/wp-json\/wp\/v2\/users\/11"}],"replies":[{"embeddable":true,"href":"https:\/\/www.meydan.tv\/az\/wp-json\/wp\/v2\/comments?post=167599"}],"version-history":[{"count":0,"href":"https:\/\/www.meydan.tv\/az\/wp-json\/wp\/v2\/posts\/167599\/revisions"}],"wp:featuredmedia":[{"embeddable":true,"href":"https:\/\/www.meydan.tv\/az\/wp-json\/wp\/v2\/media\/22929"}],"wp:attachment":[{"href":"https:\/\/www.meydan.tv\/az\/wp-json\/wp\/v2\/media?parent=167599"}],"wp:term":[{"taxonomy":"category","embeddable":true,"href":"https:\/\/www.meydan.tv\/az\/wp-json\/wp\/v2\/categories?post=167599"},{"taxonomy":"post_tag","embeddable":true,"href":"https:\/\/www.meydan.tv\/az\/wp-json\/wp\/v2\/tags?post=167599"}],"curies":[{"name":"wp","href":"https:\/\/api.w.org\/{rel}","templated":true}]}}