{"id":167597,"date":"2015-04-17T16:46:09","date_gmt":"2015-04-17T16:46:09","guid":{"rendered":"https:\/\/www.meydan.tv\/article\/gipa-da-azerbaycanli-ve-ermeni-telebeler-arasinda-insident-yasanib-yenilenib\/"},"modified":"2015-04-17T16:46:09","modified_gmt":"2015-04-17T16:46:09","slug":"gipa-da-azerbaycanli-ve-ermeni-telebeler-arasinda-insident-yasanib-yenilenib","status":"publish","type":"post","link":"https:\/\/www.meydan.tv\/az\/article\/gipa-da-azerbaycanli-ve-ermeni-telebeler-arasinda-insident-yasanib-yenilenib\/","title":{"rendered":"G\u0130PA-da az\u0259rbaycanl\u0131 v\u0259 erm\u0259ni t\u0259l\u0259b\u0259l\u0259r aras\u0131nda insident ya\u015fan\u0131b (Yenil\u0259nib)"},"content":{"rendered":"<figure class=\"wp-block-image size-large\">\n  <img decoding=\"async\" src=\"https:\/\/www.meydan.tv\/az\/22923\/\" alt=\"\" class=\"wp-image-22923\"\/><figcaption><\/figcaption><\/figure>\n<figure class=\"wp-block-image size-large\">\n  <img decoding=\"async\" src=\"https:\/\/www.meydan.tv\/az\/22923\/\" alt=\"\" class=\"wp-image-22923\"\/><figcaption><\/figcaption><\/figure>\n<p><div>\n    Erm\u0259ni t\u0259l\u0259b\u0259l\u0259r d\u0259rs\u0259 &#8220;erm\u0259ni soyq\u0131r\u0131m\u0131&#8221;n\u0131 t\u0259bli\u011f ed\u0259n paltarlarda g\u0259libl\u0259r\n  <\/div>\n<\/p>\n<p>\n  Aprelin 17-d\u0259 Tbilisid\u0259 G\u00fcrc\u00fcstan \u0130ctimai \u0130\u015fl\u0259r \u0130nstitutunda (G\u0130PA) erm\u0259ni v\u0259 az\u0259rbaycanl\u0131 t\u0259l\u0259b\u0259l\u0259r aras\u0131nda naraz\u0131l\u0131q ya\u015fan\u0131b. Bu bar\u0259d\u0259 m\u0259lumat\u0131 haz\u0131rda Tbilisid\u0259 ya\u015fayan jurnalist \u018ffqan Muxtarl\u0131 \u00f6z facebook s\u0259hif\u0259sind\u0259 yay\u0131b. Onun s\u00f6zl\u0259rin\u0259 g\u00f6r\u0259, G\u0130PA-da oxuyan erm\u0259nil\u0259r d\u0259rs\u0259 &#8220;erm\u0259ni soyq\u0131r\u0131m\u0131&#8221;n\u0131 t\u0259bli\u011f ed\u0259n paltarlarda g\u0259libl\u0259r. Az\u0259rbaycanl\u0131 t\u0259l\u0259b\u0259l\u0259r is\u0259 d\u0259rs\u0259 girm\u0259kd\u0259n imtina edibl\u0259r. Xeyli g\u0259rginlik ya\u015fan\u0131b: &#8220;V\u0259 bu g\u0259rginlik 1 il davam ed\u0259c\u0259yi \u015f\u00fcbh\u0259sizdir. C\u00fcnki bu g\u0259ncl\u0259r 1 il bir yerd\u0259 oxumal\u0131d\u0131rlar v\u0259 onlar\u0131n aras\u0131nda hans\u0131sa s\u0259mimi m\u00fcnasib\u0259tl\u0259rin yaranaca\u011f\u0131 na\u011f\u0131l s\u00f6hb\u0259tdir&#8221;.\n<\/p>\n<p><div>\n    Fakt\u0131 Meydan TV-y\u0259 G\u0130PA-da t\u0259hsil alan az\u0259rbaycanl\u0131 t\u0259l\u0259b\u0259l\u0259r d\u0259 t\u0259sdiql\u0259yibl\u0259r. Onlar\u0131n s\u00f6zl\u0259rin\u0259 g\u00f6r\u0259, m\u0259s\u0259l\u0259 il\u0259 ba\u011fl\u0131 institut r\u0259hb\u0259rliyin\u0259 \u015fikay\u0259t edilib, t\u0259l\u0259b\u0259l\u0259rin G\u0130PA-da t\u0259hsil almas\u0131na \u015f\u0259rait yaradan AB\u015e-\u0131n Az\u0259rbaycandak\u0131 s\u0259firliyin\u0259 m\u0259lumat verilib. Ancaq h\u0259l\u0259lik he\u00e7 bir \u00f6l\u00e7\u00fc g\u00f6t\u00fcr\u00fclm\u0259yib: &#8220;Erm\u0259ni t\u0259l\u0259b\u0259l\u0259r h\u0259l\u0259 d\u0259 h\u0259min k\u00f6yn\u0259kd\u0259 g\u0259zirl\u0259r. Ona g\u00f6r\u0259 d\u0259 biz d\u0259rs\u0259 girmirik&#8221;.\n  <\/div>\n<\/p>\n<p><div><\/div>\n<\/p>\n<p><div>\n    Amerika s\u0259firliyinin m\u0259tbuat xidm\u0259tind\u0259n sor\u011fumuza bildiribl\u0259r ki, olaydan x\u0259b\u0259rdard\u0131rlar: &#8220;Biz bel\u0259 ba\u015fa d\u00fc\u015f\u00fcr\u00fck ki, institutun r\u0259hb\u0259rliyi m\u0259s\u0259l\u0259ni y\u00fcks\u0259k pe\u015f\u0259kar s\u0259viyy\u0259d\u0259 h\u0259ll edib&#8221;.\n  <\/div>\n<\/p>\n<p><div>\n    H\u0259l\u0259lik institut r\u0259hb\u0259rliyi hadis\u0259 il\u0259 ba\u011fl\u0131 a\u00e7\u0131qlama verm\u0259yib.\n  <\/div><\/p>\n","protected":false},"excerpt":{"rendered":"<p>Erm\u0259ni t\u0259l\u0259b\u0259l\u0259r d\u0259rs\u0259 &#8220;erm\u0259ni soyq\u0131r\u0131m\u0131&#8221;n\u0131 t\u0259bli\u011f ed\u0259n paltarlarda g\u0259libl\u0259r<\/p>\n","protected":false},"author":11,"featured_media":22923,"comment_status":"closed","ping_status":"open","sticky":false,"template":"","format":"standard","meta":{"_acf_changed":false,"_sitemap_exclude":false,"_sitemap_priority":"","_sitemap_frequency":"","footnotes":""},"categories":[56],"tags":[],"class_list":["post-167597","post","type-post","status-publish","format-standard","has-post-thumbnail","hentry","category-xeberler","infinite-scroll-item","generate-columns","tablet-grid-50","mobile-grid-100","grid-parent","grid-33","no-featured-image-padding"],"acf":[],"yoast_head":"<!-- This site is optimized with the Yoast SEO plugin v28.4 - https:\/\/yoast.com\/product\/yoast-seo-wordpress\/ -->\n<title>G\u0130PA-da az\u0259rbaycanl\u0131 v\u0259 erm\u0259ni t\u0259l\u0259b\u0259l\u0259r aras\u0131nda insident ya\u015fan\u0131b (Yenil\u0259nib) - MEYDAN.TV<\/title>\n<meta name=\"robots\" content=\"index, follow, max-snippet:-1, max-image-preview:large, max-video-preview:-1\" \/>\n<link rel=\"canonical\" href=\"https:\/\/www.meydan.tv\/az\/article\/gipa-da-azerbaycanli-ve-ermeni-telebeler-arasinda-insident-yasanib-yenilenib\/\" \/>\n<meta property=\"og:locale\" content=\"az_AZ\" \/>\n<meta property=\"og:type\" content=\"article\" \/>\n<meta property=\"og:title\" content=\"G\u0130PA-da az\u0259rbaycanl\u0131 v\u0259 erm\u0259ni t\u0259l\u0259b\u0259l\u0259r aras\u0131nda insident ya\u015fan\u0131b (Yenil\u0259nib) - MEYDAN.TV\" \/>\n<meta property=\"og:description\" content=\"Erm\u0259ni t\u0259l\u0259b\u0259l\u0259r d\u0259rs\u0259 &quot;erm\u0259ni soyq\u0131r\u0131m\u0131&quot;n\u0131 t\u0259bli\u011f ed\u0259n paltarlarda g\u0259libl\u0259r\" \/>\n<meta property=\"og:url\" content=\"https:\/\/www.meydan.tv\/az\/article\/gipa-da-azerbaycanli-ve-ermeni-telebeler-arasinda-insident-yasanib-yenilenib\/\" \/>\n<meta property=\"og:site_name\" content=\"MEYDAN.TV\" \/>\n<meta property=\"article:published_time\" content=\"2015-04-17T16:46:09+00:00\" \/>\n<meta property=\"og:image\" content=\"https:\/\/www.meydan.tv\/wp-content\/uploads\/8321.jpg\" \/>\n\t<meta property=\"og:image:width\" content=\"450\" \/>\n\t<meta property=\"og:image:height\" content=\"338\" \/>\n\t<meta property=\"og:image:type\" content=\"image\/jpeg\" \/>\n<meta name=\"twitter:card\" content=\"summary_large_image\" \/>\n<!-- \/ Yoast SEO plugin. -->","yoast_head_json":{"title":"G\u0130PA-da az\u0259rbaycanl\u0131 v\u0259 erm\u0259ni t\u0259l\u0259b\u0259l\u0259r aras\u0131nda insident ya\u015fan\u0131b (Yenil\u0259nib) - MEYDAN.TV","robots":{"index":"index","follow":"follow","max-snippet":"max-snippet:-1","max-image-preview":"max-image-preview:large","max-video-preview":"max-video-preview:-1"},"canonical":"https:\/\/www.meydan.tv\/az\/article\/gipa-da-azerbaycanli-ve-ermeni-telebeler-arasinda-insident-yasanib-yenilenib\/","og_locale":"az_AZ","og_type":"article","og_title":"G\u0130PA-da az\u0259rbaycanl\u0131 v\u0259 erm\u0259ni t\u0259l\u0259b\u0259l\u0259r aras\u0131nda insident ya\u015fan\u0131b (Yenil\u0259nib) - MEYDAN.TV","og_description":"Erm\u0259ni t\u0259l\u0259b\u0259l\u0259r d\u0259rs\u0259 \"erm\u0259ni soyq\u0131r\u0131m\u0131\"n\u0131 t\u0259bli\u011f ed\u0259n paltarlarda g\u0259libl\u0259r","og_url":"https:\/\/www.meydan.tv\/az\/article\/gipa-da-azerbaycanli-ve-ermeni-telebeler-arasinda-insident-yasanib-yenilenib\/","og_site_name":"MEYDAN.TV","article_published_time":"2015-04-17T16:46:09+00:00","og_image":[{"width":450,"height":338,"url":"https:\/\/www.meydan.tv\/wp-content\/uploads\/8321.jpg","type":"image\/jpeg"}],"twitter_card":"summary_large_image","schema":{"@context":"https:\/\/schema.org","@graph":[{"@type":"Article","@id":"https:\/\/www.meydan.tv\/az\/article\/gipa-da-azerbaycanli-ve-ermeni-telebeler-arasinda-insident-yasanib-yenilenib\/#article","isPartOf":{"@id":"https:\/\/www.meydan.tv\/az\/article\/gipa-da-azerbaycanli-ve-ermeni-telebeler-arasinda-insident-yasanib-yenilenib\/"},"author":{"name":"user-manager","@id":"https:\/\/www.meydan.tv\/az\/#\/schema\/person\/10d11eccf6da3662cf5fdab9806ea91a"},"headline":"G\u0130PA-da az\u0259rbaycanl\u0131 v\u0259 erm\u0259ni t\u0259l\u0259b\u0259l\u0259r aras\u0131nda insident ya\u015fan\u0131b (Yenil\u0259nib)","datePublished":"2015-04-17T16:46:09+00:00","mainEntityOfPage":{"@id":"https:\/\/www.meydan.tv\/az\/article\/gipa-da-azerbaycanli-ve-ermeni-telebeler-arasinda-insident-yasanib-yenilenib\/"},"wordCount":346,"publisher":{"@id":"https:\/\/www.meydan.tv\/az\/#organization"},"image":{"@id":"https:\/\/www.meydan.tv\/az\/article\/gipa-da-azerbaycanli-ve-ermeni-telebeler-arasinda-insident-yasanib-yenilenib\/#primaryimage"},"thumbnailUrl":"https:\/\/www.meydan.tv\/wp-content\/uploads\/8321.jpg","articleSection":["X\u0259b\u0259rl\u0259r"],"inLanguage":"az"},{"@type":"WebPage","@id":"https:\/\/www.meydan.tv\/az\/article\/gipa-da-azerbaycanli-ve-ermeni-telebeler-arasinda-insident-yasanib-yenilenib\/","url":"https:\/\/www.meydan.tv\/az\/article\/gipa-da-azerbaycanli-ve-ermeni-telebeler-arasinda-insident-yasanib-yenilenib\/","name":"G\u0130PA-da az\u0259rbaycanl\u0131 v\u0259 erm\u0259ni t\u0259l\u0259b\u0259l\u0259r aras\u0131nda insident ya\u015fan\u0131b (Yenil\u0259nib) - MEYDAN.TV","isPartOf":{"@id":"https:\/\/www.meydan.tv\/az\/#website"},"primaryImageOfPage":{"@id":"https:\/\/www.meydan.tv\/az\/article\/gipa-da-azerbaycanli-ve-ermeni-telebeler-arasinda-insident-yasanib-yenilenib\/#primaryimage"},"image":{"@id":"https:\/\/www.meydan.tv\/az\/article\/gipa-da-azerbaycanli-ve-ermeni-telebeler-arasinda-insident-yasanib-yenilenib\/#primaryimage"},"thumbnailUrl":"https:\/\/www.meydan.tv\/wp-content\/uploads\/8321.jpg","datePublished":"2015-04-17T16:46:09+00:00","breadcrumb":{"@id":"https:\/\/www.meydan.tv\/az\/article\/gipa-da-azerbaycanli-ve-ermeni-telebeler-arasinda-insident-yasanib-yenilenib\/#breadcrumb"},"inLanguage":"az","potentialAction":[{"@type":"ReadAction","target":["https:\/\/www.meydan.tv\/az\/article\/gipa-da-azerbaycanli-ve-ermeni-telebeler-arasinda-insident-yasanib-yenilenib\/"]}]},{"@type":"ImageObject","inLanguage":"az","@id":"https:\/\/www.meydan.tv\/az\/article\/gipa-da-azerbaycanli-ve-ermeni-telebeler-arasinda-insident-yasanib-yenilenib\/#primaryimage","url":"https:\/\/www.meydan.tv\/wp-content\/uploads\/8321.jpg","contentUrl":"https:\/\/www.meydan.tv\/wp-content\/uploads\/8321.jpg","width":450,"height":338,"caption":"Source:"},{"@type":"BreadcrumbList","@id":"https:\/\/www.meydan.tv\/az\/article\/gipa-da-azerbaycanli-ve-ermeni-telebeler-arasinda-insident-yasanib-yenilenib\/#breadcrumb","itemListElement":[{"@type":"ListItem","position":1,"name":"Ana s\u0259hif\u0259","item":"https:\/\/www.meydan.tv\/az\/"},{"@type":"ListItem","position":2,"name":"X\u0259b\u0259rl\u0259r","item":"https:\/\/www.meydan.tv\/az\/section\/xeberler\/"},{"@type":"ListItem","position":3,"name":"G\u0130PA-da az\u0259rbaycanl\u0131 v\u0259 erm\u0259ni t\u0259l\u0259b\u0259l\u0259r aras\u0131nda insident ya\u015fan\u0131b (Yenil\u0259nib)"}]},{"@type":"WebSite","@id":"https:\/\/www.meydan.tv\/az\/#website","url":"https:\/\/www.meydan.tv\/az\/","name":"MEYDAN.TV","description":"Meydan TV Az\u0259rbaycan\u0131n media m\u0259kan\u0131ndak\u0131 alternativ s\u0259sidir","publisher":{"@id":"https:\/\/www.meydan.tv\/az\/#organization"},"potentialAction":[{"@type":"SearchAction","target":{"@type":"EntryPoint","urlTemplate":"https:\/\/www.meydan.tv\/az\/?s={search_term_string}"},"query-input":{"@type":"PropertyValueSpecification","valueRequired":true,"valueName":"search_term_string"}}],"inLanguage":"az"},{"@type":"Organization","@id":"https:\/\/www.meydan.tv\/az\/#organization","name":"Meydan TV","url":"https:\/\/www.meydan.tv\/az\/","logo":{"@type":"ImageObject","inLanguage":"az","@id":"https:\/\/www.meydan.tv\/az\/#\/schema\/logo\/image\/","url":"https:\/\/www.meydan.tv\/wp-content\/uploads\/2021\/07\/meydan-logo.svg","contentUrl":"https:\/\/www.meydan.tv\/wp-content\/uploads\/2021\/07\/meydan-logo.svg","width":195,"height":46,"caption":"Meydan TV"},"image":{"@id":"https:\/\/www.meydan.tv\/az\/#\/schema\/logo\/image\/"}},{"@type":"Person","@id":"https:\/\/www.meydan.tv\/az\/#\/schema\/person\/10d11eccf6da3662cf5fdab9806ea91a","name":"user-manager"}]}},"_links":{"self":[{"href":"https:\/\/www.meydan.tv\/az\/wp-json\/wp\/v2\/posts\/167597","targetHints":{"allow":["GET"]}}],"collection":[{"href":"https:\/\/www.meydan.tv\/az\/wp-json\/wp\/v2\/posts"}],"about":[{"href":"https:\/\/www.meydan.tv\/az\/wp-json\/wp\/v2\/types\/post"}],"author":[{"embeddable":true,"href":"https:\/\/www.meydan.tv\/az\/wp-json\/wp\/v2\/users\/11"}],"replies":[{"embeddable":true,"href":"https:\/\/www.meydan.tv\/az\/wp-json\/wp\/v2\/comments?post=167597"}],"version-history":[{"count":0,"href":"https:\/\/www.meydan.tv\/az\/wp-json\/wp\/v2\/posts\/167597\/revisions"}],"wp:featuredmedia":[{"embeddable":true,"href":"https:\/\/www.meydan.tv\/az\/wp-json\/wp\/v2\/media\/22923"}],"wp:attachment":[{"href":"https:\/\/www.meydan.tv\/az\/wp-json\/wp\/v2\/media?parent=167597"}],"wp:term":[{"taxonomy":"category","embeddable":true,"href":"https:\/\/www.meydan.tv\/az\/wp-json\/wp\/v2\/categories?post=167597"},{"taxonomy":"post_tag","embeddable":true,"href":"https:\/\/www.meydan.tv\/az\/wp-json\/wp\/v2\/tags?post=167597"}],"curies":[{"name":"wp","href":"https:\/\/api.w.org\/{rel}","templated":true}]}}