{"id":167594,"date":"2015-04-17T13:01:21","date_gmt":"2015-04-17T13:01:21","guid":{"rendered":"https:\/\/www.meydan.tv\/article\/human-rights-watch-hakimiyyet-derhal-ceferovu-azad-etmelidir\/"},"modified":"2015-04-17T13:01:21","modified_gmt":"2015-04-17T13:01:21","slug":"human-rights-watch-hakimiyyet-derhal-ceferovu-azad-etmelidir","status":"publish","type":"post","link":"https:\/\/www.meydan.tv\/az\/article\/human-rights-watch-hakimiyyet-derhal-ceferovu-azad-etmelidir\/","title":{"rendered":"Human Rights Watch: &#8220;Hakimiyy\u0259t d\u0259rhal C\u0259f\u0259rovu azad etm\u0259lidir&#8221;"},"content":{"rendered":"<figure class=\"wp-block-image size-large\">\n  <img decoding=\"async\" src=\"https:\/\/www.meydan.tv\/az\/22902\/\" alt=\"\" class=\"wp-image-22902\"\/><figcaption><\/figcaption><\/figure>\n<figure class=\"wp-block-image size-large\">\n  <img decoding=\"async\" src=\"https:\/\/www.meydan.tv\/az\/22902\/\" alt=\"\" class=\"wp-image-22902\"\/><figcaption><\/figcaption><\/figure>\n<p>\n  <i><br \/>\n    &#8220;C\u0259f\u0259rov Az\u0259rbaycanda siyasi motivli t\u0259qibl\u0259rin \u0259n n\u00fcfuzlu v\u0259 a\u00e7\u0131q t\u0259nqid\u00e7isi idi, indi is\u0259 \u00f6z\u00fc bu t\u0259qibin qurban\u0131na \u00e7evrildi&#8221;<br \/>\n  <\/i>\n<\/p>\n<p>\n  Human Rights Watch beyn\u0259lxalq h\u00fcquq-m\u00fcdafi\u0259 t\u0259\u015fkilat\u0131 ictimai f\u0259al R\u0259sul C\u0259f\u0259rovun 6 il yar\u0131m h\u0259bs c\u0259zas\u0131 almas\u0131n\u0131 pisl\u0259y\u0259n b\u0259yanat yay\u0131b.\n<\/p>\n<p><div>\n    Aprelin 16-da m\u0259hk\u0259m\u0259 R\u0259sul C\u0259f\u0259rovu qanunsuz sahibkarl\u0131q, vergi \u00f6d\u0259ni\u015find\u0259n yay\u0131nma, v\u0259zif\u0259 s\u0259lahiyy\u0259tind\u0259n sui-istifad\u0259, m\u0259nims\u0259m\u0259 v\u0259 saxtakarl\u0131qda t\u0259qsirli bil\u0259r\u0259k bar\u0259sind\u0259 h\u00f6km \u00e7\u0131xar\u0131b.\n  <\/div>\n<\/p>\n<p><div><\/div>\n<\/p>\n<p><div>\n    Human Rights Watch bildirir ki, bu h\u00f6km h\u00f6kum\u0259tin m\u00fcst\u0259qil s\u0259sl\u0259r\u0259 amans\u0131z t\u0259zyiqinin g\u00f6st\u0259ricisidir. \u201cHakimiyy\u0259t d\u0259rhal C\u0259f\u0259rovu azad etm\u0259li v\u0259 ona qar\u015f\u0131 siyasi motivli h\u00f6km\u00fc l\u0259\u011fv etm\u0259lidir. Hakimiyy\u0259t h\u0259m\u00e7inin \u00f6lk\u0259d\u0259 insan haqlar\u0131 icmas\u0131n\u0131n t\u0259qibini dayand\u0131rmal\u0131 v\u0259 insan haqlar\u0131 qruplar\u0131n\u0131n azad h\u0259r\u0259k\u0259tin\u0259 imkan verm\u0259lidir\u201d.\n  <\/div>\n<\/p>\n<p><div><\/div>\n<\/p>\n<p><div>\n    \u201cR\u0259sul C\u0259f\u0259rova qar\u015f\u0131 m\u0259hk\u0259m\u0259 h\u00f6km\u00fc d\u0259h\u015f\u0259tli \u0259dal\u0259tsizlik h\u0259r\u0259k\u0259tidir,\u201d Human Rights Watch-un C\u0259nubi Qafqaz \u00fczr\u0259 t\u0259dqiqat\u00e7\u0131s\u0131 Giorgi Gogia deyib. \u201cC\u0259f\u0259rov Az\u0259rbaycanda siyasi motivli t\u0259qibl\u0259rin \u0259n n\u00fcfuzlu v\u0259 a\u00e7\u0131q t\u0259nqid\u00e7isi idi, indi is\u0259 \u00f6z\u00fc bu t\u0259qibin qurban\u0131na \u00e7evrildi. \u015e\u00fcbh\u0259 yoxdur ki, C\u0259f\u0259rova qar\u015f\u0131 h\u00f6km h\u00f6kum\u0259tin \u00f6lk\u0259d\u0259 t\u0259nqidi s\u0259sl\u0259rin k\u00f6k\u00fcn\u00fc k\u0259sm\u0259k c\u0259hdl\u0259rinin bir hiss\u0259sidir\u201d.\n  <\/div>\n<\/p>\n<p><div><\/div>\n<\/p>\n<p><div>\n    Beyn\u0259lxalq h\u00fcquq-m\u00fcdafi\u0259 t\u0259\u015fkilat\u0131 &#8220;Amnesty International&#8221; R\u0259sul C\u0259f\u0259rovu &#8220;vicdan m\u0259hbusu&#8221; kimi tan\u0131y\u0131b.\n  <\/div>\n<\/p>\n<figure class=\"wp-block-image size-large\">\n  <img decoding=\"async\" src=\"https:\/\/www.meydan.tv\/az\/22905\/\" alt=\"\" class=\"wp-image-22905\"\/><figcaption><\/figcaption><\/figure>\n<p><div><\/div>\n<\/p>\n<div>\n<div>\n      AT\u018fT-in m\u0259tbuat azadl\u0131\u011f\u0131 \u00fczr\u0259 x\u00fcsusi n\u00fcmay\u0259nd\u0259si Dunya Miyatovi\u00e7 d\u0259 R\u0259sul C\u0259f\u0259rov bar\u0259sind\u0259ki h\u00f6km\u00fc pisl\u0259yib. Bu bar\u0259d\u0259 \u201cAzadl\u0131q\u201d radiosu m\u0259lumat yay\u0131b.\n    <\/div>\n<div>\n      \u201cR\u0259sul C\u0259f\u0259rov bar\u0259sind\u0259 veril\u0259n \u0259dal\u0259tsiz h\u00f6km Az\u0259rbaycan h\u0259bsxanalar\u0131nda \u0259sass\u0131z saxlan\u0131lan jurnalistl\u0259rin v\u0259 h\u00fcquq m\u00fcdafi\u0259\u00e7il\u0259rinin say\u0131n\u0131 art\u0131r\u0131r\u201d, &#8211; dey\u0259 Miyatovi\u00e7in b\u0259yanat\u0131nda bildirilir.\n    <\/div>\n<div>\n      AT\u018fT t\u0259msil\u00e7isi vur\u011fulay\u0131b ki, Az\u0259rbaycanda fundamental insan haqlar\u0131 v\u0259 t\u0259nqidi s\u0259sl\u0259r sistemli v\u0259 geni\u015f \u015f\u0259kild\u0259 pozulur: \u201cYax\u0131n g\u0259l\u0259c\u0259kd\u0259 m\u0259n bizi narahat ed\u0259n bu m\u0259s\u0259l\u0259l\u0259rin h\u0259lli m\u0259qs\u0259dil\u0259 Bak\u0131ya s\u0259f\u0259r etm\u0259k niyy\u0259tind\u0259y\u0259m. T\u0259\u0259ss\u00fcf ki, d\u00f6vl\u0259t orqanlar\u0131 onlarla g\u00f6r\u00fc\u015fl\u0259r zaman\u0131 etdiyim \u00e7oxsayl\u0131 m\u00fcraci\u0259tl\u0259r\u0259 m\u0259h\u0259l qoymay\u0131blar. Buna baxmayaraq, Az\u0259rbaycanla konstruktiv dialoq axtar\u0131\u015f\u0131n\u0131 davam etdirm\u0259liy\u0259m\u201d.\n    <\/div>\n<\/p><\/div>\n<\/p>\n<p><div><\/div>\n<\/p>\n<div>\n<div>\n      AT\u018fT Parlament Assambleyas\u0131n\u0131n demokratiya, insan haqlar\u0131 v\u0259 humanitar m\u0259s\u0259l\u0259l\u0259r komit\u0259sinin s\u0259dri, Avropa Parlamentinin Portuqaliyadan olan \u00fczv\u00fc Izabel Santos R\u0259sul C\u0259f\u0259rovun uzunm\u00fcdd\u0259tli h\u0259bs c\u0259zas\u0131na m\u0259hkum edilm\u0259sin\u0259 dair h\u00f6km\u00fc pisl\u0259yib. O, eyni zamanda, R\u0259sul C\u0259f\u0259rovun \u201cvicdan m\u0259hbusu\u201d kimi tan\u0131nmas\u0131 \u00fc\u00e7\u00fcn beyn\u0259lxalq ictimaiyy\u0259t\u0259 \u00e7a\u011f\u0131r\u0131\u015f edib.\n    <\/div>\n<div>\n      \u201cAz\u0259rbaycanda \u00f6t\u0259n il hakimiyy\u0259tin tan\u0131nm\u0131\u015f h\u00fcquq m\u00fcdafi\u0259\u00e7il\u0259rin\u0259, v\u0259t\u0259nda\u015f c\u0259miyy\u0259ti f\u0259allar\u0131na qar\u015f\u0131 ard\u0131c\u0131l h\u00fccumlar\u0131yla yadda qald\u0131. R\u0259sul C\u0259f\u0259rov uzun m\u00fcdd\u0259tdir hakimiyy\u0259tin h\u0259d\u0259find\u0259 idi v\u0259 bug\u00fcnk\u00fc h\u00f6km d\u0259 saxta ittihamlar, maliyy\u0259 t\u0259zyiql\u0259ri, \u00f6lk\u0259d\u0259n \u00e7\u0131x\u0131\u015fa qoyulan m\u0259hdudiyy\u0259tl\u0259rl\u0259 m\u00fc\u015fayi\u0259t olunan t\u0259qibl\u0259rin n\u0259tic\u0259si idi.\n    <\/div>\n<div>\n      O, a\u00e7\u0131q-a\u015fkar vicdan m\u0259hbusudur v\u0259 bunu etiraf etm\u0259yin zaman\u0131d\u0131r&#8221;, &#8211; dey\u0259 Izabel Santos bildirib.\n    <\/div>\n<\/p><\/div><\/p>\n","protected":false},"excerpt":{"rendered":"<p>&#8220;C\u0259f\u0259rov Az\u0259rbaycanda siyasi motivli t\u0259qibl\u0259rin \u0259n n\u00fcfuzlu v\u0259 a\u00e7\u0131q t\u0259nqid\u00e7isi idi, indi is\u0259 \u00f6z\u00fc bu t\u0259qibin qurban\u0131na \u00e7evrildi&#8221;<\/p>\n","protected":false},"author":11,"featured_media":22902,"comment_status":"closed","ping_status":"open","sticky":false,"template":"","format":"standard","meta":{"_acf_changed":false,"_sitemap_exclude":false,"_sitemap_priority":"","_sitemap_frequency":"","footnotes":""},"categories":[56],"tags":[],"class_list":["post-167594","post","type-post","status-publish","format-standard","has-post-thumbnail","hentry","category-xeberler","infinite-scroll-item","generate-columns","tablet-grid-50","mobile-grid-100","grid-parent","grid-33","no-featured-image-padding"],"acf":[],"yoast_head":"<!-- This site is optimized with the Yoast SEO plugin v28.4 - https:\/\/yoast.com\/product\/yoast-seo-wordpress\/ -->\n<title>Human Rights Watch: &quot;Hakimiyy\u0259t d\u0259rhal C\u0259f\u0259rovu azad etm\u0259lidir&quot; - MEYDAN.TV<\/title>\n<meta name=\"robots\" content=\"index, follow, max-snippet:-1, max-image-preview:large, max-video-preview:-1\" \/>\n<link rel=\"canonical\" href=\"https:\/\/www.meydan.tv\/az\/article\/human-rights-watch-hakimiyyet-derhal-ceferovu-azad-etmelidir\/\" \/>\n<meta property=\"og:locale\" content=\"az_AZ\" \/>\n<meta property=\"og:type\" content=\"article\" \/>\n<meta property=\"og:title\" content=\"Human Rights Watch: &quot;Hakimiyy\u0259t d\u0259rhal C\u0259f\u0259rovu azad etm\u0259lidir&quot; - MEYDAN.TV\" \/>\n<meta property=\"og:description\" content=\"&quot;C\u0259f\u0259rov Az\u0259rbaycanda siyasi motivli t\u0259qibl\u0259rin \u0259n n\u00fcfuzlu v\u0259 a\u00e7\u0131q t\u0259nqid\u00e7isi idi, indi is\u0259 \u00f6z\u00fc bu t\u0259qibin qurban\u0131na \u00e7evrildi&quot;\" \/>\n<meta property=\"og:url\" content=\"https:\/\/www.meydan.tv\/az\/article\/human-rights-watch-hakimiyyet-derhal-ceferovu-azad-etmelidir\/\" \/>\n<meta property=\"og:site_name\" content=\"MEYDAN.TV\" \/>\n<meta property=\"article:published_time\" content=\"2015-04-17T13:01:21+00:00\" \/>\n<meta property=\"og:image\" content=\"https:\/\/www.meydan.tv\/wp-content\/uploads\/8316.jpg\" \/>\n\t<meta property=\"og:image:width\" content=\"640\" \/>\n\t<meta property=\"og:image:height\" content=\"360\" \/>\n\t<meta property=\"og:image:type\" content=\"image\/jpeg\" \/>\n<meta name=\"twitter:card\" content=\"summary_large_image\" \/>\n<!-- \/ Yoast SEO plugin. -->","yoast_head_json":{"title":"Human Rights Watch: \"Hakimiyy\u0259t d\u0259rhal C\u0259f\u0259rovu azad etm\u0259lidir\" - MEYDAN.TV","robots":{"index":"index","follow":"follow","max-snippet":"max-snippet:-1","max-image-preview":"max-image-preview:large","max-video-preview":"max-video-preview:-1"},"canonical":"https:\/\/www.meydan.tv\/az\/article\/human-rights-watch-hakimiyyet-derhal-ceferovu-azad-etmelidir\/","og_locale":"az_AZ","og_type":"article","og_title":"Human Rights Watch: \"Hakimiyy\u0259t d\u0259rhal C\u0259f\u0259rovu azad etm\u0259lidir\" - MEYDAN.TV","og_description":"\"C\u0259f\u0259rov Az\u0259rbaycanda siyasi motivli t\u0259qibl\u0259rin \u0259n n\u00fcfuzlu v\u0259 a\u00e7\u0131q t\u0259nqid\u00e7isi idi, indi is\u0259 \u00f6z\u00fc bu t\u0259qibin qurban\u0131na \u00e7evrildi\"","og_url":"https:\/\/www.meydan.tv\/az\/article\/human-rights-watch-hakimiyyet-derhal-ceferovu-azad-etmelidir\/","og_site_name":"MEYDAN.TV","article_published_time":"2015-04-17T13:01:21+00:00","og_image":[{"width":640,"height":360,"url":"https:\/\/www.meydan.tv\/wp-content\/uploads\/8316.jpg","type":"image\/jpeg"}],"twitter_card":"summary_large_image","schema":{"@context":"https:\/\/schema.org","@graph":[{"@type":"Article","@id":"https:\/\/www.meydan.tv\/az\/article\/human-rights-watch-hakimiyyet-derhal-ceferovu-azad-etmelidir\/#article","isPartOf":{"@id":"https:\/\/www.meydan.tv\/az\/article\/human-rights-watch-hakimiyyet-derhal-ceferovu-azad-etmelidir\/"},"author":{"name":"user-manager","@id":"https:\/\/www.meydan.tv\/az\/#\/schema\/person\/10d11eccf6da3662cf5fdab9806ea91a"},"headline":"Human Rights Watch: &#8220;Hakimiyy\u0259t d\u0259rhal C\u0259f\u0259rovu azad etm\u0259lidir&#8221;","datePublished":"2015-04-17T13:01:21+00:00","mainEntityOfPage":{"@id":"https:\/\/www.meydan.tv\/az\/article\/human-rights-watch-hakimiyyet-derhal-ceferovu-azad-etmelidir\/"},"wordCount":658,"publisher":{"@id":"https:\/\/www.meydan.tv\/az\/#organization"},"image":{"@id":"https:\/\/www.meydan.tv\/az\/article\/human-rights-watch-hakimiyyet-derhal-ceferovu-azad-etmelidir\/#primaryimage"},"thumbnailUrl":"https:\/\/www.meydan.tv\/wp-content\/uploads\/8316.jpg","articleSection":["X\u0259b\u0259rl\u0259r"],"inLanguage":"az"},{"@type":"WebPage","@id":"https:\/\/www.meydan.tv\/az\/article\/human-rights-watch-hakimiyyet-derhal-ceferovu-azad-etmelidir\/","url":"https:\/\/www.meydan.tv\/az\/article\/human-rights-watch-hakimiyyet-derhal-ceferovu-azad-etmelidir\/","name":"Human Rights Watch: \"Hakimiyy\u0259t d\u0259rhal C\u0259f\u0259rovu azad etm\u0259lidir\" - MEYDAN.TV","isPartOf":{"@id":"https:\/\/www.meydan.tv\/az\/#website"},"primaryImageOfPage":{"@id":"https:\/\/www.meydan.tv\/az\/article\/human-rights-watch-hakimiyyet-derhal-ceferovu-azad-etmelidir\/#primaryimage"},"image":{"@id":"https:\/\/www.meydan.tv\/az\/article\/human-rights-watch-hakimiyyet-derhal-ceferovu-azad-etmelidir\/#primaryimage"},"thumbnailUrl":"https:\/\/www.meydan.tv\/wp-content\/uploads\/8316.jpg","datePublished":"2015-04-17T13:01:21+00:00","breadcrumb":{"@id":"https:\/\/www.meydan.tv\/az\/article\/human-rights-watch-hakimiyyet-derhal-ceferovu-azad-etmelidir\/#breadcrumb"},"inLanguage":"az","potentialAction":[{"@type":"ReadAction","target":["https:\/\/www.meydan.tv\/az\/article\/human-rights-watch-hakimiyyet-derhal-ceferovu-azad-etmelidir\/"]}]},{"@type":"ImageObject","inLanguage":"az","@id":"https:\/\/www.meydan.tv\/az\/article\/human-rights-watch-hakimiyyet-derhal-ceferovu-azad-etmelidir\/#primaryimage","url":"https:\/\/www.meydan.tv\/wp-content\/uploads\/8316.jpg","contentUrl":"https:\/\/www.meydan.tv\/wp-content\/uploads\/8316.jpg","width":640,"height":360,"caption":"Source:"},{"@type":"BreadcrumbList","@id":"https:\/\/www.meydan.tv\/az\/article\/human-rights-watch-hakimiyyet-derhal-ceferovu-azad-etmelidir\/#breadcrumb","itemListElement":[{"@type":"ListItem","position":1,"name":"Ana s\u0259hif\u0259","item":"https:\/\/www.meydan.tv\/az\/"},{"@type":"ListItem","position":2,"name":"X\u0259b\u0259rl\u0259r","item":"https:\/\/www.meydan.tv\/az\/section\/xeberler\/"},{"@type":"ListItem","position":3,"name":"Human Rights Watch: &#8220;Hakimiyy\u0259t d\u0259rhal C\u0259f\u0259rovu azad etm\u0259lidir&#8221;"}]},{"@type":"WebSite","@id":"https:\/\/www.meydan.tv\/az\/#website","url":"https:\/\/www.meydan.tv\/az\/","name":"MEYDAN.TV","description":"Meydan TV Az\u0259rbaycan\u0131n media m\u0259kan\u0131ndak\u0131 alternativ s\u0259sidir","publisher":{"@id":"https:\/\/www.meydan.tv\/az\/#organization"},"potentialAction":[{"@type":"SearchAction","target":{"@type":"EntryPoint","urlTemplate":"https:\/\/www.meydan.tv\/az\/?s={search_term_string}"},"query-input":{"@type":"PropertyValueSpecification","valueRequired":true,"valueName":"search_term_string"}}],"inLanguage":"az"},{"@type":"Organization","@id":"https:\/\/www.meydan.tv\/az\/#organization","name":"Meydan TV","url":"https:\/\/www.meydan.tv\/az\/","logo":{"@type":"ImageObject","inLanguage":"az","@id":"https:\/\/www.meydan.tv\/az\/#\/schema\/logo\/image\/","url":"https:\/\/www.meydan.tv\/wp-content\/uploads\/2021\/07\/meydan-logo.svg","contentUrl":"https:\/\/www.meydan.tv\/wp-content\/uploads\/2021\/07\/meydan-logo.svg","width":195,"height":46,"caption":"Meydan TV"},"image":{"@id":"https:\/\/www.meydan.tv\/az\/#\/schema\/logo\/image\/"}},{"@type":"Person","@id":"https:\/\/www.meydan.tv\/az\/#\/schema\/person\/10d11eccf6da3662cf5fdab9806ea91a","name":"user-manager"}]}},"_links":{"self":[{"href":"https:\/\/www.meydan.tv\/az\/wp-json\/wp\/v2\/posts\/167594","targetHints":{"allow":["GET"]}}],"collection":[{"href":"https:\/\/www.meydan.tv\/az\/wp-json\/wp\/v2\/posts"}],"about":[{"href":"https:\/\/www.meydan.tv\/az\/wp-json\/wp\/v2\/types\/post"}],"author":[{"embeddable":true,"href":"https:\/\/www.meydan.tv\/az\/wp-json\/wp\/v2\/users\/11"}],"replies":[{"embeddable":true,"href":"https:\/\/www.meydan.tv\/az\/wp-json\/wp\/v2\/comments?post=167594"}],"version-history":[{"count":0,"href":"https:\/\/www.meydan.tv\/az\/wp-json\/wp\/v2\/posts\/167594\/revisions"}],"wp:featuredmedia":[{"embeddable":true,"href":"https:\/\/www.meydan.tv\/az\/wp-json\/wp\/v2\/media\/22902"}],"wp:attachment":[{"href":"https:\/\/www.meydan.tv\/az\/wp-json\/wp\/v2\/media?parent=167594"}],"wp:term":[{"taxonomy":"category","embeddable":true,"href":"https:\/\/www.meydan.tv\/az\/wp-json\/wp\/v2\/categories?post=167594"},{"taxonomy":"post_tag","embeddable":true,"href":"https:\/\/www.meydan.tv\/az\/wp-json\/wp\/v2\/tags?post=167594"}],"curies":[{"name":"wp","href":"https:\/\/api.w.org\/{rel}","templated":true}]}}