{"id":167590,"date":"2015-04-16T23:24:01","date_gmt":"2015-04-16T23:24:01","guid":{"rendered":"https:\/\/www.meydan.tv\/article\/atamin-10-ili\/"},"modified":"2015-04-16T23:24:01","modified_gmt":"2015-04-16T23:24:01","slug":"atamin-10-ili","status":"publish","type":"post","link":"https:\/\/www.meydan.tv\/az\/article\/atamin-10-ili\/","title":{"rendered":"Atam\u0131n 10 ili\u2026"},"content":{"rendered":"<figure class=\"wp-block-image size-large\">\n  <img decoding=\"async\" src=\"https:\/\/www.meydan.tv\/az\/22005\/\" alt=\"\" class=\"wp-image-22005\"\/><figcaption><\/figcaption><\/figure>\n<figure class=\"wp-block-image size-large\">\n  <img decoding=\"async\" src=\"https:\/\/www.meydan.tv\/az\/22008\/\" alt=\"\" class=\"wp-image-22008\"\/><figcaption><\/figcaption><\/figure>\n<p>\n  Ax\u0131r\u0131nc\u0131 m\u0259hk\u0259m\u0259 prosesind\u0259 d\u00f6vl\u0259t ittiham\u00e7\u0131s\u0131 \u0130ntiqam \u018fliyev\u0259 10 il h\u0259bs c\u0259zas\u0131 ist\u0259di.\n<\/p>\n<p>\n  10 ilin n\u0259 oldu\u011funu bilirsinizmi?!\n<\/p>\n<p>\n  Bil\u0259 bilm\u0259rik, bunu \u0259n yax\u015f\u0131 \u00f6mr\u00fcn\u00fcn b\u00f6y\u00fck bir hiss\u0259sini h\u0259bsd\u0259 ke\u00e7irmi\u015f \u201ch\u0259bsxana \u015fairi\u201d Nazim Hikm\u0259t izah ed\u0259 bil\u0259r:\n<\/p>\n<p>\n  <b><br \/>\n    Ben i\u00e7eri d\u00fc\u015ft\u00fc\u011f\u00fcmden beri g\u00fcne\u015fin etraf\u0131nda on kere d\u00f6nd\u00fc d\u00fcnya<br \/>\n  <\/b>\n<\/p>\n<p>\n  <b><br \/>\n    Ona sorarsan\u0131z: \u00b4Laf\u0131 bile edilemez, mikroskopik bi zaman&#8230;\u00b4<br \/>\n  <\/b>\n<\/p>\n<p>\n  <b><br \/>\n    Bana sorarsan\u0131z: \u00b4On senesi \u00f6mr\u00fcm\u00fcn&#8230;\u00b4<br \/>\n  <\/b>\n<\/p>\n<p>\n  <b><br \/>\n    Bir kur\u015fun kalemimvardi, ben i\u00e7eri d\u00fc\u015ft\u00fcg\u00fcm sene<br \/>\n  <\/b>\n<\/p>\n<p>\n  <b><br \/>\n    Bir haftada yaza yaza t\u00fckeniverdi<br \/>\n  <\/b>\n<\/p>\n<p>\n  <b><br \/>\n    Ona sorarsaniz: \u00b4B\u00fct\u00fcn bi hayat&#8230;\u00b4<br \/>\n  <\/b>\n<\/p>\n<p>\n  <b><br \/>\n    Bana sorarsan\u0131z: \u00b4Adam sende bi hafta&#8230;\u00b4<br \/>\n  <\/b>\n<\/p>\n<p>\n  Prokurorun dilind\u0259n \u00e7\u0131xan 10 il k\u0259lm\u0259si onun 2-3 pill\u0259 daha y\u00fcks\u0259lm\u0259si \u00fc\u00e7\u00fcn mikroskopik bir zamand\u0131r, bizim \u00fc\u00e7\u00fcns\u0259 b\u00fct\u00f6v bir \u00f6m\u00fcr. 10 ild\u0259 n\u0259 q\u0259d\u0259r \u00fcmidin, arzunun, k\u0259d\u0259rin, intizar\u0131n, itkinin, iztirab\u0131n oldu\u011funu bilirsinizmi?!\n<\/p>\n<p>\n  10 il bilirsinizmi n\u0259dir? \u00dcmidsiz, \u00e7\u0259tin v\u0259ziyy\u0259td\u0259 ya\u015fayan, k\u00f6m\u0259y\u0259 ehtiyac\u0131 olan insanlar\u0131n arzular\u0131n\u0131n baltalanmas\u0131. Bir azadl\u0131q m\u00fccahidinin 200 il qabaq m\u0259hk\u0259m\u0259d\u0259 dediyi kimi, \u201cbu art\u0131q m\u0259nim m\u00fcbariz\u0259m deyil, m\u0259nim \u0259qid\u0259mi m\u00fc\u0259yy\u0259n ed\u0259n \u00f6z \u015f\u0259xsi m\u0259nafeyim deyil, milyonlar\u0131n m\u0259nafeyidir\u201d. Bu on il, h\u0259m d\u0259, h\u0259min milyonlar\u0131n umidl\u0259rinin yar\u0131m\u00e7\u0131q qalmas\u0131d\u0131r.\n<\/p>\n<p>\n  Bir h\u00fcquq\u015f\u00fcnas\u0131n, h\u00fcquq m\u00fcdafi\u0259\u00e7isinin, b\u0259\u015f\u0259ri d\u0259y\u0259rl\u0259r u\u011frunda m\u00fcbariz\u0259 aparan birinin \u00f6mr\u00fcnd\u0259n 10 il \u00e7al\u0131nmas\u0131, bilirsinizmi, n\u0259 dem\u0259kdir?!\n<\/p>\n<p>\n  \u0130ki g\u0259nc \u00f6vlad\u0131 olan bir ail\u0259 ba\u015f\u00e7\u0131s\u0131n\u0131n, atan\u0131n 10 il h\u0259bsd\u0259 yata bil\u0259c\u0259yi ehtimal\u0131 bilirinizmi n\u0259dir?!10 il bundan qabaq m\u0259nim 13 ya\u015f\u0131m vard\u0131, indi 23 ya\u015f\u0131m var, 10 ild\u0259n sonra is\u0259 33 ya\u015f\u0131m olacaq, b\u0259lk\u0259 u\u015faqlar\u0131m da olacaq. Bu o dem\u0259kdir ki, h\u0259yat\u0131m\u0131z\u0131n \u0259n g\u00f6z\u0259l anlar\u0131nda o yan\u0131m\u0131zda\u00a0 olmayacaq. Bu o dem\u0259kdir ki, biz on il s\u0259h\u0259r oyanandan atam\u0131za \u201csabah\u0131n xeyir, ata\u201d dem\u0259y\u0259c\u0259k, onunla bir s\u00fcfr\u0259 ba\u015f\u0131nda oturmayaca\u011f\u0131q. Bayramlar\u0131m\u0131z, \u0259lam\u0259tdar g\u00fcnl\u0259rimizd\u0259 g\u00f6zl\u0259rimi h\u0259bsxanaya t\u0259r\u0259f dikil\u0259c\u0259k, sevincl\u0259rimiz yar\u0131m\u00e7\u0131r olacaq. Biz divar\u0131n bu tay\u0131nda olaca\u011f\u0131q, o is\u0259 siqaret t\u00fcst\u00fcs\u00fcnd\u0259n divarlar\u0131n\u0131n r\u0259ngi bozarm\u0131\u015f, g\u00fcn i\u015f\u0131\u011f\u0131na h\u0259sr\u0259t ki\u00e7ik bir h\u00fccr\u0259d\u0259 olacaq.\n<\/p>\n<p>\n  Pis ekologiyadan, qidadan, d\u0259rdl\u0259rd\u0259n, probleml\u0259rd\u0259n orta \u00f6m\u00fcr h\u0259ddi 50-60 il olan bir \u00f6lk\u0259d\u0259 53 ya\u015fl\u0131 insan\u0131n \u00f6mr\u00fcnd\u0259n 10 ilo\u011furlmaq, bilirsinizmi,n\u0259dir?!\n<\/p>\n<p>\n  Onlar bunu hiss ed\u0259 bilm\u0259z, onlar bunu ba\u015fa d\u00fc\u015f\u0259 bilm\u0259z \u00e7\u00fcnki hiss etm\u0259 duy\u011fular\u0131n\u0131 \u00e7oxdan itiribl\u0259r.\n<\/p>\n<p>\n  Prokuror \u00e7\u0131x\u0131\u015f\u0131nda s\u00f6yl\u0259di ki, m\u0259n m\u00fchasibin \u00fcz\u00fcn\u0259 baxan kimi, ba\u015fa d\u00fc\u015fd\u00fcm ki, o \u201csaxtakarl\u0131q ed\u0259 bilm\u0259z\u201d. B\u0259s \u0130ntiqam \u018fliyevin \u00fcz\u00fcn\u0259 nec\u0259 baxd\u0131n\u0131z? Dilinizd\u0259n s\u00f6zl\u0259r d\u00fcrr kimi t\u00f6k\u00fcl\u0259nd\u0259, 10 il h\u0259bs c\u0259zas\u0131 ist\u0259y\u0259nd\u0259 onun \u00fcz\u00fcn\u0259 baxa bildinizmi?!\n<\/p>\n<p>\n  S\u0259di \u015eirazi yax\u015f\u0131 deyib:\n<\/p>\n<p>\n  \u0130\u015f\u0131\u011fa \u00e7atmaq \u00fc\u00e7\u00fcn can atsan p\u0259rvan\u0259t\u0259k,<br \/>\n  <br \/>\n  S\u0259ni yand\u0131rsalar da, s\u0259sin \u00e7\u0131xmas\u0131n g\u0259r\u0259k.\n<\/p>\n<p>\n  10 il yox, lap 20 il d\u0259 ist\u0259s\u0259niz, \u0130ntiqam \u018fliyev \u00fc\u00e7\u00fcn d\u0259yi\u015f\u0259n he\u00e7 n\u0259 olmayacaq. O sizd\u0259n f\u0259rqli olaraq, h\u0259bsd\u0259 d\u0259 azad olacaq.<\/p>\n","protected":false},"excerpt":{"rendered":"<p>\u00d6mr\u00fcm\u00fczd\u0259n o\u011furlamaq ist\u0259dikl\u0259ri on il\u2026<\/p>\n","protected":false},"author":11,"featured_media":22005,"comment_status":"closed","ping_status":"open","sticky":false,"template":"","format":"standard","meta":{"_acf_changed":false,"_sitemap_exclude":false,"_sitemap_priority":"","_sitemap_frequency":"","footnotes":""},"categories":[57],"tags":[],"class_list":["post-167590","post","type-post","status-publish","format-standard","has-post-thumbnail","hentry","category-menim-fikrimce","infinite-scroll-item","generate-columns","tablet-grid-50","mobile-grid-100","grid-parent","grid-33","no-featured-image-padding"],"acf":[],"yoast_head":"<!-- This site is optimized with the Yoast SEO plugin v27.5 - https:\/\/yoast.com\/product\/yoast-seo-wordpress\/ -->\n<title>Atam\u0131n 10 ili\u2026 - MEYDAN.TV<\/title>\n<meta name=\"robots\" content=\"index, follow, max-snippet:-1, max-image-preview:large, max-video-preview:-1\" \/>\n<link rel=\"canonical\" href=\"https:\/\/www.meydan.tv\/az\/article\/atamin-10-ili\/\" \/>\n<meta property=\"og:locale\" content=\"az_AZ\" \/>\n<meta property=\"og:type\" content=\"article\" \/>\n<meta property=\"og:title\" content=\"Atam\u0131n 10 ili\u2026 - MEYDAN.TV\" \/>\n<meta property=\"og:description\" content=\"\u00d6mr\u00fcm\u00fczd\u0259n o\u011furlamaq ist\u0259dikl\u0259ri on il\u2026\" \/>\n<meta property=\"og:url\" content=\"https:\/\/www.meydan.tv\/az\/article\/atamin-10-ili\/\" \/>\n<meta property=\"og:site_name\" content=\"MEYDAN.TV\" \/>\n<meta property=\"article:published_time\" content=\"2015-04-16T23:24:01+00:00\" \/>\n<meta property=\"og:image\" content=\"https:\/\/www.meydan.tv\/wp-content\/uploads\/8313.jpg\" \/>\n\t<meta property=\"og:image:width\" content=\"500\" \/>\n\t<meta property=\"og:image:height\" content=\"500\" \/>\n\t<meta property=\"og:image:type\" content=\"image\/jpeg\" \/>\n<meta name=\"author\" content=\"user-manager\" \/>\n<meta name=\"twitter:card\" content=\"summary_large_image\" \/>\n<script type=\"application\/ld+json\" class=\"yoast-schema-graph\">{\"@context\":\"https:\\\/\\\/schema.org\",\"@graph\":[{\"@type\":\"Article\",\"@id\":\"https:\\\/\\\/www.meydan.tv\\\/az\\\/article\\\/atamin-10-ili\\\/#article\",\"isPartOf\":{\"@id\":\"https:\\\/\\\/www.meydan.tv\\\/az\\\/article\\\/atamin-10-ili\\\/\"},\"author\":{\"name\":\"user-manager\",\"@id\":\"https:\\\/\\\/www.meydan.tv\\\/az\\\/#\\\/schema\\\/person\\\/10d11eccf6da3662cf5fdab9806ea91a\"},\"headline\":\"Atam\u0131n 10 ili\u2026\",\"datePublished\":\"2015-04-16T23:24:01+00:00\",\"mainEntityOfPage\":{\"@id\":\"https:\\\/\\\/www.meydan.tv\\\/az\\\/article\\\/atamin-10-ili\\\/\"},\"wordCount\":617,\"publisher\":{\"@id\":\"https:\\\/\\\/www.meydan.tv\\\/az\\\/#organization\"},\"image\":{\"@id\":\"https:\\\/\\\/www.meydan.tv\\\/az\\\/article\\\/atamin-10-ili\\\/#primaryimage\"},\"thumbnailUrl\":\"https:\\\/\\\/www.meydan.tv\\\/wp-content\\\/uploads\\\/8313.jpg\",\"articleSection\":[\"M\u0259nim Fikrimc\u0259\"],\"inLanguage\":\"az\"},{\"@type\":\"WebPage\",\"@id\":\"https:\\\/\\\/www.meydan.tv\\\/az\\\/article\\\/atamin-10-ili\\\/\",\"url\":\"https:\\\/\\\/www.meydan.tv\\\/az\\\/article\\\/atamin-10-ili\\\/\",\"name\":\"Atam\u0131n 10 ili\u2026 - MEYDAN.TV\",\"isPartOf\":{\"@id\":\"https:\\\/\\\/www.meydan.tv\\\/az\\\/#website\"},\"primaryImageOfPage\":{\"@id\":\"https:\\\/\\\/www.meydan.tv\\\/az\\\/article\\\/atamin-10-ili\\\/#primaryimage\"},\"image\":{\"@id\":\"https:\\\/\\\/www.meydan.tv\\\/az\\\/article\\\/atamin-10-ili\\\/#primaryimage\"},\"thumbnailUrl\":\"https:\\\/\\\/www.meydan.tv\\\/wp-content\\\/uploads\\\/8313.jpg\",\"datePublished\":\"2015-04-16T23:24:01+00:00\",\"breadcrumb\":{\"@id\":\"https:\\\/\\\/www.meydan.tv\\\/az\\\/article\\\/atamin-10-ili\\\/#breadcrumb\"},\"inLanguage\":\"az\",\"potentialAction\":[{\"@type\":\"ReadAction\",\"target\":[\"https:\\\/\\\/www.meydan.tv\\\/az\\\/article\\\/atamin-10-ili\\\/\"]}]},{\"@type\":\"ImageObject\",\"inLanguage\":\"az\",\"@id\":\"https:\\\/\\\/www.meydan.tv\\\/az\\\/article\\\/atamin-10-ili\\\/#primaryimage\",\"url\":\"https:\\\/\\\/www.meydan.tv\\\/wp-content\\\/uploads\\\/8313.jpg\",\"contentUrl\":\"https:\\\/\\\/www.meydan.tv\\\/wp-content\\\/uploads\\\/8313.jpg\",\"width\":500,\"height\":500,\"caption\":\"Source:\"},{\"@type\":\"BreadcrumbList\",\"@id\":\"https:\\\/\\\/www.meydan.tv\\\/az\\\/article\\\/atamin-10-ili\\\/#breadcrumb\",\"itemListElement\":[{\"@type\":\"ListItem\",\"position\":1,\"name\":\"Ana s\u0259hif\u0259\",\"item\":\"https:\\\/\\\/www.meydan.tv\\\/az\\\/\"},{\"@type\":\"ListItem\",\"position\":2,\"name\":\"M\u0259nim Fikrimc\u0259\",\"item\":\"https:\\\/\\\/www.meydan.tv\\\/az\\\/section\\\/menim-fikrimce\\\/\"},{\"@type\":\"ListItem\",\"position\":3,\"name\":\"Atam\u0131n 10 ili\u2026\"}]},{\"@type\":\"WebSite\",\"@id\":\"https:\\\/\\\/www.meydan.tv\\\/az\\\/#website\",\"url\":\"https:\\\/\\\/www.meydan.tv\\\/az\\\/\",\"name\":\"MEYDAN.TV\",\"description\":\"Meydan TV Az\u0259rbaycan\u0131n media m\u0259kan\u0131ndak\u0131 alternativ s\u0259sidir\",\"publisher\":{\"@id\":\"https:\\\/\\\/www.meydan.tv\\\/az\\\/#organization\"},\"potentialAction\":[{\"@type\":\"SearchAction\",\"target\":{\"@type\":\"EntryPoint\",\"urlTemplate\":\"https:\\\/\\\/www.meydan.tv\\\/az\\\/?s={search_term_string}\"},\"query-input\":{\"@type\":\"PropertyValueSpecification\",\"valueRequired\":true,\"valueName\":\"search_term_string\"}}],\"inLanguage\":\"az\"},{\"@type\":\"Organization\",\"@id\":\"https:\\\/\\\/www.meydan.tv\\\/az\\\/#organization\",\"name\":\"Meydan TV\",\"url\":\"https:\\\/\\\/www.meydan.tv\\\/az\\\/\",\"logo\":{\"@type\":\"ImageObject\",\"inLanguage\":\"az\",\"@id\":\"https:\\\/\\\/www.meydan.tv\\\/az\\\/#\\\/schema\\\/logo\\\/image\\\/\",\"url\":\"https:\\\/\\\/www.meydan.tv\\\/wp-content\\\/uploads\\\/2021\\\/07\\\/meydan-logo.svg\",\"contentUrl\":\"https:\\\/\\\/www.meydan.tv\\\/wp-content\\\/uploads\\\/2021\\\/07\\\/meydan-logo.svg\",\"width\":195,\"height\":46,\"caption\":\"Meydan TV\"},\"image\":{\"@id\":\"https:\\\/\\\/www.meydan.tv\\\/az\\\/#\\\/schema\\\/logo\\\/image\\\/\"}},{\"@type\":\"Person\",\"@id\":\"https:\\\/\\\/www.meydan.tv\\\/az\\\/#\\\/schema\\\/person\\\/10d11eccf6da3662cf5fdab9806ea91a\",\"name\":\"user-manager\"}]}<\/script>\n<!-- \/ Yoast SEO plugin. -->","yoast_head_json":{"title":"Atam\u0131n 10 ili\u2026 - MEYDAN.TV","robots":{"index":"index","follow":"follow","max-snippet":"max-snippet:-1","max-image-preview":"max-image-preview:large","max-video-preview":"max-video-preview:-1"},"canonical":"https:\/\/www.meydan.tv\/az\/article\/atamin-10-ili\/","og_locale":"az_AZ","og_type":"article","og_title":"Atam\u0131n 10 ili\u2026 - MEYDAN.TV","og_description":"\u00d6mr\u00fcm\u00fczd\u0259n o\u011furlamaq ist\u0259dikl\u0259ri on il\u2026","og_url":"https:\/\/www.meydan.tv\/az\/article\/atamin-10-ili\/","og_site_name":"MEYDAN.TV","article_published_time":"2015-04-16T23:24:01+00:00","og_image":[{"width":500,"height":500,"url":"https:\/\/www.meydan.tv\/wp-content\/uploads\/8313.jpg","type":"image\/jpeg"}],"author":"user-manager","twitter_card":"summary_large_image","schema":{"@context":"https:\/\/schema.org","@graph":[{"@type":"Article","@id":"https:\/\/www.meydan.tv\/az\/article\/atamin-10-ili\/#article","isPartOf":{"@id":"https:\/\/www.meydan.tv\/az\/article\/atamin-10-ili\/"},"author":{"name":"user-manager","@id":"https:\/\/www.meydan.tv\/az\/#\/schema\/person\/10d11eccf6da3662cf5fdab9806ea91a"},"headline":"Atam\u0131n 10 ili\u2026","datePublished":"2015-04-16T23:24:01+00:00","mainEntityOfPage":{"@id":"https:\/\/www.meydan.tv\/az\/article\/atamin-10-ili\/"},"wordCount":617,"publisher":{"@id":"https:\/\/www.meydan.tv\/az\/#organization"},"image":{"@id":"https:\/\/www.meydan.tv\/az\/article\/atamin-10-ili\/#primaryimage"},"thumbnailUrl":"https:\/\/www.meydan.tv\/wp-content\/uploads\/8313.jpg","articleSection":["M\u0259nim Fikrimc\u0259"],"inLanguage":"az"},{"@type":"WebPage","@id":"https:\/\/www.meydan.tv\/az\/article\/atamin-10-ili\/","url":"https:\/\/www.meydan.tv\/az\/article\/atamin-10-ili\/","name":"Atam\u0131n 10 ili\u2026 - MEYDAN.TV","isPartOf":{"@id":"https:\/\/www.meydan.tv\/az\/#website"},"primaryImageOfPage":{"@id":"https:\/\/www.meydan.tv\/az\/article\/atamin-10-ili\/#primaryimage"},"image":{"@id":"https:\/\/www.meydan.tv\/az\/article\/atamin-10-ili\/#primaryimage"},"thumbnailUrl":"https:\/\/www.meydan.tv\/wp-content\/uploads\/8313.jpg","datePublished":"2015-04-16T23:24:01+00:00","breadcrumb":{"@id":"https:\/\/www.meydan.tv\/az\/article\/atamin-10-ili\/#breadcrumb"},"inLanguage":"az","potentialAction":[{"@type":"ReadAction","target":["https:\/\/www.meydan.tv\/az\/article\/atamin-10-ili\/"]}]},{"@type":"ImageObject","inLanguage":"az","@id":"https:\/\/www.meydan.tv\/az\/article\/atamin-10-ili\/#primaryimage","url":"https:\/\/www.meydan.tv\/wp-content\/uploads\/8313.jpg","contentUrl":"https:\/\/www.meydan.tv\/wp-content\/uploads\/8313.jpg","width":500,"height":500,"caption":"Source:"},{"@type":"BreadcrumbList","@id":"https:\/\/www.meydan.tv\/az\/article\/atamin-10-ili\/#breadcrumb","itemListElement":[{"@type":"ListItem","position":1,"name":"Ana s\u0259hif\u0259","item":"https:\/\/www.meydan.tv\/az\/"},{"@type":"ListItem","position":2,"name":"M\u0259nim Fikrimc\u0259","item":"https:\/\/www.meydan.tv\/az\/section\/menim-fikrimce\/"},{"@type":"ListItem","position":3,"name":"Atam\u0131n 10 ili\u2026"}]},{"@type":"WebSite","@id":"https:\/\/www.meydan.tv\/az\/#website","url":"https:\/\/www.meydan.tv\/az\/","name":"MEYDAN.TV","description":"Meydan TV Az\u0259rbaycan\u0131n media m\u0259kan\u0131ndak\u0131 alternativ s\u0259sidir","publisher":{"@id":"https:\/\/www.meydan.tv\/az\/#organization"},"potentialAction":[{"@type":"SearchAction","target":{"@type":"EntryPoint","urlTemplate":"https:\/\/www.meydan.tv\/az\/?s={search_term_string}"},"query-input":{"@type":"PropertyValueSpecification","valueRequired":true,"valueName":"search_term_string"}}],"inLanguage":"az"},{"@type":"Organization","@id":"https:\/\/www.meydan.tv\/az\/#organization","name":"Meydan TV","url":"https:\/\/www.meydan.tv\/az\/","logo":{"@type":"ImageObject","inLanguage":"az","@id":"https:\/\/www.meydan.tv\/az\/#\/schema\/logo\/image\/","url":"https:\/\/www.meydan.tv\/wp-content\/uploads\/2021\/07\/meydan-logo.svg","contentUrl":"https:\/\/www.meydan.tv\/wp-content\/uploads\/2021\/07\/meydan-logo.svg","width":195,"height":46,"caption":"Meydan TV"},"image":{"@id":"https:\/\/www.meydan.tv\/az\/#\/schema\/logo\/image\/"}},{"@type":"Person","@id":"https:\/\/www.meydan.tv\/az\/#\/schema\/person\/10d11eccf6da3662cf5fdab9806ea91a","name":"user-manager"}]}},"_links":{"self":[{"href":"https:\/\/www.meydan.tv\/az\/wp-json\/wp\/v2\/posts\/167590","targetHints":{"allow":["GET"]}}],"collection":[{"href":"https:\/\/www.meydan.tv\/az\/wp-json\/wp\/v2\/posts"}],"about":[{"href":"https:\/\/www.meydan.tv\/az\/wp-json\/wp\/v2\/types\/post"}],"author":[{"embeddable":true,"href":"https:\/\/www.meydan.tv\/az\/wp-json\/wp\/v2\/users\/11"}],"replies":[{"embeddable":true,"href":"https:\/\/www.meydan.tv\/az\/wp-json\/wp\/v2\/comments?post=167590"}],"version-history":[{"count":0,"href":"https:\/\/www.meydan.tv\/az\/wp-json\/wp\/v2\/posts\/167590\/revisions"}],"wp:featuredmedia":[{"embeddable":true,"href":"https:\/\/www.meydan.tv\/az\/wp-json\/wp\/v2\/media\/22005"}],"wp:attachment":[{"href":"https:\/\/www.meydan.tv\/az\/wp-json\/wp\/v2\/media?parent=167590"}],"wp:term":[{"taxonomy":"category","embeddable":true,"href":"https:\/\/www.meydan.tv\/az\/wp-json\/wp\/v2\/categories?post=167590"},{"taxonomy":"post_tag","embeddable":true,"href":"https:\/\/www.meydan.tv\/az\/wp-json\/wp\/v2\/tags?post=167590"}],"curies":[{"name":"wp","href":"https:\/\/api.w.org\/{rel}","templated":true}]}}