{"id":167589,"date":"2015-04-16T19:04:50","date_gmt":"2015-04-16T19:04:50","guid":{"rendered":"https:\/\/www.meydan.tv\/article\/ukraynada-taninmis-jurnalist-qetle-yetirildi\/"},"modified":"2015-04-16T19:04:50","modified_gmt":"2015-04-16T19:04:50","slug":"ukraynada-taninmis-jurnalist-qetle-yetirildi","status":"publish","type":"post","link":"https:\/\/www.meydan.tv\/az\/article\/ukraynada-taninmis-jurnalist-qetle-yetirildi\/","title":{"rendered":"Ukraynada tan\u0131nm\u0131\u015f jurnalist q\u0259tl\u0259 yetirildi"},"content":{"rendered":"<figure class=\"wp-block-image size-large\">\n  <img decoding=\"async\" src=\"https:\/\/www.meydan.tv\/az\/22890\/\" alt=\"\" class=\"wp-image-22890\"\/><figcaption><\/figcaption><\/figure>\n<figure class=\"wp-block-image size-large\">\n  <img decoding=\"async\" src=\"https:\/\/www.meydan.tv\/az\/22890\/\" alt=\"\" class=\"wp-image-22890\"\/><figcaption><\/figcaption><\/figure>\n<p><div>\n    Oles Buzina ya\u015fad\u0131\u011f\u0131 m\u0259nzilin giri\u015find\u0259 g\u00fcll\u0259l\u0259nib\n  <\/div>\n<\/p>\n<p><div><\/div>\n<\/p>\n<p><div>\n    Ukraynan\u0131n tan\u0131nm\u0131\u015f jurnalisti Oles Buzina Kiyev \u015f\u0259h\u0259rind\u0259 q\u0259tl\u0259 yetirilib.\n  <\/div>\n<\/p>\n<p>\n  &#8220;Ukrainskaya Pravda&#8221; sayt\u0131 (http:\/\/www.pravda.com.ua\/rus\/news\/2015\/04\/16\/7064932\/) m\u0259lumat yay\u0131b.\n<\/p>\n<p>\n  \u00a0M\u0259lumata g\u00f6r\u0259, q\u0259tl \u015eev\u00e7enko rayonunda ba\u015f verib. Jurnalist ya\u015fad\u0131\u011f\u0131 evin giri\u015find\u0259 g\u00fcll\u0259l\u0259nib. Ona d\u00f6rd g\u00fcll\u0259 d\u0259yib.\n<\/p>\n<p>\n  \u00a0Haz\u0131rda hadis\u0259 yerind\u0259 istintaq-\u0259m\u0259liyyat qrupu i\u015fl\u0259yir.\n<\/p>\n<p>\n  APA-n\u0131n m\u0259lumat\u0131na g\u00f6r\u0259, q\u0259tl hadis\u0259sinin ba\u015f verdiyini \u00f6z\u00fcn\u00fcn Facebook s\u0259hif\u0259sind\u0259 Ukrayna daxili i\u015fl\u0259r nazirinin m\u00fc\u015faviri Anton Qera\u015fenko da t\u0259sdiq edib. \u201cBu d\u0259qiq\u0259l\u0259rd\u0259 Deqtyarevskaya k\u00fc\u00e7\u0259sind\u0259 m\u0259\u015fhur jurnalist Oles Buzina t\u00fcnd g\u00f6y r\u0259ngli \u201cFord Focus\u201d markal\u0131 avtomobild\u0259n a\u00e7\u0131lan at\u0259\u015f n\u0259tic\u0259sind\u0259 faci\u0259li \u015f\u0259kild\u0259 q\u0259tl\u0259 yetirilib. Avtomobil ya Belarus, ya da Latviya d\u00f6vl\u0259t n\u00f6mr\u0259 ni\u015fanl\u0131 olub. Amma d\u0259qiq Ukrayna n\u00f6mr\u0259si deyil\u201d,- dey\u0259 A.Qera\u015fenko yaz\u0131b.\n<\/p><\/p>\n","protected":false},"excerpt":{"rendered":"<p>Oles Buzina ya\u015fad\u0131\u011f\u0131 m\u0259nzilin giri\u015find\u0259 g\u00fcll\u0259l\u0259nib<\/p>\n","protected":false},"author":11,"featured_media":22890,"comment_status":"closed","ping_status":"open","sticky":false,"template":"","format":"standard","meta":{"_acf_changed":false,"_sitemap_exclude":false,"_sitemap_priority":"","_sitemap_frequency":"","footnotes":""},"categories":[56],"tags":[],"class_list":["post-167589","post","type-post","status-publish","format-standard","has-post-thumbnail","hentry","category-xeberler","infinite-scroll-item","generate-columns","tablet-grid-50","mobile-grid-100","grid-parent","grid-33","no-featured-image-padding"],"acf":[],"yoast_head":"<!-- This site is optimized with the Yoast SEO plugin v28.4 - https:\/\/yoast.com\/product\/yoast-seo-wordpress\/ -->\n<title>Ukraynada tan\u0131nm\u0131\u015f jurnalist q\u0259tl\u0259 yetirildi - MEYDAN.TV<\/title>\n<meta name=\"robots\" content=\"index, follow, max-snippet:-1, max-image-preview:large, max-video-preview:-1\" \/>\n<link rel=\"canonical\" href=\"https:\/\/www.meydan.tv\/az\/article\/ukraynada-taninmis-jurnalist-qetle-yetirildi\/\" \/>\n<meta property=\"og:locale\" content=\"az_AZ\" \/>\n<meta property=\"og:type\" content=\"article\" \/>\n<meta property=\"og:title\" content=\"Ukraynada tan\u0131nm\u0131\u015f jurnalist q\u0259tl\u0259 yetirildi - MEYDAN.TV\" \/>\n<meta property=\"og:description\" content=\"Oles Buzina ya\u015fad\u0131\u011f\u0131 m\u0259nzilin giri\u015find\u0259 g\u00fcll\u0259l\u0259nib\" \/>\n<meta property=\"og:url\" content=\"https:\/\/www.meydan.tv\/az\/article\/ukraynada-taninmis-jurnalist-qetle-yetirildi\/\" \/>\n<meta property=\"og:site_name\" content=\"MEYDAN.TV\" \/>\n<meta property=\"article:published_time\" content=\"2015-04-16T19:04:50+00:00\" \/>\n<meta property=\"og:image\" content=\"https:\/\/www.meydan.tv\/wp-content\/uploads\/8307.jpg\" \/>\n\t<meta property=\"og:image:width\" content=\"687\" \/>\n\t<meta property=\"og:image:height\" content=\"563\" \/>\n\t<meta property=\"og:image:type\" content=\"image\/jpeg\" \/>\n<meta name=\"twitter:card\" content=\"summary_large_image\" \/>\n<!-- \/ Yoast SEO plugin. -->","yoast_head_json":{"title":"Ukraynada tan\u0131nm\u0131\u015f jurnalist q\u0259tl\u0259 yetirildi - MEYDAN.TV","robots":{"index":"index","follow":"follow","max-snippet":"max-snippet:-1","max-image-preview":"max-image-preview:large","max-video-preview":"max-video-preview:-1"},"canonical":"https:\/\/www.meydan.tv\/az\/article\/ukraynada-taninmis-jurnalist-qetle-yetirildi\/","og_locale":"az_AZ","og_type":"article","og_title":"Ukraynada tan\u0131nm\u0131\u015f jurnalist q\u0259tl\u0259 yetirildi - MEYDAN.TV","og_description":"Oles Buzina ya\u015fad\u0131\u011f\u0131 m\u0259nzilin giri\u015find\u0259 g\u00fcll\u0259l\u0259nib","og_url":"https:\/\/www.meydan.tv\/az\/article\/ukraynada-taninmis-jurnalist-qetle-yetirildi\/","og_site_name":"MEYDAN.TV","article_published_time":"2015-04-16T19:04:50+00:00","og_image":[{"width":687,"height":563,"url":"https:\/\/www.meydan.tv\/wp-content\/uploads\/8307.jpg","type":"image\/jpeg"}],"twitter_card":"summary_large_image","schema":{"@context":"https:\/\/schema.org","@graph":[{"@type":"Article","@id":"https:\/\/www.meydan.tv\/az\/article\/ukraynada-taninmis-jurnalist-qetle-yetirildi\/#article","isPartOf":{"@id":"https:\/\/www.meydan.tv\/az\/article\/ukraynada-taninmis-jurnalist-qetle-yetirildi\/"},"author":{"name":"user-manager","@id":"https:\/\/www.meydan.tv\/az\/#\/schema\/person\/10d11eccf6da3662cf5fdab9806ea91a"},"headline":"Ukraynada tan\u0131nm\u0131\u015f jurnalist q\u0259tl\u0259 yetirildi","datePublished":"2015-04-16T19:04:50+00:00","mainEntityOfPage":{"@id":"https:\/\/www.meydan.tv\/az\/article\/ukraynada-taninmis-jurnalist-qetle-yetirildi\/"},"wordCount":185,"publisher":{"@id":"https:\/\/www.meydan.tv\/az\/#organization"},"image":{"@id":"https:\/\/www.meydan.tv\/az\/article\/ukraynada-taninmis-jurnalist-qetle-yetirildi\/#primaryimage"},"thumbnailUrl":"https:\/\/www.meydan.tv\/wp-content\/uploads\/8307.jpg","articleSection":["X\u0259b\u0259rl\u0259r"],"inLanguage":"az"},{"@type":"WebPage","@id":"https:\/\/www.meydan.tv\/az\/article\/ukraynada-taninmis-jurnalist-qetle-yetirildi\/","url":"https:\/\/www.meydan.tv\/az\/article\/ukraynada-taninmis-jurnalist-qetle-yetirildi\/","name":"Ukraynada tan\u0131nm\u0131\u015f jurnalist q\u0259tl\u0259 yetirildi - MEYDAN.TV","isPartOf":{"@id":"https:\/\/www.meydan.tv\/az\/#website"},"primaryImageOfPage":{"@id":"https:\/\/www.meydan.tv\/az\/article\/ukraynada-taninmis-jurnalist-qetle-yetirildi\/#primaryimage"},"image":{"@id":"https:\/\/www.meydan.tv\/az\/article\/ukraynada-taninmis-jurnalist-qetle-yetirildi\/#primaryimage"},"thumbnailUrl":"https:\/\/www.meydan.tv\/wp-content\/uploads\/8307.jpg","datePublished":"2015-04-16T19:04:50+00:00","breadcrumb":{"@id":"https:\/\/www.meydan.tv\/az\/article\/ukraynada-taninmis-jurnalist-qetle-yetirildi\/#breadcrumb"},"inLanguage":"az","potentialAction":[{"@type":"ReadAction","target":["https:\/\/www.meydan.tv\/az\/article\/ukraynada-taninmis-jurnalist-qetle-yetirildi\/"]}]},{"@type":"ImageObject","inLanguage":"az","@id":"https:\/\/www.meydan.tv\/az\/article\/ukraynada-taninmis-jurnalist-qetle-yetirildi\/#primaryimage","url":"https:\/\/www.meydan.tv\/wp-content\/uploads\/8307.jpg","contentUrl":"https:\/\/www.meydan.tv\/wp-content\/uploads\/8307.jpg","width":687,"height":563,"caption":"Source:"},{"@type":"BreadcrumbList","@id":"https:\/\/www.meydan.tv\/az\/article\/ukraynada-taninmis-jurnalist-qetle-yetirildi\/#breadcrumb","itemListElement":[{"@type":"ListItem","position":1,"name":"Ana s\u0259hif\u0259","item":"https:\/\/www.meydan.tv\/az\/"},{"@type":"ListItem","position":2,"name":"X\u0259b\u0259rl\u0259r","item":"https:\/\/www.meydan.tv\/az\/section\/xeberler\/"},{"@type":"ListItem","position":3,"name":"Ukraynada tan\u0131nm\u0131\u015f jurnalist q\u0259tl\u0259 yetirildi"}]},{"@type":"WebSite","@id":"https:\/\/www.meydan.tv\/az\/#website","url":"https:\/\/www.meydan.tv\/az\/","name":"MEYDAN.TV","description":"Meydan TV Az\u0259rbaycan\u0131n media m\u0259kan\u0131ndak\u0131 alternativ s\u0259sidir","publisher":{"@id":"https:\/\/www.meydan.tv\/az\/#organization"},"potentialAction":[{"@type":"SearchAction","target":{"@type":"EntryPoint","urlTemplate":"https:\/\/www.meydan.tv\/az\/?s={search_term_string}"},"query-input":{"@type":"PropertyValueSpecification","valueRequired":true,"valueName":"search_term_string"}}],"inLanguage":"az"},{"@type":"Organization","@id":"https:\/\/www.meydan.tv\/az\/#organization","name":"Meydan TV","url":"https:\/\/www.meydan.tv\/az\/","logo":{"@type":"ImageObject","inLanguage":"az","@id":"https:\/\/www.meydan.tv\/az\/#\/schema\/logo\/image\/","url":"https:\/\/www.meydan.tv\/wp-content\/uploads\/2021\/07\/meydan-logo.svg","contentUrl":"https:\/\/www.meydan.tv\/wp-content\/uploads\/2021\/07\/meydan-logo.svg","width":195,"height":46,"caption":"Meydan TV"},"image":{"@id":"https:\/\/www.meydan.tv\/az\/#\/schema\/logo\/image\/"}},{"@type":"Person","@id":"https:\/\/www.meydan.tv\/az\/#\/schema\/person\/10d11eccf6da3662cf5fdab9806ea91a","name":"user-manager"}]}},"_links":{"self":[{"href":"https:\/\/www.meydan.tv\/az\/wp-json\/wp\/v2\/posts\/167589","targetHints":{"allow":["GET"]}}],"collection":[{"href":"https:\/\/www.meydan.tv\/az\/wp-json\/wp\/v2\/posts"}],"about":[{"href":"https:\/\/www.meydan.tv\/az\/wp-json\/wp\/v2\/types\/post"}],"author":[{"embeddable":true,"href":"https:\/\/www.meydan.tv\/az\/wp-json\/wp\/v2\/users\/11"}],"replies":[{"embeddable":true,"href":"https:\/\/www.meydan.tv\/az\/wp-json\/wp\/v2\/comments?post=167589"}],"version-history":[{"count":0,"href":"https:\/\/www.meydan.tv\/az\/wp-json\/wp\/v2\/posts\/167589\/revisions"}],"wp:featuredmedia":[{"embeddable":true,"href":"https:\/\/www.meydan.tv\/az\/wp-json\/wp\/v2\/media\/22890"}],"wp:attachment":[{"href":"https:\/\/www.meydan.tv\/az\/wp-json\/wp\/v2\/media?parent=167589"}],"wp:term":[{"taxonomy":"category","embeddable":true,"href":"https:\/\/www.meydan.tv\/az\/wp-json\/wp\/v2\/categories?post=167589"},{"taxonomy":"post_tag","embeddable":true,"href":"https:\/\/www.meydan.tv\/az\/wp-json\/wp\/v2\/tags?post=167589"}],"curies":[{"name":"wp","href":"https:\/\/api.w.org\/{rel}","templated":true}]}}