{"id":167588,"date":"2015-04-16T18:46:05","date_gmt":"2015-04-16T18:46:05","guid":{"rendered":"https:\/\/www.meydan.tv\/article\/dovlet-resul-ceferova-qarsi-cigalliq-edir\/"},"modified":"2015-04-16T18:46:05","modified_gmt":"2015-04-16T18:46:05","slug":"dovlet-resul-ceferova-qarsi-cigalliq-edir","status":"publish","type":"post","link":"https:\/\/www.meydan.tv\/az\/article\/dovlet-resul-ceferova-qarsi-cigalliq-edir\/","title":{"rendered":"&#8220;D\u00f6vl\u0259t R\u0259sul C\u0259f\u0259rova qar\u015f\u0131 c\u0131\u011fall\u0131q edir&#8221;"},"content":{"rendered":"<figure class=\"wp-block-image size-large\">\n  <img decoding=\"async\" src=\"https:\/\/www.meydan.tv\/az\/22863\/\" alt=\"\" class=\"wp-image-22863\"\/><figcaption><\/figcaption><\/figure>\n<p>\n  Xalid Ba\u011f\u0131rov: \u201cD\u00f6vl\u0259t v\u0259t\u0259nda\u015f\u0131 qoymad\u0131\u011f\u0131 qaydalara \u0259m\u0259l etm\u0259diyin\u0259 g\u00f6r\u0259 c\u0259zaland\u0131ra bilm\u0259z\u201d\n<\/p>\n<p>\n  \u201cArt\u0131q 3 ayd\u0131r ki, m\u0259hk\u0259m\u0259y\u0259 y\u0131\u011f\u0131\u015fanlar h\u00fcquq ad\u0131na r\u0259zal\u0259t\u0259 v\u0259 c\u0259f\u0259ngiyata \u015fahidlik edirl\u0259r. Bu c\u0259f\u0259ngiyat\u0131n ad\u0131 R\u0259sul C\u0259f\u0259rovun ittiham olunmas\u0131d\u0131r. \u0130nanm\u0131ram ki, hakiml\u0259r t\u0259rkibi qar\u0131\u015f\u0131q bu m\u0259hk\u0259m\u0259d\u0259 i\u015ftirak ed\u0259n \u015f\u0259xl\u0259rd\u0259n kims\u0259, o c\u00fcml\u0259d\u0259n d\u00f6vl\u0259t ittiham\u00e7\u0131s\u0131n\u0131n \u00f6z\u00fc d\u0259, onun \u00e7\u0131x\u0131\u015f\u0131nda R\u0259sul C\u0259f\u0259rovun n\u0259y\u0259 g\u00f6r\u0259 ittiham olunmas\u0131ndan bir \u015feyl\u0259r anlaya bildi. M\u0259hz bu s\u0259b\u0259bd\u0259n idi ki, d\u00f6vl\u0259t ittiham\u00e7\u0131s\u0131n\u0131n s\u0259si m\u0259hk\u0259m\u0259d\u0259 \u00e7ox nadir halda e\u015fidlm\u0259si m\u00fcmk\u00fcn olan s\u0259viyy\u0259y\u0259 qalxd\u0131\u201d.\n<\/p>\n<p>\n  Bu s\u00f6zl\u0259ri h\u00fcquq\u015f\u00fcnas Xalid Ba\u011f\u0131rov h\u00fcquq m\u00fcdafi\u0259\u00e7isi R\u0259sul C\u0259f\u0259rovun bar\u0259sind\u0259 \u00e7\u0131xar\u0131lm\u0131\u015f m\u0259hk\u0259m\u0259 h\u00f6km\u00fcn\u00fc \u015f\u0259rh ed\u0259rk\u0259n deyib. \u00d6z Facebook s\u0259hif\u0259sind\u0259 bu bar\u0259d\u0259 yazan v\u0259kil dedikl\u0259rini bel\u0259 \u0259sasland\u0131r\u0131b:\n<\/p>\n<p>\n  \u201cBu ittiham\u0131n h\u0259qiq\u0259t\u0259n d\u0259 c\u0259f\u0259ngiyatdan ba\u015fqa bir \u015fey olmad\u0131\u011f\u0131n\u0131 anlamaq \u00fc\u00e7\u00fcn baxaq g\u00f6r\u0259k R\u0259sul C\u0259f\u0259rov n\u0259d\u0259 ittiham olunur.\n<\/p>\n<p>\n  R\u0259sul C\u0259f\u0259rova veril\u0259n ittihamlardan biri ondan ibar\u0259tdir ki, onun t\u0259sis etdiyi QHT h\u00fcquqi \u015f\u0259xs olaraq qeydiyyatdan ke\u00e7m\u0259diyin\u0259 baxmayaraq, \u00a0f\u0259aliyy\u0259t g\u00f6st\u0259rib v\u0259 qrant alaraq layih\u0259l\u0259r h\u0259yata ke\u00e7irib. Onun bu f\u0259aliyy\u0259ti qanunsuz sahibkarl\u0131q olub.\n<\/p>\n<p>\n  D\u00f6vl\u0259t ittiham\u00e7\u0131s\u0131n\u0131n D\u00f6vl\u0259t ad\u0131ndan s\u0259sl\u0259ndirdiyi bu ittiham\u0131, qanunsuz v\u0259 \u0259sass\u0131z olmas\u0131ndan \u0259vv\u0259l c\u0131\u011fal\u00e7\u0131l\u0131qdan ba\u015fqa bir \u015fey deyil. D\u00f6vl\u0259t v\u0259t\u0259nda\u015f\u0131na qar\u015f\u0131 c\u0131\u011fal\u00e7\u0131 v\u0259 iki\u00fczl\u00fc ola bilm\u0259z.\n<\/p>\n<p>\n  \u201c<br \/>\n  <b><br \/>\n    Bu g\u00fcn Az\u0259rbaycanda qeydiyyat QHT-l\u0259r \u00fc\u00e7\u00fcn m\u0259cburi deyil\u201d<br \/>\n  <\/b>\n<\/p>\n<p>\n  D\u00f6vl\u0259t ad\u0131na dan\u0131\u015fmaq s\u0259lahiyy\u0259ti olan, d\u00f6vl\u0259tin QHT siyas\u0259tinin \u0259sas simas\u0131 olan, Az\u0259rbaycan Prezidenti yan\u0131nda QHT-l\u0259r\u0259 D\u00f6vl\u0259t D\u0259st\u0259yi \u015euras\u0131n\u0131n s\u0259dri, Milli M\u0259clisin deputat\u0131 Azay Quliyev Avropa \u015euras\u0131n\u0131n, Venesiya Komissiyas\u0131n\u0131n qanunvericilikl\u0259 ba\u011fl\u0131 r\u0259yin\u0259 m\u00fcnasib\u0259t bildir\u0259rk\u0259n qeyd edir ki, \u00abBu g\u00fcn Az\u0259rbaycanda qeydiyyat QHT-l\u0259r \u00fc\u00e7\u00fcn m\u0259cburi deyil. Onlar qeydiyyata al\u0131na da bil\u0259rl\u0259r, qeydiyyats\u0131z f\u0259aliyy\u0259t g\u00f6st\u0259r\u0259 d\u0259 bil\u0259rl\u0259r. Bu, Az\u0259rbaycan qanunvericiliyind\u0259 qada\u011fan edilmir.\u00bb\n<\/p>\n<p>\n  <a href=\"https:\/\/www.youtube.com\/watch?v=UwOTbFBt3lk\" target=\"_blank\" rel=\"noopener\"><br \/>\n    <iframe loading=\"lazy\" title=\"QHT-l\u0259r\u0259 D\u00d6VL\u018fT D\u018fST\u018fY\u0130 \u015eURASININ S\u018fDR\u0130 AZAY QUL\u0130YEV \u0130L\u018f M\u00dcSAH\u0130B\u018f\" width=\"1200\" height=\"675\" src=\"https:\/\/www.youtube.com\/embed\/UwOTbFBt3lk?feature=oembed\" frameborder=\"0\" allow=\"accelerometer; autoplay; clipboard-write; encrypted-media; gyroscope; picture-in-picture\" allowfullscreen><\/iframe><br \/>\n  <\/a><br \/>\n  .\n<\/p>\n<p>\n  <a href=\"http:\/\/old.yap.org.az\/view.php?lang=az&amp;menu=1&amp;id=21081\" target=\"_blank\" rel=\"noopener\"><br \/>\n    http:\/\/old.yap.org.az\/view.php?lang=az&#038;menu=1&#038;id=21081<br \/>\n  <\/a><br \/>\n  ;\n<\/p>\n<p>\n  V\u0259 yaxud Az\u0259rbaycan h\u00f6k\u00fcm\u0259ti Az\u0259rbaycan d\u00f6vl\u0259ti ad\u0131na \u0130smay\u0131l \u0130smay\u0131lovun Avropa \u0130nsan H\u00fcquqlar\u0131 M\u0259hk\u0259m\u0259sind\u0259ki \u015fikay\u0259tin\u0259 cavab ver\u0259rk\u0259n bildirir ki, Az\u0259rbaycanda h\u00fcquqi \u015f\u0259xs statusuna malik olmama birliyi \u00f6z f\u0259aliyy\u0259tini davam etdirm\u0259kd\u0259n saxlam\u0131r.\n<\/p>\n<p>\n  <br \/>\n  <a href=\"http:\/\/hudoc.echr.coe.int\/sites\/eng\/Pages\/search.aspx#{\" target=\"_blank\" rel=\"noopener\"><br \/>\n    http:\/\/hudoc.echr.coe.int\/sites\/eng\/Pages\/search.aspx\u2026<br \/>\n  <\/a><br \/>\n  \u00a0(bax q\u0259rar\u0131n 44-c\u00fc b\u0259ndi)\n<\/p>\n<p>\n  O zaman nec\u0259 olur ki, d\u00f6vl\u0259t bir yandan deyir ki, h\u00fcquqi \u015f\u0259xs kimi qeydiyyata al\u0131nmama birliyin f\u0259aliyy\u0259t g\u00f6st\u0259rm\u0259sin\u0259 mane olmur v\u0259 bunu h\u0259tta Venesiya Komissiyas\u0131, Avropa M\u0259hk\u0259m\u0259si kimi \u0259n y\u00fcks\u0259k t\u0259msil olunma\u011fa \u00e7al\u0131\u015fd\u0131\u011f\u0131 bir t\u0259sisatlarda edir, amma sonra da d\u00f6n\u00fcb QHT-si qeydiyyatdan ke\u00e7m\u0259s\u0259 d\u0259, f\u0259aliyy\u0259t g\u00f6st\u0259rdiyi \u00fc\u00e7\u00fcn R\u0259sul C\u0259f\u0259rovu ittiham edir v\u0259 h\u0259bs edir? Bel\u0259 olan t\u0259qdird\u0259 d\u00f6vl\u0259tin bu ittiham\u0131n\u0131 c\u0131\u011fal\u00e7\u0131l\u0131qdan ba\u015fqa nec\u0259 adland\u0131rmaq olar?\u201d\n<\/p>\n<p>\n  Xalid Ba\u011f\u0131rov deyir ki, ittiham n\u0259 q\u0259d\u0259r qeydiyyatdan ke\u00e7m\u0259y\u0259n QHT-nin f\u0259aliyy\u0259tini \u201cQeyri-h\u00f6k\u00fcm\u0259t t\u0259\u015fkilatlar\u0131 (ictimai birlikl\u0259r v\u0259 fondlar) haqq\u0131nda\u201d qanunun 16-c\u0131 madd\u0259si il\u0259 qada\u011fan hesab ets\u0259 d\u0259, deyil\u0259nl\u0259r h\u0259min maddd\u0259 \u0259ksini tapm\u0131r: \u201cMadd\u0259 16.1. Qeyri-h\u00f6kum\u0259t t\u0259\u015fkilatlar\u0131n\u0131n d\u00f6vl\u0259t qeydiyyat\u0131 m\u00fcvafiq icra hakimiyy\u0259ti orqan\u0131 t\u0259r\u0259find\u0259n h\u00fcquqi \u015f\u0259xsl\u0259rin qeydiyyat\u0131 haqq\u0131nda Az\u0259rbaycan Respublikas\u0131n\u0131n qanunvericiliyin\u0259 uy\u011fun olaraq h\u0259yata ke\u00e7irilir. Madd\u0259 16.2. Qeyri-h\u00f6kum\u0259t t\u0259\u015fkilat\u0131 yaln\u0131z d\u00f6vl\u0259t qeydiyyat\u0131na al\u0131nd\u0131qdan sonra h\u00fcquqi \u015f\u0259xs statusunu \u0259ld\u0259 edir.\n<\/p>\n<p>\n  B\u0259lk\u0259 m\u0259n oxuya bilmir\u0259m. Sizd\u0259n soru\u015furam, burda harda yaz\u0131l\u0131b ki, qeydiyyatdan ke\u00e7m\u0259y\u0259n QHT-nin f\u0259aliyy\u0259ti qada\u011fand\u0131r?\n<\/p>\n<p>\n  \u018fksin\u0259 \u201cH\u00fcquqi \u015f\u0259xsl\u0259rin d\u00f6vl\u0259t qeydiyyat\u0131 v\u0259 d\u00f6vl\u0259t reyestri haqq\u0131nda\u201d Az\u0259rbaycan Respublikas\u0131 Qanunun 4.1.-ci madd\u0259si var v\u0259 orda a\u00e7\u0131q-a\u015fkar deyilir ki, Az\u0259rbaycan Respublikas\u0131n\u0131n \u0259razisind\u0259 h\u00fcquqi \u015f\u0259xs statusu almaq ist\u0259y\u0259n qurum, habel\u0259 xarici h\u00fcquqi \u015f\u0259xsin n\u00fcmay\u0259nd\u0259liyi v\u0259 ya filial\u0131 d\u00f6vl\u0259t qeydiyyat\u0131na al\u0131nmal\u0131 v\u0259 d\u00f6vl\u0259t reyestrin\u0259 daxil edilm\u0259lidir. Kommersiya t\u0259\u015fkilatlar\u0131, habel\u0259 xarici h\u00fcquqi \u015f\u0259xsl\u0259rin n\u00fcmay\u0259nd\u0259likl\u0259ri v\u0259 ya filiallar\u0131 yaln\u0131z d\u00f6vl\u0259t qeydiyyat\u0131na al\u0131nd\u0131qdan sonra f\u0259aliyy\u0259t g\u00f6st\u0259r\u0259 bil\u0259rl\u0259r. Onlar\u0131n d\u00f6vl\u0259t qeydiyyat\u0131na al\u0131nmadan f\u0259aliyy\u0259t g\u00f6st\u0259rm\u0259si qanunla m\u00fc\u0259yy\u0259n edilmi\u015f qaydada m\u0259suliyy\u0259t\u0259 s\u0259b\u0259b olur. G\u00f6r\u00fcnd\u00fcy\u00fc kimi qanun kommersiya t\u0259\u015fkilatlar\u0131, xarici h\u00fcquqi \u015f\u0259xsl\u0259rin n\u00fcmay\u0259nd\u0259likl\u0259ri v\u0259 ya filiallar\u0131n\u0131n h\u00fcquqi \u015f\u0259xsi kimi qeydiyyatdan ke\u00e7m\u0259diyi t\u0259qdird\u0259 f\u0259aliyy\u0259tini qada\u011fan ets\u0259 d\u0259, yerli QHT-l\u0259r bar\u0259d\u0259 susur v\u0259 bel\u0259 qada\u011fan m\u00fc\u0259yy\u0259n etmir\u201d.\n<\/p>\n<p>\n  <b><br \/>\n    Konstitusiya deyir ki&#8230;<br \/>\n  <\/b>\n<\/p>\n<p>\n  H\u00fcquq\u015f\u00fcnas Konstutusiya il\u0259 d\u0259 dedikl\u0259rini \u0259sasland\u0131r\u0131r: \u201cAz\u0259rbaycan Respublikas\u0131nda Konstitusiya adlanan bir \u018fsas qanun da var v\u0259 onun 71-ci madd\u0259sinin IX hiss\u0259sind\u0259 deyilir: Az\u0259rbaycan adl\u0131 m\u0259ml\u0259k\u0259td\u0259 h\u0259r k\u0259s qanunla qada\u011fan olunmayan h\u0259r\u0259k\u0259tl\u0259ri ed\u0259 bil\u0259r v\u0259 he\u00e7 k\u0259s qanunla n\u0259z\u0259rd\u0259 tutulmayan h\u0259r\u0259k\u0259tl\u0259ri etm\u0259y\u0259 m\u0259cbur edil\u0259 bilm\u0259z.\n<\/p>\n<p>\n  O zaman ittiham\u0131n s\u00f6z\u00fcnd\u0259n bel\u0259 \u00e7\u0131x\u0131r ki, R\u0259sul C\u0259f\u0259rov bu \u00f6lk\u0259d\u0259 \u201ch\u0259r k\u0259s\u201d-\u0259 aid deyil. Durub bunu bel\u0259 d\u0259 desinl\u0259r, i\u015fimizi bil\u0259k. Bil\u0259k ki, kiml\u0259r bu \u00f6lk\u0259d\u0259 \u201ch\u0259r k\u0259s\u201d-\u0259 aiddir, kiml\u0259r yox. Biz v\u0259kill\u0259r d\u0259 i\u015fimizi ona uy\u011fun quraq\u201d.\n<\/p>\n<p>\n  R\u0259sul C\u0259f\u0259rov h\u0259m d\u0259, onda ittiham olunur ki, o ald\u0131\u011f\u0131 qrantlar\u0131 qeydiyyatdan ke\u00e7irm\u0259d\u0259n x\u0259rcl\u0259diyi \u00fc\u00e7\u00fcn h\u0259min qrantlar \u0259sas\u0131nda f\u0259aliyy\u0259ti d\u0259 qanunsuz kommersiya f\u0259aliyy\u0259ti olub. Xalid Ba\u011f\u0131rov deyir ki, ist\u0259nil\u0259n h\u00fcquq\u015f\u00fcnas bu yana\u015fman\u0131 \u0259n az\u0131ndan istehza dolu g\u00fcl\u00fc\u015fl\u00fc qar\u015f\u0131layar: \u201c\u00c7\u00fcnki h\u0259r bir h\u00fcquq\u015f\u00fcnas bilir (v\u0259 ya bilm\u0259lidir) ki, m\u00fcqavil\u0259 \u0259sas\u0131nda yaranan h\u00fcquq m\u00fcnasib\u0259tl\u0259rinin m\u0259zmunu m\u00fcqavil\u0259nin \u015f\u0259rtl\u0259ri il\u0259 m\u00fc\u0259yy\u0259n edilir. Bel\u0259 m\u00fcqavil\u0259l\u0259rin qeyd\u0259 al\u0131n\u0131b al\u0131nmamas\u0131 he\u00e7 bir halda h\u0259min m\u00fcqavil\u0259l\u0259rin m\u0259zmununu d\u0259yi\u015f\u0259 bilm\u0259z. \u00c7\u00fcnki h\u00fcquqi t\u0259bi\u0259tin\u0259 g\u00f6r\u0259 m\u00fcqavil\u0259l\u0259rin qeydiyyat\u0131n\u0131n t\u0259yinat\u0131 yanl\u0131z bel\u0259 m\u00fcnasib\u0259tl\u0259rin m\u00f6vcudlu\u011funu fiks\u0259 etm\u0259kd\u0259n ibar\u0259td\u0259r, onlar\u0131n m\u0259zmununu m\u00fc\u0259yy\u0259n etm\u0259kd\u0259n deyil. Bunu \u0259ksini iddia etm\u0259k h\u00fcquq ad\u0131na r\u0259zal\u0259tdir.\n<\/p>\n<p>\n  Y\u0259qin bir az a\u011f\u0131r dild\u0259 yazd\u0131m. Onda h\u0259r k\u0259sin anlayaca\u011f\u0131 dild\u0259 yaz\u0131m bunun \u0259ksini iddia etm\u0259k, y\u0259ni ittiham\u0131n ortaya qoydu\u011fu yana\u015fma il\u0259 raz\u0131la\u015fmaq eyni il\u0259 ona ox\u015fay\u0131r ki, bir ki\u015fi bir qad\u0131nla ail\u0259 qurursa v\u0259 nikah\u0131n\u0131 qeyd etdirmirs\u0259, o zaman o qad\u0131n d\u00f6n\u00fcb olur fahi\u015f\u0259. Az\u0259rbaycanda ittiham art\u0131q bu d\u0259r\u0259c\u0259d\u0259 h\u00fcquqi r\u0259zal\u0259t\u0259 g\u0259lib \u00e7at\u0131b\u201d.\n<\/p>\n<p>\n  <b><br \/>\n    \u201cD\u00f6vl\u0259tin R\u0259sul C\u0259f\u0259rova qar\u015f\u0131 c\u0131\u011fall\u0131\u011f\u0131 bununla bitmir\u201d<br \/>\n  <\/b>\n<\/p>\n<p>\n  \u201cR\u0259sul C\u0259f\u0259rovun t\u0259sis etdiyi \u201c\u0130nsan h\u00fcquqlar\u0131 Klubu\u201d \u0130ctimai Birliyi h\u00fcquqi \u015f\u0259xs kimi qeydiyyata al\u0131nmad\u0131\u011f\u0131 \u00fc\u00e7\u00fcn R.C\u0259f\u0259rov b\u00fct\u00fcn f\u0259aliyy\u0259tini fiziki \u015f\u0259xs olaraq h\u0259yata ke\u00e7irib. B\u00fct\u00fcn ald\u0131\u011f\u0131 qrantlar da fiziki \u015f\u0259xs olaraq onun hesab\u0131na daxil olub.\n<\/p>\n<p>\n  \u00c7ox t\u0259\u0259ss\u00fcf ki, d\u00f6vl\u0259tin R\u0259sul C\u0259f\u0259rova qar\u015f\u0131 c\u0131\u011fall\u0131\u011f\u0131 bununla bitmir. B\u0259lli oldu\u011fu kimi, R\u0259sul C\u0259f\u0259rovun qrant f\u0259aliyy\u0259ti 2010-2014-c\u00fc ill\u0259ri \u0259hat\u0259 edir.\n<\/p>\n<p>\n  2003-c\u00fc ild\u0259 \u201cQrant haqq\u0131nda\u201d Qanuna d\u0259yi\u015fiklik edildi v\u0259 Qanunun 4-c\u00fc madd\u0259sinin 4-c\u00fc hiss\u0259sind\u0259 Az\u0259rbaycan Respublikas\u0131n\u0131n al\u0131nan qrantlar\u0131n qeyd\u0259 al\u0131nmas\u0131 \u00fc\u00e7\u00fcn resipiyentl\u0259r t\u0259r\u0259find\u0259n m\u00fcvafiq icra hakimiyy\u0259ti orqan\u0131na t\u0259qdim olunmas\u0131 qaydas\u0131 i\u015f\u0259 sal\u0131nd\u0131.\n<\/p>\n<p>\n  Bu d\u0259yi\u015filikd\u0259n d\u0259rhal sonra Az\u0259rbaycan Respublikas\u0131 Prezidenti f\u0259rmanla qrant m\u00fcqavil\u0259l\u0259rini qeyd\u0259 alan orqanlar\u0131 m\u00fc\u0259yy\u0259n etdi. F\u0259rmana g\u00f6r\u0259, kommersiya qurumlar\u0131n\u0131n ald\u0131\u011f\u0131 qrantlar\u0131 Az\u0259rbaycan Respublikas\u0131n\u0131n \u0130qtisadiyyat v\u0259 S\u0259naye Nazirliyi, dini qurumlar\u0131n ald\u0131\u011f\u0131 qrantlar\u0131 Az\u0259rbaycan Respublikas\u0131n\u0131n Dini Qurumlarla \u0130\u015f \u00fczr\u0259 D\u00f6vl\u0259t Komit\u0259si, dig\u0259r qeyri-kommersiya qurumlar\u0131n\u0131n ald\u0131\u011f\u0131 qrantlar\u0131 Az\u0259rbaycan Respublikas\u0131n\u0131n \u018fdliyy\u0259 Nazirliyi qeyd\u0259 almal\u0131 idi.\n<\/p>\n<p>\n  B\u0259s fiziki \u015f\u0259xsl\u0259rin ald\u0131qlar\u0131 qrantlar\u0131 hans\u0131 qurum qeyd\u0259 almal\u0131 idi? B\u0259lli olmad\u0131.\n<\/p>\n<p>\n  Bununla b\u0259rab\u0259r, Prezident 2004-c\u00fc ilin fevral\u0131nda \u201cQrant m\u00fcqavil\u0259l\u0259rinin (q\u0259rarlar\u0131n) qeydiyyata al\u0131nmas\u0131\u201d Qaydalar\u0131n\u0131 t\u0259sdiq etdi. Orada yaz\u0131ld\u0131: \u201cBu Qaydalar Az\u0259rbaycan Respublikas\u0131n\u0131n h\u00fcquqi \u015f\u0259xsl\u0259ri t\u0259r\u0259find\u0259n qrant al\u0131nmas\u0131 (verilm\u0259sin\u0259) dair m\u00fcqavil\u0259l\u0259rin (q\u0259rarlar\u0131n) (bundan sonra &#8211; m\u00fcqavil\u0259 (q\u0259rar)) qeydiyyata al\u0131nmas\u0131n\u0131 t\u0259nziml\u0259yir\u201d.\n<\/p>\n<p>\n  B\u0259s fiziki \u015f\u0259xsl\u0259r t\u0259r\u0259find\u0259n al\u0131nan qrantlar hans\u0131 qaydada qeyd\u0259 al\u0131nmal\u0131 idi?\n<\/p>\n<p>\n  Bu durum 2014-c\u00fc ilin fevral ay\u0131n\u0131n 4-n\u0259 kimi davam etdi. Yanl\u0131z 2014-c\u00fc ilin fevral\u0131nda, daha sonra iyulda t\u0259krar\u0259n Prezident f\u0259rmanlar\u0131na d\u0259yi\u015fiklik etdi v\u0259 10 ild\u0259 ilk d\u0259f\u0259 fiziki \u015f\u0259xsl\u0259rin ald\u0131qlar\u0131 qrantlar\u0131 harada qeydiyyatda ke\u00e7irm\u0259l\u0259ri oldu\u011funu m\u00fc\u0259yy\u0259nl\u0259\u015fdirdi &#8211; \u018fdliyy\u0259 Nazirliyind\u0259. \u0130stintaq utanmadan \u018fdliyy\u0259 Nazirliyin\u0259 sor\u011fu verib soru\u015fub ki, R.C\u0259f\u0259rovun ald\u0131\u011f\u0131 qrantlar nazirlikd\u0259 qeydiyyatdan ke\u00e7ibmi? \u018fdliyy\u0259 Nazirliyi d\u0259 a\u011f\u0131ll-a\u011f\u0131ll\u0131 cavab verir ki, bu qrantlar qeydiyyatdan ke\u00e7m\u0259yib. He\u00e7 kim d\u0259 baxm\u0131r v\u0259 ya q\u0259sd\u0259n baxmaq ist\u0259mir ki, R.C\u0259f\u0259rov 2014-c\u00fc ilin fevral\u0131ndan sonra, \u00fcmumiyy\u0259tl\u0259, qrant al\u0131bm\u0131? T\u0259bii ki, yox almay\u0131b.\n<\/p>\n<p>\n  O zaman sual yaran\u0131r; b\u0259s fiziki \u015f\u0259xs olaraq R\u0259sul C\u0259f\u0259rov 2014-c\u00fc ilin fevral\u0131na kimi ald\u0131\u011f\u0131 qrantlar\u0131 harada qeydiyyatdan ke\u00e7irm\u0259li idi? G\u0259ncl\u0259r v\u0259 \u0130dman nazirliyind\u0259, ya Standartla\u015fd\u0131rma Komit\u0259sind\u0259? Sual yaran\u0131r; b\u0259s, o, bu qrantlar\u0131 hans\u0131 qaydada qeydiyyatdan ke\u00e7irm\u0259li idi?\u201d \u2013 dey\u0259 h\u00fcquq\u015f\u00fcnas qeyd edir.\n<\/p>\n<p>\n  Xalid Ba\u011f\u0131rov daha sonra deyir: \u201cT\u0259s\u0259vv\u00fcr edin, meydana futbol komandas\u0131 \u00e7\u0131x\u0131b, onun oyun\u00e7ular\u0131 ba\u015fla topu vurur, hakim ba\u015fla oyuna g\u00f6r\u0259 c\u0259rim\u0259 z\u0259rb\u0259si t\u0259yin edir. Amma bu vaxta q\u0259d\u0259r he\u00e7 yerd\u0259 ba\u015fla oyunun futbolda qada\u011fan oldu\u011funu yazmam\u0131\u015fd\u0131 v\u0259 elan etm\u0259mi\u015fdi. Sual verir\u0259m; sizc\u0259, h\u0259min futbol oyununu idar\u0259 ed\u0259n hakim c\u0131\u011fal deyilmi?\n<\/p>\n<p>\n  Ax\u0131 d\u00f6vl\u0259t v\u0259t\u0259nda\u015f\u0131 qoymad\u0131\u011f\u0131 qaydalara \u0259m\u0259l etm\u0259diyin\u0259 g\u00f6r\u0259 c\u0259zaland\u0131ra bilm\u0259z. Bu, Avropa Konvensiyan\u0131n 6-c\u0131 madd\u0259si bax\u0131mdan h\u00fcquqi m\u00fc\u0259yy\u0259nlik prinsipin\u0259 v\u0259 7-ci madd\u0259si q\u0259bul edilm\u0259y\u0259n v\u0259 ya retrospektiv normalar \u0259sas\u0131nda m\u0259hkum etm\u0259nin qada\u011fan olunmas\u0131 h\u00fcququna ziddir\u201d.\n<\/p>\n<p>\n  <b><br \/>\n    Vergid\u0259n yay\u0131nma, yoxsa\u2026<br \/>\n  <\/b>\n<\/p>\n<p>\n  \u201cR\u0259sul C\u0259f\u0259rov h\u0259m d\u0259 onda ittiham olunur ki, qeydiyyatdan ke\u00e7m\u0259y\u0259n v\u0259 bu s\u0259b\u0259bd\u0259n sahibkarl\u0131q f\u0259aliyy\u0259ti hesab olunan qrant layih\u0259l\u0259r \u00fczr\u0259 156427,73 manat g\u0259lir \u0259ld\u0259 edib, bundan 6257,11 manat sad\u0259l\u0259\u015fdirilmi\u015f vergini \u00f6d\u0259m\u0259kd\u0259n yay\u0131n\u0131b.\n<\/p>\n<p>\n  Bu ittiham birba\u015fa \u0259vv\u0259lki ittihamlarla ba\u011fl\u0131 verildi. Bel\u0259 ki, sad\u0259l\u0259\u015fdirilmi\u015f vergi yanl\u0131z sahibkarl\u0131q f\u0259aliyy\u0259tinin subyektl\u0259rinin \u00f6d\u0259m\u0259li olduqlar\u0131 vergi n\u00f6v\u00fcd\u00fcr. R\u0259sul C\u0259f\u0259rovun f\u0259alliyy\u0259tinin dediyimiz kimi, sahibkarl\u0131q f\u0259aliyy\u0259ti il\u0259 he\u00e7 bir \u0259laq\u0259si olmad\u0131\u011f\u0131 \u00fc\u00e7\u00fcn, o, bu sad\u0259l\u0259\u015fdirilmi\u015f vergini d\u00f6vl\u0259t\u0259 \u00f6d\u0259m\u0259m\u0259li idi.\n<\/p>\n<p>\n  H\u0259m\u00e7inin \u201cQrant haqq\u0131nda\u201d Qanun onu bu vergid\u0259n azad edirdi.\n<\/p>\n<p>\n  Qanunun 5-ci madd\u0259sinin 2-ci b\u0259ndin\u0259 g\u00f6r\u0259 qrant kimi al\u0131nan pul v\u0259 (v\u0259 ya) h\u0259r hans\u0131 dig\u0259r yard\u0131mdan r\u00fcsumlar v\u0259 d\u00f6vl\u0259t b\u00fcdc\u0259sin\u0259 m\u00fcvafiq icbari \u00f6d\u0259ni\u015fl\u0259r tutulmur.\n<\/p>\n<p>\n  Bunu t\u0259kc\u0259 biz demirik. Bunu el\u0259 d\u00f6vl\u0259t d\u0259 deyir. \u00d6z\u00fc d\u0259 Vergil\u0259r Nazirliyinin sayt\u0131nda deyir. \u018fg\u0259r d\u00f6vl\u0259t Vergil\u0259r Nazirliyi sif\u0259ti R\u0259sul C\u0259f\u0259rovun sahibkar olmad\u0131\u011f\u0131n\u0131 v\u0259 sad\u0259l\u015fmi\u015f vergi h\u00fcququ olmad\u0131\u011f\u0131n\u0131 deyirs\u0259, b\u0259s d\u00f6vl\u0259t ittiham \u0259li il\u0259 nec\u0259 R\u0259sul C\u0259f\u0259rovu vergi \u00f6d\u0259m\u0259diyin\u0259 g\u00f6r\u0259 h\u0259bs ed\u0259 bil\u0259r? Bu, c\u0131\u011fall\u0131q deyil, b\u0259s n\u0259dir?&#8221; &#8211; dey\u0259 h\u00fcquq\u015f\u00fcnas fikrini yekunla\u015fd\u0131r\u0131r.<\/p>\n","protected":false},"excerpt":{"rendered":"<p>Xalid Ba\u011f\u0131rov: \u201cD\u00f6vl\u0259t v\u0259t\u0259nda\u015f\u0131 qoymad\u0131\u011f\u0131 qaydalara \u0259m\u0259l etm\u0259diyin\u0259 g\u00f6r\u0259 c\u0259zaland\u0131ra bilm\u0259z\u201d<\/p>\n","protected":false},"author":11,"featured_media":22863,"comment_status":"closed","ping_status":"open","sticky":false,"template":"","format":"standard","meta":{"_acf_changed":false,"_sitemap_exclude":false,"_sitemap_priority":"","_sitemap_frequency":"","footnotes":""},"categories":[56],"tags":[],"class_list":["post-167588","post","type-post","status-publish","format-standard","has-post-thumbnail","hentry","category-xeberler","infinite-scroll-item","generate-columns","tablet-grid-50","mobile-grid-100","grid-parent","grid-33","no-featured-image-padding"],"acf":[],"yoast_head":"<!-- This site is optimized with the Yoast SEO plugin v28.4 - https:\/\/yoast.com\/product\/yoast-seo-wordpress\/ -->\n<title>&quot;D\u00f6vl\u0259t R\u0259sul C\u0259f\u0259rova qar\u015f\u0131 c\u0131\u011fall\u0131q edir&quot; - MEYDAN.TV<\/title>\n<meta name=\"robots\" content=\"index, follow, max-snippet:-1, max-image-preview:large, max-video-preview:-1\" \/>\n<link rel=\"canonical\" href=\"https:\/\/www.meydan.tv\/az\/article\/dovlet-resul-ceferova-qarsi-cigalliq-edir\/\" \/>\n<meta property=\"og:locale\" content=\"az_AZ\" \/>\n<meta property=\"og:type\" content=\"article\" \/>\n<meta property=\"og:title\" content=\"&quot;D\u00f6vl\u0259t R\u0259sul C\u0259f\u0259rova qar\u015f\u0131 c\u0131\u011fall\u0131q edir&quot; - MEYDAN.TV\" \/>\n<meta property=\"og:description\" content=\"Xalid Ba\u011f\u0131rov: \u201cD\u00f6vl\u0259t v\u0259t\u0259nda\u015f\u0131 qoymad\u0131\u011f\u0131 qaydalara \u0259m\u0259l etm\u0259diyin\u0259 g\u00f6r\u0259 c\u0259zaland\u0131ra bilm\u0259z\u201d\" \/>\n<meta property=\"og:url\" content=\"https:\/\/www.meydan.tv\/az\/article\/dovlet-resul-ceferova-qarsi-cigalliq-edir\/\" \/>\n<meta property=\"og:site_name\" content=\"MEYDAN.TV\" \/>\n<meta property=\"article:published_time\" content=\"2015-04-16T18:46:05+00:00\" \/>\n<meta property=\"og:image\" content=\"https:\/\/www.meydan.tv\/wp-content\/uploads\/8306.jpg\" \/>\n\t<meta property=\"og:image:width\" content=\"960\" \/>\n\t<meta property=\"og:image:height\" content=\"720\" \/>\n\t<meta property=\"og:image:type\" content=\"image\/jpeg\" \/>\n<meta name=\"twitter:card\" content=\"summary_large_image\" \/>\n<!-- \/ Yoast SEO plugin. -->","yoast_head_json":{"title":"\"D\u00f6vl\u0259t R\u0259sul C\u0259f\u0259rova qar\u015f\u0131 c\u0131\u011fall\u0131q edir\" - MEYDAN.TV","robots":{"index":"index","follow":"follow","max-snippet":"max-snippet:-1","max-image-preview":"max-image-preview:large","max-video-preview":"max-video-preview:-1"},"canonical":"https:\/\/www.meydan.tv\/az\/article\/dovlet-resul-ceferova-qarsi-cigalliq-edir\/","og_locale":"az_AZ","og_type":"article","og_title":"\"D\u00f6vl\u0259t R\u0259sul C\u0259f\u0259rova qar\u015f\u0131 c\u0131\u011fall\u0131q edir\" - MEYDAN.TV","og_description":"Xalid Ba\u011f\u0131rov: \u201cD\u00f6vl\u0259t v\u0259t\u0259nda\u015f\u0131 qoymad\u0131\u011f\u0131 qaydalara \u0259m\u0259l etm\u0259diyin\u0259 g\u00f6r\u0259 c\u0259zaland\u0131ra bilm\u0259z\u201d","og_url":"https:\/\/www.meydan.tv\/az\/article\/dovlet-resul-ceferova-qarsi-cigalliq-edir\/","og_site_name":"MEYDAN.TV","article_published_time":"2015-04-16T18:46:05+00:00","og_image":[{"width":960,"height":720,"url":"https:\/\/www.meydan.tv\/wp-content\/uploads\/8306.jpg","type":"image\/jpeg"}],"twitter_card":"summary_large_image","schema":{"@context":"https:\/\/schema.org","@graph":[{"@type":"Article","@id":"https:\/\/www.meydan.tv\/az\/article\/dovlet-resul-ceferova-qarsi-cigalliq-edir\/#article","isPartOf":{"@id":"https:\/\/www.meydan.tv\/az\/article\/dovlet-resul-ceferova-qarsi-cigalliq-edir\/"},"author":{"name":"user-manager","@id":"https:\/\/www.meydan.tv\/az\/#\/schema\/person\/10d11eccf6da3662cf5fdab9806ea91a"},"headline":"&#8220;D\u00f6vl\u0259t R\u0259sul C\u0259f\u0259rova qar\u015f\u0131 c\u0131\u011fall\u0131q edir&#8221;","datePublished":"2015-04-16T18:46:05+00:00","mainEntityOfPage":{"@id":"https:\/\/www.meydan.tv\/az\/article\/dovlet-resul-ceferova-qarsi-cigalliq-edir\/"},"wordCount":2355,"publisher":{"@id":"https:\/\/www.meydan.tv\/az\/#organization"},"image":{"@id":"https:\/\/www.meydan.tv\/az\/article\/dovlet-resul-ceferova-qarsi-cigalliq-edir\/#primaryimage"},"thumbnailUrl":"https:\/\/www.meydan.tv\/wp-content\/uploads\/8306.jpg","articleSection":["X\u0259b\u0259rl\u0259r"],"inLanguage":"az"},{"@type":"WebPage","@id":"https:\/\/www.meydan.tv\/az\/article\/dovlet-resul-ceferova-qarsi-cigalliq-edir\/","url":"https:\/\/www.meydan.tv\/az\/article\/dovlet-resul-ceferova-qarsi-cigalliq-edir\/","name":"\"D\u00f6vl\u0259t R\u0259sul C\u0259f\u0259rova qar\u015f\u0131 c\u0131\u011fall\u0131q edir\" - MEYDAN.TV","isPartOf":{"@id":"https:\/\/www.meydan.tv\/az\/#website"},"primaryImageOfPage":{"@id":"https:\/\/www.meydan.tv\/az\/article\/dovlet-resul-ceferova-qarsi-cigalliq-edir\/#primaryimage"},"image":{"@id":"https:\/\/www.meydan.tv\/az\/article\/dovlet-resul-ceferova-qarsi-cigalliq-edir\/#primaryimage"},"thumbnailUrl":"https:\/\/www.meydan.tv\/wp-content\/uploads\/8306.jpg","datePublished":"2015-04-16T18:46:05+00:00","breadcrumb":{"@id":"https:\/\/www.meydan.tv\/az\/article\/dovlet-resul-ceferova-qarsi-cigalliq-edir\/#breadcrumb"},"inLanguage":"az","potentialAction":[{"@type":"ReadAction","target":["https:\/\/www.meydan.tv\/az\/article\/dovlet-resul-ceferova-qarsi-cigalliq-edir\/"]}]},{"@type":"ImageObject","inLanguage":"az","@id":"https:\/\/www.meydan.tv\/az\/article\/dovlet-resul-ceferova-qarsi-cigalliq-edir\/#primaryimage","url":"https:\/\/www.meydan.tv\/wp-content\/uploads\/8306.jpg","contentUrl":"https:\/\/www.meydan.tv\/wp-content\/uploads\/8306.jpg","width":960,"height":720,"caption":"Source:"},{"@type":"BreadcrumbList","@id":"https:\/\/www.meydan.tv\/az\/article\/dovlet-resul-ceferova-qarsi-cigalliq-edir\/#breadcrumb","itemListElement":[{"@type":"ListItem","position":1,"name":"Ana s\u0259hif\u0259","item":"https:\/\/www.meydan.tv\/az\/"},{"@type":"ListItem","position":2,"name":"X\u0259b\u0259rl\u0259r","item":"https:\/\/www.meydan.tv\/az\/section\/xeberler\/"},{"@type":"ListItem","position":3,"name":"&#8220;D\u00f6vl\u0259t R\u0259sul C\u0259f\u0259rova qar\u015f\u0131 c\u0131\u011fall\u0131q edir&#8221;"}]},{"@type":"WebSite","@id":"https:\/\/www.meydan.tv\/az\/#website","url":"https:\/\/www.meydan.tv\/az\/","name":"MEYDAN.TV","description":"Meydan TV Az\u0259rbaycan\u0131n media m\u0259kan\u0131ndak\u0131 alternativ s\u0259sidir","publisher":{"@id":"https:\/\/www.meydan.tv\/az\/#organization"},"potentialAction":[{"@type":"SearchAction","target":{"@type":"EntryPoint","urlTemplate":"https:\/\/www.meydan.tv\/az\/?s={search_term_string}"},"query-input":{"@type":"PropertyValueSpecification","valueRequired":true,"valueName":"search_term_string"}}],"inLanguage":"az"},{"@type":"Organization","@id":"https:\/\/www.meydan.tv\/az\/#organization","name":"Meydan TV","url":"https:\/\/www.meydan.tv\/az\/","logo":{"@type":"ImageObject","inLanguage":"az","@id":"https:\/\/www.meydan.tv\/az\/#\/schema\/logo\/image\/","url":"https:\/\/www.meydan.tv\/wp-content\/uploads\/2021\/07\/meydan-logo.svg","contentUrl":"https:\/\/www.meydan.tv\/wp-content\/uploads\/2021\/07\/meydan-logo.svg","width":195,"height":46,"caption":"Meydan TV"},"image":{"@id":"https:\/\/www.meydan.tv\/az\/#\/schema\/logo\/image\/"}},{"@type":"Person","@id":"https:\/\/www.meydan.tv\/az\/#\/schema\/person\/10d11eccf6da3662cf5fdab9806ea91a","name":"user-manager"}]}},"_links":{"self":[{"href":"https:\/\/www.meydan.tv\/az\/wp-json\/wp\/v2\/posts\/167588","targetHints":{"allow":["GET"]}}],"collection":[{"href":"https:\/\/www.meydan.tv\/az\/wp-json\/wp\/v2\/posts"}],"about":[{"href":"https:\/\/www.meydan.tv\/az\/wp-json\/wp\/v2\/types\/post"}],"author":[{"embeddable":true,"href":"https:\/\/www.meydan.tv\/az\/wp-json\/wp\/v2\/users\/11"}],"replies":[{"embeddable":true,"href":"https:\/\/www.meydan.tv\/az\/wp-json\/wp\/v2\/comments?post=167588"}],"version-history":[{"count":0,"href":"https:\/\/www.meydan.tv\/az\/wp-json\/wp\/v2\/posts\/167588\/revisions"}],"wp:featuredmedia":[{"embeddable":true,"href":"https:\/\/www.meydan.tv\/az\/wp-json\/wp\/v2\/media\/22863"}],"wp:attachment":[{"href":"https:\/\/www.meydan.tv\/az\/wp-json\/wp\/v2\/media?parent=167588"}],"wp:term":[{"taxonomy":"category","embeddable":true,"href":"https:\/\/www.meydan.tv\/az\/wp-json\/wp\/v2\/categories?post=167588"},{"taxonomy":"post_tag","embeddable":true,"href":"https:\/\/www.meydan.tv\/az\/wp-json\/wp\/v2\/tags?post=167588"}],"curies":[{"name":"wp","href":"https:\/\/api.w.org\/{rel}","templated":true}]}}