{"id":167585,"date":"2015-04-16T16:33:57","date_gmt":"2015-04-16T16:33:57","guid":{"rendered":"https:\/\/www.meydan.tv\/article\/real-herekati-resul-ceferovun-hebsini-pisleyen-beyanat-yaydi\/"},"modified":"2015-04-16T16:33:57","modified_gmt":"2015-04-16T16:33:57","slug":"real-herekati-resul-ceferovun-hebsini-pisleyen-beyanat-yaydi","status":"publish","type":"post","link":"https:\/\/www.meydan.tv\/az\/article\/real-herekati-resul-ceferovun-hebsini-pisleyen-beyanat-yaydi\/","title":{"rendered":"REAL H\u0259r\u0259kat\u0131 R\u0259sul C\u0259f\u0259rovun h\u0259bsini pisl\u0259y\u0259n b\u0259yanat yayd\u0131"},"content":{"rendered":"<figure class=\"wp-block-image size-large\">\n  <img decoding=\"async\" src=\"https:\/\/www.meydan.tv\/az\/22872\/\" alt=\"\" class=\"wp-image-22872\"\/><figcaption><\/figcaption><\/figure>\n<figure class=\"wp-block-image size-large\">\n  <img decoding=\"async\" src=\"https:\/\/www.meydan.tv\/az\/22872\/\" alt=\"\" class=\"wp-image-22872\"\/><figcaption><\/figcaption><\/figure>\n<p>\n  \u201cR\u0259sul C\u0259f\u0259rovun siyasi v\u0259 v\u0259t\u0259nda\u015f m\u00f6vqeyin\u0259 g\u00f6r\u0259 bel\u0259 a\u011f\u0131r c\u0259zaya m\u0259hkum edilm\u0259si hakimiyy\u0259tin \u00f6lk\u0259d\u0259 v\u0259t\u0259nda\u015f c\u0259miyy\u0259tinin susdurulmas\u0131 v\u0259 m\u0259hv edilm\u0259si siyas\u0259tinin t\u0259rkib hiss\u0259sidir\u201d\n<\/p>\n<p>\n  REAL H\u0259r\u0259kat\u0131 \u0130dar\u0259 Heyt\u0259nin \u00fczv\u00fc aprelin 16-da R\u0259sul C\u0259f\u0259rovun bar\u0259sind\u0259 \u00e7\u0131xar\u0131lm\u0131\u015f m\u0259hk\u0259m\u0259 h\u00f6km\u00fc il\u0259 ba\u011fl\u0131 b\u0259yanat yay\u0131b. Meydan TV-y\u0259 daxil olan s\u0259n\u0259dd\u0259 g\u00f6st\u0259rilir ki, istintaq v\u0259 m\u0259hk\u0259m\u0259 ara\u015fd\u0131rmas\u0131 zaman\u0131 R\u0259sul C\u0259f\u0259rova qar\u015f\u0131 ir\u0259li s\u00fcr\u00fcl\u0259n b\u00fct\u00fcn ittihamlar\u0131n siyasi sifari\u015f oldu\u011fu bir daha \u00f6z t\u0259sdiqini tap\u0131b:\n<\/p>\n<p>\n  \u201cBu g\u00fcn A\u011f\u0131r Cinay\u0259tl\u0259r M\u0259hk\u0259m\u0259sind\u0259 hakim ittiham\u0131n t\u0259qdim etdiyi akt\u0131 sad\u0259c\u0259 \u00fcz\u00fcnd\u0259n oxumu\u015f, m\u00fcdafi\u0259 t\u0259r\u0259finin t\u0259qdim etdiyi s\u00fcbutlar\u0131 n\u0259z\u0259r\u0259 almam\u0131\u015f, R\u0259sul C\u0259f\u0259rova 6,5 il azadl\u0131qdan m\u0259hrumetm\u0259 h\u00f6km\u00fc \u00e7\u0131xardaraq, b\u00fct\u00fcn bu i\u015fin R\u0259sul C\u0259f\u0259rovun ictimai v\u0259 siyasi aktivliyin\u0259 g\u00f6r\u0259 hakimiyy\u0259t t\u0259r\u0259find\u0259n siyasi sifari\u015f oldu\u011funu g\u00f6st\u0259rmi\u015fdir. R\u0259sul C\u0259f\u0259rovun siyasi v\u0259 v\u0259t\u0259nda\u015f m\u00f6vqeyin\u0259 g\u00f6r\u0259 bel\u0259 a\u011f\u0131r c\u0259zaya m\u0259hkum edilm\u0259si hakimiyy\u0259tin \u00f6lk\u0259d\u0259 v\u0259t\u0259nda\u015f c\u0259miyy\u0259tinin susdurulmas\u0131 v\u0259 m\u0259hv edilm\u0259si siyas\u0259tinin t\u0259rkib hiss\u0259sidir\u201d.\n<\/p>\n<p>\n  REAL H\u0259r\u0259kat\u0131 b\u0259yan edir ki, \u00f6lk\u0259d\u0259 siyasi v\u0259 ictimai f\u0259allar\u0131n, v\u0259t\u0259nda\u015f c\u0259miyy\u0259ti n\u00fcmay\u0259nd\u0259l\u0259rinin sifari\u015fli h\u0259bsl\u0259ri \u00f6lk\u0259nin g\u0259l\u0259c\u0259yini ciddi t\u0259hdid alt\u0131na al\u0131r v\u0259 bel\u0259 q\u0259rarlar\u0131 sifari\u015f v\u0259 icra ed\u0259nl\u0259r tarix v\u0259 qanun qar\u015f\u0131s\u0131nda m\u00fctl\u0259q cavab ver\u0259c\u0259kl\u0259r: \u201cREAL H\u0259r\u0259kat\u0131n\u0131n s\u0259dri \u0130lqar M\u0259mm\u0259dovun v\u0259 \u0130dar\u0259 Hey\u0259tinin \u00fczv\u00fc R\u0259sul C\u0259f\u0259rovun siyasi sifari\u015f \u0259sas\u0131nda h\u0259bs edilm\u0259si h\u0259r\u0259kat\u0131n \u00f6z ideallar\u0131 v\u0259 d\u0259y\u0259rl\u0259ri u\u011frunda ard\u0131c\u0131l m\u00fcbariz\u0259d\u0259n d\u00f6nd\u0259rm\u0259y\u0259c\u0259k\u201d.\n<\/p><\/p>\n","protected":false},"excerpt":{"rendered":"<p>\u201cR\u0259sul C\u0259f\u0259rovun siyasi v\u0259 v\u0259t\u0259nda\u015f m\u00f6vqeyin\u0259 g\u00f6r\u0259 bel\u0259 a\u011f\u0131r c\u0259zaya m\u0259hkum edilm\u0259si hakimiyy\u0259tin \u00f6lk\u0259d\u0259 v\u0259t\u0259nda\u015f c\u0259miyy\u0259tinin susdurulmas\u0131 v\u0259 m\u0259hv edilm\u0259si siyas\u0259tinin t\u0259rkib hiss\u0259sidir\u201d<\/p>\n","protected":false},"author":11,"featured_media":22872,"comment_status":"closed","ping_status":"open","sticky":false,"template":"","format":"standard","meta":{"_acf_changed":false,"_sitemap_exclude":false,"_sitemap_priority":"","_sitemap_frequency":"","footnotes":""},"categories":[56],"tags":[],"class_list":["post-167585","post","type-post","status-publish","format-standard","has-post-thumbnail","hentry","category-xeberler","infinite-scroll-item","generate-columns","tablet-grid-50","mobile-grid-100","grid-parent","grid-33","no-featured-image-padding"],"acf":[],"yoast_head":"<!-- This site is optimized with the Yoast SEO plugin v28.4 - https:\/\/yoast.com\/product\/yoast-seo-wordpress\/ -->\n<title>REAL H\u0259r\u0259kat\u0131 R\u0259sul C\u0259f\u0259rovun h\u0259bsini pisl\u0259y\u0259n b\u0259yanat yayd\u0131 - MEYDAN.TV<\/title>\n<meta name=\"robots\" content=\"index, follow, max-snippet:-1, max-image-preview:large, max-video-preview:-1\" \/>\n<link rel=\"canonical\" href=\"https:\/\/www.meydan.tv\/az\/article\/real-herekati-resul-ceferovun-hebsini-pisleyen-beyanat-yaydi\/\" \/>\n<meta property=\"og:locale\" content=\"az_AZ\" \/>\n<meta property=\"og:type\" content=\"article\" \/>\n<meta property=\"og:title\" content=\"REAL H\u0259r\u0259kat\u0131 R\u0259sul C\u0259f\u0259rovun h\u0259bsini pisl\u0259y\u0259n b\u0259yanat yayd\u0131 - MEYDAN.TV\" \/>\n<meta property=\"og:description\" content=\"\u201cR\u0259sul C\u0259f\u0259rovun siyasi v\u0259 v\u0259t\u0259nda\u015f m\u00f6vqeyin\u0259 g\u00f6r\u0259 bel\u0259 a\u011f\u0131r c\u0259zaya m\u0259hkum edilm\u0259si hakimiyy\u0259tin \u00f6lk\u0259d\u0259 v\u0259t\u0259nda\u015f c\u0259miyy\u0259tinin susdurulmas\u0131 v\u0259 m\u0259hv edilm\u0259si siyas\u0259tinin t\u0259rkib hiss\u0259sidir\u201d\" \/>\n<meta property=\"og:url\" content=\"https:\/\/www.meydan.tv\/az\/article\/real-herekati-resul-ceferovun-hebsini-pisleyen-beyanat-yaydi\/\" \/>\n<meta property=\"og:site_name\" content=\"MEYDAN.TV\" \/>\n<meta property=\"article:published_time\" content=\"2015-04-16T16:33:57+00:00\" \/>\n<meta property=\"og:image\" content=\"https:\/\/www.meydan.tv\/wp-content\/uploads\/8302.jpg\" \/>\n\t<meta property=\"og:image:width\" content=\"260\" \/>\n\t<meta property=\"og:image:height\" content=\"194\" \/>\n\t<meta property=\"og:image:type\" content=\"image\/jpeg\" \/>\n<meta name=\"twitter:card\" content=\"summary_large_image\" \/>\n<!-- \/ Yoast SEO plugin. -->","yoast_head_json":{"title":"REAL H\u0259r\u0259kat\u0131 R\u0259sul C\u0259f\u0259rovun h\u0259bsini pisl\u0259y\u0259n b\u0259yanat yayd\u0131 - MEYDAN.TV","robots":{"index":"index","follow":"follow","max-snippet":"max-snippet:-1","max-image-preview":"max-image-preview:large","max-video-preview":"max-video-preview:-1"},"canonical":"https:\/\/www.meydan.tv\/az\/article\/real-herekati-resul-ceferovun-hebsini-pisleyen-beyanat-yaydi\/","og_locale":"az_AZ","og_type":"article","og_title":"REAL H\u0259r\u0259kat\u0131 R\u0259sul C\u0259f\u0259rovun h\u0259bsini pisl\u0259y\u0259n b\u0259yanat yayd\u0131 - MEYDAN.TV","og_description":"\u201cR\u0259sul C\u0259f\u0259rovun siyasi v\u0259 v\u0259t\u0259nda\u015f m\u00f6vqeyin\u0259 g\u00f6r\u0259 bel\u0259 a\u011f\u0131r c\u0259zaya m\u0259hkum edilm\u0259si hakimiyy\u0259tin \u00f6lk\u0259d\u0259 v\u0259t\u0259nda\u015f c\u0259miyy\u0259tinin susdurulmas\u0131 v\u0259 m\u0259hv edilm\u0259si siyas\u0259tinin t\u0259rkib hiss\u0259sidir\u201d","og_url":"https:\/\/www.meydan.tv\/az\/article\/real-herekati-resul-ceferovun-hebsini-pisleyen-beyanat-yaydi\/","og_site_name":"MEYDAN.TV","article_published_time":"2015-04-16T16:33:57+00:00","og_image":[{"width":260,"height":194,"url":"https:\/\/www.meydan.tv\/wp-content\/uploads\/8302.jpg","type":"image\/jpeg"}],"twitter_card":"summary_large_image","schema":{"@context":"https:\/\/schema.org","@graph":[{"@type":"Article","@id":"https:\/\/www.meydan.tv\/az\/article\/real-herekati-resul-ceferovun-hebsini-pisleyen-beyanat-yaydi\/#article","isPartOf":{"@id":"https:\/\/www.meydan.tv\/az\/article\/real-herekati-resul-ceferovun-hebsini-pisleyen-beyanat-yaydi\/"},"author":{"name":"user-manager","@id":"https:\/\/www.meydan.tv\/az\/#\/schema\/person\/10d11eccf6da3662cf5fdab9806ea91a"},"headline":"REAL H\u0259r\u0259kat\u0131 R\u0259sul C\u0259f\u0259rovun h\u0259bsini pisl\u0259y\u0259n b\u0259yanat yayd\u0131","datePublished":"2015-04-16T16:33:57+00:00","mainEntityOfPage":{"@id":"https:\/\/www.meydan.tv\/az\/article\/real-herekati-resul-ceferovun-hebsini-pisleyen-beyanat-yaydi\/"},"wordCount":394,"publisher":{"@id":"https:\/\/www.meydan.tv\/az\/#organization"},"image":{"@id":"https:\/\/www.meydan.tv\/az\/article\/real-herekati-resul-ceferovun-hebsini-pisleyen-beyanat-yaydi\/#primaryimage"},"thumbnailUrl":"https:\/\/www.meydan.tv\/wp-content\/uploads\/8302.jpg","articleSection":["X\u0259b\u0259rl\u0259r"],"inLanguage":"az"},{"@type":"WebPage","@id":"https:\/\/www.meydan.tv\/az\/article\/real-herekati-resul-ceferovun-hebsini-pisleyen-beyanat-yaydi\/","url":"https:\/\/www.meydan.tv\/az\/article\/real-herekati-resul-ceferovun-hebsini-pisleyen-beyanat-yaydi\/","name":"REAL H\u0259r\u0259kat\u0131 R\u0259sul C\u0259f\u0259rovun h\u0259bsini pisl\u0259y\u0259n b\u0259yanat yayd\u0131 - MEYDAN.TV","isPartOf":{"@id":"https:\/\/www.meydan.tv\/az\/#website"},"primaryImageOfPage":{"@id":"https:\/\/www.meydan.tv\/az\/article\/real-herekati-resul-ceferovun-hebsini-pisleyen-beyanat-yaydi\/#primaryimage"},"image":{"@id":"https:\/\/www.meydan.tv\/az\/article\/real-herekati-resul-ceferovun-hebsini-pisleyen-beyanat-yaydi\/#primaryimage"},"thumbnailUrl":"https:\/\/www.meydan.tv\/wp-content\/uploads\/8302.jpg","datePublished":"2015-04-16T16:33:57+00:00","breadcrumb":{"@id":"https:\/\/www.meydan.tv\/az\/article\/real-herekati-resul-ceferovun-hebsini-pisleyen-beyanat-yaydi\/#breadcrumb"},"inLanguage":"az","potentialAction":[{"@type":"ReadAction","target":["https:\/\/www.meydan.tv\/az\/article\/real-herekati-resul-ceferovun-hebsini-pisleyen-beyanat-yaydi\/"]}]},{"@type":"ImageObject","inLanguage":"az","@id":"https:\/\/www.meydan.tv\/az\/article\/real-herekati-resul-ceferovun-hebsini-pisleyen-beyanat-yaydi\/#primaryimage","url":"https:\/\/www.meydan.tv\/wp-content\/uploads\/8302.jpg","contentUrl":"https:\/\/www.meydan.tv\/wp-content\/uploads\/8302.jpg","width":260,"height":194,"caption":"Source:"},{"@type":"BreadcrumbList","@id":"https:\/\/www.meydan.tv\/az\/article\/real-herekati-resul-ceferovun-hebsini-pisleyen-beyanat-yaydi\/#breadcrumb","itemListElement":[{"@type":"ListItem","position":1,"name":"Ana s\u0259hif\u0259","item":"https:\/\/www.meydan.tv\/az\/"},{"@type":"ListItem","position":2,"name":"X\u0259b\u0259rl\u0259r","item":"https:\/\/www.meydan.tv\/az\/section\/xeberler\/"},{"@type":"ListItem","position":3,"name":"REAL H\u0259r\u0259kat\u0131 R\u0259sul C\u0259f\u0259rovun h\u0259bsini pisl\u0259y\u0259n b\u0259yanat yayd\u0131"}]},{"@type":"WebSite","@id":"https:\/\/www.meydan.tv\/az\/#website","url":"https:\/\/www.meydan.tv\/az\/","name":"MEYDAN.TV","description":"Meydan TV Az\u0259rbaycan\u0131n media m\u0259kan\u0131ndak\u0131 alternativ s\u0259sidir","publisher":{"@id":"https:\/\/www.meydan.tv\/az\/#organization"},"potentialAction":[{"@type":"SearchAction","target":{"@type":"EntryPoint","urlTemplate":"https:\/\/www.meydan.tv\/az\/?s={search_term_string}"},"query-input":{"@type":"PropertyValueSpecification","valueRequired":true,"valueName":"search_term_string"}}],"inLanguage":"az"},{"@type":"Organization","@id":"https:\/\/www.meydan.tv\/az\/#organization","name":"Meydan TV","url":"https:\/\/www.meydan.tv\/az\/","logo":{"@type":"ImageObject","inLanguage":"az","@id":"https:\/\/www.meydan.tv\/az\/#\/schema\/logo\/image\/","url":"https:\/\/www.meydan.tv\/wp-content\/uploads\/2021\/07\/meydan-logo.svg","contentUrl":"https:\/\/www.meydan.tv\/wp-content\/uploads\/2021\/07\/meydan-logo.svg","width":195,"height":46,"caption":"Meydan TV"},"image":{"@id":"https:\/\/www.meydan.tv\/az\/#\/schema\/logo\/image\/"}},{"@type":"Person","@id":"https:\/\/www.meydan.tv\/az\/#\/schema\/person\/10d11eccf6da3662cf5fdab9806ea91a","name":"user-manager"}]}},"_links":{"self":[{"href":"https:\/\/www.meydan.tv\/az\/wp-json\/wp\/v2\/posts\/167585","targetHints":{"allow":["GET"]}}],"collection":[{"href":"https:\/\/www.meydan.tv\/az\/wp-json\/wp\/v2\/posts"}],"about":[{"href":"https:\/\/www.meydan.tv\/az\/wp-json\/wp\/v2\/types\/post"}],"author":[{"embeddable":true,"href":"https:\/\/www.meydan.tv\/az\/wp-json\/wp\/v2\/users\/11"}],"replies":[{"embeddable":true,"href":"https:\/\/www.meydan.tv\/az\/wp-json\/wp\/v2\/comments?post=167585"}],"version-history":[{"count":0,"href":"https:\/\/www.meydan.tv\/az\/wp-json\/wp\/v2\/posts\/167585\/revisions"}],"wp:featuredmedia":[{"embeddable":true,"href":"https:\/\/www.meydan.tv\/az\/wp-json\/wp\/v2\/media\/22872"}],"wp:attachment":[{"href":"https:\/\/www.meydan.tv\/az\/wp-json\/wp\/v2\/media?parent=167585"}],"wp:term":[{"taxonomy":"category","embeddable":true,"href":"https:\/\/www.meydan.tv\/az\/wp-json\/wp\/v2\/categories?post=167585"},{"taxonomy":"post_tag","embeddable":true,"href":"https:\/\/www.meydan.tv\/az\/wp-json\/wp\/v2\/tags?post=167585"}],"curies":[{"name":"wp","href":"https:\/\/api.w.org\/{rel}","templated":true}]}}