{"id":167583,"date":"2015-04-16T15:51:28","date_gmt":"2015-04-16T15:51:28","guid":{"rendered":"https:\/\/www.meydan.tv\/article\/eli-hesenov-azerbaycan-demokratiyanin-durumuna-gore-hec-bir-olkeden-geri-qalmir\/"},"modified":"2015-04-16T15:51:28","modified_gmt":"2015-04-16T15:51:28","slug":"eli-hesenov-azerbaycan-demokratiyanin-durumuna-gore-hec-bir-olkeden-geri-qalmir","status":"publish","type":"post","link":"https:\/\/www.meydan.tv\/az\/article\/eli-hesenov-azerbaycan-demokratiyanin-durumuna-gore-hec-bir-olkeden-geri-qalmir\/","title":{"rendered":"\u018fli H\u0259s\u0259nov: &#8220;Az\u0259rbaycan demokratiyan\u0131n durumuna g\u00f6r\u0259 he\u00e7 bir \u00f6lk\u0259d\u0259n geri qalm\u0131r&#8221;"},"content":{"rendered":"<figure class=\"wp-block-image size-large\">\n  <img decoding=\"async\" src=\"https:\/\/www.meydan.tv\/az\/22866\/\" alt=\"\" class=\"wp-image-22866\"\/><figcaption><\/figcaption><\/figure>\n<figure class=\"wp-block-image size-large\">\n  <img decoding=\"async\" src=\"https:\/\/www.meydan.tv\/az\/22866\/\" alt=\"\" class=\"wp-image-22866\"\/><figcaption><\/figcaption><\/figure>\n<p>\n  \u201cBu c\u00fcr qarayaxma kampaniyalar\u0131 he\u00e7 bir\u00a0 effekt verm\u0259y\u0259c\u0259k\u201d\n<\/p>\n<p>\n  \u201cBu g\u00fcn Az\u0259rbaycanda insan h\u00fcquqlar\u0131n\u0131n, demokratiyan\u0131n, s\u00f6z, m\u0259lumat, s\u0259rb\u0259st topla\u015fmaq azadl\u0131\u011f\u0131n\u0131n durumu he\u00e7 bir d\u00fcnya \u00f6lk\u0259sind\u0259n geri qalm\u0131r\u201d.\n<\/p>\n<p>\n  <a href=\"https:\/\/apa.az\/\"><br \/>\n    APA<br \/>\n  <\/a><br \/>\n  -n\u0131n m\u0259lumat\u0131na g\u00f6r\u0259, bunu Az\u0259rbaycan Respublikas\u0131 Prezidentinin \u0130ctimai-siyasi m\u0259s\u0259l\u0259l\u0259r \u00fczr\u0259 k\u00f6m\u0259k\u00e7isi\u00a0\u018fli H\u0259s\u0259nov\u00a0ilk Avropa Oyunlar\u0131 \u0259r\u0259f\u0259sind\u0259 Az\u0259rbaycan \u0259leyhin\u0259 apar\u0131lan kampaniyaya m\u00fcnasib\u0259t bildir\u0259rk\u0259n deyib.\n<\/p>\n<p>\n  \u018f. H\u0259s\u0259nov bildirib ki, bu g\u00fcn Q\u0259rbd\u0259 anti-islam, anti-t\u00fcrk meyll\u0259ri, ikili standartlar siyas\u0259ti h\u00f6km s\u00fcr\u00fcr. B\u00fct\u00fcn bunlar Avropa siyas\u0259t\u00e7il\u0259rinin, beyn\u0259lxalq qurumlar\u0131n, h\u0259m\u00e7inin ayr\u0131-ayr\u0131 h\u00fcquq m\u00fcdafi\u0259 t\u0259\u015fkilatlar\u0131n\u0131n f\u0259aliyy\u0259tind\u0259 d\u0259 \u00f6z\u00fcn\u00fc a\u00e7\u0131q b\u00fcruz\u0259 verir: \u201cBu meyll\u0259r Az\u0259rbaycana v\u0259 T\u00fcrkiy\u0259y\u0259 m\u00fcnasib\u0259td\u0259 \u00f6z\u00fcn\u00fc x\u00fcsusi g\u00f6st\u0259rir. D\u00fc\u015f\u00fcn\u00fcr\u00fck ki, Az\u0259rbaycan c\u0259miyy\u0259ti n\u0259yin ba\u015f verdiyini \u00e7ox g\u00f6z\u0259l anlay\u0131r. Xalq\u0131m\u0131z ba\u015fa d\u00fc\u015f\u00fcr ki, \u00f6lk\u0259mizl\u0259 ba\u011fl\u0131 formala\u015fd\u0131r\u0131lma\u011fa \u00e7al\u0131\u015fan r\u0259yin, \u00a0s\u0259sl\u0259ndiril\u0259n fikirl\u0259rin he\u00e7 bir \u0259sas\u0131 yoxdur. Bunlar, sad\u0259c\u0259 olaraq, Az\u0259rbaycan d\u00f6vl\u0259tinin u\u011furlar\u0131n\u0131n, h\u0259m\u00e7inin bizim d\u00fcnyaya n\u00fcmayi\u015f etdirm\u0259k ist\u0259diyimiz d\u0259y\u0259rl\u0259rimizin effektivliyini azaltmaq m\u0259qs\u0259di da\u015f\u0131y\u0131r. \u018fmin\u0259m ki, bel\u0259 c\u0259hdl\u0259r he\u00e7 bir n\u0259tic\u0259 verm\u0259y\u0259c\u0259k. Biz real h\u0259qiq\u0259tl\u0259ri h\u0259m \u00f6z\u00fcm\u00fcz bilirik,\u00a0 h\u0259m d\u0259 d\u00fcnya ictimaiyy\u0259tin\u0259 \u00e7atd\u0131rmaq \u00fc\u00e7\u00fcn kifay\u0259t q\u0259d\u0259r\u00a0 imkanlara malikik. Az\u0259rbaycan 20 ild\u0259 d\u00fcnyan\u0131n g\u00f6z\u00fc qar\u015f\u0131s\u0131nda u\u011furlu inki\u015faf yolu ke\u00e7ib. Az\u0259rbaycan\u0131n d\u00fcnya m\u0259d\u0259niyy\u0259tin\u0259, siyas\u0259tin\u0259, iqtisadiyyat\u0131na verdiyi t\u00f6hf\u0259l\u0259r g\u00f6z qar\u015f\u0131s\u0131ndad\u0131r. Bunu he\u00e7 kim inkar ed\u0259 bilm\u0259z. Eyni zamanda he\u00e7 kim Az\u0259rbaycanda olmayan n\u00f6qsanlar\u0131 bizim aya\u011f\u0131m\u0131za yaza bilm\u0259z\u201d.\n<\/p>\n<p>\n  \u018f. H\u0259s\u0259nov qeyd edib ki, Az\u0259rbaycanda b\u00fct\u00fcn h\u00fcquqlar, b\u00fct\u00fcn azadl\u0131qlar t\u0259min olunub: \u201cBu c\u00fcr qarayaxma kampaniyalar\u0131 he\u00e7 bir\u00a0 effekt verm\u0259y\u0259c\u0259k\u201d.\n<\/p>\n<p><div><\/div><\/p>\n","protected":false},"excerpt":{"rendered":"<p>\u201cBu c\u00fcr qarayaxma kampaniyalar\u0131 he\u00e7 bir  effekt verm\u0259y\u0259c\u0259k\u201d<\/p>\n","protected":false},"author":11,"featured_media":22866,"comment_status":"closed","ping_status":"open","sticky":false,"template":"","format":"standard","meta":{"_acf_changed":false,"_sitemap_exclude":false,"_sitemap_priority":"","_sitemap_frequency":"","footnotes":""},"categories":[56],"tags":[],"class_list":["post-167583","post","type-post","status-publish","format-standard","has-post-thumbnail","hentry","category-xeberler","infinite-scroll-item","generate-columns","tablet-grid-50","mobile-grid-100","grid-parent","grid-33","no-featured-image-padding"],"acf":[],"yoast_head":"<!-- This site is optimized with the Yoast SEO plugin v28.4 - https:\/\/yoast.com\/product\/yoast-seo-wordpress\/ -->\n<title>\u018fli H\u0259s\u0259nov: &quot;Az\u0259rbaycan demokratiyan\u0131n durumuna g\u00f6r\u0259 he\u00e7 bir \u00f6lk\u0259d\u0259n geri qalm\u0131r&quot; - MEYDAN.TV<\/title>\n<meta name=\"robots\" content=\"index, follow, max-snippet:-1, max-image-preview:large, max-video-preview:-1\" \/>\n<link rel=\"canonical\" href=\"https:\/\/www.meydan.tv\/az\/article\/eli-hesenov-azerbaycan-demokratiyanin-durumuna-gore-hec-bir-olkeden-geri-qalmir\/\" \/>\n<meta property=\"og:locale\" content=\"az_AZ\" \/>\n<meta property=\"og:type\" content=\"article\" \/>\n<meta property=\"og:title\" content=\"\u018fli H\u0259s\u0259nov: &quot;Az\u0259rbaycan demokratiyan\u0131n durumuna g\u00f6r\u0259 he\u00e7 bir \u00f6lk\u0259d\u0259n geri qalm\u0131r&quot; - MEYDAN.TV\" \/>\n<meta property=\"og:description\" content=\"\u201cBu c\u00fcr qarayaxma kampaniyalar\u0131 he\u00e7 bir effekt verm\u0259y\u0259c\u0259k\u201d\" \/>\n<meta property=\"og:url\" content=\"https:\/\/www.meydan.tv\/az\/article\/eli-hesenov-azerbaycan-demokratiyanin-durumuna-gore-hec-bir-olkeden-geri-qalmir\/\" \/>\n<meta property=\"og:site_name\" content=\"MEYDAN.TV\" \/>\n<meta property=\"article:published_time\" content=\"2015-04-16T15:51:28+00:00\" \/>\n<meta property=\"og:image\" content=\"https:\/\/www.meydan.tv\/wp-content\/uploads\/8300.jpg\" \/>\n\t<meta property=\"og:image:width\" content=\"545\" \/>\n\t<meta property=\"og:image:height\" content=\"340\" \/>\n\t<meta property=\"og:image:type\" content=\"image\/jpeg\" \/>\n<meta name=\"twitter:card\" content=\"summary_large_image\" \/>\n<!-- \/ Yoast SEO plugin. -->","yoast_head_json":{"title":"\u018fli H\u0259s\u0259nov: \"Az\u0259rbaycan demokratiyan\u0131n durumuna g\u00f6r\u0259 he\u00e7 bir \u00f6lk\u0259d\u0259n geri qalm\u0131r\" - MEYDAN.TV","robots":{"index":"index","follow":"follow","max-snippet":"max-snippet:-1","max-image-preview":"max-image-preview:large","max-video-preview":"max-video-preview:-1"},"canonical":"https:\/\/www.meydan.tv\/az\/article\/eli-hesenov-azerbaycan-demokratiyanin-durumuna-gore-hec-bir-olkeden-geri-qalmir\/","og_locale":"az_AZ","og_type":"article","og_title":"\u018fli H\u0259s\u0259nov: \"Az\u0259rbaycan demokratiyan\u0131n durumuna g\u00f6r\u0259 he\u00e7 bir \u00f6lk\u0259d\u0259n geri qalm\u0131r\" - MEYDAN.TV","og_description":"\u201cBu c\u00fcr qarayaxma kampaniyalar\u0131 he\u00e7 bir effekt verm\u0259y\u0259c\u0259k\u201d","og_url":"https:\/\/www.meydan.tv\/az\/article\/eli-hesenov-azerbaycan-demokratiyanin-durumuna-gore-hec-bir-olkeden-geri-qalmir\/","og_site_name":"MEYDAN.TV","article_published_time":"2015-04-16T15:51:28+00:00","og_image":[{"width":545,"height":340,"url":"https:\/\/www.meydan.tv\/wp-content\/uploads\/8300.jpg","type":"image\/jpeg"}],"twitter_card":"summary_large_image","schema":{"@context":"https:\/\/schema.org","@graph":[{"@type":"Article","@id":"https:\/\/www.meydan.tv\/az\/article\/eli-hesenov-azerbaycan-demokratiyanin-durumuna-gore-hec-bir-olkeden-geri-qalmir\/#article","isPartOf":{"@id":"https:\/\/www.meydan.tv\/az\/article\/eli-hesenov-azerbaycan-demokratiyanin-durumuna-gore-hec-bir-olkeden-geri-qalmir\/"},"author":{"name":"user-manager","@id":"https:\/\/www.meydan.tv\/az\/#\/schema\/person\/10d11eccf6da3662cf5fdab9806ea91a"},"headline":"\u018fli H\u0259s\u0259nov: &#8220;Az\u0259rbaycan demokratiyan\u0131n durumuna g\u00f6r\u0259 he\u00e7 bir \u00f6lk\u0259d\u0259n geri qalm\u0131r&#8221;","datePublished":"2015-04-16T15:51:28+00:00","mainEntityOfPage":{"@id":"https:\/\/www.meydan.tv\/az\/article\/eli-hesenov-azerbaycan-demokratiyanin-durumuna-gore-hec-bir-olkeden-geri-qalmir\/"},"wordCount":423,"publisher":{"@id":"https:\/\/www.meydan.tv\/az\/#organization"},"image":{"@id":"https:\/\/www.meydan.tv\/az\/article\/eli-hesenov-azerbaycan-demokratiyanin-durumuna-gore-hec-bir-olkeden-geri-qalmir\/#primaryimage"},"thumbnailUrl":"https:\/\/www.meydan.tv\/wp-content\/uploads\/8300.jpg","articleSection":["X\u0259b\u0259rl\u0259r"],"inLanguage":"az"},{"@type":"WebPage","@id":"https:\/\/www.meydan.tv\/az\/article\/eli-hesenov-azerbaycan-demokratiyanin-durumuna-gore-hec-bir-olkeden-geri-qalmir\/","url":"https:\/\/www.meydan.tv\/az\/article\/eli-hesenov-azerbaycan-demokratiyanin-durumuna-gore-hec-bir-olkeden-geri-qalmir\/","name":"\u018fli H\u0259s\u0259nov: \"Az\u0259rbaycan demokratiyan\u0131n durumuna g\u00f6r\u0259 he\u00e7 bir \u00f6lk\u0259d\u0259n geri qalm\u0131r\" - MEYDAN.TV","isPartOf":{"@id":"https:\/\/www.meydan.tv\/az\/#website"},"primaryImageOfPage":{"@id":"https:\/\/www.meydan.tv\/az\/article\/eli-hesenov-azerbaycan-demokratiyanin-durumuna-gore-hec-bir-olkeden-geri-qalmir\/#primaryimage"},"image":{"@id":"https:\/\/www.meydan.tv\/az\/article\/eli-hesenov-azerbaycan-demokratiyanin-durumuna-gore-hec-bir-olkeden-geri-qalmir\/#primaryimage"},"thumbnailUrl":"https:\/\/www.meydan.tv\/wp-content\/uploads\/8300.jpg","datePublished":"2015-04-16T15:51:28+00:00","breadcrumb":{"@id":"https:\/\/www.meydan.tv\/az\/article\/eli-hesenov-azerbaycan-demokratiyanin-durumuna-gore-hec-bir-olkeden-geri-qalmir\/#breadcrumb"},"inLanguage":"az","potentialAction":[{"@type":"ReadAction","target":["https:\/\/www.meydan.tv\/az\/article\/eli-hesenov-azerbaycan-demokratiyanin-durumuna-gore-hec-bir-olkeden-geri-qalmir\/"]}]},{"@type":"ImageObject","inLanguage":"az","@id":"https:\/\/www.meydan.tv\/az\/article\/eli-hesenov-azerbaycan-demokratiyanin-durumuna-gore-hec-bir-olkeden-geri-qalmir\/#primaryimage","url":"https:\/\/www.meydan.tv\/wp-content\/uploads\/8300.jpg","contentUrl":"https:\/\/www.meydan.tv\/wp-content\/uploads\/8300.jpg","width":545,"height":340,"caption":"Source:"},{"@type":"BreadcrumbList","@id":"https:\/\/www.meydan.tv\/az\/article\/eli-hesenov-azerbaycan-demokratiyanin-durumuna-gore-hec-bir-olkeden-geri-qalmir\/#breadcrumb","itemListElement":[{"@type":"ListItem","position":1,"name":"Ana s\u0259hif\u0259","item":"https:\/\/www.meydan.tv\/az\/"},{"@type":"ListItem","position":2,"name":"X\u0259b\u0259rl\u0259r","item":"https:\/\/www.meydan.tv\/az\/section\/xeberler\/"},{"@type":"ListItem","position":3,"name":"\u018fli H\u0259s\u0259nov: &#8220;Az\u0259rbaycan demokratiyan\u0131n durumuna g\u00f6r\u0259 he\u00e7 bir \u00f6lk\u0259d\u0259n geri qalm\u0131r&#8221;"}]},{"@type":"WebSite","@id":"https:\/\/www.meydan.tv\/az\/#website","url":"https:\/\/www.meydan.tv\/az\/","name":"MEYDAN.TV","description":"Meydan TV Az\u0259rbaycan\u0131n media m\u0259kan\u0131ndak\u0131 alternativ s\u0259sidir","publisher":{"@id":"https:\/\/www.meydan.tv\/az\/#organization"},"potentialAction":[{"@type":"SearchAction","target":{"@type":"EntryPoint","urlTemplate":"https:\/\/www.meydan.tv\/az\/?s={search_term_string}"},"query-input":{"@type":"PropertyValueSpecification","valueRequired":true,"valueName":"search_term_string"}}],"inLanguage":"az"},{"@type":"Organization","@id":"https:\/\/www.meydan.tv\/az\/#organization","name":"Meydan TV","url":"https:\/\/www.meydan.tv\/az\/","logo":{"@type":"ImageObject","inLanguage":"az","@id":"https:\/\/www.meydan.tv\/az\/#\/schema\/logo\/image\/","url":"https:\/\/www.meydan.tv\/wp-content\/uploads\/2021\/07\/meydan-logo.svg","contentUrl":"https:\/\/www.meydan.tv\/wp-content\/uploads\/2021\/07\/meydan-logo.svg","width":195,"height":46,"caption":"Meydan TV"},"image":{"@id":"https:\/\/www.meydan.tv\/az\/#\/schema\/logo\/image\/"}},{"@type":"Person","@id":"https:\/\/www.meydan.tv\/az\/#\/schema\/person\/10d11eccf6da3662cf5fdab9806ea91a","name":"user-manager"}]}},"_links":{"self":[{"href":"https:\/\/www.meydan.tv\/az\/wp-json\/wp\/v2\/posts\/167583","targetHints":{"allow":["GET"]}}],"collection":[{"href":"https:\/\/www.meydan.tv\/az\/wp-json\/wp\/v2\/posts"}],"about":[{"href":"https:\/\/www.meydan.tv\/az\/wp-json\/wp\/v2\/types\/post"}],"author":[{"embeddable":true,"href":"https:\/\/www.meydan.tv\/az\/wp-json\/wp\/v2\/users\/11"}],"replies":[{"embeddable":true,"href":"https:\/\/www.meydan.tv\/az\/wp-json\/wp\/v2\/comments?post=167583"}],"version-history":[{"count":0,"href":"https:\/\/www.meydan.tv\/az\/wp-json\/wp\/v2\/posts\/167583\/revisions"}],"wp:featuredmedia":[{"embeddable":true,"href":"https:\/\/www.meydan.tv\/az\/wp-json\/wp\/v2\/media\/22866"}],"wp:attachment":[{"href":"https:\/\/www.meydan.tv\/az\/wp-json\/wp\/v2\/media?parent=167583"}],"wp:term":[{"taxonomy":"category","embeddable":true,"href":"https:\/\/www.meydan.tv\/az\/wp-json\/wp\/v2\/categories?post=167583"},{"taxonomy":"post_tag","embeddable":true,"href":"https:\/\/www.meydan.tv\/az\/wp-json\/wp\/v2\/tags?post=167583"}],"curies":[{"name":"wp","href":"https:\/\/api.w.org\/{rel}","templated":true}]}}