{"id":167582,"date":"2015-04-16T14:28:12","date_gmt":"2015-04-16T14:28:12","guid":{"rendered":"https:\/\/www.meydan.tv\/article\/resul-ceferova-6-il-6-ay-hebs-cezasi-verilib\/"},"modified":"2015-04-16T14:28:12","modified_gmt":"2015-04-16T14:28:12","slug":"resul-ceferova-6-il-6-ay-hebs-cezasi-verilib","status":"publish","type":"post","link":"https:\/\/www.meydan.tv\/az\/article\/resul-ceferova-6-il-6-ay-hebs-cezasi-verilib\/","title":{"rendered":"R\u0259sul C\u0259f\u0259rova 6 il 6 ay h\u0259bs c\u0259zas\u0131 verilib"},"content":{"rendered":"<figure class=\"wp-block-image size-large\">\n  <img decoding=\"async\" src=\"https:\/\/www.meydan.tv\/az\/22860\/\" alt=\"\" class=\"wp-image-22860\"\/><figcaption><\/figcaption><\/figure>\n<figure class=\"wp-block-image size-large\">\n  <img decoding=\"async\" src=\"https:\/\/www.meydan.tv\/az\/22860\/\" alt=\"\" class=\"wp-image-22860\"\/><figcaption><\/figcaption><\/figure>\n<p>\n  <b><br \/>\n    H\u00fcquq m\u00fcdafi\u0259\u00e7isi q\u0259rara &#8221; Bu, siyasi h\u0259bsdir&#8221; dey\u0259\u00a0m\u00fcnasib\u0259t bildirib<br \/>\n  <\/b>\n<\/p>\n<p>\n  16 apreld\u0259 Bak\u0131 A\u011f\u0131r Cinay\u0259tl\u0259r M\u0259hk\u0259m\u0259sind\u0259 \u0130nsan Haqlar\u0131 Klubunun s\u0259dri, h\u00fcquq m\u00fcdafi\u0259\u00e7isi R\u0259sul C\u0259f\u0259rova h\u00f6km oxunub. Bu bar\u0259d\u0259 m\u0259hk\u0259m\u0259 prosesind\u0259 i\u015ftirak ed\u0259n Meydan TV-nin m\u00fcxbiri x\u0259b\u0259r verib.\u00a0H\u00fcquq m\u00fcdafi\u0259\u00e7isi q\u0259rara &#8221; Bu, siyasi h\u0259bsdir&#8221; dey\u0259 m\u00fcnasib\u0259t bildirib.\n<\/p>\n<p>\n  Prokuror R\u0259sul C\u0259f\u0259rova 9 il h\u0259bs ist\u0259mi\u015fdi.\n<\/p>\n<p>\n  \u00a0R.C\u0259f\u0259rov \u00f6t\u0259n il avqustun 2-d\u0259 h\u0259bs edilib. Ona qar\u015f\u0131 Cinay\u0259t M\u0259c\u0259ll\u0259sinin qanunsuz sahibkarl\u0131q, vergid\u0259n yay\u0131nma v\u0259 v\u0259zif\u0259 s\u0259lahiyy\u0259tl\u0259rini a\u015fma madd\u0259l\u0259ri il\u0259 ittiham ir\u0259li s\u00fcr\u00fcl\u00fcb.\n<\/p>\n<p><div><\/div><\/p>\n","protected":false},"excerpt":{"rendered":"<p>H\u00fcquq m\u00fcdafi\u0259\u00e7isi q\u0259rara &#8221; Bu, siyasi h\u0259bsdir&#8221; dey\u0259 m\u00fcnasib\u0259t bildirib<\/p>\n","protected":false},"author":11,"featured_media":22860,"comment_status":"closed","ping_status":"open","sticky":false,"template":"","format":"standard","meta":{"_acf_changed":false,"_sitemap_exclude":false,"_sitemap_priority":"","_sitemap_frequency":"","footnotes":""},"categories":[56],"tags":[],"class_list":["post-167582","post","type-post","status-publish","format-standard","has-post-thumbnail","hentry","category-xeberler","infinite-scroll-item","generate-columns","tablet-grid-50","mobile-grid-100","grid-parent","grid-33","no-featured-image-padding"],"acf":[],"yoast_head":"<!-- This site is optimized with the Yoast SEO plugin v28.4 - https:\/\/yoast.com\/product\/yoast-seo-wordpress\/ -->\n<title>R\u0259sul C\u0259f\u0259rova 6 il 6 ay h\u0259bs c\u0259zas\u0131 verilib - MEYDAN.TV<\/title>\n<meta name=\"robots\" content=\"index, follow, max-snippet:-1, max-image-preview:large, max-video-preview:-1\" \/>\n<link rel=\"canonical\" href=\"https:\/\/www.meydan.tv\/az\/article\/resul-ceferova-6-il-6-ay-hebs-cezasi-verilib\/\" \/>\n<meta property=\"og:locale\" content=\"az_AZ\" \/>\n<meta property=\"og:type\" content=\"article\" \/>\n<meta property=\"og:title\" content=\"R\u0259sul C\u0259f\u0259rova 6 il 6 ay h\u0259bs c\u0259zas\u0131 verilib - MEYDAN.TV\" \/>\n<meta property=\"og:description\" content=\"H\u00fcquq m\u00fcdafi\u0259\u00e7isi q\u0259rara &quot; Bu, siyasi h\u0259bsdir&quot; dey\u0259 m\u00fcnasib\u0259t bildirib\" \/>\n<meta property=\"og:url\" content=\"https:\/\/www.meydan.tv\/az\/article\/resul-ceferova-6-il-6-ay-hebs-cezasi-verilib\/\" \/>\n<meta property=\"og:site_name\" content=\"MEYDAN.TV\" \/>\n<meta property=\"article:published_time\" content=\"2015-04-16T14:28:12+00:00\" \/>\n<meta property=\"og:image\" content=\"https:\/\/www.meydan.tv\/wp-content\/uploads\/8299.jpg\" \/>\n\t<meta property=\"og:image:width\" content=\"400\" \/>\n\t<meta property=\"og:image:height\" content=\"215\" \/>\n\t<meta property=\"og:image:type\" content=\"image\/jpeg\" \/>\n<meta name=\"twitter:card\" content=\"summary_large_image\" \/>\n<!-- \/ Yoast SEO plugin. -->","yoast_head_json":{"title":"R\u0259sul C\u0259f\u0259rova 6 il 6 ay h\u0259bs c\u0259zas\u0131 verilib - MEYDAN.TV","robots":{"index":"index","follow":"follow","max-snippet":"max-snippet:-1","max-image-preview":"max-image-preview:large","max-video-preview":"max-video-preview:-1"},"canonical":"https:\/\/www.meydan.tv\/az\/article\/resul-ceferova-6-il-6-ay-hebs-cezasi-verilib\/","og_locale":"az_AZ","og_type":"article","og_title":"R\u0259sul C\u0259f\u0259rova 6 il 6 ay h\u0259bs c\u0259zas\u0131 verilib - MEYDAN.TV","og_description":"H\u00fcquq m\u00fcdafi\u0259\u00e7isi q\u0259rara \" Bu, siyasi h\u0259bsdir\" dey\u0259 m\u00fcnasib\u0259t bildirib","og_url":"https:\/\/www.meydan.tv\/az\/article\/resul-ceferova-6-il-6-ay-hebs-cezasi-verilib\/","og_site_name":"MEYDAN.TV","article_published_time":"2015-04-16T14:28:12+00:00","og_image":[{"width":400,"height":215,"url":"https:\/\/www.meydan.tv\/wp-content\/uploads\/8299.jpg","type":"image\/jpeg"}],"twitter_card":"summary_large_image","schema":{"@context":"https:\/\/schema.org","@graph":[{"@type":"Article","@id":"https:\/\/www.meydan.tv\/az\/article\/resul-ceferova-6-il-6-ay-hebs-cezasi-verilib\/#article","isPartOf":{"@id":"https:\/\/www.meydan.tv\/az\/article\/resul-ceferova-6-il-6-ay-hebs-cezasi-verilib\/"},"author":{"name":"user-manager","@id":"https:\/\/www.meydan.tv\/az\/#\/schema\/person\/10d11eccf6da3662cf5fdab9806ea91a"},"headline":"R\u0259sul C\u0259f\u0259rova 6 il 6 ay h\u0259bs c\u0259zas\u0131 verilib","datePublished":"2015-04-16T14:28:12+00:00","mainEntityOfPage":{"@id":"https:\/\/www.meydan.tv\/az\/article\/resul-ceferova-6-il-6-ay-hebs-cezasi-verilib\/"},"wordCount":151,"publisher":{"@id":"https:\/\/www.meydan.tv\/az\/#organization"},"image":{"@id":"https:\/\/www.meydan.tv\/az\/article\/resul-ceferova-6-il-6-ay-hebs-cezasi-verilib\/#primaryimage"},"thumbnailUrl":"https:\/\/www.meydan.tv\/wp-content\/uploads\/8299.jpg","articleSection":["X\u0259b\u0259rl\u0259r"],"inLanguage":"az"},{"@type":"WebPage","@id":"https:\/\/www.meydan.tv\/az\/article\/resul-ceferova-6-il-6-ay-hebs-cezasi-verilib\/","url":"https:\/\/www.meydan.tv\/az\/article\/resul-ceferova-6-il-6-ay-hebs-cezasi-verilib\/","name":"R\u0259sul C\u0259f\u0259rova 6 il 6 ay h\u0259bs c\u0259zas\u0131 verilib - MEYDAN.TV","isPartOf":{"@id":"https:\/\/www.meydan.tv\/az\/#website"},"primaryImageOfPage":{"@id":"https:\/\/www.meydan.tv\/az\/article\/resul-ceferova-6-il-6-ay-hebs-cezasi-verilib\/#primaryimage"},"image":{"@id":"https:\/\/www.meydan.tv\/az\/article\/resul-ceferova-6-il-6-ay-hebs-cezasi-verilib\/#primaryimage"},"thumbnailUrl":"https:\/\/www.meydan.tv\/wp-content\/uploads\/8299.jpg","datePublished":"2015-04-16T14:28:12+00:00","breadcrumb":{"@id":"https:\/\/www.meydan.tv\/az\/article\/resul-ceferova-6-il-6-ay-hebs-cezasi-verilib\/#breadcrumb"},"inLanguage":"az","potentialAction":[{"@type":"ReadAction","target":["https:\/\/www.meydan.tv\/az\/article\/resul-ceferova-6-il-6-ay-hebs-cezasi-verilib\/"]}]},{"@type":"ImageObject","inLanguage":"az","@id":"https:\/\/www.meydan.tv\/az\/article\/resul-ceferova-6-il-6-ay-hebs-cezasi-verilib\/#primaryimage","url":"https:\/\/www.meydan.tv\/wp-content\/uploads\/8299.jpg","contentUrl":"https:\/\/www.meydan.tv\/wp-content\/uploads\/8299.jpg","width":400,"height":215,"caption":"Source:"},{"@type":"BreadcrumbList","@id":"https:\/\/www.meydan.tv\/az\/article\/resul-ceferova-6-il-6-ay-hebs-cezasi-verilib\/#breadcrumb","itemListElement":[{"@type":"ListItem","position":1,"name":"Ana s\u0259hif\u0259","item":"https:\/\/www.meydan.tv\/az\/"},{"@type":"ListItem","position":2,"name":"X\u0259b\u0259rl\u0259r","item":"https:\/\/www.meydan.tv\/az\/section\/xeberler\/"},{"@type":"ListItem","position":3,"name":"R\u0259sul C\u0259f\u0259rova 6 il 6 ay h\u0259bs c\u0259zas\u0131 verilib"}]},{"@type":"WebSite","@id":"https:\/\/www.meydan.tv\/az\/#website","url":"https:\/\/www.meydan.tv\/az\/","name":"MEYDAN.TV","description":"Meydan TV Az\u0259rbaycan\u0131n media m\u0259kan\u0131ndak\u0131 alternativ s\u0259sidir","publisher":{"@id":"https:\/\/www.meydan.tv\/az\/#organization"},"potentialAction":[{"@type":"SearchAction","target":{"@type":"EntryPoint","urlTemplate":"https:\/\/www.meydan.tv\/az\/?s={search_term_string}"},"query-input":{"@type":"PropertyValueSpecification","valueRequired":true,"valueName":"search_term_string"}}],"inLanguage":"az"},{"@type":"Organization","@id":"https:\/\/www.meydan.tv\/az\/#organization","name":"Meydan TV","url":"https:\/\/www.meydan.tv\/az\/","logo":{"@type":"ImageObject","inLanguage":"az","@id":"https:\/\/www.meydan.tv\/az\/#\/schema\/logo\/image\/","url":"https:\/\/www.meydan.tv\/wp-content\/uploads\/2021\/07\/meydan-logo.svg","contentUrl":"https:\/\/www.meydan.tv\/wp-content\/uploads\/2021\/07\/meydan-logo.svg","width":195,"height":46,"caption":"Meydan TV"},"image":{"@id":"https:\/\/www.meydan.tv\/az\/#\/schema\/logo\/image\/"}},{"@type":"Person","@id":"https:\/\/www.meydan.tv\/az\/#\/schema\/person\/10d11eccf6da3662cf5fdab9806ea91a","name":"user-manager"}]}},"_links":{"self":[{"href":"https:\/\/www.meydan.tv\/az\/wp-json\/wp\/v2\/posts\/167582","targetHints":{"allow":["GET"]}}],"collection":[{"href":"https:\/\/www.meydan.tv\/az\/wp-json\/wp\/v2\/posts"}],"about":[{"href":"https:\/\/www.meydan.tv\/az\/wp-json\/wp\/v2\/types\/post"}],"author":[{"embeddable":true,"href":"https:\/\/www.meydan.tv\/az\/wp-json\/wp\/v2\/users\/11"}],"replies":[{"embeddable":true,"href":"https:\/\/www.meydan.tv\/az\/wp-json\/wp\/v2\/comments?post=167582"}],"version-history":[{"count":0,"href":"https:\/\/www.meydan.tv\/az\/wp-json\/wp\/v2\/posts\/167582\/revisions"}],"wp:featuredmedia":[{"embeddable":true,"href":"https:\/\/www.meydan.tv\/az\/wp-json\/wp\/v2\/media\/22860"}],"wp:attachment":[{"href":"https:\/\/www.meydan.tv\/az\/wp-json\/wp\/v2\/media?parent=167582"}],"wp:term":[{"taxonomy":"category","embeddable":true,"href":"https:\/\/www.meydan.tv\/az\/wp-json\/wp\/v2\/categories?post=167582"},{"taxonomy":"post_tag","embeddable":true,"href":"https:\/\/www.meydan.tv\/az\/wp-json\/wp\/v2\/tags?post=167582"}],"curies":[{"name":"wp","href":"https:\/\/api.w.org\/{rel}","templated":true}]}}