{"id":167581,"date":"2015-04-16T13:43:21","date_gmt":"2015-04-16T13:43:21","guid":{"rendered":"https:\/\/www.meydan.tv\/article\/xedice-ismayil-pen-mukafatina-layiq-gorulub\/"},"modified":"2015-04-16T13:43:21","modified_gmt":"2015-04-16T13:43:21","slug":"xedice-ismayil-pen-mukafatina-layiq-gorulub","status":"publish","type":"post","link":"https:\/\/www.meydan.tv\/az\/article\/xedice-ismayil-pen-mukafatina-layiq-gorulub\/","title":{"rendered":"X\u0259dic\u0259 \u0130smay\u0131l PEN m\u00fckafat\u0131na layiq g\u00f6r\u00fcl\u00fcb"},"content":{"rendered":"<figure class=\"wp-block-image size-large\">\n  <img decoding=\"async\" src=\"https:\/\/www.meydan.tv\/az\/22803\/\" alt=\"\" class=\"wp-image-22803\"\/><figcaption><\/figcaption><\/figure>\n<p>\n  Onlarla idman yazar\u0131 PEN-\u0259 qo\u015fularaq X\u0259dic\u0259ni ilk Avropa Oyunlar\u0131 \u0259r\u0259f\u0259sind\u0259 azadl\u0131\u011fa buraxma\u011fa \u00e7a\u011f\u0131r\u0131r\n<\/p>\n<p>\n  Ara\u015fd\u0131rma\u00e7\u0131 jurnalist X\u0259dic\u0259 \u0130smay\u0131l beyn\u0259lxalq PEN m\u00fckafat\u0131na layiq g\u00f6r\u00fcl\u00fcb. X\u0259dic\u0259 \u0130smay\u0131la<br \/>\n  <a href=\"http:\/\/www.pen.org\/press-release\/2015\/04\/15\/pen-american-center-honor-khadija-ismayilova-penbarbara-goldsmith-freedom\" target=\"_blank\" rel=\"noopener\"><br \/>\n    PEN\/Barbara Goldsmith Yazmaq Azadl\u0131\u011f\u0131 m\u00fckafat\u0131<br \/>\n  <\/a><br \/>\n  verilir.\n<\/p>\n<p>\n  Onlarla idman yazar\u0131 PEN-\u0259 qo\u015fularaq X\u0259dic\u0259ni ilk Avropa Oyunlar\u0131 \u0259r\u0259f\u0259sind\u0259 azadl\u0131\u011fa buraxma\u011fa \u00e7a\u011f\u0131r\u0131r.\n<\/p>\n<p>\n  PEN Amerika M\u0259rk\u0259zi bildirir ki, m\u00fckafat bu il may\u0131n 5-d\u0259 Nyu Yorkda Amerika T\u0259bi\u0259t Tarixi Muzeyind\u0259 t\u0259qdim olunacaq.\n<\/p>\n<p>\n  X\u0259dic\u0259 \u0130smay\u0131l Az\u0259rbaycanda d\u00f6vl\u0259t s\u0259viyy\u0259sind\u0259 korrupsiya faktlar\u0131n\u0131 \u00fcz\u0259 \u00e7\u0131xarm\u0131\u015f jurnalistdir. O, \u00f6t\u0259n il dekabr\u0131n 5-d\u0259 ke\u00e7mi\u015f h\u0259mkar\u0131n\u0131 intihar h\u0259ddin\u0259 \u00e7atd\u0131rma ittiham\u0131yla h\u0259bs olunub.\n<\/p>\n<p>\n  PEN Beyn\u0259lxalq Olimpiya Komit\u0259sinin (BOK) prezidenti Thomas Bach-a m\u0259ktub yazaraq \u0130smay\u0131l\u0131n ilk Avropa Oyunlar\u0131 \u0259r\u0259f\u0259sind\u0259 azadl\u0131\u011fa burax\u0131lmas\u0131na \u00e7a\u011f\u0131r\u0131b. H\u0259min \u00e7a\u011f\u0131r\u0131\u015fa Amerikan\u0131n tan\u0131nm\u0131\u015f idman jurnalistl\u0259ri \u2013<br \/>\n  <b><br \/>\n    Bob Costas<br \/>\n  <\/b><br \/>\n  (NBC News),<br \/>\n  <b><br \/>\n    Frank Deford<br \/>\n  <\/b><br \/>\n  (<br \/>\n  <i><br \/>\n    Sports Illustrated<br \/>\n  <\/i><br \/>\n  ),<br \/>\n  <b><br \/>\n    Steve Fainaru<br \/>\n  <\/b><br \/>\n  v\u0259<br \/>\n  <b><br \/>\n    Mark Fainaru-Wada<br \/>\n  <\/b><br \/>\n  (ESPN) v\u0259<br \/>\n  <b><br \/>\n    David Remnick<br \/>\n  <\/b><br \/>\n  \u00a0(<br \/>\n  <i><br \/>\n    The New Yorker<br \/>\n  <\/i><br \/>\n  ) da qo\u015fulub. M\u0259ktub m\u00fc\u0259llifl\u0259ri BOK-u \u00e7a\u011f\u0131r\u0131r ki, Az\u0259rbaycana t\u0259zyiq g\u00f6st\u0259rsin, \u201cOlimpiya Xartiyas\u0131n\u0131n ruhuna \u0259m\u0259l olunsun v\u0259 X\u0259dic\u0259 \u0130smay\u0131l v\u0259 h\u0259mkarlar\u0131 b\u0259ra\u0259t als\u0131n\u201d.\n<\/p>\n<p>\n  Daha sonra b\u0259yanatda Az\u0259rbaycanda repressiv media m\u00fchitind\u0259n b\u0259hs olunur. X\u0259dic\u0259 \u0130smay\u0131la daha 4 ittiham da ir\u0259li s\u00fcr\u00fcl\u00fcb v\u0259 12 il\u0259d\u0259k h\u0259bs c\u0259zas\u0131 ala bil\u0259r.\n<\/p>\n<p>\n  \u201cX\u0259dic\u0259 \u0130smay\u0131l qorxu bilmir. O, d\u0259f\u0259l\u0259rl\u0259 korrupsiyaya k\u0259skin i\u015f\u0131q salan ara\u015fd\u0131rmalar haz\u0131rlay\u0131b,\u201d PEN t\u0259\u015fkilat\u0131n\u0131n icra\u00e7\u0131 direktoru<br \/>\n  <b><br \/>\n    Suzanne Nossel<br \/>\n  <\/b><br \/>\n  deyib. \u201cO, h\u0259bsxanadan da m\u0259ktublar g\u00f6nd\u0259rir v\u0259 g\u00f6st\u0259rir ki, Az\u0259rbaycanda b\u00fct\u00fcn yazarlar t\u0259qib qorxusu olmadan ifad\u0259 azadl\u0131\u011f\u0131 \u0259ld\u0259 etm\u0259yinc\u0259 susdurulmayacaq\u201d.\n<\/p>\n<p>\n  PEN\/Barbara Goldsmith Yazmaq Azadl\u0131\u011f\u0131 m\u00fckafat\u0131 h\u0259r il i\u015fin\u0259 g\u00f6r\u0259 h\u0259bs\u0259 at\u0131lan v\u0259 t\u0259qib olunan \u015f\u0259xsl\u0259r\u0259 verilir. 1987-ci ild\u0259n b\u0259ri m\u00fckafata layiq g\u00f6r\u00fcl\u0259n zaman h\u0259bsd\u0259 olan 39 yazardan 35-i azadl\u0131\u011fa \u00e7\u0131x\u0131b. X\u0259dic\u0259nin ad\u0131ndan m\u00fckafat\u0131 az\u0259rbaycanl\u0131 jurnalist v\u0259 dostu Emin Milli q\u0259bul ed\u0259c\u0259k.\n<\/p>\n<p>\n  PEN &#8220;\u018fd\u0259bi Xidm\u0259t&#8221;, &#8220;\u0130fad\u0259 Azadl\u0131\u011f\u0131 C\u0259sar\u0259ti&#8221;, &#8220;F\u0259xri Na\u015fir&#8221; m\u00fckafatlar\u0131 da t\u0259qdim edir.\n<\/p>\n<p>\n  PEN Amerika M\u0259rk\u0259zi 1922-ci ild\u0259 yarad\u0131l\u0131b, 4 min yaz\u0131\u00e7\u0131 \u00fczv\u00fc var. Qurumun m\u0259qs\u0259d d\u00fcnyada ifad\u0259 azadl\u0131\u011f\u0131na mane\u0259l\u0259ri aradan qald\u0131rmaqd\u0131r. (<br \/>\n  <b><br \/>\n    Azadl\u0131q Radiosu<br \/>\n  <\/b><br \/>\n  )<\/p>\n","protected":false},"excerpt":{"rendered":"<p>Onlarla idman yazar\u0131 PEN-\u0259 qo\u015fularaq X\u0259dic\u0259ni ilk Avropa Oyunlar\u0131 \u0259r\u0259f\u0259sind\u0259 azadl\u0131\u011fa buraxma\u011fa \u00e7a\u011f\u0131r\u0131r<\/p>\n","protected":false},"author":11,"featured_media":22803,"comment_status":"closed","ping_status":"open","sticky":false,"template":"","format":"standard","meta":{"_acf_changed":false,"_sitemap_exclude":false,"_sitemap_priority":"","_sitemap_frequency":"","footnotes":""},"categories":[56],"tags":[],"class_list":["post-167581","post","type-post","status-publish","format-standard","has-post-thumbnail","hentry","category-xeberler","infinite-scroll-item","generate-columns","tablet-grid-50","mobile-grid-100","grid-parent","grid-33","no-featured-image-padding"],"acf":[],"yoast_head":"<!-- This site is optimized with the Yoast SEO plugin v28.4 - https:\/\/yoast.com\/product\/yoast-seo-wordpress\/ -->\n<title>X\u0259dic\u0259 \u0130smay\u0131l PEN m\u00fckafat\u0131na layiq g\u00f6r\u00fcl\u00fcb - MEYDAN.TV<\/title>\n<meta name=\"robots\" content=\"index, follow, max-snippet:-1, max-image-preview:large, max-video-preview:-1\" \/>\n<link rel=\"canonical\" href=\"https:\/\/www.meydan.tv\/az\/article\/xedice-ismayil-pen-mukafatina-layiq-gorulub\/\" \/>\n<meta property=\"og:locale\" content=\"az_AZ\" \/>\n<meta property=\"og:type\" content=\"article\" \/>\n<meta property=\"og:title\" content=\"X\u0259dic\u0259 \u0130smay\u0131l PEN m\u00fckafat\u0131na layiq g\u00f6r\u00fcl\u00fcb - MEYDAN.TV\" \/>\n<meta property=\"og:description\" content=\"Onlarla idman yazar\u0131 PEN-\u0259 qo\u015fularaq X\u0259dic\u0259ni ilk Avropa Oyunlar\u0131 \u0259r\u0259f\u0259sind\u0259 azadl\u0131\u011fa buraxma\u011fa \u00e7a\u011f\u0131r\u0131r\" \/>\n<meta property=\"og:url\" content=\"https:\/\/www.meydan.tv\/az\/article\/xedice-ismayil-pen-mukafatina-layiq-gorulub\/\" \/>\n<meta property=\"og:site_name\" content=\"MEYDAN.TV\" \/>\n<meta property=\"article:published_time\" content=\"2015-04-16T13:43:21+00:00\" \/>\n<meta property=\"og:image\" content=\"https:\/\/www.meydan.tv\/wp-content\/uploads\/8298.jpg\" \/>\n\t<meta property=\"og:image:width\" content=\"959\" \/>\n\t<meta property=\"og:image:height\" content=\"639\" \/>\n\t<meta property=\"og:image:type\" content=\"image\/jpeg\" \/>\n<meta name=\"twitter:card\" content=\"summary_large_image\" \/>\n<!-- \/ Yoast SEO plugin. -->","yoast_head_json":{"title":"X\u0259dic\u0259 \u0130smay\u0131l PEN m\u00fckafat\u0131na layiq g\u00f6r\u00fcl\u00fcb - MEYDAN.TV","robots":{"index":"index","follow":"follow","max-snippet":"max-snippet:-1","max-image-preview":"max-image-preview:large","max-video-preview":"max-video-preview:-1"},"canonical":"https:\/\/www.meydan.tv\/az\/article\/xedice-ismayil-pen-mukafatina-layiq-gorulub\/","og_locale":"az_AZ","og_type":"article","og_title":"X\u0259dic\u0259 \u0130smay\u0131l PEN m\u00fckafat\u0131na layiq g\u00f6r\u00fcl\u00fcb - MEYDAN.TV","og_description":"Onlarla idman yazar\u0131 PEN-\u0259 qo\u015fularaq X\u0259dic\u0259ni ilk Avropa Oyunlar\u0131 \u0259r\u0259f\u0259sind\u0259 azadl\u0131\u011fa buraxma\u011fa \u00e7a\u011f\u0131r\u0131r","og_url":"https:\/\/www.meydan.tv\/az\/article\/xedice-ismayil-pen-mukafatina-layiq-gorulub\/","og_site_name":"MEYDAN.TV","article_published_time":"2015-04-16T13:43:21+00:00","og_image":[{"width":959,"height":639,"url":"https:\/\/www.meydan.tv\/wp-content\/uploads\/8298.jpg","type":"image\/jpeg"}],"twitter_card":"summary_large_image","schema":{"@context":"https:\/\/schema.org","@graph":[{"@type":"Article","@id":"https:\/\/www.meydan.tv\/az\/article\/xedice-ismayil-pen-mukafatina-layiq-gorulub\/#article","isPartOf":{"@id":"https:\/\/www.meydan.tv\/az\/article\/xedice-ismayil-pen-mukafatina-layiq-gorulub\/"},"author":{"name":"user-manager","@id":"https:\/\/www.meydan.tv\/az\/#\/schema\/person\/10d11eccf6da3662cf5fdab9806ea91a"},"headline":"X\u0259dic\u0259 \u0130smay\u0131l PEN m\u00fckafat\u0131na layiq g\u00f6r\u00fcl\u00fcb","datePublished":"2015-04-16T13:43:21+00:00","mainEntityOfPage":{"@id":"https:\/\/www.meydan.tv\/az\/article\/xedice-ismayil-pen-mukafatina-layiq-gorulub\/"},"wordCount":476,"publisher":{"@id":"https:\/\/www.meydan.tv\/az\/#organization"},"image":{"@id":"https:\/\/www.meydan.tv\/az\/article\/xedice-ismayil-pen-mukafatina-layiq-gorulub\/#primaryimage"},"thumbnailUrl":"https:\/\/www.meydan.tv\/wp-content\/uploads\/8298.jpg","articleSection":["X\u0259b\u0259rl\u0259r"],"inLanguage":"az"},{"@type":"WebPage","@id":"https:\/\/www.meydan.tv\/az\/article\/xedice-ismayil-pen-mukafatina-layiq-gorulub\/","url":"https:\/\/www.meydan.tv\/az\/article\/xedice-ismayil-pen-mukafatina-layiq-gorulub\/","name":"X\u0259dic\u0259 \u0130smay\u0131l PEN m\u00fckafat\u0131na layiq g\u00f6r\u00fcl\u00fcb - MEYDAN.TV","isPartOf":{"@id":"https:\/\/www.meydan.tv\/az\/#website"},"primaryImageOfPage":{"@id":"https:\/\/www.meydan.tv\/az\/article\/xedice-ismayil-pen-mukafatina-layiq-gorulub\/#primaryimage"},"image":{"@id":"https:\/\/www.meydan.tv\/az\/article\/xedice-ismayil-pen-mukafatina-layiq-gorulub\/#primaryimage"},"thumbnailUrl":"https:\/\/www.meydan.tv\/wp-content\/uploads\/8298.jpg","datePublished":"2015-04-16T13:43:21+00:00","breadcrumb":{"@id":"https:\/\/www.meydan.tv\/az\/article\/xedice-ismayil-pen-mukafatina-layiq-gorulub\/#breadcrumb"},"inLanguage":"az","potentialAction":[{"@type":"ReadAction","target":["https:\/\/www.meydan.tv\/az\/article\/xedice-ismayil-pen-mukafatina-layiq-gorulub\/"]}]},{"@type":"ImageObject","inLanguage":"az","@id":"https:\/\/www.meydan.tv\/az\/article\/xedice-ismayil-pen-mukafatina-layiq-gorulub\/#primaryimage","url":"https:\/\/www.meydan.tv\/wp-content\/uploads\/8298.jpg","contentUrl":"https:\/\/www.meydan.tv\/wp-content\/uploads\/8298.jpg","width":959,"height":639,"caption":"Source:"},{"@type":"BreadcrumbList","@id":"https:\/\/www.meydan.tv\/az\/article\/xedice-ismayil-pen-mukafatina-layiq-gorulub\/#breadcrumb","itemListElement":[{"@type":"ListItem","position":1,"name":"Ana s\u0259hif\u0259","item":"https:\/\/www.meydan.tv\/az\/"},{"@type":"ListItem","position":2,"name":"X\u0259b\u0259rl\u0259r","item":"https:\/\/www.meydan.tv\/az\/section\/xeberler\/"},{"@type":"ListItem","position":3,"name":"X\u0259dic\u0259 \u0130smay\u0131l PEN m\u00fckafat\u0131na layiq g\u00f6r\u00fcl\u00fcb"}]},{"@type":"WebSite","@id":"https:\/\/www.meydan.tv\/az\/#website","url":"https:\/\/www.meydan.tv\/az\/","name":"MEYDAN.TV","description":"Meydan TV Az\u0259rbaycan\u0131n media m\u0259kan\u0131ndak\u0131 alternativ s\u0259sidir","publisher":{"@id":"https:\/\/www.meydan.tv\/az\/#organization"},"potentialAction":[{"@type":"SearchAction","target":{"@type":"EntryPoint","urlTemplate":"https:\/\/www.meydan.tv\/az\/?s={search_term_string}"},"query-input":{"@type":"PropertyValueSpecification","valueRequired":true,"valueName":"search_term_string"}}],"inLanguage":"az"},{"@type":"Organization","@id":"https:\/\/www.meydan.tv\/az\/#organization","name":"Meydan TV","url":"https:\/\/www.meydan.tv\/az\/","logo":{"@type":"ImageObject","inLanguage":"az","@id":"https:\/\/www.meydan.tv\/az\/#\/schema\/logo\/image\/","url":"https:\/\/www.meydan.tv\/wp-content\/uploads\/2021\/07\/meydan-logo.svg","contentUrl":"https:\/\/www.meydan.tv\/wp-content\/uploads\/2021\/07\/meydan-logo.svg","width":195,"height":46,"caption":"Meydan TV"},"image":{"@id":"https:\/\/www.meydan.tv\/az\/#\/schema\/logo\/image\/"}},{"@type":"Person","@id":"https:\/\/www.meydan.tv\/az\/#\/schema\/person\/10d11eccf6da3662cf5fdab9806ea91a","name":"user-manager"}]}},"_links":{"self":[{"href":"https:\/\/www.meydan.tv\/az\/wp-json\/wp\/v2\/posts\/167581","targetHints":{"allow":["GET"]}}],"collection":[{"href":"https:\/\/www.meydan.tv\/az\/wp-json\/wp\/v2\/posts"}],"about":[{"href":"https:\/\/www.meydan.tv\/az\/wp-json\/wp\/v2\/types\/post"}],"author":[{"embeddable":true,"href":"https:\/\/www.meydan.tv\/az\/wp-json\/wp\/v2\/users\/11"}],"replies":[{"embeddable":true,"href":"https:\/\/www.meydan.tv\/az\/wp-json\/wp\/v2\/comments?post=167581"}],"version-history":[{"count":0,"href":"https:\/\/www.meydan.tv\/az\/wp-json\/wp\/v2\/posts\/167581\/revisions"}],"wp:featuredmedia":[{"embeddable":true,"href":"https:\/\/www.meydan.tv\/az\/wp-json\/wp\/v2\/media\/22803"}],"wp:attachment":[{"href":"https:\/\/www.meydan.tv\/az\/wp-json\/wp\/v2\/media?parent=167581"}],"wp:term":[{"taxonomy":"category","embeddable":true,"href":"https:\/\/www.meydan.tv\/az\/wp-json\/wp\/v2\/categories?post=167581"},{"taxonomy":"post_tag","embeddable":true,"href":"https:\/\/www.meydan.tv\/az\/wp-json\/wp\/v2\/tags?post=167581"}],"curies":[{"name":"wp","href":"https:\/\/api.w.org\/{rel}","templated":true}]}}