{"id":167580,"date":"2015-04-16T12:45:52","date_gmt":"2015-04-16T12:45:52","guid":{"rendered":"https:\/\/www.meydan.tv\/article\/qetname-ikili-standartlarin-bariz-numunesidir\/"},"modified":"2015-04-16T12:45:52","modified_gmt":"2015-04-16T12:45:52","slug":"qetname-ikili-standartlarin-bariz-numunesidir","status":"publish","type":"post","link":"https:\/\/www.meydan.tv\/az\/article\/qetname-ikili-standartlarin-bariz-numunesidir\/","title":{"rendered":"&#8220;Q\u0259tnam\u0259 ikili standartlar\u0131n bariz n\u00fcmun\u0259sidir&#8221;"},"content":{"rendered":"<figure class=\"wp-block-image size-large\">\n  <img decoding=\"async\" src=\"https:\/\/www.meydan.tv\/az\/22857\/\" alt=\"\" class=\"wp-image-22857\"\/><figcaption><\/figcaption><\/figure>\n<p>\n  Az\u0259rbaycan Xarici \u0130\u015fl\u0259r Nazirliyi Avropa Parlamentinin q\u0259bul etdiyi q\u0259tnam\u0259ni pisl\u0259di\n<\/p>\n<p>\n  &#8220;Avropa Parlamentind\u0259 qondarma \u201cerm\u0259ni soyq\u0131r\u0131m\u0131\u201d il\u0259 \u0259laq\u0259dar 15 aprel tarixind\u0259 q\u0259bul edilmi\u015f q\u0259tnam\u0259 \u0259sass\u0131z, q\u0259r\u0259zli v\u0259 qeyri-ciddi olaraq, ikili standartlar\u0131n bariz n\u00fcmun\u0259sidir&#8221;. Bunu Avropa Parlamentind\u0259 \u00a0\u201cerm\u0259ni soyq\u0131r\u0131m\u0131\u201d\u0131 il\u0259 ba\u011fl\u0131 q\u0259bul edilmi\u015f q\u0259tnam\u0259 il\u0259 \u0259laq\u0259dar Trend-in sor\u011fusuna cavab olaraq, Xarici \u0130\u015fl\u0259r Nazirliyinin M\u0259tbuat Xidm\u0259tinin r\u0259hb\u0259ri Hikm\u0259t Hac\u0131yev bildirib.<\/p>\n<p>  H.Hac\u0131yev deyib ki, Avropa Parlamentind\u0259 Erm\u0259nistan v\u0259 erm\u0259ni lobbisinin t\u0259siri alt\u0131nda olan bir s\u0131ra dair\u0259l\u0259r t\u0259r\u0259find\u0259n t\u0259\u015fviq edil\u0259n bu q\u0259tnam\u0259 v\u0259 \u00fcmumiyy\u0259tl\u0259, \u201cerm\u0259ni soyq\u0131r\u0131m\u0131\u201d ifad\u0259sinin i\u015fl\u0259dilm\u0259si tarixin saxtala\u015fd\u0131r\u0131lmas\u0131 v\u0259 onun siyasi m\u0259qs\u0259dl\u0259r \u00fc\u00e7\u00fcn t\u0259fsir olunmas\u0131 c\u0259hdl\u0259ridir.<\/p>\n<p>  Onun s\u00f6zl\u0259rin\u0259 g\u00f6r\u0259, insan h\u00fcquqlar\u0131n\u0131n m\u00fcdafi\u0259\u00e7isi roluna iddia ed\u0259n dair\u0259l\u0259r Avropa Parlamentind\u0259 erm\u0259ni da\u015fnaklar\u0131n 1918-ci ilin mart\u0131nda Bak\u0131da v\u0259 Az\u0259rbaycan\u0131n dig\u0259r \u015f\u0259h\u0259rl\u0259rind\u0259 t\u00f6r\u0259dikl\u0259ri qanl\u0131 q\u0131r\u011f\u0131nlara, Erm\u0259nistan\u0131n Az\u0259rbaycana qar\u015f\u0131 t\u0259cav\u00fcz v\u0259 i\u015f\u011fal\u0131na, Erm\u0259nistan \u0259razisind\u0259 tarixi torpaqlar\u0131nda v\u0259 i\u015f\u011fal olunmu\u015f Az\u0259rbaycan \u0259razil\u0259rind\u0259 az\u0259rbaycanl\u0131lara qar\u015f\u0131 t\u00f6r\u0259dilmi\u015f qanl\u0131 etnik t\u0259mizl\u0259m\u0259y\u0259, Xocal\u0131 faci\u0259sin\u0259 m\u00fcnasib\u0259t bildirm\u0259y\u0259 \u00f6zl\u0259rind\u0259 h\u0259l\u0259 d\u0259 c\u0259sar\u0259t tapa bilm\u0259mi\u015fl\u0259r.<\/p>\n<p>  X\u0130N r\u0259smisi bildirib ki, h\u0259l\u0259 80-ci ill\u0259rin sonunda Avropa Parlamentind\u0259 Erm\u0259nistan\u0131n Az\u0259rbaycana qar\u015f\u0131 \u0259razi iddialar\u0131na dair q\u0259tnam\u0259nin q\u0259bul edilm\u0259si sonradan Erm\u0259nistan\u0131n Az\u0259rbaycana qar\u015f\u0131 t\u0259cav\u00fcz\u00fcn\u0259, on minl\u0259rl\u0259 az\u0259rbaycanl\u0131n\u0131n \u00f6l\u00fcm\u00fcn\u0259 v\u0259 bir milyondan art\u0131q insan\u0131n qa\u00e7q\u0131n v\u0259 m\u0259cburi k\u00f6\u00e7k\u00fcn v\u0259ziyy\u0259tin\u0259 d\u00fc\u015fm\u0259sin\u0259 t\u00f6hf\u0259 ver\u0259n add\u0131mlardan biri olub. Avropa Parlamentinin 15 tarixli 2015-ci il tarixli q\u0259tnam\u0259si d\u0259 Erm\u0259nistan\u0131n \u0259sass\u0131z iddialar\u0131na d\u0259st\u0259k ver\u0259r\u0259k regionda g\u0259rginliyin daha da artmas\u0131na r\u0259vac verir: &#8220;Tarixi saxtakarl\u0131q \u0259sas\u0131nda \u201cerm\u0259ni soyq\u0131r\u0131m\u0131\u201d iddialar\u0131 il\u0259 \u00e7\u0131x\u0131\u015f ed\u0259n Erm\u0259nistan\u0131n is\u0259 Az\u0259rbaycan xalq\u0131na qar\u015f\u0131 t\u00f6r\u0259tdiyi insanl\u0131q \u0259leyhin\u0259 olan cinay\u0259t \u0259m\u0259ll\u0259rin\u0259 g\u00f6r\u0259 da\u015f\u0131d\u0131\u011f\u0131 siyasi, h\u00fcquqi v\u0259 m\u0259n\u0259vi m\u0259suliyy\u0259ti etiraf etm\u0259si, Az\u0259rbaycana qar\u015f\u0131 i\u015f\u011fal v\u0259 t\u0259cav\u00fcz\u0259 son qoymas\u0131 v\u0259 qon\u015fu d\u00f6vl\u0259tl\u0259r\u0259 qar\u015f\u0131 \u0259razi iddialar\u0131ndan \u0259l \u00e7\u0259km\u0259si regionda s\u00fclh v\u0259 sabitliyin b\u0259rq\u0259rar olmas\u0131na v\u0259 Erm\u0259nistan\u0131n \u00f6z\u00fcn\u00fcn d\u00fc\u015fd\u00fcy\u00fc ac\u0131nacaql\u0131 v\u0259ziyy\u0259td\u0259n xilas olmas\u0131na xidm\u0259t etmi\u015f olard\u0131&#8221;.\n<\/p>\n<p><div><\/div><\/p>\n","protected":false},"excerpt":{"rendered":"<p>Az\u0259rbaycan Xarici \u0130\u015fl\u0259r Nazirliyi Avropa Parlamentinin q\u0259bul etdiyi q\u0259tnam\u0259ni pisl\u0259di<\/p>\n","protected":false},"author":11,"featured_media":22857,"comment_status":"closed","ping_status":"open","sticky":false,"template":"","format":"standard","meta":{"_acf_changed":false,"_sitemap_exclude":false,"_sitemap_priority":"","_sitemap_frequency":"","footnotes":""},"categories":[56],"tags":[],"class_list":["post-167580","post","type-post","status-publish","format-standard","has-post-thumbnail","hentry","category-xeberler","infinite-scroll-item","generate-columns","tablet-grid-50","mobile-grid-100","grid-parent","grid-33","no-featured-image-padding"],"acf":[],"yoast_head":"<!-- This site is optimized with the Yoast SEO plugin v28.4 - https:\/\/yoast.com\/product\/yoast-seo-wordpress\/ -->\n<title>&quot;Q\u0259tnam\u0259 ikili standartlar\u0131n bariz n\u00fcmun\u0259sidir&quot; - MEYDAN.TV<\/title>\n<meta name=\"robots\" content=\"index, follow, max-snippet:-1, max-image-preview:large, max-video-preview:-1\" \/>\n<link rel=\"canonical\" href=\"https:\/\/www.meydan.tv\/az\/article\/qetname-ikili-standartlarin-bariz-numunesidir\/\" \/>\n<meta property=\"og:locale\" content=\"az_AZ\" \/>\n<meta property=\"og:type\" content=\"article\" \/>\n<meta property=\"og:title\" content=\"&quot;Q\u0259tnam\u0259 ikili standartlar\u0131n bariz n\u00fcmun\u0259sidir&quot; - MEYDAN.TV\" \/>\n<meta property=\"og:description\" content=\"Az\u0259rbaycan Xarici \u0130\u015fl\u0259r Nazirliyi Avropa Parlamentinin q\u0259bul etdiyi q\u0259tnam\u0259ni pisl\u0259di\" \/>\n<meta property=\"og:url\" content=\"https:\/\/www.meydan.tv\/az\/article\/qetname-ikili-standartlarin-bariz-numunesidir\/\" \/>\n<meta property=\"og:site_name\" content=\"MEYDAN.TV\" \/>\n<meta property=\"article:published_time\" content=\"2015-04-16T12:45:52+00:00\" \/>\n<meta property=\"og:image\" content=\"https:\/\/www.meydan.tv\/wp-content\/uploads\/8297.jpg\" \/>\n\t<meta property=\"og:image:width\" content=\"799\" \/>\n\t<meta property=\"og:image:height\" content=\"585\" \/>\n\t<meta property=\"og:image:type\" content=\"image\/jpeg\" \/>\n<meta name=\"twitter:card\" content=\"summary_large_image\" \/>\n<!-- \/ Yoast SEO plugin. -->","yoast_head_json":{"title":"\"Q\u0259tnam\u0259 ikili standartlar\u0131n bariz n\u00fcmun\u0259sidir\" - MEYDAN.TV","robots":{"index":"index","follow":"follow","max-snippet":"max-snippet:-1","max-image-preview":"max-image-preview:large","max-video-preview":"max-video-preview:-1"},"canonical":"https:\/\/www.meydan.tv\/az\/article\/qetname-ikili-standartlarin-bariz-numunesidir\/","og_locale":"az_AZ","og_type":"article","og_title":"\"Q\u0259tnam\u0259 ikili standartlar\u0131n bariz n\u00fcmun\u0259sidir\" - MEYDAN.TV","og_description":"Az\u0259rbaycan Xarici \u0130\u015fl\u0259r Nazirliyi Avropa Parlamentinin q\u0259bul etdiyi q\u0259tnam\u0259ni pisl\u0259di","og_url":"https:\/\/www.meydan.tv\/az\/article\/qetname-ikili-standartlarin-bariz-numunesidir\/","og_site_name":"MEYDAN.TV","article_published_time":"2015-04-16T12:45:52+00:00","og_image":[{"width":799,"height":585,"url":"https:\/\/www.meydan.tv\/wp-content\/uploads\/8297.jpg","type":"image\/jpeg"}],"twitter_card":"summary_large_image","schema":{"@context":"https:\/\/schema.org","@graph":[{"@type":"Article","@id":"https:\/\/www.meydan.tv\/az\/article\/qetname-ikili-standartlarin-bariz-numunesidir\/#article","isPartOf":{"@id":"https:\/\/www.meydan.tv\/az\/article\/qetname-ikili-standartlarin-bariz-numunesidir\/"},"author":{"name":"user-manager","@id":"https:\/\/www.meydan.tv\/az\/#\/schema\/person\/10d11eccf6da3662cf5fdab9806ea91a"},"headline":"&#8220;Q\u0259tnam\u0259 ikili standartlar\u0131n bariz n\u00fcmun\u0259sidir&#8221;","datePublished":"2015-04-16T12:45:52+00:00","mainEntityOfPage":{"@id":"https:\/\/www.meydan.tv\/az\/article\/qetname-ikili-standartlarin-bariz-numunesidir\/"},"wordCount":504,"publisher":{"@id":"https:\/\/www.meydan.tv\/az\/#organization"},"image":{"@id":"https:\/\/www.meydan.tv\/az\/article\/qetname-ikili-standartlarin-bariz-numunesidir\/#primaryimage"},"thumbnailUrl":"https:\/\/www.meydan.tv\/wp-content\/uploads\/8297.jpg","articleSection":["X\u0259b\u0259rl\u0259r"],"inLanguage":"az"},{"@type":"WebPage","@id":"https:\/\/www.meydan.tv\/az\/article\/qetname-ikili-standartlarin-bariz-numunesidir\/","url":"https:\/\/www.meydan.tv\/az\/article\/qetname-ikili-standartlarin-bariz-numunesidir\/","name":"\"Q\u0259tnam\u0259 ikili standartlar\u0131n bariz n\u00fcmun\u0259sidir\" - MEYDAN.TV","isPartOf":{"@id":"https:\/\/www.meydan.tv\/az\/#website"},"primaryImageOfPage":{"@id":"https:\/\/www.meydan.tv\/az\/article\/qetname-ikili-standartlarin-bariz-numunesidir\/#primaryimage"},"image":{"@id":"https:\/\/www.meydan.tv\/az\/article\/qetname-ikili-standartlarin-bariz-numunesidir\/#primaryimage"},"thumbnailUrl":"https:\/\/www.meydan.tv\/wp-content\/uploads\/8297.jpg","datePublished":"2015-04-16T12:45:52+00:00","breadcrumb":{"@id":"https:\/\/www.meydan.tv\/az\/article\/qetname-ikili-standartlarin-bariz-numunesidir\/#breadcrumb"},"inLanguage":"az","potentialAction":[{"@type":"ReadAction","target":["https:\/\/www.meydan.tv\/az\/article\/qetname-ikili-standartlarin-bariz-numunesidir\/"]}]},{"@type":"ImageObject","inLanguage":"az","@id":"https:\/\/www.meydan.tv\/az\/article\/qetname-ikili-standartlarin-bariz-numunesidir\/#primaryimage","url":"https:\/\/www.meydan.tv\/wp-content\/uploads\/8297.jpg","contentUrl":"https:\/\/www.meydan.tv\/wp-content\/uploads\/8297.jpg","width":799,"height":585,"caption":"Source:"},{"@type":"BreadcrumbList","@id":"https:\/\/www.meydan.tv\/az\/article\/qetname-ikili-standartlarin-bariz-numunesidir\/#breadcrumb","itemListElement":[{"@type":"ListItem","position":1,"name":"Ana s\u0259hif\u0259","item":"https:\/\/www.meydan.tv\/az\/"},{"@type":"ListItem","position":2,"name":"X\u0259b\u0259rl\u0259r","item":"https:\/\/www.meydan.tv\/az\/section\/xeberler\/"},{"@type":"ListItem","position":3,"name":"&#8220;Q\u0259tnam\u0259 ikili standartlar\u0131n bariz n\u00fcmun\u0259sidir&#8221;"}]},{"@type":"WebSite","@id":"https:\/\/www.meydan.tv\/az\/#website","url":"https:\/\/www.meydan.tv\/az\/","name":"MEYDAN.TV","description":"Meydan TV Az\u0259rbaycan\u0131n media m\u0259kan\u0131ndak\u0131 alternativ s\u0259sidir","publisher":{"@id":"https:\/\/www.meydan.tv\/az\/#organization"},"potentialAction":[{"@type":"SearchAction","target":{"@type":"EntryPoint","urlTemplate":"https:\/\/www.meydan.tv\/az\/?s={search_term_string}"},"query-input":{"@type":"PropertyValueSpecification","valueRequired":true,"valueName":"search_term_string"}}],"inLanguage":"az"},{"@type":"Organization","@id":"https:\/\/www.meydan.tv\/az\/#organization","name":"Meydan TV","url":"https:\/\/www.meydan.tv\/az\/","logo":{"@type":"ImageObject","inLanguage":"az","@id":"https:\/\/www.meydan.tv\/az\/#\/schema\/logo\/image\/","url":"https:\/\/www.meydan.tv\/wp-content\/uploads\/2021\/07\/meydan-logo.svg","contentUrl":"https:\/\/www.meydan.tv\/wp-content\/uploads\/2021\/07\/meydan-logo.svg","width":195,"height":46,"caption":"Meydan TV"},"image":{"@id":"https:\/\/www.meydan.tv\/az\/#\/schema\/logo\/image\/"}},{"@type":"Person","@id":"https:\/\/www.meydan.tv\/az\/#\/schema\/person\/10d11eccf6da3662cf5fdab9806ea91a","name":"user-manager"}]}},"_links":{"self":[{"href":"https:\/\/www.meydan.tv\/az\/wp-json\/wp\/v2\/posts\/167580","targetHints":{"allow":["GET"]}}],"collection":[{"href":"https:\/\/www.meydan.tv\/az\/wp-json\/wp\/v2\/posts"}],"about":[{"href":"https:\/\/www.meydan.tv\/az\/wp-json\/wp\/v2\/types\/post"}],"author":[{"embeddable":true,"href":"https:\/\/www.meydan.tv\/az\/wp-json\/wp\/v2\/users\/11"}],"replies":[{"embeddable":true,"href":"https:\/\/www.meydan.tv\/az\/wp-json\/wp\/v2\/comments?post=167580"}],"version-history":[{"count":0,"href":"https:\/\/www.meydan.tv\/az\/wp-json\/wp\/v2\/posts\/167580\/revisions"}],"wp:featuredmedia":[{"embeddable":true,"href":"https:\/\/www.meydan.tv\/az\/wp-json\/wp\/v2\/media\/22857"}],"wp:attachment":[{"href":"https:\/\/www.meydan.tv\/az\/wp-json\/wp\/v2\/media?parent=167580"}],"wp:term":[{"taxonomy":"category","embeddable":true,"href":"https:\/\/www.meydan.tv\/az\/wp-json\/wp\/v2\/categories?post=167580"},{"taxonomy":"post_tag","embeddable":true,"href":"https:\/\/www.meydan.tv\/az\/wp-json\/wp\/v2\/tags?post=167580"}],"curies":[{"name":"wp","href":"https:\/\/api.w.org\/{rel}","templated":true}]}}