{"id":167577,"date":"2015-04-16T04:36:48","date_gmt":"2015-04-16T04:36:48","guid":{"rendered":"https:\/\/www.meydan.tv\/article\/avropa-parlamenti-ermeni-soyqirimi-ile-bagli-qetname-qebul-etdi\/"},"modified":"2015-04-16T04:36:48","modified_gmt":"2015-04-16T04:36:48","slug":"avropa-parlamenti-ermeni-soyqirimi-ile-bagli-qetname-qebul-etdi","status":"publish","type":"post","link":"https:\/\/www.meydan.tv\/az\/article\/avropa-parlamenti-ermeni-soyqirimi-ile-bagli-qetname-qebul-etdi\/","title":{"rendered":"Avropa Parlamenti &#8220;erm\u0259ni soyq\u0131r\u0131m\u0131&#8221; il\u0259 ba\u011fl\u0131 q\u0259tnam\u0259 q\u0259bul etdi"},"content":{"rendered":"<figure class=\"wp-block-image size-large\">\n  <img decoding=\"async\" src=\"https:\/\/www.meydan.tv\/az\/22845\/\" alt=\"\" class=\"wp-image-22845\"\/><figcaption><\/figcaption><\/figure>\n<p>\n  R\u0259c\u0259b Tayyib \u018frdo\u011fan: &#8220;\u201cNec\u0259 q\u0259rar veriril\u0259rs\u0259 versinl\u0259r, bir qula\u011f\u0131m\u0131zdan girib, o birind\u0259n \u00e7\u0131xacaq. T\u00fcrkiy\u0259nin bel\u0259 bir ittiham\u0131 q\u0259bul etm\u0259si \u0259sla m\u00fcmk\u00fcn deyil\u201d\n<\/p>\n<p>\n  Aprelin 15-d\u0259\u00a0Avropa Parlamentinin (AP) Br\u00fcsseld\u0259 ke\u00e7iril\u0259n plenar iclas\u0131nda \u201cerm\u0259ni soyq\u0131r\u0131m\u0131\u201dn\u0131n 100 illiyinin \u00dcm\u00fcmavropa an\u0131m\u0131na dair Q\u0259tnam\u0259 layih\u0259si m\u00fczakir\u0259 edilib.\n<\/p>\n<p>\n  <a href=\"https:\/\/apa.az\/\"><br \/>\n    APA<br \/>\n  <\/a><br \/>\n  -n\u0131n Avropa b\u00fcrosunun x\u0259b\u0259rin\u0259 g\u00f6r\u0259, AP-nin Avropa Liberal Demokratlar Alyans\u0131 ad\u0131ndan bir ne\u00e7\u0259 parlamentar\u0131n (Jan-Mari Kavada, Maryel de Sarnez, Xuan Karlos, Girauta Vidal, \u0130van Jakov\u00e7i\u00e7, Xavyer Nart, Frederik Reis, Pavel Teli\u00e7ka) \u00a0\u201cerm\u0259ni soyq\u0131r\u0131m\u0131&#8221;n\u0131n 100 illiyinin \u00dcm\u00fcmavropa an\u0131m\u0131na dair ir\u0259li s\u00fcrd\u00fckl\u0259ri q\u0259tnam\u0259 layih\u0259sinin m\u00fczakir\u0259l\u0259ri \u0259traf\u0131nda \u00e7\u0131x\u0131\u015f ed\u0259n Avropa parlamentarlar\u0131n\u0131n dem\u0259k olar ham\u0131s\u0131 bel\u0259 bir \u201csoyq\u0131r\u0131m\u0131n ba\u015f verdiyini\u201d s\u00f6yl\u0259yibl\u0259r.\u00a0 Onlar T\u00fcrkiy\u0259y\u0259 v\u0259 bu \u00f6lk\u0259nin h\u00f6kum\u0259tin\u0259 qar\u015f\u0131 m\u00fcxt\u0259lif ittihamlar s\u0259sl\u0259ndirib, soyq\u0131r\u0131m\u0131 tan\u0131ma\u011fa v\u0259 Erm\u0259nistanla m\u00fcnasib\u0259tl\u0259ri normalla\u015fd\u0131rma\u011fa s\u0259sl\u0259yibl\u0259r.\n<\/p>\n<p>\n  Fransal\u0131 avroparlamentar Jan-Mari Kavada is\u0259 T\u00fcrkiy\u0259nin prezidentini \u201c100 il \u00f6nc\u0259 q\u0259tl\u0259 yetirilmi\u015f erm\u0259nil\u0259rin ruhu qar\u015f\u0131s\u0131nda ba\u015f \u0259ym\u0259y\u0259\u201d \u00e7a\u011f\u0131r\u0131b. \u00c7\u0131x\u0131\u015f ed\u0259n bir \u00e7ox avropal\u0131 deputatlar \u00fc\u00e7\u00fcn \u0259sas istinad n\u00f6qt\u0259si Roma Papas\u0131n\u0131n da \u201cerm\u0259ni soyq\u0131r\u0131m\u0131\u201d ifad\u0259sini i\u015fl\u0259tm\u0259si olub.\n<\/p>\n<p>\n  \u0130clasda zalda oturanlar\u0131n \u0259ks\u0259riyy\u0259ti erm\u0259nil\u0259rin m\u00fcdafi\u0259\u00e7isi kimi \u00e7\u0131x\u0131\u015f edibl\u0259r. Onlardan he\u00e7 biri T\u00fcrkiy\u0259nin m\u00f6vqeyini d\u0259st\u0259kl\u0259m\u0259yib, erm\u0259nil\u0259rin t\u00f6r\u0259tdikl\u0259ri soyq\u0131r\u0131mlarla ba\u011fl\u0131 bir c\u00fcml\u0259 d\u0259 s\u0259sl\u0259ndirm\u0259yib.\n<\/p>\n<p>\n  Avropa Komissiyas\u0131\u00a0ad\u0131ndan \u00e7\u0131x\u0131\u015f ed\u0259n qurumun vitse-prezidenti Kristina Georgiyeva is\u0259 \u00f6z \u00e7\u0131x\u0131\u015f\u0131nda \u201csoyq\u0131r\u0131m\u201d k\u0259lm\u0259sini i\u015fl\u0259tm\u0259diyi \u00fc\u00e7\u00fcn bir ne\u00e7\u0259 deputat\u0131n q\u0259z\u0259bin\u0259 tu\u015f g\u0259lib. Xan\u0131m Georgiyeva bu haqda suala cavab ver\u0259rk\u0259n, \u201csoyq\u0131r\u0131m\u201d m\u0259s\u0259l\u0259sinin \u00e7ox h\u0259ssas oldu\u011funu dey\u0259r\u0259k, AB-n\u0259 \u00fczv \u00f6lk\u0259l\u0259ri aras\u0131nda bununla ba\u011fl\u0131 birm\u0259nal\u0131 m\u00f6vqeyin olmad\u0131\u011f\u0131n\u0131 qeyd edib.\n<\/p>\n<p>\n  Q\u0259tnam\u0259 layih\u0259si s\u0259s\u0259 qoyularaq q\u0259bul olunub.\n<\/p>\n<p>\n  Q\u0259bul olunmu\u015f q\u0259tnam\u0259 layih\u0259sind\u0259 Avropadak\u0131 v\u0259t\u0259nda\u015f c\u0259miyy\u0259tl\u0259rini, parlamentarlar, assosiyasiyalar, m\u0259tbuat n\u00fcmay\u0259nd\u0259l\u0259ri, el\u0259c\u0259 d\u0259\u00a0Avropa Komissiyas\u0131, Avropa Birliyi \u015euras\u0131 v\u0259 AP \u00dcm\u00fcmavropa an\u0131m m\u0259rasimini qeyd etm\u0259y\u0259 s\u0259sl\u0259nilir.\n<\/p>\n<p>\n  <b><br \/>\n    \u201cT\u00fcrkiy\u0259nin \u00fcz\u0259rind\u0259 &#8220;soyq\u0131r\u0131m&#8221; l\u0259k\u0259si v\u0259 k\u00f6lg\u0259si yoxdur\u201d<br \/>\n  <\/b>\n<\/p>\n<p>\n  \u00a0&#8220;Anadolu&#8221; Agentliyinin m\u0259lumat\u0131na g\u00f6r\u0259, bunu T\u00fcrkiy\u0259 prezidenti R\u0259c\u0259b Tayyip \u018frdo\u011fan\u00a0Avropa Parlamentinin (AP)1915-ci il hadis\u0259l\u0259rini \u201csoyq\u0131r\u0131m\u201d adland\u0131rmas\u0131na cavab olaraq bildirib.\n<\/p>\n<p>\n  &#8220;Erm\u0259nistan ba\u015fda olmaqla parlamentl\u0259rinin qap\u0131s\u0131n\u0131 onlara a\u00e7an mill\u0259tl\u0259r\u0259 s\u0259sl\u0259nir\u0259m: m\u0259nim \u00f6lk\u0259md\u0259 v\u0259t\u0259nda\u015f\u0131 olan v\u0259 olmayan 100 min\u0259 yax\u0131n erm\u0259ni var. \u018fcaba, onlar\u0131n \u00f6lk\u0259sind\u0259 n\u0259 q\u0259d\u0259r erm\u0259ni var? Bizim erm\u0259ni v\u0259t\u0259nda\u015flar\u0131m\u0131za qar\u015f\u0131 bu g\u00fcn\u0259 q\u0259d\u0259r h\u0259r hans\u0131 ayr\u0131-se\u00e7kiliyimiz oldumu? Biz \u00f6lk\u0259miz\u0259 \u00f6z \u00f6lk\u0259sind\u0259n qa\u00e7\u0131b g\u0259l\u0259n erm\u0259nil\u0259ri d\u0259 deportasiya etm\u0259dik, halbuki ed\u0259 bil\u0259rdik. Onlar\u0131 h\u0259l\u0259 d\u0259 \u00f6lk\u0259mizd\u0259 qonaq edirik. Bel\u0259 bir davran\u0131\u015f n\u00fcmayi\u015f etdir\u0259n \u00f6lk\u0259y\u0259 bu c\u00fcr qar\u015f\u0131l\u0131q verilm\u0259sini anlamaq m\u00fcmk\u00fcn deyil\u201d.\n<\/p>\n<p>\n  \u018frdo\u011fan AP-nin q\u0259rar\u0131 il\u0259 ba\u011fl\u0131 deyib: \u201cNec\u0259 q\u0259rar veriril\u0259rs\u0259 versinl\u0259r, bir qula\u011f\u0131m\u0131zdan girib, o birind\u0259n \u00e7\u0131xacaq. T\u00fcrkiy\u0259nin bel\u0259 bir ittiham\u0131 q\u0259bul etm\u0259si \u0259sla m\u00fcmk\u00fcn deyil\u201d.\n<\/p>\n<p>\n  APA-n\u0131n x\u0259b\u0259rin\u0259 g\u00f6r\u0259, T\u00fcrkiy\u0259 ba\u015f nazirinin m\u00fcavini Yal\u00e7\u0131n Akdo\u011fan is\u0259 q\u0259rara \u201ctwitter\u201d sosial \u015f\u0259b\u0259k\u0259si \u00fcz\u0259rind\u0259n m\u00fcnasib\u0259t bildirib: \u201cAP bu q\u0259rar\u0131 il\u0259 s\u00f6z\u00fcn\u00fcn a\u011f\u0131rl\u0131\u011f\u0131n\u0131 aradan qald\u0131r\u0131r. AP-nin bir g\u00fcc\u00fc, t\u0259sir imkan\u0131 varsa, tarixl\u0259 ba\u011fl\u0131 bo\u015f s\u00f6zl\u0259ri burax\u0131b, bu g\u00fcn ya\u015fanan real hadis\u0259l\u0259rl\u0259 ba\u011fl\u0131 m\u00f6vqeyini ortaya qoysun\u201d.\n<\/p>\n<p>\n  T\u00fcrkiy\u0259nin Avropa Birliyi (AB) \u00fczr\u0259 naziri v\u0259 ba\u015f m\u00fczakir\u0259\u00e7i Volkan Bozk\u0131r da AP-nin q\u0259rar\u0131 il\u0259 ba\u011fl\u0131 yaz\u0131l\u0131 a\u00e7\u0131qlama yay\u0131b.\n<\/p>\n<p>\n  A\u00e7\u0131qlamada bildirilir ki, T\u00fcrkiy\u0259nin n\u00fcmayi\u015f etdirdiyi xo\u015f niyy\u0259t\u0259 qar\u015f\u0131 AP bu q\u0259rar\u0131 il\u0259 tarixi siyas\u0259t\u0259 al\u0259t edib.\n<\/p>\n<p>\n  \u00a0Bozk\u0131r bu q\u0259rar\u0131n tarixi v\u0259 h\u00fcquqi ger\u00e7\u0259yi \u0259ks etdirm\u0259diyini, ona g\u00f6r\u0259 d\u0259 T\u00fcrkiy\u0259 v\u0259 T\u00fcrk mill\u0259ti \u00fc\u00e7\u00fcn he\u00e7 bir \u0259h\u0259miyy\u0259t da\u015f\u0131mad\u0131\u011f\u0131n\u0131 qeyd edib: \u201cAvropa Parlamenti\u00a0bug\u00fcnk\u00fc q\u0259rar\u0131 il\u0259 ke\u00e7mi\u015fd\u0259ki ac\u0131lar aras\u0131nda ayr\u0131-se\u00e7kilik yarad\u0131b. Birinci D\u00fcnya M\u00fcharib\u0259sind\u0259 h\u0259lak olmu\u015f T\u00fcrk v\u0259 M\u00fcs\u0259lman xalqlar\u0131n u\u011frad\u0131\u011f\u0131 faci\u0259l\u0259ri g\u00f6rm\u0259zd\u0259n g\u0259lib, sad\u0259c\u0259 erm\u0259nil\u0259rin ac\u0131lar\u0131n\u0131 \u00f6n\u0259 \u00e7\u0131xar\u0131b\u201d.\n<\/p>\n<p>\n  Nazir qeyd edib ki, 1915-ci il hadis\u0259l\u0259ri T\u00fcrkiy\u0259y\u0259 qar\u015f\u0131 b\u0259han\u0259 olaraq istifad\u0259 edilir: \u201cBu m\u0259s\u0259l\u0259nin siyasi m\u00fcbariz\u0259 m\u00f6vzusu kimi t\u0259qdim edilm\u0259si q\u0259buledilm\u0259zdir\u201d.\n<\/p>\n<p>\n  Bozk\u0131r T\u00fcrkiy\u0259nin 1915-ci il olaylar\u0131n\u0131n tarixi komissiyada ara\u015fd\u0131r\u0131lmas\u0131 il\u0259 \u00e7a\u011f\u0131r\u0131\u015f etdiyini d\u0259 xat\u0131rlad\u0131b: \u201cErm\u0259nistanla 2009-cu ild\u0259 protokollar imzalad\u0131q. Ancaq bu protokollar t\u0259sdiq olunmadan Erm\u0259nistan parlamentind\u0259n y\u0131\u011f\u0131\u015fd\u0131r\u0131ld\u0131.\u00a0Avropa Parlamenti\u00a0is\u0259 bu q\u0259rar\u0131 il\u0259 tarixi siyas\u0259t\u0259 al\u0259t etdi. AP-nin istifad\u0259 etdiyi \u201csoyq\u0131r\u0131m\u201d ifad\u0259si h\u00fcquqi anlay\u0131\u015fd\u0131r. Haqq\u0131nda he\u00e7 bir m\u0259hk\u0259m\u0259 q\u0259rar\u0131 olmayan 1915-ci il olaylar\u0131n\u0131 soyq\u0131r\u0131m olaraq t\u0259qdim etm\u0259k, iftiradan o yana ke\u00e7m\u0259m\u0259kdir\u201d.\n<\/p><\/p>\n","protected":false},"excerpt":{"rendered":"<p>R\u0259c\u0259b Tayyib \u018frdo\u011fan: &#8220;\u201cNec\u0259 q\u0259rar veriril\u0259rs\u0259 versinl\u0259r, bir qula\u011f\u0131m\u0131zdan girib, o birind\u0259n \u00e7\u0131xacaq. T\u00fcrkiy\u0259nin bel\u0259 bir ittiham\u0131 q\u0259bul etm\u0259si \u0259sla m\u00fcmk\u00fcn deyil\u201d<\/p>\n","protected":false},"author":11,"featured_media":22845,"comment_status":"closed","ping_status":"open","sticky":false,"template":"","format":"standard","meta":{"_acf_changed":false,"_sitemap_exclude":false,"_sitemap_priority":"","_sitemap_frequency":"","footnotes":""},"categories":[56],"tags":[],"class_list":["post-167577","post","type-post","status-publish","format-standard","has-post-thumbnail","hentry","category-xeberler","infinite-scroll-item","generate-columns","tablet-grid-50","mobile-grid-100","grid-parent","grid-33","no-featured-image-padding"],"acf":[],"yoast_head":"<!-- This site is optimized with the Yoast SEO plugin v28.4 - https:\/\/yoast.com\/product\/yoast-seo-wordpress\/ -->\n<title>Avropa Parlamenti &quot;erm\u0259ni soyq\u0131r\u0131m\u0131&quot; il\u0259 ba\u011fl\u0131 q\u0259tnam\u0259 q\u0259bul etdi - MEYDAN.TV<\/title>\n<meta name=\"robots\" content=\"index, follow, max-snippet:-1, max-image-preview:large, max-video-preview:-1\" \/>\n<link rel=\"canonical\" href=\"https:\/\/www.meydan.tv\/az\/article\/avropa-parlamenti-ermeni-soyqirimi-ile-bagli-qetname-qebul-etdi\/\" \/>\n<meta property=\"og:locale\" content=\"az_AZ\" \/>\n<meta property=\"og:type\" content=\"article\" \/>\n<meta property=\"og:title\" content=\"Avropa Parlamenti &quot;erm\u0259ni soyq\u0131r\u0131m\u0131&quot; il\u0259 ba\u011fl\u0131 q\u0259tnam\u0259 q\u0259bul etdi - MEYDAN.TV\" \/>\n<meta property=\"og:description\" content=\"R\u0259c\u0259b Tayyib \u018frdo\u011fan: &quot;\u201cNec\u0259 q\u0259rar veriril\u0259rs\u0259 versinl\u0259r, bir qula\u011f\u0131m\u0131zdan girib, o birind\u0259n \u00e7\u0131xacaq. T\u00fcrkiy\u0259nin bel\u0259 bir ittiham\u0131 q\u0259bul etm\u0259si \u0259sla m\u00fcmk\u00fcn deyil\u201d\" \/>\n<meta property=\"og:url\" content=\"https:\/\/www.meydan.tv\/az\/article\/avropa-parlamenti-ermeni-soyqirimi-ile-bagli-qetname-qebul-etdi\/\" \/>\n<meta property=\"og:site_name\" content=\"MEYDAN.TV\" \/>\n<meta property=\"article:published_time\" content=\"2015-04-16T04:36:48+00:00\" \/>\n<meta property=\"og:image\" content=\"https:\/\/www.meydan.tv\/wp-content\/uploads\/8294.jpg\" \/>\n\t<meta property=\"og:image:width\" content=\"1024\" \/>\n\t<meta property=\"og:image:height\" content=\"682\" \/>\n\t<meta property=\"og:image:type\" content=\"image\/jpeg\" \/>\n<meta name=\"twitter:card\" content=\"summary_large_image\" \/>\n<!-- \/ Yoast SEO plugin. -->","yoast_head_json":{"title":"Avropa Parlamenti \"erm\u0259ni soyq\u0131r\u0131m\u0131\" il\u0259 ba\u011fl\u0131 q\u0259tnam\u0259 q\u0259bul etdi - MEYDAN.TV","robots":{"index":"index","follow":"follow","max-snippet":"max-snippet:-1","max-image-preview":"max-image-preview:large","max-video-preview":"max-video-preview:-1"},"canonical":"https:\/\/www.meydan.tv\/az\/article\/avropa-parlamenti-ermeni-soyqirimi-ile-bagli-qetname-qebul-etdi\/","og_locale":"az_AZ","og_type":"article","og_title":"Avropa Parlamenti \"erm\u0259ni soyq\u0131r\u0131m\u0131\" il\u0259 ba\u011fl\u0131 q\u0259tnam\u0259 q\u0259bul etdi - MEYDAN.TV","og_description":"R\u0259c\u0259b Tayyib \u018frdo\u011fan: \"\u201cNec\u0259 q\u0259rar veriril\u0259rs\u0259 versinl\u0259r, bir qula\u011f\u0131m\u0131zdan girib, o birind\u0259n \u00e7\u0131xacaq. T\u00fcrkiy\u0259nin bel\u0259 bir ittiham\u0131 q\u0259bul etm\u0259si \u0259sla m\u00fcmk\u00fcn deyil\u201d","og_url":"https:\/\/www.meydan.tv\/az\/article\/avropa-parlamenti-ermeni-soyqirimi-ile-bagli-qetname-qebul-etdi\/","og_site_name":"MEYDAN.TV","article_published_time":"2015-04-16T04:36:48+00:00","og_image":[{"width":1024,"height":682,"url":"https:\/\/www.meydan.tv\/wp-content\/uploads\/8294.jpg","type":"image\/jpeg"}],"twitter_card":"summary_large_image","schema":{"@context":"https:\/\/schema.org","@graph":[{"@type":"Article","@id":"https:\/\/www.meydan.tv\/az\/article\/avropa-parlamenti-ermeni-soyqirimi-ile-bagli-qetname-qebul-etdi\/#article","isPartOf":{"@id":"https:\/\/www.meydan.tv\/az\/article\/avropa-parlamenti-ermeni-soyqirimi-ile-bagli-qetname-qebul-etdi\/"},"author":{"name":"user-manager","@id":"https:\/\/www.meydan.tv\/az\/#\/schema\/person\/10d11eccf6da3662cf5fdab9806ea91a"},"headline":"Avropa Parlamenti &#8220;erm\u0259ni soyq\u0131r\u0131m\u0131&#8221; il\u0259 ba\u011fl\u0131 q\u0259tnam\u0259 q\u0259bul etdi","datePublished":"2015-04-16T04:36:48+00:00","mainEntityOfPage":{"@id":"https:\/\/www.meydan.tv\/az\/article\/avropa-parlamenti-ermeni-soyqirimi-ile-bagli-qetname-qebul-etdi\/"},"wordCount":1043,"publisher":{"@id":"https:\/\/www.meydan.tv\/az\/#organization"},"image":{"@id":"https:\/\/www.meydan.tv\/az\/article\/avropa-parlamenti-ermeni-soyqirimi-ile-bagli-qetname-qebul-etdi\/#primaryimage"},"thumbnailUrl":"https:\/\/www.meydan.tv\/wp-content\/uploads\/8294.jpg","articleSection":["X\u0259b\u0259rl\u0259r"],"inLanguage":"az"},{"@type":"WebPage","@id":"https:\/\/www.meydan.tv\/az\/article\/avropa-parlamenti-ermeni-soyqirimi-ile-bagli-qetname-qebul-etdi\/","url":"https:\/\/www.meydan.tv\/az\/article\/avropa-parlamenti-ermeni-soyqirimi-ile-bagli-qetname-qebul-etdi\/","name":"Avropa Parlamenti \"erm\u0259ni soyq\u0131r\u0131m\u0131\" il\u0259 ba\u011fl\u0131 q\u0259tnam\u0259 q\u0259bul etdi - MEYDAN.TV","isPartOf":{"@id":"https:\/\/www.meydan.tv\/az\/#website"},"primaryImageOfPage":{"@id":"https:\/\/www.meydan.tv\/az\/article\/avropa-parlamenti-ermeni-soyqirimi-ile-bagli-qetname-qebul-etdi\/#primaryimage"},"image":{"@id":"https:\/\/www.meydan.tv\/az\/article\/avropa-parlamenti-ermeni-soyqirimi-ile-bagli-qetname-qebul-etdi\/#primaryimage"},"thumbnailUrl":"https:\/\/www.meydan.tv\/wp-content\/uploads\/8294.jpg","datePublished":"2015-04-16T04:36:48+00:00","breadcrumb":{"@id":"https:\/\/www.meydan.tv\/az\/article\/avropa-parlamenti-ermeni-soyqirimi-ile-bagli-qetname-qebul-etdi\/#breadcrumb"},"inLanguage":"az","potentialAction":[{"@type":"ReadAction","target":["https:\/\/www.meydan.tv\/az\/article\/avropa-parlamenti-ermeni-soyqirimi-ile-bagli-qetname-qebul-etdi\/"]}]},{"@type":"ImageObject","inLanguage":"az","@id":"https:\/\/www.meydan.tv\/az\/article\/avropa-parlamenti-ermeni-soyqirimi-ile-bagli-qetname-qebul-etdi\/#primaryimage","url":"https:\/\/www.meydan.tv\/wp-content\/uploads\/8294.jpg","contentUrl":"https:\/\/www.meydan.tv\/wp-content\/uploads\/8294.jpg","width":1024,"height":682,"caption":"Source:"},{"@type":"BreadcrumbList","@id":"https:\/\/www.meydan.tv\/az\/article\/avropa-parlamenti-ermeni-soyqirimi-ile-bagli-qetname-qebul-etdi\/#breadcrumb","itemListElement":[{"@type":"ListItem","position":1,"name":"Ana s\u0259hif\u0259","item":"https:\/\/www.meydan.tv\/az\/"},{"@type":"ListItem","position":2,"name":"X\u0259b\u0259rl\u0259r","item":"https:\/\/www.meydan.tv\/az\/section\/xeberler\/"},{"@type":"ListItem","position":3,"name":"Avropa Parlamenti &#8220;erm\u0259ni soyq\u0131r\u0131m\u0131&#8221; il\u0259 ba\u011fl\u0131 q\u0259tnam\u0259 q\u0259bul etdi"}]},{"@type":"WebSite","@id":"https:\/\/www.meydan.tv\/az\/#website","url":"https:\/\/www.meydan.tv\/az\/","name":"MEYDAN.TV","description":"Meydan TV Az\u0259rbaycan\u0131n media m\u0259kan\u0131ndak\u0131 alternativ s\u0259sidir","publisher":{"@id":"https:\/\/www.meydan.tv\/az\/#organization"},"potentialAction":[{"@type":"SearchAction","target":{"@type":"EntryPoint","urlTemplate":"https:\/\/www.meydan.tv\/az\/?s={search_term_string}"},"query-input":{"@type":"PropertyValueSpecification","valueRequired":true,"valueName":"search_term_string"}}],"inLanguage":"az"},{"@type":"Organization","@id":"https:\/\/www.meydan.tv\/az\/#organization","name":"Meydan TV","url":"https:\/\/www.meydan.tv\/az\/","logo":{"@type":"ImageObject","inLanguage":"az","@id":"https:\/\/www.meydan.tv\/az\/#\/schema\/logo\/image\/","url":"https:\/\/www.meydan.tv\/wp-content\/uploads\/2021\/07\/meydan-logo.svg","contentUrl":"https:\/\/www.meydan.tv\/wp-content\/uploads\/2021\/07\/meydan-logo.svg","width":195,"height":46,"caption":"Meydan TV"},"image":{"@id":"https:\/\/www.meydan.tv\/az\/#\/schema\/logo\/image\/"}},{"@type":"Person","@id":"https:\/\/www.meydan.tv\/az\/#\/schema\/person\/10d11eccf6da3662cf5fdab9806ea91a","name":"user-manager"}]}},"_links":{"self":[{"href":"https:\/\/www.meydan.tv\/az\/wp-json\/wp\/v2\/posts\/167577","targetHints":{"allow":["GET"]}}],"collection":[{"href":"https:\/\/www.meydan.tv\/az\/wp-json\/wp\/v2\/posts"}],"about":[{"href":"https:\/\/www.meydan.tv\/az\/wp-json\/wp\/v2\/types\/post"}],"author":[{"embeddable":true,"href":"https:\/\/www.meydan.tv\/az\/wp-json\/wp\/v2\/users\/11"}],"replies":[{"embeddable":true,"href":"https:\/\/www.meydan.tv\/az\/wp-json\/wp\/v2\/comments?post=167577"}],"version-history":[{"count":0,"href":"https:\/\/www.meydan.tv\/az\/wp-json\/wp\/v2\/posts\/167577\/revisions"}],"wp:featuredmedia":[{"embeddable":true,"href":"https:\/\/www.meydan.tv\/az\/wp-json\/wp\/v2\/media\/22845"}],"wp:attachment":[{"href":"https:\/\/www.meydan.tv\/az\/wp-json\/wp\/v2\/media?parent=167577"}],"wp:term":[{"taxonomy":"category","embeddable":true,"href":"https:\/\/www.meydan.tv\/az\/wp-json\/wp\/v2\/categories?post=167577"},{"taxonomy":"post_tag","embeddable":true,"href":"https:\/\/www.meydan.tv\/az\/wp-json\/wp\/v2\/tags?post=167577"}],"curies":[{"name":"wp","href":"https:\/\/api.w.org\/{rel}","templated":true}]}}