{"id":167575,"date":"2015-04-15T23:04:44","date_gmt":"2015-04-15T23:04:44","guid":{"rendered":"https:\/\/www.meydan.tv\/article\/uzaqlasdiqca-gozel-gorunen-baki\/"},"modified":"2015-04-15T23:04:44","modified_gmt":"2015-04-15T23:04:44","slug":"uzaqlasdiqca-gozel-gorunen-baki","status":"publish","type":"post","link":"https:\/\/www.meydan.tv\/az\/article\/uzaqlasdiqca-gozel-gorunen-baki\/","title":{"rendered":"Uzaqla\u015fd\u0131qca g\u00f6z\u0259l g\u00f6r\u00fcn\u0259n Bak\u0131"},"content":{"rendered":"<figure class=\"wp-block-image size-large\">\n  <img decoding=\"async\" src=\"https:\/\/www.meydan.tv\/az\/21876\/\" alt=\"\" class=\"wp-image-21876\"\/><figcaption><\/figcaption><\/figure>\n<figure class=\"wp-block-image size-large\">\n  <img decoding=\"async\" src=\"https:\/\/www.meydan.tv\/az\/21879\/\" alt=\"\" class=\"wp-image-21879\"\/><figcaption><\/figcaption><\/figure>\n<p>\n  G\u0259lin, siz\u0259 bir az son ill\u0259rd\u0259 m\u0259cburiyy\u0259td\u0259n yaranm\u0131\u015f yeni x\u00fcsusiyy\u0259tl\u0259rimizd\u0259n dan\u0131\u015f\u0131m. Bu el\u0259 paradoksdur. \u018fm\u0259lli paradoks. \u0130\u00e7imiz pis olanda \u00fcz\u00fcm\u00fcz\u00fc g\u00f6z\u0259l g\u00f6st\u0259rm\u0259y\u0259 \u00e7al\u0131\u015f\u0131r\u0131q. \u0130\u00e7imiz g\u00f6z\u0259l olanda is\u0259 \u00fcz\u0259 diqq\u0259tl\u0259 yana\u015fm\u0131r\u0131q. \u00c7ox c\u00fczi sah\u0259 ad\u0131 \u00e7\u0259km\u0259k olar ki h\u0259m \u00fcz c\u0259h\u0259td\u0259n h\u0259m d\u0259 i\u00e7 c\u0259h\u0259td\u0259n stabil olaraq saxlan\u0131l\u0131b. Niy\u0259 g\u00f6r\u0259 biz bu paradoksall\u0131\u011f\u0131 stabil saxlamaq \u00fc\u00e7\u00fcn s\u0259th\u0259 \u00fcst\u00fcnl\u00fck veririk. Yoxsa bacarm\u0131r\u0131qm\u0131 ? Bir qon\u015fumuz var idi, evl\u0259ri t\u0259mirsiz idi. H\u0259y\u0259tl\u0259ri d\u0259 h\u0259m\u00e7inin. S\u0259liq\u0259siz idi, nec\u0259 dey\u0259rl\u0259r, t\u00f6k\u00fcl\u00fcrd\u00fc amma di g\u0259l, \u00e7\u00f6l\u0259 \u00e7\u0131xd\u0131qda g\u00f6r\u0259rdin ki, 2 ma\u015f\u0131n saxlam\u0131\u015fd\u0131lar. \u018fyinl\u0259rind\u0259 olan paltarlar da bahal\u0131 v\u0259 brend mallar idi.<br \/>\n  <br \/>\n  F\u0259rqi g\u00f6rd\u00fcn\u00fczm\u00fc?\u00a0 Niy\u0259 g\u00f6r\u0259 bu \u00e7\u00f6l h\u0259yat v\u0259 i\u00e7 h\u0259yat stabil qalm\u0131r&#8230;\n<\/p>\n<p>\n  Ya\u015fad\u0131\u011f\u0131m\u0131z h\u0259yat il\u0259 \u015f\u0259h\u0259r h\u0259yat\u0131n\u0131n maraql\u0131 bir ox\u015farl\u0131\u011f\u0131n\u0131 n\u0259z\u0259riniz\u0259 \u00e7atd\u0131r\u0131ram.\n<\/p>\n<p>\n  N\u0259 is\u0259, \u0259zizl\u0259rim ke\u00e7\u0259k an etibaril\u0259 g\u00fcn\u00fcm\u00fczd\u0259n dan\u0131\u015fma\u011fa. Uza\u011fa getm\u0259y\u0259k, el\u0259 g\u00f6t\u00fcr\u0259k bizim vaxt\u0131l\u0259 astar\u0131 v\u0259 \u00fcz\u00fc stabil olan Bak\u0131m\u0131z\u0131. Niy\u0259 g\u00f6r\u0259 \u015f\u0259h\u0259r \u00e7\u00f6ld\u0259n yaln\u0131z turistl\u0259r\u0259 g\u00f6z\u0259l g\u00f6rs\u0259nm\u0259lidir? B\u0259s Bak\u0131n\u0131n \u0259halisi buna layiq deyilmi ?\n<\/p>\n<p>\n  2015 Bak\u0131 Avropa oyunlar\u0131 yax\u0131nla\u015f\u0131r. Binalara \u00fcz \u00e7\u0259km\u0259y\u0259 ba\u015flay\u0131blar. O g\u00fcn el\u0259 yax\u0131nl\u0131\u011f\u0131m\u0131zda binan\u0131n yan\u0131ndan ke\u00e7ir\u0259m. T\u0259xmini 50 il bundan qabaq tikil\u0259n binan\u0131n balkonlar\u0131n\u0131n \u00fcst\u00fcnd\u0259n yeni \u00fczl\u00fck kimi nazik taxtalar vururdular ki, g\u00f6z\u0259l g\u00f6rs\u0259nsin. Adam\u0131n ba\u015f\u0131n\u0131n \u00fcst\u00fcnd\u0259 Allah var, yalan dan\u0131\u015fmayaq, g\u00f6z\u0259l d\u0259 g\u00f6rs\u0259nirdi. Amma di g\u0259l, \u0259sas keyfiyy\u0259t deyil, m\u0259s\u0259l\u0259nin \u00fczd\u0259 g\u00f6rs\u0259n\u0259n m\u0259qamlar\u0131d\u0131r.\n<\/p>\n<p>\n  Bir d\u0259 binalar\u0131n \u00fcmumi \u00fcst\u00fcn\u0259 \u00e7\u0259kil\u0259n par\u00e7alar var, k\u0259nardan ist\u0259r dizayn c\u0259h\u0259td\u0259n, ist\u0259rs\u0259 d\u0259 estetika c\u0259h\u0259td\u0259n binaya uy\u011funlu\u011fu yoxdur. H\u0259min par\u00e7alardan biri d\u0259 bir ne\u00e7\u0259 g\u00fcn bundan qabaq yand\u0131. T\u0259\u0259ss\u00fcf&#8230;\n<\/p>\n<p>\n  Bu yax\u0131nlarda sosial \u015f\u0259b\u0259k\u0259l\u0259rd\u0259 v\u0259 mediada bir \u015f\u0259kil d\u0259 yay\u0131lm\u0131\u015fd\u0131. Bak\u0131 \u0259traf\u0131 k\u0259ndl\u0259rin birind\u0259 yolun k\u0259nar\u0131na \u00e7\u0259kilmi\u015f hasar uzaqdan baxd\u0131qda binan\u0131 xat\u0131rlad\u0131rd\u0131. \u201cHasar\u0131n o \u00fcz\u00fc\u201d is\u0259 nec\u0259 dey\u0259rl\u0259r, s\u0259hral\u0131\u011f\u0131 xat\u0131rlad\u0131rd\u0131. Bu is\u0259 g\u00f6z\u0259lliyin \u0259n ali s\u0259viyy\u0259sidir. Uzaqla\u015fd\u0131qca daha g\u00f6z\u0259l g\u00f6rs\u0259nir. \u00c7\u00fcnki Bak\u0131 art\u0131q bir siluet \u015f\u0259klind\u0259 unikall\u0131\u011f\u0131n\u0131 qoruyub saxlay\u0131r. Ona i\u015f\u0131q sald\u0131qda is\u0259 \u00f6z estetikas\u0131 itib bat\u0131r h\u0259min i\u015f\u0131qda. Bu is\u0259 biz\u0259 t\u0259xmini bel\u0259 bir mesaj verir: \u201cBak\u0131dan uzaqla\u015f\u0131n, o siz\u0259 daha g\u00f6z\u0259l g\u00f6rs\u0259n\u0259c\u0259k\u201d v\u0259 yaxud \u201cBak\u0131 yaln\u0131z gec\u0259l\u0259r g\u00f6z\u0259l olur\u201d. \u0130ksind\u0259n birini se\u00e7ib, ya\u015fama\u011fa \u00e7al\u0131\u015fmal\u0131san.\n<\/p>\n<p>\n  Yollarda tez-tez g\u00f6rd\u00fcy\u00fcm\u00fcz \u201cM\u00fcv\u0259qq\u0259ti narahat\u00e7\u0131l\u0131\u011fa g\u00f6r\u0259 \u00fczr ist\u0259yirik\u201d is\u0259 k\u00fcl\u0259kl\u0259r \u015f\u0259h\u0259rinin yeni \u015f\u00fcar\u0131na \u00e7evrilib. Bir tikindid\u0259, bir b\u0259rpada m\u00fcv\u0259qq\u0259tilik bitdikd\u0259n sonra h\u0259min \u201cafi\u015fa\u201dlar dig\u0259r bir tikintiy\u0259 da\u015f\u0131n\u0131r. Bundan \u0259lav\u0259 binalar\u0131n a\u011fard\u0131lmas\u0131, t\u0259mir-b\u0259rpa zaman\u0131 yaln\u0131z \u00fczl\u00fcy\u00fcn \u00e7\u0259kilm\u0259si v\u0259 s. adlar\u0131n\u0131 \u00e7\u0259km\u0259k olar, amma g\u0259lin uzun\u00e7ulu\u011fa getm\u0259y\u0259k.<br \/>\n  <br \/>\n  Burdan yaln\u0131z bel\u0259 n\u0259tic\u0259y\u0259 g\u0259lm\u0259k olar ki, bu da bizim genimizd\u0259n g\u0259l\u0259n probleml\u0259d\u0259n biridir.<\/p>\n","protected":false},"excerpt":{"rendered":"<p>Hasar\u0131n o \u00fcz\u00fcnd\u0259ki s\u0259hra&#8230;<\/p>\n","protected":false},"author":11,"featured_media":21876,"comment_status":"closed","ping_status":"open","sticky":false,"template":"","format":"standard","meta":{"_acf_changed":false,"_sitemap_exclude":false,"_sitemap_priority":"","_sitemap_frequency":"","footnotes":""},"categories":[57],"tags":[],"class_list":["post-167575","post","type-post","status-publish","format-standard","has-post-thumbnail","hentry","category-menim-fikrimce","infinite-scroll-item","generate-columns","tablet-grid-50","mobile-grid-100","grid-parent","grid-33","no-featured-image-padding"],"acf":[],"yoast_head":"<!-- This site is optimized with the Yoast SEO plugin v27.5 - https:\/\/yoast.com\/product\/yoast-seo-wordpress\/ -->\n<title>Uzaqla\u015fd\u0131qca g\u00f6z\u0259l g\u00f6r\u00fcn\u0259n Bak\u0131 - MEYDAN.TV<\/title>\n<meta name=\"robots\" content=\"index, follow, max-snippet:-1, max-image-preview:large, max-video-preview:-1\" \/>\n<link rel=\"canonical\" href=\"https:\/\/www.meydan.tv\/az\/article\/uzaqlasdiqca-gozel-gorunen-baki\/\" \/>\n<meta property=\"og:locale\" content=\"az_AZ\" \/>\n<meta property=\"og:type\" content=\"article\" \/>\n<meta property=\"og:title\" content=\"Uzaqla\u015fd\u0131qca g\u00f6z\u0259l g\u00f6r\u00fcn\u0259n Bak\u0131 - MEYDAN.TV\" \/>\n<meta property=\"og:description\" content=\"Hasar\u0131n o \u00fcz\u00fcnd\u0259ki s\u0259hra...\" \/>\n<meta property=\"og:url\" content=\"https:\/\/www.meydan.tv\/az\/article\/uzaqlasdiqca-gozel-gorunen-baki\/\" \/>\n<meta property=\"og:site_name\" content=\"MEYDAN.TV\" \/>\n<meta property=\"article:published_time\" content=\"2015-04-15T23:04:44+00:00\" \/>\n<meta property=\"og:image\" content=\"https:\/\/www.meydan.tv\/wp-content\/uploads\/7919.jpg\" \/>\n\t<meta property=\"og:image:width\" content=\"500\" \/>\n\t<meta property=\"og:image:height\" content=\"500\" \/>\n\t<meta property=\"og:image:type\" content=\"image\/jpeg\" \/>\n<meta name=\"author\" content=\"user-manager\" \/>\n<meta name=\"twitter:card\" content=\"summary_large_image\" \/>\n<script type=\"application\/ld+json\" class=\"yoast-schema-graph\">{\"@context\":\"https:\\\/\\\/schema.org\",\"@graph\":[{\"@type\":\"Article\",\"@id\":\"https:\\\/\\\/www.meydan.tv\\\/az\\\/article\\\/uzaqlasdiqca-gozel-gorunen-baki\\\/#article\",\"isPartOf\":{\"@id\":\"https:\\\/\\\/www.meydan.tv\\\/az\\\/article\\\/uzaqlasdiqca-gozel-gorunen-baki\\\/\"},\"author\":{\"name\":\"user-manager\",\"@id\":\"https:\\\/\\\/www.meydan.tv\\\/az\\\/#\\\/schema\\\/person\\\/10d11eccf6da3662cf5fdab9806ea91a\"},\"headline\":\"Uzaqla\u015fd\u0131qca g\u00f6z\u0259l g\u00f6r\u00fcn\u0259n Bak\u0131\",\"datePublished\":\"2015-04-15T23:04:44+00:00\",\"mainEntityOfPage\":{\"@id\":\"https:\\\/\\\/www.meydan.tv\\\/az\\\/article\\\/uzaqlasdiqca-gozel-gorunen-baki\\\/\"},\"wordCount\":681,\"publisher\":{\"@id\":\"https:\\\/\\\/www.meydan.tv\\\/az\\\/#organization\"},\"image\":{\"@id\":\"https:\\\/\\\/www.meydan.tv\\\/az\\\/article\\\/uzaqlasdiqca-gozel-gorunen-baki\\\/#primaryimage\"},\"thumbnailUrl\":\"https:\\\/\\\/www.meydan.tv\\\/wp-content\\\/uploads\\\/7919.jpg\",\"articleSection\":[\"M\u0259nim Fikrimc\u0259\"],\"inLanguage\":\"az\"},{\"@type\":\"WebPage\",\"@id\":\"https:\\\/\\\/www.meydan.tv\\\/az\\\/article\\\/uzaqlasdiqca-gozel-gorunen-baki\\\/\",\"url\":\"https:\\\/\\\/www.meydan.tv\\\/az\\\/article\\\/uzaqlasdiqca-gozel-gorunen-baki\\\/\",\"name\":\"Uzaqla\u015fd\u0131qca g\u00f6z\u0259l g\u00f6r\u00fcn\u0259n Bak\u0131 - MEYDAN.TV\",\"isPartOf\":{\"@id\":\"https:\\\/\\\/www.meydan.tv\\\/az\\\/#website\"},\"primaryImageOfPage\":{\"@id\":\"https:\\\/\\\/www.meydan.tv\\\/az\\\/article\\\/uzaqlasdiqca-gozel-gorunen-baki\\\/#primaryimage\"},\"image\":{\"@id\":\"https:\\\/\\\/www.meydan.tv\\\/az\\\/article\\\/uzaqlasdiqca-gozel-gorunen-baki\\\/#primaryimage\"},\"thumbnailUrl\":\"https:\\\/\\\/www.meydan.tv\\\/wp-content\\\/uploads\\\/7919.jpg\",\"datePublished\":\"2015-04-15T23:04:44+00:00\",\"breadcrumb\":{\"@id\":\"https:\\\/\\\/www.meydan.tv\\\/az\\\/article\\\/uzaqlasdiqca-gozel-gorunen-baki\\\/#breadcrumb\"},\"inLanguage\":\"az\",\"potentialAction\":[{\"@type\":\"ReadAction\",\"target\":[\"https:\\\/\\\/www.meydan.tv\\\/az\\\/article\\\/uzaqlasdiqca-gozel-gorunen-baki\\\/\"]}]},{\"@type\":\"ImageObject\",\"inLanguage\":\"az\",\"@id\":\"https:\\\/\\\/www.meydan.tv\\\/az\\\/article\\\/uzaqlasdiqca-gozel-gorunen-baki\\\/#primaryimage\",\"url\":\"https:\\\/\\\/www.meydan.tv\\\/wp-content\\\/uploads\\\/7919.jpg\",\"contentUrl\":\"https:\\\/\\\/www.meydan.tv\\\/wp-content\\\/uploads\\\/7919.jpg\",\"width\":500,\"height\":500,\"caption\":\"Source:\"},{\"@type\":\"BreadcrumbList\",\"@id\":\"https:\\\/\\\/www.meydan.tv\\\/az\\\/article\\\/uzaqlasdiqca-gozel-gorunen-baki\\\/#breadcrumb\",\"itemListElement\":[{\"@type\":\"ListItem\",\"position\":1,\"name\":\"Ana s\u0259hif\u0259\",\"item\":\"https:\\\/\\\/www.meydan.tv\\\/az\\\/\"},{\"@type\":\"ListItem\",\"position\":2,\"name\":\"M\u0259nim Fikrimc\u0259\",\"item\":\"https:\\\/\\\/www.meydan.tv\\\/az\\\/section\\\/menim-fikrimce\\\/\"},{\"@type\":\"ListItem\",\"position\":3,\"name\":\"Uzaqla\u015fd\u0131qca g\u00f6z\u0259l g\u00f6r\u00fcn\u0259n Bak\u0131\"}]},{\"@type\":\"WebSite\",\"@id\":\"https:\\\/\\\/www.meydan.tv\\\/az\\\/#website\",\"url\":\"https:\\\/\\\/www.meydan.tv\\\/az\\\/\",\"name\":\"MEYDAN.TV\",\"description\":\"Meydan TV Az\u0259rbaycan\u0131n media m\u0259kan\u0131ndak\u0131 alternativ s\u0259sidir\",\"publisher\":{\"@id\":\"https:\\\/\\\/www.meydan.tv\\\/az\\\/#organization\"},\"potentialAction\":[{\"@type\":\"SearchAction\",\"target\":{\"@type\":\"EntryPoint\",\"urlTemplate\":\"https:\\\/\\\/www.meydan.tv\\\/az\\\/?s={search_term_string}\"},\"query-input\":{\"@type\":\"PropertyValueSpecification\",\"valueRequired\":true,\"valueName\":\"search_term_string\"}}],\"inLanguage\":\"az\"},{\"@type\":\"Organization\",\"@id\":\"https:\\\/\\\/www.meydan.tv\\\/az\\\/#organization\",\"name\":\"Meydan TV\",\"url\":\"https:\\\/\\\/www.meydan.tv\\\/az\\\/\",\"logo\":{\"@type\":\"ImageObject\",\"inLanguage\":\"az\",\"@id\":\"https:\\\/\\\/www.meydan.tv\\\/az\\\/#\\\/schema\\\/logo\\\/image\\\/\",\"url\":\"https:\\\/\\\/www.meydan.tv\\\/wp-content\\\/uploads\\\/2021\\\/07\\\/meydan-logo.svg\",\"contentUrl\":\"https:\\\/\\\/www.meydan.tv\\\/wp-content\\\/uploads\\\/2021\\\/07\\\/meydan-logo.svg\",\"width\":195,\"height\":46,\"caption\":\"Meydan TV\"},\"image\":{\"@id\":\"https:\\\/\\\/www.meydan.tv\\\/az\\\/#\\\/schema\\\/logo\\\/image\\\/\"}},{\"@type\":\"Person\",\"@id\":\"https:\\\/\\\/www.meydan.tv\\\/az\\\/#\\\/schema\\\/person\\\/10d11eccf6da3662cf5fdab9806ea91a\",\"name\":\"user-manager\"}]}<\/script>\n<!-- \/ Yoast SEO plugin. -->","yoast_head_json":{"title":"Uzaqla\u015fd\u0131qca g\u00f6z\u0259l g\u00f6r\u00fcn\u0259n Bak\u0131 - MEYDAN.TV","robots":{"index":"index","follow":"follow","max-snippet":"max-snippet:-1","max-image-preview":"max-image-preview:large","max-video-preview":"max-video-preview:-1"},"canonical":"https:\/\/www.meydan.tv\/az\/article\/uzaqlasdiqca-gozel-gorunen-baki\/","og_locale":"az_AZ","og_type":"article","og_title":"Uzaqla\u015fd\u0131qca g\u00f6z\u0259l g\u00f6r\u00fcn\u0259n Bak\u0131 - MEYDAN.TV","og_description":"Hasar\u0131n o \u00fcz\u00fcnd\u0259ki s\u0259hra...","og_url":"https:\/\/www.meydan.tv\/az\/article\/uzaqlasdiqca-gozel-gorunen-baki\/","og_site_name":"MEYDAN.TV","article_published_time":"2015-04-15T23:04:44+00:00","og_image":[{"width":500,"height":500,"url":"https:\/\/www.meydan.tv\/wp-content\/uploads\/7919.jpg","type":"image\/jpeg"}],"author":"user-manager","twitter_card":"summary_large_image","schema":{"@context":"https:\/\/schema.org","@graph":[{"@type":"Article","@id":"https:\/\/www.meydan.tv\/az\/article\/uzaqlasdiqca-gozel-gorunen-baki\/#article","isPartOf":{"@id":"https:\/\/www.meydan.tv\/az\/article\/uzaqlasdiqca-gozel-gorunen-baki\/"},"author":{"name":"user-manager","@id":"https:\/\/www.meydan.tv\/az\/#\/schema\/person\/10d11eccf6da3662cf5fdab9806ea91a"},"headline":"Uzaqla\u015fd\u0131qca g\u00f6z\u0259l g\u00f6r\u00fcn\u0259n Bak\u0131","datePublished":"2015-04-15T23:04:44+00:00","mainEntityOfPage":{"@id":"https:\/\/www.meydan.tv\/az\/article\/uzaqlasdiqca-gozel-gorunen-baki\/"},"wordCount":681,"publisher":{"@id":"https:\/\/www.meydan.tv\/az\/#organization"},"image":{"@id":"https:\/\/www.meydan.tv\/az\/article\/uzaqlasdiqca-gozel-gorunen-baki\/#primaryimage"},"thumbnailUrl":"https:\/\/www.meydan.tv\/wp-content\/uploads\/7919.jpg","articleSection":["M\u0259nim Fikrimc\u0259"],"inLanguage":"az"},{"@type":"WebPage","@id":"https:\/\/www.meydan.tv\/az\/article\/uzaqlasdiqca-gozel-gorunen-baki\/","url":"https:\/\/www.meydan.tv\/az\/article\/uzaqlasdiqca-gozel-gorunen-baki\/","name":"Uzaqla\u015fd\u0131qca g\u00f6z\u0259l g\u00f6r\u00fcn\u0259n Bak\u0131 - MEYDAN.TV","isPartOf":{"@id":"https:\/\/www.meydan.tv\/az\/#website"},"primaryImageOfPage":{"@id":"https:\/\/www.meydan.tv\/az\/article\/uzaqlasdiqca-gozel-gorunen-baki\/#primaryimage"},"image":{"@id":"https:\/\/www.meydan.tv\/az\/article\/uzaqlasdiqca-gozel-gorunen-baki\/#primaryimage"},"thumbnailUrl":"https:\/\/www.meydan.tv\/wp-content\/uploads\/7919.jpg","datePublished":"2015-04-15T23:04:44+00:00","breadcrumb":{"@id":"https:\/\/www.meydan.tv\/az\/article\/uzaqlasdiqca-gozel-gorunen-baki\/#breadcrumb"},"inLanguage":"az","potentialAction":[{"@type":"ReadAction","target":["https:\/\/www.meydan.tv\/az\/article\/uzaqlasdiqca-gozel-gorunen-baki\/"]}]},{"@type":"ImageObject","inLanguage":"az","@id":"https:\/\/www.meydan.tv\/az\/article\/uzaqlasdiqca-gozel-gorunen-baki\/#primaryimage","url":"https:\/\/www.meydan.tv\/wp-content\/uploads\/7919.jpg","contentUrl":"https:\/\/www.meydan.tv\/wp-content\/uploads\/7919.jpg","width":500,"height":500,"caption":"Source:"},{"@type":"BreadcrumbList","@id":"https:\/\/www.meydan.tv\/az\/article\/uzaqlasdiqca-gozel-gorunen-baki\/#breadcrumb","itemListElement":[{"@type":"ListItem","position":1,"name":"Ana s\u0259hif\u0259","item":"https:\/\/www.meydan.tv\/az\/"},{"@type":"ListItem","position":2,"name":"M\u0259nim Fikrimc\u0259","item":"https:\/\/www.meydan.tv\/az\/section\/menim-fikrimce\/"},{"@type":"ListItem","position":3,"name":"Uzaqla\u015fd\u0131qca g\u00f6z\u0259l g\u00f6r\u00fcn\u0259n Bak\u0131"}]},{"@type":"WebSite","@id":"https:\/\/www.meydan.tv\/az\/#website","url":"https:\/\/www.meydan.tv\/az\/","name":"MEYDAN.TV","description":"Meydan TV Az\u0259rbaycan\u0131n media m\u0259kan\u0131ndak\u0131 alternativ s\u0259sidir","publisher":{"@id":"https:\/\/www.meydan.tv\/az\/#organization"},"potentialAction":[{"@type":"SearchAction","target":{"@type":"EntryPoint","urlTemplate":"https:\/\/www.meydan.tv\/az\/?s={search_term_string}"},"query-input":{"@type":"PropertyValueSpecification","valueRequired":true,"valueName":"search_term_string"}}],"inLanguage":"az"},{"@type":"Organization","@id":"https:\/\/www.meydan.tv\/az\/#organization","name":"Meydan TV","url":"https:\/\/www.meydan.tv\/az\/","logo":{"@type":"ImageObject","inLanguage":"az","@id":"https:\/\/www.meydan.tv\/az\/#\/schema\/logo\/image\/","url":"https:\/\/www.meydan.tv\/wp-content\/uploads\/2021\/07\/meydan-logo.svg","contentUrl":"https:\/\/www.meydan.tv\/wp-content\/uploads\/2021\/07\/meydan-logo.svg","width":195,"height":46,"caption":"Meydan TV"},"image":{"@id":"https:\/\/www.meydan.tv\/az\/#\/schema\/logo\/image\/"}},{"@type":"Person","@id":"https:\/\/www.meydan.tv\/az\/#\/schema\/person\/10d11eccf6da3662cf5fdab9806ea91a","name":"user-manager"}]}},"_links":{"self":[{"href":"https:\/\/www.meydan.tv\/az\/wp-json\/wp\/v2\/posts\/167575","targetHints":{"allow":["GET"]}}],"collection":[{"href":"https:\/\/www.meydan.tv\/az\/wp-json\/wp\/v2\/posts"}],"about":[{"href":"https:\/\/www.meydan.tv\/az\/wp-json\/wp\/v2\/types\/post"}],"author":[{"embeddable":true,"href":"https:\/\/www.meydan.tv\/az\/wp-json\/wp\/v2\/users\/11"}],"replies":[{"embeddable":true,"href":"https:\/\/www.meydan.tv\/az\/wp-json\/wp\/v2\/comments?post=167575"}],"version-history":[{"count":0,"href":"https:\/\/www.meydan.tv\/az\/wp-json\/wp\/v2\/posts\/167575\/revisions"}],"wp:featuredmedia":[{"embeddable":true,"href":"https:\/\/www.meydan.tv\/az\/wp-json\/wp\/v2\/media\/21876"}],"wp:attachment":[{"href":"https:\/\/www.meydan.tv\/az\/wp-json\/wp\/v2\/media?parent=167575"}],"wp:term":[{"taxonomy":"category","embeddable":true,"href":"https:\/\/www.meydan.tv\/az\/wp-json\/wp\/v2\/categories?post=167575"},{"taxonomy":"post_tag","embeddable":true,"href":"https:\/\/www.meydan.tv\/az\/wp-json\/wp\/v2\/tags?post=167575"}],"curies":[{"name":"wp","href":"https:\/\/api.w.org\/{rel}","templated":true}]}}