{"id":167572,"date":"2015-04-15T20:05:31","date_gmt":"2015-04-15T20:05:31","guid":{"rendered":"https:\/\/www.meydan.tv\/article\/elmar-memmedyarov-avropa-ittifaqi-ile-elaqeler-faydali-xarakter-dasimalidir\/"},"modified":"2015-04-15T20:05:31","modified_gmt":"2015-04-15T20:05:31","slug":"elmar-memmedyarov-avropa-ittifaqi-ile-elaqeler-faydali-xarakter-dasimalidir","status":"publish","type":"post","link":"https:\/\/www.meydan.tv\/az\/article\/elmar-memmedyarov-avropa-ittifaqi-ile-elaqeler-faydali-xarakter-dasimalidir\/","title":{"rendered":"Elmar M\u0259mm\u0259dyarov: &#8220;Avropa \u0130ttifaq\u0131 il\u0259 \u0259laq\u0259l\u0259r faydal\u0131 xarakter da\u015f\u0131mal\u0131d\u0131r&#8221;"},"content":{"rendered":"<figure class=\"wp-block-image size-large\">\n  <img decoding=\"async\" src=\"https:\/\/www.meydan.tv\/az\/22833\/\" alt=\"\" class=\"wp-image-22833\"\/><figcaption><\/figcaption><\/figure>\n<figure class=\"wp-block-image size-large\">\n  <img decoding=\"async\" src=\"https:\/\/www.meydan.tv\/az\/22833\/\" alt=\"\" class=\"wp-image-22833\"\/><figcaption><\/figcaption><\/figure>\n<p><div>\n    Nazir Erm\u0259nistan-Az\u0259rbaycan m\u00fcnaqi\u015f\u0259sin\u0259 dair Avropa \u0130ttifaq\u0131n\u0131n q\u0259ti m\u00f6vqeyinin ifad\u0259 olunmas\u0131n\u0131n vacibliyini vur\u011fulay\u0131b\n  <\/div>\n<\/p>\n<p><div><\/div>\n<\/p>\n<p><div>\n    Az\u0259rbaycan xarici i\u015fl\u0259r naziri Elmar M\u0259mm\u0259dyarov Riqada latviyal\u0131 h\u0259mkar\u0131 Edqar Rinkevi\u00e7sl\u0259 g\u00f6r\u00fc\u015f\u00fcb.\n  <\/div>\n<\/p>\n<p>\n  Az\u0259rbaycan\u00a0Xarici \u0130\u015fl\u0259r Nazirliyinin m\u0259tbuat xidm\u0259tind\u0259n<br \/>\n  <a href=\"https:\/\/apa.az\/\"><br \/>\n    APA<br \/>\n  <\/a><br \/>\n  -ya veril\u0259n m\u0259lumata g\u00f6r\u0259, g\u00f6r\u00fc\u015fd\u0259 Az\u0259rbaycanla Latviya aras\u0131nda siyasi dialoqun v\u0259 \u0259m\u0259kda\u015fl\u0131\u011f\u0131n inki\u015faf\u0131ndan m\u0259mnunluq ifad\u0259 olunub.\n<\/p>\n<p>\n  E. M\u0259mm\u0259dyarov\u00a0Avropa \u0130ttifaq\u0131na s\u0259drlik m\u00fcnasib\u0259ti il\u0259 Latviyan\u0131 t\u0259brik edib v\u0259 s\u0259drlik m\u00fcdd\u0259tinin u\u011furla ba\u015fa \u00e7atd\u0131r\u0131laca\u011f\u0131na \u0259minliyini ifad\u0259 edib. Nazir\u00a0Avropa \u0130ttifaq\u0131\u00a0il\u0259 Az\u0259rbaycan aras\u0131nda enerji sah\u0259sind\u0259 strateji t\u0259r\u0259fda\u015fl\u0131\u011f\u0131n oldu\u011funu qeyd ed\u0259r\u0259k, dig\u0259r sah\u0259l\u0259rd\u0259 d\u0259 strateji t\u0259r\u0259fda\u015fl\u0131\u011f\u0131n inki\u015faf etdirilm\u0259sinin vacibliyini bildirib. O \u0259lav\u0259 edib ki,\u00a0Avropa \u0130ttifaq\u0131\u00a0il\u0259 \u0259laq\u0259l\u0259r qar\u015f\u0131l\u0131ql\u0131 faydal\u0131 xarakter da\u015f\u0131mal\u0131d\u0131r.\n<\/p>\n<p>\n  Da\u011fl\u0131q Qaraba\u011f\u00a0m\u00fcnaqi\u015f\u0259sinin h\u0259lli \u00fczr\u0259 apar\u0131lan dan\u0131\u015f\u0131qlar bar\u0259sind\u0259 m\u0259lumat ver\u0259n E. M\u0259mm\u0259dyarov\u00a0dig\u0259r m\u00fcnaqi\u015f\u0259 m\u0259s\u0259l\u0259l\u0259rind\u0259 oldu\u011fu kimi Erm\u0259nistan-Az\u0259rbaycan m\u00fcnaqi\u015f\u0259sin\u0259 dair\u00a0Avropa \u0130ttifaq\u0131n\u0131n q\u0259ti m\u00f6vqeyinin ifad\u0259 olunmas\u0131n\u0131n vacibliyini vur\u011fulay\u0131b. Nazir deyib ki, m\u00fcnaqi\u015f\u0259nin h\u0259lli \u00fc\u00e7\u00fcn\u00a0BMT\u00a0T\u0259hl\u00fck\u0259sizlik \u015euras\u0131n\u0131n q\u0259tnam\u0259l\u0259rind\u0259 t\u0259l\u0259b olundu\u011fu kimi, ilk n\u00f6vb\u0259d\u0259, Erm\u0259nistan\u0131n i\u015f\u011fal\u00e7\u0131 q\u00fcvv\u0259l\u0259ri i\u015f\u011fal olunmu\u015f Az\u0259rbaycan \u0259razil\u0259rind\u0259n \u00e7\u0131xar\u0131lmal\u0131d\u0131r.\n<\/p>\n<p>\n  E. Rinkevi\u00e7s is\u0259 Latviyan\u0131n\u00a0Da\u011fl\u0131q Qaraba\u011f\u00a0m\u00fcnaqi\u015f\u0259sinin s\u00fclh yolu il\u0259 beyn\u0259lxalq h\u00fcququn prinsipl\u0259ri, x\u00fcsusil\u0259 \u0259razi b\u00fct\u00f6vl\u00fcy\u00fc v\u0259 suverenlik \u0259sas\u0131nda h\u0259llini d\u0259st\u0259kl\u0259diyini diqq\u0259t\u0259 \u00e7atd\u0131r\u0131b.\n<\/p>\n<p>\n  O h\u0259m\u00e7inin iki \u00f6lk\u0259 aras\u0131nda iqtisadi-ticar\u0259t \u0259laq\u0259l\u0259rinin inki\u015faf\u0131 \u00fc\u00e7\u00fcn \u0259lveri\u015fli imkanlar\u0131n oldu\u011funu qeyd edib v\u0259 Az\u0259rbaycan s\u0259rmay\u0259l\u0259rinin Latviyaya c\u0259lb edilm\u0259sind\u0259 maraql\u0131 olduqlar\u0131n\u0131 vur\u011fulay\u0131b.\n<\/p>\n<p>\n  G\u00f6r\u00fc\u015fd\u0259 qar\u015f\u0131l\u0131ql\u0131 maraq do\u011furan regional v\u0259 beyn\u0259lxalq m\u0259s\u0259l\u0259l\u0259r \u0259traf\u0131nda fikir m\u00fcbadil\u0259si apar\u0131l\u0131b.\n<\/p>\n<p><div><\/div><\/p>\n","protected":false},"excerpt":{"rendered":"<p>Nazir Erm\u0259nistan-Az\u0259rbaycan m\u00fcnaqi\u015f\u0259sin\u0259 dair Avropa \u0130ttifaq\u0131n\u0131n q\u0259ti m\u00f6vqeyinin ifad\u0259 olunmas\u0131n\u0131n vacibliyini vur\u011fulay\u0131b<\/p>\n","protected":false},"author":11,"featured_media":22833,"comment_status":"closed","ping_status":"open","sticky":false,"template":"","format":"standard","meta":{"_acf_changed":false,"_sitemap_exclude":false,"_sitemap_priority":"","_sitemap_frequency":"","footnotes":""},"categories":[56],"tags":[],"class_list":["post-167572","post","type-post","status-publish","format-standard","has-post-thumbnail","hentry","category-xeberler","infinite-scroll-item","generate-columns","tablet-grid-50","mobile-grid-100","grid-parent","grid-33","no-featured-image-padding"],"acf":[],"yoast_head":"<!-- This site is optimized with the Yoast SEO plugin v28.4 - https:\/\/yoast.com\/product\/yoast-seo-wordpress\/ -->\n<title>Elmar M\u0259mm\u0259dyarov: &quot;Avropa \u0130ttifaq\u0131 il\u0259 \u0259laq\u0259l\u0259r faydal\u0131 xarakter da\u015f\u0131mal\u0131d\u0131r&quot; - MEYDAN.TV<\/title>\n<meta name=\"robots\" content=\"index, follow, max-snippet:-1, max-image-preview:large, max-video-preview:-1\" \/>\n<link rel=\"canonical\" href=\"https:\/\/www.meydan.tv\/az\/article\/elmar-memmedyarov-avropa-ittifaqi-ile-elaqeler-faydali-xarakter-dasimalidir\/\" \/>\n<meta property=\"og:locale\" content=\"az_AZ\" \/>\n<meta property=\"og:type\" content=\"article\" \/>\n<meta property=\"og:title\" content=\"Elmar M\u0259mm\u0259dyarov: &quot;Avropa \u0130ttifaq\u0131 il\u0259 \u0259laq\u0259l\u0259r faydal\u0131 xarakter da\u015f\u0131mal\u0131d\u0131r&quot; - MEYDAN.TV\" \/>\n<meta property=\"og:description\" content=\"Nazir Erm\u0259nistan-Az\u0259rbaycan m\u00fcnaqi\u015f\u0259sin\u0259 dair Avropa \u0130ttifaq\u0131n\u0131n q\u0259ti m\u00f6vqeyinin ifad\u0259 olunmas\u0131n\u0131n vacibliyini vur\u011fulay\u0131b\" \/>\n<meta property=\"og:url\" content=\"https:\/\/www.meydan.tv\/az\/article\/elmar-memmedyarov-avropa-ittifaqi-ile-elaqeler-faydali-xarakter-dasimalidir\/\" \/>\n<meta property=\"og:site_name\" content=\"MEYDAN.TV\" \/>\n<meta property=\"article:published_time\" content=\"2015-04-15T20:05:31+00:00\" \/>\n<meta property=\"og:image\" content=\"https:\/\/www.meydan.tv\/wp-content\/uploads\/8288.jpg\" \/>\n\t<meta property=\"og:image:width\" content=\"640\" \/>\n\t<meta property=\"og:image:height\" content=\"360\" \/>\n\t<meta property=\"og:image:type\" content=\"image\/jpeg\" \/>\n<meta name=\"twitter:card\" content=\"summary_large_image\" \/>\n<!-- \/ Yoast SEO plugin. -->","yoast_head_json":{"title":"Elmar M\u0259mm\u0259dyarov: \"Avropa \u0130ttifaq\u0131 il\u0259 \u0259laq\u0259l\u0259r faydal\u0131 xarakter da\u015f\u0131mal\u0131d\u0131r\" - MEYDAN.TV","robots":{"index":"index","follow":"follow","max-snippet":"max-snippet:-1","max-image-preview":"max-image-preview:large","max-video-preview":"max-video-preview:-1"},"canonical":"https:\/\/www.meydan.tv\/az\/article\/elmar-memmedyarov-avropa-ittifaqi-ile-elaqeler-faydali-xarakter-dasimalidir\/","og_locale":"az_AZ","og_type":"article","og_title":"Elmar M\u0259mm\u0259dyarov: \"Avropa \u0130ttifaq\u0131 il\u0259 \u0259laq\u0259l\u0259r faydal\u0131 xarakter da\u015f\u0131mal\u0131d\u0131r\" - MEYDAN.TV","og_description":"Nazir Erm\u0259nistan-Az\u0259rbaycan m\u00fcnaqi\u015f\u0259sin\u0259 dair Avropa \u0130ttifaq\u0131n\u0131n q\u0259ti m\u00f6vqeyinin ifad\u0259 olunmas\u0131n\u0131n vacibliyini vur\u011fulay\u0131b","og_url":"https:\/\/www.meydan.tv\/az\/article\/elmar-memmedyarov-avropa-ittifaqi-ile-elaqeler-faydali-xarakter-dasimalidir\/","og_site_name":"MEYDAN.TV","article_published_time":"2015-04-15T20:05:31+00:00","og_image":[{"width":640,"height":360,"url":"https:\/\/www.meydan.tv\/wp-content\/uploads\/8288.jpg","type":"image\/jpeg"}],"twitter_card":"summary_large_image","schema":{"@context":"https:\/\/schema.org","@graph":[{"@type":"Article","@id":"https:\/\/www.meydan.tv\/az\/article\/elmar-memmedyarov-avropa-ittifaqi-ile-elaqeler-faydali-xarakter-dasimalidir\/#article","isPartOf":{"@id":"https:\/\/www.meydan.tv\/az\/article\/elmar-memmedyarov-avropa-ittifaqi-ile-elaqeler-faydali-xarakter-dasimalidir\/"},"author":{"name":"user-manager","@id":"https:\/\/www.meydan.tv\/az\/#\/schema\/person\/10d11eccf6da3662cf5fdab9806ea91a"},"headline":"Elmar M\u0259mm\u0259dyarov: &#8220;Avropa \u0130ttifaq\u0131 il\u0259 \u0259laq\u0259l\u0259r faydal\u0131 xarakter da\u015f\u0131mal\u0131d\u0131r&#8221;","datePublished":"2015-04-15T20:05:31+00:00","mainEntityOfPage":{"@id":"https:\/\/www.meydan.tv\/az\/article\/elmar-memmedyarov-avropa-ittifaqi-ile-elaqeler-faydali-xarakter-dasimalidir\/"},"wordCount":421,"publisher":{"@id":"https:\/\/www.meydan.tv\/az\/#organization"},"image":{"@id":"https:\/\/www.meydan.tv\/az\/article\/elmar-memmedyarov-avropa-ittifaqi-ile-elaqeler-faydali-xarakter-dasimalidir\/#primaryimage"},"thumbnailUrl":"https:\/\/www.meydan.tv\/wp-content\/uploads\/8288.jpg","articleSection":["X\u0259b\u0259rl\u0259r"],"inLanguage":"az"},{"@type":"WebPage","@id":"https:\/\/www.meydan.tv\/az\/article\/elmar-memmedyarov-avropa-ittifaqi-ile-elaqeler-faydali-xarakter-dasimalidir\/","url":"https:\/\/www.meydan.tv\/az\/article\/elmar-memmedyarov-avropa-ittifaqi-ile-elaqeler-faydali-xarakter-dasimalidir\/","name":"Elmar M\u0259mm\u0259dyarov: \"Avropa \u0130ttifaq\u0131 il\u0259 \u0259laq\u0259l\u0259r faydal\u0131 xarakter da\u015f\u0131mal\u0131d\u0131r\" - MEYDAN.TV","isPartOf":{"@id":"https:\/\/www.meydan.tv\/az\/#website"},"primaryImageOfPage":{"@id":"https:\/\/www.meydan.tv\/az\/article\/elmar-memmedyarov-avropa-ittifaqi-ile-elaqeler-faydali-xarakter-dasimalidir\/#primaryimage"},"image":{"@id":"https:\/\/www.meydan.tv\/az\/article\/elmar-memmedyarov-avropa-ittifaqi-ile-elaqeler-faydali-xarakter-dasimalidir\/#primaryimage"},"thumbnailUrl":"https:\/\/www.meydan.tv\/wp-content\/uploads\/8288.jpg","datePublished":"2015-04-15T20:05:31+00:00","breadcrumb":{"@id":"https:\/\/www.meydan.tv\/az\/article\/elmar-memmedyarov-avropa-ittifaqi-ile-elaqeler-faydali-xarakter-dasimalidir\/#breadcrumb"},"inLanguage":"az","potentialAction":[{"@type":"ReadAction","target":["https:\/\/www.meydan.tv\/az\/article\/elmar-memmedyarov-avropa-ittifaqi-ile-elaqeler-faydali-xarakter-dasimalidir\/"]}]},{"@type":"ImageObject","inLanguage":"az","@id":"https:\/\/www.meydan.tv\/az\/article\/elmar-memmedyarov-avropa-ittifaqi-ile-elaqeler-faydali-xarakter-dasimalidir\/#primaryimage","url":"https:\/\/www.meydan.tv\/wp-content\/uploads\/8288.jpg","contentUrl":"https:\/\/www.meydan.tv\/wp-content\/uploads\/8288.jpg","width":640,"height":360,"caption":"Source:"},{"@type":"BreadcrumbList","@id":"https:\/\/www.meydan.tv\/az\/article\/elmar-memmedyarov-avropa-ittifaqi-ile-elaqeler-faydali-xarakter-dasimalidir\/#breadcrumb","itemListElement":[{"@type":"ListItem","position":1,"name":"Ana s\u0259hif\u0259","item":"https:\/\/www.meydan.tv\/az\/"},{"@type":"ListItem","position":2,"name":"X\u0259b\u0259rl\u0259r","item":"https:\/\/www.meydan.tv\/az\/section\/xeberler\/"},{"@type":"ListItem","position":3,"name":"Elmar M\u0259mm\u0259dyarov: &#8220;Avropa \u0130ttifaq\u0131 il\u0259 \u0259laq\u0259l\u0259r faydal\u0131 xarakter da\u015f\u0131mal\u0131d\u0131r&#8221;"}]},{"@type":"WebSite","@id":"https:\/\/www.meydan.tv\/az\/#website","url":"https:\/\/www.meydan.tv\/az\/","name":"MEYDAN.TV","description":"Meydan TV Az\u0259rbaycan\u0131n media m\u0259kan\u0131ndak\u0131 alternativ s\u0259sidir","publisher":{"@id":"https:\/\/www.meydan.tv\/az\/#organization"},"potentialAction":[{"@type":"SearchAction","target":{"@type":"EntryPoint","urlTemplate":"https:\/\/www.meydan.tv\/az\/?s={search_term_string}"},"query-input":{"@type":"PropertyValueSpecification","valueRequired":true,"valueName":"search_term_string"}}],"inLanguage":"az"},{"@type":"Organization","@id":"https:\/\/www.meydan.tv\/az\/#organization","name":"Meydan TV","url":"https:\/\/www.meydan.tv\/az\/","logo":{"@type":"ImageObject","inLanguage":"az","@id":"https:\/\/www.meydan.tv\/az\/#\/schema\/logo\/image\/","url":"https:\/\/www.meydan.tv\/wp-content\/uploads\/2021\/07\/meydan-logo.svg","contentUrl":"https:\/\/www.meydan.tv\/wp-content\/uploads\/2021\/07\/meydan-logo.svg","width":195,"height":46,"caption":"Meydan TV"},"image":{"@id":"https:\/\/www.meydan.tv\/az\/#\/schema\/logo\/image\/"}},{"@type":"Person","@id":"https:\/\/www.meydan.tv\/az\/#\/schema\/person\/10d11eccf6da3662cf5fdab9806ea91a","name":"user-manager"}]}},"_links":{"self":[{"href":"https:\/\/www.meydan.tv\/az\/wp-json\/wp\/v2\/posts\/167572","targetHints":{"allow":["GET"]}}],"collection":[{"href":"https:\/\/www.meydan.tv\/az\/wp-json\/wp\/v2\/posts"}],"about":[{"href":"https:\/\/www.meydan.tv\/az\/wp-json\/wp\/v2\/types\/post"}],"author":[{"embeddable":true,"href":"https:\/\/www.meydan.tv\/az\/wp-json\/wp\/v2\/users\/11"}],"replies":[{"embeddable":true,"href":"https:\/\/www.meydan.tv\/az\/wp-json\/wp\/v2\/comments?post=167572"}],"version-history":[{"count":0,"href":"https:\/\/www.meydan.tv\/az\/wp-json\/wp\/v2\/posts\/167572\/revisions"}],"wp:featuredmedia":[{"embeddable":true,"href":"https:\/\/www.meydan.tv\/az\/wp-json\/wp\/v2\/media\/22833"}],"wp:attachment":[{"href":"https:\/\/www.meydan.tv\/az\/wp-json\/wp\/v2\/media?parent=167572"}],"wp:term":[{"taxonomy":"category","embeddable":true,"href":"https:\/\/www.meydan.tv\/az\/wp-json\/wp\/v2\/categories?post=167572"},{"taxonomy":"post_tag","embeddable":true,"href":"https:\/\/www.meydan.tv\/az\/wp-json\/wp\/v2\/tags?post=167572"}],"curies":[{"name":"wp","href":"https:\/\/api.w.org\/{rel}","templated":true}]}}