{"id":167571,"date":"2015-04-15T20:34:14","date_gmt":"2015-04-15T20:34:14","guid":{"rendered":"https:\/\/www.meydan.tv\/article\/avropa-oyunlari-ile-elaqedar-universitetlerde-imtanahlar-tez-bitecek\/"},"modified":"2015-04-15T20:34:14","modified_gmt":"2015-04-15T20:34:14","slug":"avropa-oyunlari-ile-elaqedar-universitetlerde-imtanahlar-tez-bitecek","status":"publish","type":"post","link":"https:\/\/www.meydan.tv\/az\/article\/avropa-oyunlari-ile-elaqedar-universitetlerde-imtanahlar-tez-bitecek\/","title":{"rendered":"Avropa Oyunlar\u0131 il\u0259 \u0259laq\u0259dar universitetl\u0259rd\u0259 imtanahlar tez bit\u0259c\u0259k"},"content":{"rendered":"<figure class=\"wp-block-image size-large\">\n  <img decoding=\"async\" src=\"https:\/\/www.meydan.tv\/az\/22842\/\" alt=\"\" class=\"wp-image-22842\"\/><figcaption><\/figcaption><\/figure>\n<p>\n  Yaz semestrinin imtahan sessiyas\u0131 may\u0131n 11-d\u0259n ba\u015flayacaq v\u0259 may\u0131n 31-d\u0259 sona \u00e7atacaq.\n<\/p>\n<p>\n  2015-ci ild\u0259 Bak\u0131 \u015f\u0259h\u0259rind\u0259 I Avropa Oyunlar\u0131n\u0131n ke\u00e7irilm\u0259si il\u0259 \u0259laq\u0259dar Bak\u0131 \u015f\u0259h\u0259rind\u0259 yerl\u0259\u015f\u0259n ali t\u0259hsil m\u00fc\u0259ssis\u0259l\u0259rind\u0259 yaz semestrinin imtahan sessiyas\u0131 may\u0131n 11-d\u0259n ba\u015flayacaq v\u0259 may\u0131n 31-d\u0259 sona \u00e7atacaq.\n<\/p>\n<p>\n  T\u0259hsil Nazirliyind\u0259n Trend-\u0259 veril\u0259n m\u0259lumata g\u00f6r\u0259, bu, t\u0259hsil naziri Mikay\u0131l Cabbarovun \u201c\u0130mtahan sessiyas\u0131n\u0131n t\u0259\u015fkili v\u0259 ke\u00e7irilm\u0259si bar\u0259d\u0259\u201d imzalad\u0131\u011f\u0131 \u0259mrd\u0259 qeyd edilib.\n<\/p>\n<p>\n  Nazir ali t\u0259hsil m\u00fc\u0259ssis\u0259l\u0259rind\u0259 2014-2015-ci t\u0259dris ilinin yaz semestrinin imtahan sessiyas\u0131n\u0131 m\u00f6vcud qaydalara uy\u011fun t\u0259\u015fkil etm\u0259k, t\u0259l\u0259b\u0259l\u0259rin biliyinin qiym\u0259tl\u0259ndirilm\u0259sind\u0259 \u015f\u0259ffafl\u0131\u011f\u0131 v\u0259 obyektivliyi t\u0259min etm\u0259k m\u0259qs\u0259dil\u0259 ali t\u0259hsil m\u00fc\u0259ssis\u0259l\u0259rinin r\u0259hb\u0259rl\u0259rin\u0259 b\u0259zi tap\u015f\u0131r\u0131qlar da ver\u0131b.\n<\/p>\n<p>\n  \u018fmr\u0259 \u0259sas\u0259n, rektorlar imtahan sessiyas\u0131n\u0131n m\u00f6vcud normativ s\u0259n\u0259dl\u0259r \u0259sas\u0131nda t\u0259\u015fkil olunmas\u0131n\u0131 t\u0259min etm\u0259li, r\u0259hb\u0259rlik etdikl\u0259ri ali t\u0259hsil m\u00fc\u0259ssis\u0259l\u0259rind\u0259 imtahan q\u0259rargah\u0131 yaratmal\u0131 v\u0259 q\u0259rargaha daxil olan h\u0259r bir \u015fikay\u0259tin q\u0131sa m\u00fcdd\u0259td\u0259 operativ \u015f\u0259kild\u0259 ara\u015fd\u0131r\u0131lmas\u0131n\u0131 t\u0259min etm\u0259li, imtahan sessiyas\u0131nda \u015f\u0259ffafl\u0131\u011f\u0131 t\u0259min etm\u0259k \u00fc\u00e7\u00fcn imtahanlarda ictimaiyy\u0259tin v\u0259 valideynl\u0259rin i\u015ftirak\u0131na \u015f\u0259rait yaratmal\u0131d\u0131rlar. \u0130mtahanlar\u0131n t\u0259\u015fkilind\u0259 v\u0259 gedi\u015find\u0259 n\u00f6qsanlara, neqativ hallara yol vermi\u015f \u015f\u0259xsl\u0259r bar\u0259d\u0259 m\u00f6vcud qanunvericiliy\u0259 uy\u011fun t\u0259dbirl\u0259r g\u00f6r\u00fcl\u0259c\u0259k.\n<\/p>\n<p>\n  \u018fmrd\u0259 xat\u0131rlad\u0131l\u0131b ki, rektorlar r\u0259hb\u0259rlik etdikl\u0259ri ali t\u0259hsil m\u00fc\u0259ssis\u0259sind\u0259 ba\u015f ver\u0259 bil\u0259c\u0259k h\u0259r bir neqativ hala g\u00f6r\u0259 m\u0259suliyy\u0259t da\u015f\u0131y\u0131rlar.\n<\/p>\n<p>\n  \u018fmrd\u0259 nazirliyin m\u00fcvaf\u0131q m\u0259sul \u015f\u0259xsl\u0259rin\u0259 imtahan sessiyas\u0131na haz\u0131rl\u0131q d\u00f6vr\u00fcnd\u0259 v\u0259 sessiya m\u00fcdd\u0259tind\u0259 ali t\u0259hsil m\u00fc\u0259ssis\u0259l\u0259rind\u0259 ba\u015f vermi\u015f neqativ hallarla ba\u011fl\u0131 daxil olan m\u0259lumatlar\u0131 operativ ara\u015fd\u0131rma\u011f\u0131 v\u0259 onlar\u0131n yol verilm\u0259sind\u0259 g\u00fcnah\u0131 olan \u015f\u0259xsl\u0259r bar\u0259d\u0259 t\u0259dbir g\u00f6rm\u0259k \u00fc\u00e7\u00fcn t\u0259klifl\u0259r haz\u0131rlama\u011f\u0131 da tap\u015f\u0131r\u0131b.\n<\/p>\n<p><div><\/div><\/p>\n","protected":false},"excerpt":{"rendered":"<p>Yaz semestrinin imtahan sessiyas\u0131 may\u0131n 11-d\u0259n ba\u015flayacaq v\u0259 may\u0131n 31-d\u0259 sona \u00e7atacaq<\/p>\n","protected":false},"author":11,"featured_media":22842,"comment_status":"closed","ping_status":"open","sticky":false,"template":"","format":"standard","meta":{"_acf_changed":false,"_sitemap_exclude":false,"_sitemap_priority":"","_sitemap_frequency":"","footnotes":""},"categories":[56],"tags":[],"class_list":["post-167571","post","type-post","status-publish","format-standard","has-post-thumbnail","hentry","category-xeberler","infinite-scroll-item","generate-columns","tablet-grid-50","mobile-grid-100","grid-parent","grid-33","no-featured-image-padding"],"acf":[],"yoast_head":"<!-- This site is optimized with the Yoast SEO plugin v28.4 - https:\/\/yoast.com\/product\/yoast-seo-wordpress\/ -->\n<title>Avropa Oyunlar\u0131 il\u0259 \u0259laq\u0259dar universitetl\u0259rd\u0259 imtanahlar tez bit\u0259c\u0259k - MEYDAN.TV<\/title>\n<meta name=\"robots\" content=\"index, follow, max-snippet:-1, max-image-preview:large, max-video-preview:-1\" \/>\n<link rel=\"canonical\" href=\"https:\/\/www.meydan.tv\/az\/article\/avropa-oyunlari-ile-elaqedar-universitetlerde-imtanahlar-tez-bitecek\/\" \/>\n<meta property=\"og:locale\" content=\"az_AZ\" \/>\n<meta property=\"og:type\" content=\"article\" \/>\n<meta property=\"og:title\" content=\"Avropa Oyunlar\u0131 il\u0259 \u0259laq\u0259dar universitetl\u0259rd\u0259 imtanahlar tez bit\u0259c\u0259k - MEYDAN.TV\" \/>\n<meta property=\"og:description\" content=\"Yaz semestrinin imtahan sessiyas\u0131 may\u0131n 11-d\u0259n ba\u015flayacaq v\u0259 may\u0131n 31-d\u0259 sona \u00e7atacaq\" \/>\n<meta property=\"og:url\" content=\"https:\/\/www.meydan.tv\/az\/article\/avropa-oyunlari-ile-elaqedar-universitetlerde-imtanahlar-tez-bitecek\/\" \/>\n<meta property=\"og:site_name\" content=\"MEYDAN.TV\" \/>\n<meta property=\"article:published_time\" content=\"2015-04-15T20:34:14+00:00\" \/>\n<meta property=\"og:image\" content=\"https:\/\/www.meydan.tv\/wp-content\/uploads\/8289.jpg\" \/>\n\t<meta property=\"og:image:width\" content=\"620\" \/>\n\t<meta property=\"og:image:height\" content=\"413\" \/>\n\t<meta property=\"og:image:type\" content=\"image\/jpeg\" \/>\n<meta name=\"twitter:card\" content=\"summary_large_image\" \/>\n<!-- \/ Yoast SEO plugin. -->","yoast_head_json":{"title":"Avropa Oyunlar\u0131 il\u0259 \u0259laq\u0259dar universitetl\u0259rd\u0259 imtanahlar tez bit\u0259c\u0259k - MEYDAN.TV","robots":{"index":"index","follow":"follow","max-snippet":"max-snippet:-1","max-image-preview":"max-image-preview:large","max-video-preview":"max-video-preview:-1"},"canonical":"https:\/\/www.meydan.tv\/az\/article\/avropa-oyunlari-ile-elaqedar-universitetlerde-imtanahlar-tez-bitecek\/","og_locale":"az_AZ","og_type":"article","og_title":"Avropa Oyunlar\u0131 il\u0259 \u0259laq\u0259dar universitetl\u0259rd\u0259 imtanahlar tez bit\u0259c\u0259k - MEYDAN.TV","og_description":"Yaz semestrinin imtahan sessiyas\u0131 may\u0131n 11-d\u0259n ba\u015flayacaq v\u0259 may\u0131n 31-d\u0259 sona \u00e7atacaq","og_url":"https:\/\/www.meydan.tv\/az\/article\/avropa-oyunlari-ile-elaqedar-universitetlerde-imtanahlar-tez-bitecek\/","og_site_name":"MEYDAN.TV","article_published_time":"2015-04-15T20:34:14+00:00","og_image":[{"width":620,"height":413,"url":"https:\/\/www.meydan.tv\/wp-content\/uploads\/8289.jpg","type":"image\/jpeg"}],"twitter_card":"summary_large_image","schema":{"@context":"https:\/\/schema.org","@graph":[{"@type":"Article","@id":"https:\/\/www.meydan.tv\/az\/article\/avropa-oyunlari-ile-elaqedar-universitetlerde-imtanahlar-tez-bitecek\/#article","isPartOf":{"@id":"https:\/\/www.meydan.tv\/az\/article\/avropa-oyunlari-ile-elaqedar-universitetlerde-imtanahlar-tez-bitecek\/"},"author":{"name":"user-manager","@id":"https:\/\/www.meydan.tv\/az\/#\/schema\/person\/10d11eccf6da3662cf5fdab9806ea91a"},"headline":"Avropa Oyunlar\u0131 il\u0259 \u0259laq\u0259dar universitetl\u0259rd\u0259 imtanahlar tez bit\u0259c\u0259k","datePublished":"2015-04-15T20:34:14+00:00","mainEntityOfPage":{"@id":"https:\/\/www.meydan.tv\/az\/article\/avropa-oyunlari-ile-elaqedar-universitetlerde-imtanahlar-tez-bitecek\/"},"wordCount":399,"publisher":{"@id":"https:\/\/www.meydan.tv\/az\/#organization"},"image":{"@id":"https:\/\/www.meydan.tv\/az\/article\/avropa-oyunlari-ile-elaqedar-universitetlerde-imtanahlar-tez-bitecek\/#primaryimage"},"thumbnailUrl":"https:\/\/www.meydan.tv\/wp-content\/uploads\/8289.jpg","articleSection":["X\u0259b\u0259rl\u0259r"],"inLanguage":"az"},{"@type":"WebPage","@id":"https:\/\/www.meydan.tv\/az\/article\/avropa-oyunlari-ile-elaqedar-universitetlerde-imtanahlar-tez-bitecek\/","url":"https:\/\/www.meydan.tv\/az\/article\/avropa-oyunlari-ile-elaqedar-universitetlerde-imtanahlar-tez-bitecek\/","name":"Avropa Oyunlar\u0131 il\u0259 \u0259laq\u0259dar universitetl\u0259rd\u0259 imtanahlar tez bit\u0259c\u0259k - MEYDAN.TV","isPartOf":{"@id":"https:\/\/www.meydan.tv\/az\/#website"},"primaryImageOfPage":{"@id":"https:\/\/www.meydan.tv\/az\/article\/avropa-oyunlari-ile-elaqedar-universitetlerde-imtanahlar-tez-bitecek\/#primaryimage"},"image":{"@id":"https:\/\/www.meydan.tv\/az\/article\/avropa-oyunlari-ile-elaqedar-universitetlerde-imtanahlar-tez-bitecek\/#primaryimage"},"thumbnailUrl":"https:\/\/www.meydan.tv\/wp-content\/uploads\/8289.jpg","datePublished":"2015-04-15T20:34:14+00:00","breadcrumb":{"@id":"https:\/\/www.meydan.tv\/az\/article\/avropa-oyunlari-ile-elaqedar-universitetlerde-imtanahlar-tez-bitecek\/#breadcrumb"},"inLanguage":"az","potentialAction":[{"@type":"ReadAction","target":["https:\/\/www.meydan.tv\/az\/article\/avropa-oyunlari-ile-elaqedar-universitetlerde-imtanahlar-tez-bitecek\/"]}]},{"@type":"ImageObject","inLanguage":"az","@id":"https:\/\/www.meydan.tv\/az\/article\/avropa-oyunlari-ile-elaqedar-universitetlerde-imtanahlar-tez-bitecek\/#primaryimage","url":"https:\/\/www.meydan.tv\/wp-content\/uploads\/8289.jpg","contentUrl":"https:\/\/www.meydan.tv\/wp-content\/uploads\/8289.jpg","width":620,"height":413,"caption":"Source:"},{"@type":"BreadcrumbList","@id":"https:\/\/www.meydan.tv\/az\/article\/avropa-oyunlari-ile-elaqedar-universitetlerde-imtanahlar-tez-bitecek\/#breadcrumb","itemListElement":[{"@type":"ListItem","position":1,"name":"Ana s\u0259hif\u0259","item":"https:\/\/www.meydan.tv\/az\/"},{"@type":"ListItem","position":2,"name":"X\u0259b\u0259rl\u0259r","item":"https:\/\/www.meydan.tv\/az\/section\/xeberler\/"},{"@type":"ListItem","position":3,"name":"Avropa Oyunlar\u0131 il\u0259 \u0259laq\u0259dar universitetl\u0259rd\u0259 imtanahlar tez bit\u0259c\u0259k"}]},{"@type":"WebSite","@id":"https:\/\/www.meydan.tv\/az\/#website","url":"https:\/\/www.meydan.tv\/az\/","name":"MEYDAN.TV","description":"Meydan TV Az\u0259rbaycan\u0131n media m\u0259kan\u0131ndak\u0131 alternativ s\u0259sidir","publisher":{"@id":"https:\/\/www.meydan.tv\/az\/#organization"},"potentialAction":[{"@type":"SearchAction","target":{"@type":"EntryPoint","urlTemplate":"https:\/\/www.meydan.tv\/az\/?s={search_term_string}"},"query-input":{"@type":"PropertyValueSpecification","valueRequired":true,"valueName":"search_term_string"}}],"inLanguage":"az"},{"@type":"Organization","@id":"https:\/\/www.meydan.tv\/az\/#organization","name":"Meydan TV","url":"https:\/\/www.meydan.tv\/az\/","logo":{"@type":"ImageObject","inLanguage":"az","@id":"https:\/\/www.meydan.tv\/az\/#\/schema\/logo\/image\/","url":"https:\/\/www.meydan.tv\/wp-content\/uploads\/2021\/07\/meydan-logo.svg","contentUrl":"https:\/\/www.meydan.tv\/wp-content\/uploads\/2021\/07\/meydan-logo.svg","width":195,"height":46,"caption":"Meydan TV"},"image":{"@id":"https:\/\/www.meydan.tv\/az\/#\/schema\/logo\/image\/"}},{"@type":"Person","@id":"https:\/\/www.meydan.tv\/az\/#\/schema\/person\/10d11eccf6da3662cf5fdab9806ea91a","name":"user-manager"}]}},"_links":{"self":[{"href":"https:\/\/www.meydan.tv\/az\/wp-json\/wp\/v2\/posts\/167571","targetHints":{"allow":["GET"]}}],"collection":[{"href":"https:\/\/www.meydan.tv\/az\/wp-json\/wp\/v2\/posts"}],"about":[{"href":"https:\/\/www.meydan.tv\/az\/wp-json\/wp\/v2\/types\/post"}],"author":[{"embeddable":true,"href":"https:\/\/www.meydan.tv\/az\/wp-json\/wp\/v2\/users\/11"}],"replies":[{"embeddable":true,"href":"https:\/\/www.meydan.tv\/az\/wp-json\/wp\/v2\/comments?post=167571"}],"version-history":[{"count":0,"href":"https:\/\/www.meydan.tv\/az\/wp-json\/wp\/v2\/posts\/167571\/revisions"}],"wp:featuredmedia":[{"embeddable":true,"href":"https:\/\/www.meydan.tv\/az\/wp-json\/wp\/v2\/media\/22842"}],"wp:attachment":[{"href":"https:\/\/www.meydan.tv\/az\/wp-json\/wp\/v2\/media?parent=167571"}],"wp:term":[{"taxonomy":"category","embeddable":true,"href":"https:\/\/www.meydan.tv\/az\/wp-json\/wp\/v2\/categories?post=167571"},{"taxonomy":"post_tag","embeddable":true,"href":"https:\/\/www.meydan.tv\/az\/wp-json\/wp\/v2\/tags?post=167571"}],"curies":[{"name":"wp","href":"https:\/\/api.w.org\/{rel}","templated":true}]}}